{"id":79265,"date":"2018-01-31T09:58:54","date_gmt":"2018-01-31T17:58:54","guid":{"rendered":"http:\/\/www.cetys.mx\/noticias\/?p=79265"},"modified":"2018-02-01T16:28:13","modified_gmt":"2018-02-02T00:28:13","slug":"conoce-los-tres-imperativos-para-que-educacion-sea-inclusiva","status":"publish","type":"post","link":"https:\/\/www.cetys.mx\/noticias\/conoce-los-tres-imperativos-para-que-educacion-sea-inclusiva\/","title":{"rendered":"Conoce los tres imperativos para que educaci\u00f3n sea inclusiva"},"content":{"rendered":"<p style=\"text-align: justify;\">Sab\u00edas que para hablar de educaci\u00f3n\u00a0con perspectiva global, es necesario que entre culturas nos conectemos e incluyamos el mayor n\u00famero de puntos de vista posible, enriqueciendo as\u00ed, el proceso de ense\u00f1anza a nivel mundial detalla el <a href=\"https:\/\/www.iie.org\/Why-IIE\/Governance\/Executive-Staff\/Allan-E-Goodman\" target=\"_blank\">Dr. Allan Goodman<\/a>, en el inicio del ciclo de conferencias internacionales que organiza CETYS Universidad.<\/p>\n<p style=\"text-align: justify;\">El Dr. Goodman explic\u00f3 que desde su perspectiva hay tres imperativos que se deben llevar a cabo con el fin de lograr que la educaci\u00f3n sea de impacto mundial:<\/p>\n<p style=\"text-align: justify;\">1)<strong> Buscar que sea global y enriquecida con experiencias internacionales:<\/strong><\/p>\n<p style=\"text-align: justify;\">Este se centra en lo importante que es dominar por lo menos dos idiomas.<\/p>\n<blockquote>\n<p style=\"text-align: justify;\">\u201cNo puedes entender el mundo si solo hablas un idioma y solo vives de una cultura, la educaci\u00f3n es global\u201d reflexion\u00f3 el Dr. Goodman.<\/p>\n<\/blockquote>\n<p style=\"text-align: justify;\"><a href=\"https:\/\/www.cetys.mx\/noticias\/wp-content\/uploads\/2018\/01\/AllanGoodman-1.jpg\"><img loading=\"lazy\" decoding=\"async\" class=\" wp-image-79267 aligncenter\" src=\"https:\/\/www.cetys.mx\/noticias\/wp-content\/uploads\/2018\/01\/AllanGoodman-1.jpg\" alt=\"\" width=\"400\" height=\"253\" \/><\/a><\/p>\n<p style=\"text-align: justify;\">2)<strong> Conectar a los j\u00f3venes con el mundo, permitir que tengan acceso a las nuevas tecnolog\u00edas<\/strong><\/p>\n<p style=\"text-align: justify;\">No perder de vista que todo joven pueda acceder a la informaci\u00f3n sin importar su raza, localizaci\u00f3n o cultura.<\/p>\n<blockquote>\n<p style=\"text-align: justify;\">\u201cEs importante que nos aseguremos que las siguientes generaciones se conecten entre s\u00ed, no somos culturas aisladas, la educaci\u00f3n en este momento necesita que los estudiantes se unan a las diferentes formas de ense\u00f1anza\u201d expres\u00f3 el acad\u00e9mico estadounidense.<\/p>\n<\/blockquote>\n<p style=\"text-align: justify;\"><a href=\"https:\/\/www.cetys.mx\/noticias\/wp-content\/uploads\/2018\/01\/AllanGoodman.jpg\"><img loading=\"lazy\" decoding=\"async\" class=\"wp-image-79271 aligncenter\" src=\"https:\/\/www.cetys.mx\/noticias\/wp-content\/uploads\/2018\/01\/AllanGoodman.jpg\" alt=\"\" width=\"520\" height=\"335\" \/><\/a><\/p>\n<p style=\"text-align: justify;\">3) <strong>Prestar atenci\u00f3n a que es lo que se est\u00e1 leyendo y a las fuentes de informaci\u00f3n que alimentan el conocimiento:<\/strong><\/p>\n<p style=\"text-align: justify;\">Te haz preguntado qu\u00e9 es lo que los j\u00f3venes est\u00e1n leyendo, es que con el bombardeo de informaci\u00f3n que ronda en internet y otros espacios, saber distinguir la veracidad del contenido es imprescindible.<\/p>\n<blockquote>\n<p style=\"text-align: justify;\">\u201cEl acceso a la informaci\u00f3n tiene que ser inclusivo y enriquecido, es importante que se exploten los recursos bibliogr\u00e1ficos, que se estudie desde otras perspectivas, leer otras ideas para ampliar el conocimiento desde las diferentes culturas\u201d Dr. Allan Goodman.<\/p>\n<p style=\"text-align: justify;\"><a href=\"https:\/\/www.cetys.mx\/noticias\/wp-content\/uploads\/2018\/01\/allanandstudent.jpg\"><img loading=\"lazy\" decoding=\"async\" class=\"alignnone size-full wp-image-79284\" src=\"https:\/\/www.cetys.mx\/noticias\/wp-content\/uploads\/2018\/01\/allanandstudent.jpg\" alt=\"\" width=\"958\" height=\"637\" \/><\/a><\/p>\n<\/blockquote>\n<p style=\"text-align: justify;\"><strong>Retos para quienes educan<\/strong><\/p>\n<p style=\"text-align: justify;\">Seg\u00fan Goodman, el mundo avanza y la tecnolog\u00eda junto con \u00e9l, la generaci\u00f3n del conocimiento y la transmisi\u00f3n del mismo deben ir a la par de la cultura globalizada, es necesario que todo progreso se piense desde una intenci\u00f3n inclusiva.<\/p>\n<p style=\"text-align: justify;\">Sobre todo, las universidades juegan un papel clave en motivar a que sus estudiantes viajen y conozcan m\u00e1s all\u00e1 de lo que ven en las aulas, desde\u00a0<em>\u201cmi l\u00f3gica CETYS est\u00e1 siendo un ejemplo de ello, es una escuela de educaci\u00f3n superior en la frontera con Estados Unidos que tiene perspectiva global\u201d<\/em> relat\u00f3 Goodman.<\/p>\n<p style=\"text-align: justify;\">El reto de las instituciones de educaci\u00f3n es la actualizaci\u00f3n y acercamiento a las nuevas formas de intercomunicaci\u00f3n que d\u00eda a d\u00eda, la misma globalizaci\u00f3n ha obligado a que se desarrollen.<\/p>\n<p style=\"text-align: justify;\"><a href=\"https:\/\/www.cetys.mx\/noticias\/wp-content\/uploads\/2018\/01\/AllanGoodman-4.jpg\"><img loading=\"lazy\" decoding=\"async\" class=\" wp-image-79270 aligncenter\" src=\"https:\/\/www.cetys.mx\/noticias\/wp-content\/uploads\/2018\/01\/AllanGoodman-4.jpg\" alt=\"\" width=\"480\" height=\"520\" \/><\/a><\/p>\n<p style=\"text-align: justify;\"><strong>Para saber m\u00e1s<\/strong><\/p>\n<ul>\n<li style=\"text-align: justify;\">El Dr. Allan Goodman es presidente del\u00a0<a href=\"https:\/\/www.iie.org\/\" target=\"_blank\">IIE: Institute of International Education,<\/a>\u00a0autor\u00a0de\u00a0libros sobre asuntos internacionales publicados por Harvard, Princeton y la Universidad\u00a0de\u00a0Yale; ayud\u00f3 a crear el primer programa\u00a0de\u00a0intercambio acad\u00e9mico\u00a0de\u00a0EUA con la Academia Diplom\u00e1tica\u00a0de\u00a0Mosc\u00fa; ha servido como consultor\u00a0de\u00a0 Ford Foundation, Woodrow Wilson National Fellowship Foundation, United States Information Agency, y IBM;\u00a0 es miembro del Consejo\u00a0de\u00a0Relaciones Exteriores y del Instituto Internacional\u00a0de\u00a0Estudios Estrat\u00e9gicos y fue galardonado con la Medalla inaugural\u00a0de\u00a0Gilbert por internacionalizaci\u00f3n\u00a0de\u00a0Universitas 21.<\/li>\n<\/ul>\n<p style=\"text-align: justify;\">Te invitamos a que sigas la actividades del ciclo de conferencias internacionales, puedes obtener m\u00e1s informaci\u00f3n <a href=\"https:\/\/cetys.mx\/globalimpactseries\/\" target=\"_blank\">aqu\u00ed.<\/a><\/p>\n<p style=\"text-align: justify;\">\u00bfQuieres ver la conferencia completa del Dr. Allan Goodman? Da click <a href=\"https:\/\/www.facebook.com\/cetysuniversidadmxl\/videos\/1539621116091676\/\" target=\"_blank\">aqu\u00ed<\/a>.<\/p>\n","protected":false},"excerpt":{"rendered":"<p>Sab\u00edas que para hablar de educaci\u00f3n\u00a0con perspectiva global, es necesario que entre culturas nos conectemos e incluyamos el mayor n\u00famero de puntos&#8230;<\/p>\n","protected":false},"author":26,"featured_media":79272,"comment_status":"open","ping_status":"closed","sticky":false,"template":"","format":"standard","meta":{"footnotes":""},"categories":[209,125,309,109,313],"tags":[2124,2125,2123,2138,2134],"class_list":["post-79265","post","type-post","status-publish","format-standard","has-post-thumbnail","hentry","category-institucional","category-portada","category-posgrado","category-vinculacion","category-vocetys-2","tag-allan-goodman","tag-cetys-internacional","tag-ciclo-de-conferencias","tag-vocetys-2018-01-29","tag-vocetys-2018-02-01"],"yoast_head":"<!-- This site is optimized with the Yoast SEO plugin v27.4 - https:\/\/yoast.com\/product\/yoast-seo-wordpress\/ -->\n<title>Conoce los tres imperativos para que educaci\u00f3n sea inclusiva - CETYS<\/title>\n<meta name=\"description\" content=\"LA EDUCACI\u00d3N NECESITA DE UNA VISI\u00d3N GLOBAL INCLUSIVA: ALLAN GOODMAN\" \/>\n<meta name=\"robots\" content=\"index, follow, max-snippet:-1, max-image-preview:large, max-video-preview:-1\" \/>\n<link rel=\"canonical\" href=\"https:\/\/www.cetys.mx\/noticias\/conoce-los-tres-imperativos-para-que-educacion-sea-inclusiva\/\" \/>\n<meta property=\"og:locale\" content=\"es_MX\" \/>\n<meta property=\"og:type\" content=\"article\" \/>\n<meta property=\"og:title\" content=\"Conoce los tres imperativos para que educaci\u00f3n sea inclusiva - CETYS\" \/>\n<meta property=\"og:description\" content=\"LA EDUCACI\u00d3N NECESITA DE UNA VISI\u00d3N GLOBAL INCLUSIVA: ALLAN GOODMAN\" \/>\n<meta property=\"og:url\" content=\"https:\/\/www.cetys.mx\/noticias\/conoce-los-tres-imperativos-para-que-educacion-sea-inclusiva\/\" \/>\n<meta property=\"og:site_name\" content=\"CETYS\" \/>\n<meta property=\"article:publisher\" content=\"https:\/\/www.facebook.com\/cetysuniversidadmxl\/\" \/>\n<meta property=\"article:published_time\" content=\"2018-01-31T17:58:54+00:00\" \/>\n<meta property=\"article:modified_time\" content=\"2018-02-02T00:28:13+00:00\" \/>\n<meta property=\"og:image\" content=\"https:\/\/www.cetys.mx\/noticias\/wp-content\/uploads\/2018\/01\/portal1.jpg\" \/>\n\t<meta property=\"og:image:width\" content=\"958\" \/>\n\t<meta property=\"og:image:height\" content=\"637\" \/>\n\t<meta property=\"og:image:type\" content=\"image\/jpeg\" \/>\n<meta name=\"author\" content=\"CETYS Institucional\" \/>\n<meta name=\"twitter:card\" content=\"summary_large_image\" \/>\n<meta name=\"twitter:creator\" content=\"@cetysuni\" \/>\n<meta name=\"twitter:site\" content=\"@cetysuni\" \/>\n<meta name=\"twitter:label1\" content=\"Escrito por\" \/>\n\t<meta name=\"twitter:data1\" content=\"CETYS Institucional\" \/>\n\t<meta name=\"twitter:label2\" content=\"Tiempo de lectura\" \/>\n\t<meta name=\"twitter:data2\" content=\"3 minutos\" \/>\n<script type=\"application\/ld+json\" class=\"yoast-schema-graph\">{\"@context\":\"https:\\\/\\\/schema.org\",\"@graph\":[{\"@type\":\"Article\",\"@id\":\"https:\\\/\\\/www.cetys.mx\\\/noticias\\\/conoce-los-tres-imperativos-para-que-educacion-sea-inclusiva\\\/#article\",\"isPartOf\":{\"@id\":\"https:\\\/\\\/www.cetys.mx\\\/noticias\\\/conoce-los-tres-imperativos-para-que-educacion-sea-inclusiva\\\/\"},\"author\":{\"name\":\"CETYS Institucional\",\"@id\":\"https:\\\/\\\/www.cetys.mx\\\/noticias\\\/#\\\/schema\\\/person\\\/e9d2b35265b64aa454df57a2828eb2ac\"},\"headline\":\"Conoce los tres imperativos para que educaci\u00f3n sea inclusiva\",\"datePublished\":\"2018-01-31T17:58:54+00:00\",\"dateModified\":\"2018-02-02T00:28:13+00:00\",\"mainEntityOfPage\":{\"@id\":\"https:\\\/\\\/www.cetys.mx\\\/noticias\\\/conoce-los-tres-imperativos-para-que-educacion-sea-inclusiva\\\/\"},\"wordCount\":593,\"commentCount\":0,\"image\":{\"@id\":\"https:\\\/\\\/www.cetys.mx\\\/noticias\\\/conoce-los-tres-imperativos-para-que-educacion-sea-inclusiva\\\/#primaryimage\"},\"thumbnailUrl\":\"https:\\\/\\\/www.cetys.mx\\\/noticias\\\/wp-content\\\/uploads\\\/2018\\\/01\\\/portal1.jpg\",\"keywords\":[\"Allan Goodman\",\"CETYS Internacional\",\"ciclo de conferencias\",\"vocetys-2018-01-29\",\"vocetys-2018-02-01\"],\"articleSection\":[\"Institucional\",\"Portada\",\"Posgrado\",\"Vinculaci\u00f3n\",\"VoCETYS\"],\"inLanguage\":\"es\",\"potentialAction\":[{\"@type\":\"CommentAction\",\"name\":\"Comment\",\"target\":[\"https:\\\/\\\/www.cetys.mx\\\/noticias\\\/conoce-los-tres-imperativos-para-que-educacion-sea-inclusiva\\\/#respond\"]}]},{\"@type\":\"WebPage\",\"@id\":\"https:\\\/\\\/www.cetys.mx\\\/noticias\\\/conoce-los-tres-imperativos-para-que-educacion-sea-inclusiva\\\/\",\"url\":\"https:\\\/\\\/www.cetys.mx\\\/noticias\\\/conoce-los-tres-imperativos-para-que-educacion-sea-inclusiva\\\/\",\"name\":\"Conoce los tres imperativos para que educaci\u00f3n sea inclusiva - CETYS\",\"isPartOf\":{\"@id\":\"https:\\\/\\\/www.cetys.mx\\\/noticias\\\/#website\"},\"primaryImageOfPage\":{\"@id\":\"https:\\\/\\\/www.cetys.mx\\\/noticias\\\/conoce-los-tres-imperativos-para-que-educacion-sea-inclusiva\\\/#primaryimage\"},\"image\":{\"@id\":\"https:\\\/\\\/www.cetys.mx\\\/noticias\\\/conoce-los-tres-imperativos-para-que-educacion-sea-inclusiva\\\/#primaryimage\"},\"thumbnailUrl\":\"https:\\\/\\\/www.cetys.mx\\\/noticias\\\/wp-content\\\/uploads\\\/2018\\\/01\\\/portal1.jpg\",\"datePublished\":\"2018-01-31T17:58:54+00:00\",\"dateModified\":\"2018-02-02T00:28:13+00:00\",\"author\":{\"@id\":\"https:\\\/\\\/www.cetys.mx\\\/noticias\\\/#\\\/schema\\\/person\\\/e9d2b35265b64aa454df57a2828eb2ac\"},\"description\":\"LA EDUCACI\u00d3N NECESITA DE UNA VISI\u00d3N GLOBAL INCLUSIVA: ALLAN GOODMAN\",\"breadcrumb\":{\"@id\":\"https:\\\/\\\/www.cetys.mx\\\/noticias\\\/conoce-los-tres-imperativos-para-que-educacion-sea-inclusiva\\\/#breadcrumb\"},\"inLanguage\":\"es\",\"potentialAction\":[{\"@type\":\"ReadAction\",\"target\":[\"https:\\\/\\\/www.cetys.mx\\\/noticias\\\/conoce-los-tres-imperativos-para-que-educacion-sea-inclusiva\\\/\"]}]},{\"@type\":\"ImageObject\",\"inLanguage\":\"es\",\"@id\":\"https:\\\/\\\/www.cetys.mx\\\/noticias\\\/conoce-los-tres-imperativos-para-que-educacion-sea-inclusiva\\\/#primaryimage\",\"url\":\"https:\\\/\\\/www.cetys.mx\\\/noticias\\\/wp-content\\\/uploads\\\/2018\\\/01\\\/portal1.jpg\",\"contentUrl\":\"https:\\\/\\\/www.cetys.mx\\\/noticias\\\/wp-content\\\/uploads\\\/2018\\\/01\\\/portal1.jpg\",\"width\":958,\"height\":637},{\"@type\":\"BreadcrumbList\",\"@id\":\"https:\\\/\\\/www.cetys.mx\\\/noticias\\\/conoce-los-tres-imperativos-para-que-educacion-sea-inclusiva\\\/#breadcrumb\",\"itemListElement\":[{\"@type\":\"ListItem\",\"position\":1,\"name\":\"Inicio\",\"item\":\"https:\\\/\\\/www.cetys.mx\\\/noticias\\\/\"},{\"@type\":\"ListItem\",\"position\":2,\"name\":\"Conoce los tres imperativos para que educaci\u00f3n sea inclusiva\"}]},{\"@type\":\"WebSite\",\"@id\":\"https:\\\/\\\/www.cetys.mx\\\/noticias\\\/#website\",\"url\":\"https:\\\/\\\/www.cetys.mx\\\/noticias\\\/\",\"name\":\"CETYS\",\"description\":\"\",\"potentialAction\":[{\"@type\":\"SearchAction\",\"target\":{\"@type\":\"EntryPoint\",\"urlTemplate\":\"https:\\\/\\\/www.cetys.mx\\\/noticias\\\/?s={search_term_string}\"},\"query-input\":{\"@type\":\"PropertyValueSpecification\",\"valueRequired\":true,\"valueName\":\"search_term_string\"}}],\"inLanguage\":\"es\"},{\"@type\":\"Person\",\"@id\":\"https:\\\/\\\/www.cetys.mx\\\/noticias\\\/#\\\/schema\\\/person\\\/e9d2b35265b64aa454df57a2828eb2ac\",\"name\":\"CETYS Institucional\",\"url\":\"https:\\\/\\\/www.cetys.mx\\\/noticias\\\/author\\\/cetysinstitucional\\\/\"}]}<\/script>\n<!-- \/ Yoast SEO plugin. -->","yoast_head_json":{"title":"Conoce los tres imperativos para que educaci\u00f3n sea inclusiva - CETYS","description":"LA EDUCACI\u00d3N NECESITA DE UNA VISI\u00d3N GLOBAL INCLUSIVA: ALLAN GOODMAN","robots":{"index":"index","follow":"follow","max-snippet":"max-snippet:-1","max-image-preview":"max-image-preview:large","max-video-preview":"max-video-preview:-1"},"canonical":"https:\/\/www.cetys.mx\/noticias\/conoce-los-tres-imperativos-para-que-educacion-sea-inclusiva\/","og_locale":"es_MX","og_type":"article","og_title":"Conoce los tres imperativos para que educaci\u00f3n sea inclusiva - CETYS","og_description":"LA EDUCACI\u00d3N NECESITA DE UNA VISI\u00d3N GLOBAL INCLUSIVA: ALLAN GOODMAN","og_url":"https:\/\/www.cetys.mx\/noticias\/conoce-los-tres-imperativos-para-que-educacion-sea-inclusiva\/","og_site_name":"CETYS","article_publisher":"https:\/\/www.facebook.com\/cetysuniversidadmxl\/","article_published_time":"2018-01-31T17:58:54+00:00","article_modified_time":"2018-02-02T00:28:13+00:00","og_image":[{"width":958,"height":637,"url":"https:\/\/www.cetys.mx\/noticias\/wp-content\/uploads\/2018\/01\/portal1.jpg","type":"image\/jpeg"}],"author":"CETYS Institucional","twitter_card":"summary_large_image","twitter_creator":"@cetysuni","twitter_site":"@cetysuni","twitter_misc":{"Escrito por":"CETYS Institucional","Tiempo de lectura":"3 minutos"},"schema":{"@context":"https:\/\/schema.org","@graph":[{"@type":"Article","@id":"https:\/\/www.cetys.mx\/noticias\/conoce-los-tres-imperativos-para-que-educacion-sea-inclusiva\/#article","isPartOf":{"@id":"https:\/\/www.cetys.mx\/noticias\/conoce-los-tres-imperativos-para-que-educacion-sea-inclusiva\/"},"author":{"name":"CETYS Institucional","@id":"https:\/\/www.cetys.mx\/noticias\/#\/schema\/person\/e9d2b35265b64aa454df57a2828eb2ac"},"headline":"Conoce los tres imperativos para que educaci\u00f3n sea inclusiva","datePublished":"2018-01-31T17:58:54+00:00","dateModified":"2018-02-02T00:28:13+00:00","mainEntityOfPage":{"@id":"https:\/\/www.cetys.mx\/noticias\/conoce-los-tres-imperativos-para-que-educacion-sea-inclusiva\/"},"wordCount":593,"commentCount":0,"image":{"@id":"https:\/\/www.cetys.mx\/noticias\/conoce-los-tres-imperativos-para-que-educacion-sea-inclusiva\/#primaryimage"},"thumbnailUrl":"https:\/\/www.cetys.mx\/noticias\/wp-content\/uploads\/2018\/01\/portal1.jpg","keywords":["Allan Goodman","CETYS Internacional","ciclo de conferencias","vocetys-2018-01-29","vocetys-2018-02-01"],"articleSection":["Institucional","Portada","Posgrado","Vinculaci\u00f3n","VoCETYS"],"inLanguage":"es","potentialAction":[{"@type":"CommentAction","name":"Comment","target":["https:\/\/www.cetys.mx\/noticias\/conoce-los-tres-imperativos-para-que-educacion-sea-inclusiva\/#respond"]}]},{"@type":"WebPage","@id":"https:\/\/www.cetys.mx\/noticias\/conoce-los-tres-imperativos-para-que-educacion-sea-inclusiva\/","url":"https:\/\/www.cetys.mx\/noticias\/conoce-los-tres-imperativos-para-que-educacion-sea-inclusiva\/","name":"Conoce los tres imperativos para que educaci\u00f3n sea inclusiva - CETYS","isPartOf":{"@id":"https:\/\/www.cetys.mx\/noticias\/#website"},"primaryImageOfPage":{"@id":"https:\/\/www.cetys.mx\/noticias\/conoce-los-tres-imperativos-para-que-educacion-sea-inclusiva\/#primaryimage"},"image":{"@id":"https:\/\/www.cetys.mx\/noticias\/conoce-los-tres-imperativos-para-que-educacion-sea-inclusiva\/#primaryimage"},"thumbnailUrl":"https:\/\/www.cetys.mx\/noticias\/wp-content\/uploads\/2018\/01\/portal1.jpg","datePublished":"2018-01-31T17:58:54+00:00","dateModified":"2018-02-02T00:28:13+00:00","author":{"@id":"https:\/\/www.cetys.mx\/noticias\/#\/schema\/person\/e9d2b35265b64aa454df57a2828eb2ac"},"description":"LA EDUCACI\u00d3N NECESITA DE UNA VISI\u00d3N GLOBAL INCLUSIVA: ALLAN GOODMAN","breadcrumb":{"@id":"https:\/\/www.cetys.mx\/noticias\/conoce-los-tres-imperativos-para-que-educacion-sea-inclusiva\/#breadcrumb"},"inLanguage":"es","potentialAction":[{"@type":"ReadAction","target":["https:\/\/www.cetys.mx\/noticias\/conoce-los-tres-imperativos-para-que-educacion-sea-inclusiva\/"]}]},{"@type":"ImageObject","inLanguage":"es","@id":"https:\/\/www.cetys.mx\/noticias\/conoce-los-tres-imperativos-para-que-educacion-sea-inclusiva\/#primaryimage","url":"https:\/\/www.cetys.mx\/noticias\/wp-content\/uploads\/2018\/01\/portal1.jpg","contentUrl":"https:\/\/www.cetys.mx\/noticias\/wp-content\/uploads\/2018\/01\/portal1.jpg","width":958,"height":637},{"@type":"BreadcrumbList","@id":"https:\/\/www.cetys.mx\/noticias\/conoce-los-tres-imperativos-para-que-educacion-sea-inclusiva\/#breadcrumb","itemListElement":[{"@type":"ListItem","position":1,"name":"Inicio","item":"https:\/\/www.cetys.mx\/noticias\/"},{"@type":"ListItem","position":2,"name":"Conoce los tres imperativos para que educaci\u00f3n sea inclusiva"}]},{"@type":"WebSite","@id":"https:\/\/www.cetys.mx\/noticias\/#website","url":"https:\/\/www.cetys.mx\/noticias\/","name":"CETYS","description":"","potentialAction":[{"@type":"SearchAction","target":{"@type":"EntryPoint","urlTemplate":"https:\/\/www.cetys.mx\/noticias\/?s={search_term_string}"},"query-input":{"@type":"PropertyValueSpecification","valueRequired":true,"valueName":"search_term_string"}}],"inLanguage":"es"},{"@type":"Person","@id":"https:\/\/www.cetys.mx\/noticias\/#\/schema\/person\/e9d2b35265b64aa454df57a2828eb2ac","name":"CETYS Institucional","url":"https:\/\/www.cetys.mx\/noticias\/author\/cetysinstitucional\/"}]}},"_links":{"self":[{"href":"https:\/\/www.cetys.mx\/noticias\/wp-json\/wp\/v2\/posts\/79265","targetHints":{"allow":["GET"]}}],"collection":[{"href":"https:\/\/www.cetys.mx\/noticias\/wp-json\/wp\/v2\/posts"}],"about":[{"href":"https:\/\/www.cetys.mx\/noticias\/wp-json\/wp\/v2\/types\/post"}],"author":[{"embeddable":true,"href":"https:\/\/www.cetys.mx\/noticias\/wp-json\/wp\/v2\/users\/26"}],"replies":[{"embeddable":true,"href":"https:\/\/www.cetys.mx\/noticias\/wp-json\/wp\/v2\/comments?post=79265"}],"version-history":[{"count":0,"href":"https:\/\/www.cetys.mx\/noticias\/wp-json\/wp\/v2\/posts\/79265\/revisions"}],"wp:featuredmedia":[{"embeddable":true,"href":"https:\/\/www.cetys.mx\/noticias\/wp-json\/wp\/v2\/media\/79272"}],"wp:attachment":[{"href":"https:\/\/www.cetys.mx\/noticias\/wp-json\/wp\/v2\/media?parent=79265"}],"wp:term":[{"taxonomy":"category","embeddable":true,"href":"https:\/\/www.cetys.mx\/noticias\/wp-json\/wp\/v2\/categories?post=79265"},{"taxonomy":"post_tag","embeddable":true,"href":"https:\/\/www.cetys.mx\/noticias\/wp-json\/wp\/v2\/tags?post=79265"}],"curies":[{"name":"wp","href":"https:\/\/api.w.org\/{rel}","templated":true}]}}