{"id":78644,"date":"2017-12-15T09:43:35","date_gmt":"2017-12-15T17:43:35","guid":{"rendered":"http:\/\/www.cetys.mx\/noticias\/?p=78644"},"modified":"2017-12-29T12:38:29","modified_gmt":"2017-12-29T20:38:29","slug":"alumno-ingenieria-cetys-presento-proyecto-en-paris","status":"publish","type":"post","link":"https:\/\/www.cetys.mx\/noticias\/alumno-ingenieria-cetys-presento-proyecto-en-paris\/","title":{"rendered":"Alumno de ingenier\u00eda de CETYS present\u00f3 proyecto en Par\u00eds"},"content":{"rendered":"<p class=\"m_4673648820363060751gmail-MsoNormal\">\u201cAerodynamic simulation of an UAV blimp kind for stable environmental conditions\u201d es el nombre del proyecto en el que participaron diferentes investigadores de Sonora, Seattle, del CICESE y de CETYS Universidad; y que Luis Alberto Aguilera Silva, alumno de quinto semestre de la carrera Ingenier\u00eda Cibern\u00e9tica Electr\u00f3nica, present\u00f3 el 11 de diciembre en el congreso 2nd International Conference on Mechanical Engineering and Robotics Research (ICMERR 2017), celebrado en la Cit\u00e9 Universitaire de Paris, Francia.<\/p>\n<p class=\"m_4673648820363060751gmail-MsoNormal\">El proyecto consiste en un prototipo de veh\u00edculo a\u00e9reo no tripulado, UAV, por sus siglas en ingl\u00e9s, tipo dirigible, para espacios estables. En general los UAV son una manera efectiva de inspeccionar \u00e1reas de topolog\u00edas distintas. A diferencia de los drones, un UAV de tipo Zeppelin (el proyecto que presentaron), tiene como ventaja que para mantenerse a flote requiere de un costo mucho menor, adem\u00e1s de que son menos susceptibles a errores de control (manejo).<\/p>\n<p class=\"m_4673648820363060751gmail-MsoNormal\">El UAV es una forma efectiva de inspeccionar, documentar, buscar, entre otras acciones similares, en diferentes topolog\u00edas. En t\u00e9rminos generales, los UAV est\u00e1n equipados con diferentes sistemas de adquisici\u00f3n de datos que se pueden utilizar desde alturas de hasta 800 metros. Con estas caracter\u00edsticas, los UAV brindan ciertas ventajas tales como: localizaci\u00f3n efectiva de ciertos lugares dentro de un rango de 10 Km2, proporcionar seguridad a\u00e9rea cuando el campo es inestable e inseguro, a la vez que es menos costoso que otros dispositivos.<\/p>\n<p class=\"m_4673648820363060751gmail-MsoNormal\">\u00a0\u201cEste proyecto permitir\u00eda realizar vigilancias a\u00e9reas a menor costo y de menor peligro, en caso de accidentes; adem\u00e1s que permitir\u00eda un escaneo de \u00e1reas topol\u00f3gicas cuyo acceso es dif\u00edcil debido a que no necesitan de un \u00e1rea amplia para poder despegar\u201d, destac\u00f3 el alumno de CETYS.<\/p>\n<p class=\"m_4673648820363060751gmail-MsoNormal\">A su partida al pa\u00eds europeo, Luis Aguilera se encontraba muy entusiasmado por la presentaci\u00f3n del proyecto en Par\u00eds. Adem\u00e1s de terminar su carrera, considera que, probablemente dedicar\u00e1 su vida a la investigaci\u00f3n, porque \u201chay un sinf\u00edn de posibilidades, solamente falta tener un poco de creatividad y tener las ideas correctas para aplicarlas, adem\u00e1s que de la investigaci\u00f3n siempre salen cosas que uno nunca espera\u201d, finaliz\u00f3.<\/p>\n<div><\/div>\n","protected":false},"excerpt":{"rendered":"<p>\u201cAerodynamic simulation of an UAV blimp kind for stable environmental conditions\u201d es el nombre del proyecto en el que participaron diferentes investigadores&#8230;<\/p>\n","protected":false},"author":23,"featured_media":78645,"comment_status":"open","ping_status":"closed","sticky":false,"template":"","format":"standard","meta":{"footnotes":""},"categories":[132,1850,108,306,313],"tags":[2059],"class_list":["post-78644","post","type-post","status-publish","format-standard","has-post-thumbnail","hentry","category-campus-ensenada","category-ingenieria","category-internacionales","category-profesional","category-vocetys-2","tag-vocetys-2017-12-29"],"yoast_head":"<!-- This site is optimized with the Yoast SEO plugin v27.4 - https:\/\/yoast.com\/product\/yoast-seo-wordpress\/ -->\n<title>Alumno de ingenier\u00eda de CETYS present\u00f3 proyecto en Par\u00eds - CETYS<\/title>\n<meta name=\"description\" content=\"Articulo sobre Alumno de ingenier\u00eda de CETYS present\u00f3 proyecto en Par\u00eds\" \/>\n<meta name=\"robots\" content=\"index, follow, max-snippet:-1, max-image-preview:large, max-video-preview:-1\" \/>\n<link rel=\"canonical\" href=\"https:\/\/www.cetys.mx\/noticias\/alumno-ingenieria-cetys-presento-proyecto-en-paris\/\" \/>\n<meta property=\"og:locale\" content=\"es_MX\" \/>\n<meta property=\"og:type\" content=\"article\" \/>\n<meta property=\"og:title\" content=\"Alumno de ingenier\u00eda de CETYS present\u00f3 proyecto en Par\u00eds - CETYS\" \/>\n<meta property=\"og:description\" content=\"Articulo sobre Alumno de ingenier\u00eda de CETYS present\u00f3 proyecto en Par\u00eds\" \/>\n<meta property=\"og:url\" content=\"https:\/\/www.cetys.mx\/noticias\/alumno-ingenieria-cetys-presento-proyecto-en-paris\/\" \/>\n<meta property=\"og:site_name\" content=\"CETYS\" \/>\n<meta property=\"article:publisher\" content=\"https:\/\/www.facebook.com\/cetysuniversidadmxl\/\" \/>\n<meta property=\"article:published_time\" content=\"2017-12-15T17:43:35+00:00\" \/>\n<meta property=\"article:modified_time\" content=\"2017-12-29T20:38:29+00:00\" \/>\n<meta property=\"og:image\" content=\"https:\/\/www.cetys.mx\/noticias\/wp-content\/uploads\/2017\/12\/luis.jpg\" \/>\n\t<meta property=\"og:image:width\" content=\"953\" \/>\n\t<meta property=\"og:image:height\" content=\"658\" \/>\n\t<meta property=\"og:image:type\" content=\"image\/jpeg\" \/>\n<meta name=\"author\" content=\"Campus Ensenada\" \/>\n<meta name=\"twitter:card\" content=\"summary_large_image\" \/>\n<meta name=\"twitter:creator\" content=\"@cetysuni\" \/>\n<meta name=\"twitter:site\" content=\"@cetysuni\" \/>\n<meta name=\"twitter:label1\" content=\"Escrito por\" \/>\n\t<meta name=\"twitter:data1\" content=\"Campus Ensenada\" \/>\n\t<meta name=\"twitter:label2\" content=\"Tiempo de lectura\" \/>\n\t<meta name=\"twitter:data2\" content=\"2 minutos\" \/>\n<script type=\"application\/ld+json\" class=\"yoast-schema-graph\">{\"@context\":\"https:\\\/\\\/schema.org\",\"@graph\":[{\"@type\":\"Article\",\"@id\":\"https:\\\/\\\/www.cetys.mx\\\/noticias\\\/alumno-ingenieria-cetys-presento-proyecto-en-paris\\\/#article\",\"isPartOf\":{\"@id\":\"https:\\\/\\\/www.cetys.mx\\\/noticias\\\/alumno-ingenieria-cetys-presento-proyecto-en-paris\\\/\"},\"author\":{\"name\":\"Campus Ensenada\",\"@id\":\"https:\\\/\\\/www.cetys.mx\\\/noticias\\\/#\\\/schema\\\/person\\\/1a1a88c0b6586e66a2e9e88e07afc712\"},\"headline\":\"Alumno de ingenier\u00eda de CETYS present\u00f3 proyecto en Par\u00eds\",\"datePublished\":\"2017-12-15T17:43:35+00:00\",\"dateModified\":\"2017-12-29T20:38:29+00:00\",\"mainEntityOfPage\":{\"@id\":\"https:\\\/\\\/www.cetys.mx\\\/noticias\\\/alumno-ingenieria-cetys-presento-proyecto-en-paris\\\/\"},\"wordCount\":380,\"commentCount\":1,\"image\":{\"@id\":\"https:\\\/\\\/www.cetys.mx\\\/noticias\\\/alumno-ingenieria-cetys-presento-proyecto-en-paris\\\/#primaryimage\"},\"thumbnailUrl\":\"https:\\\/\\\/www.cetys.mx\\\/noticias\\\/wp-content\\\/uploads\\\/2017\\\/12\\\/luis.jpg\",\"keywords\":[\"vocetys-2017-12-29\"],\"articleSection\":[\"Campus Ensenada\",\"Ingenier\u00eda\",\"Internacionales\",\"Profesional\",\"VoCETYS\"],\"inLanguage\":\"es\",\"potentialAction\":[{\"@type\":\"CommentAction\",\"name\":\"Comment\",\"target\":[\"https:\\\/\\\/www.cetys.mx\\\/noticias\\\/alumno-ingenieria-cetys-presento-proyecto-en-paris\\\/#respond\"]}]},{\"@type\":\"WebPage\",\"@id\":\"https:\\\/\\\/www.cetys.mx\\\/noticias\\\/alumno-ingenieria-cetys-presento-proyecto-en-paris\\\/\",\"url\":\"https:\\\/\\\/www.cetys.mx\\\/noticias\\\/alumno-ingenieria-cetys-presento-proyecto-en-paris\\\/\",\"name\":\"Alumno de ingenier\u00eda de CETYS present\u00f3 proyecto en Par\u00eds - CETYS\",\"isPartOf\":{\"@id\":\"https:\\\/\\\/www.cetys.mx\\\/noticias\\\/#website\"},\"primaryImageOfPage\":{\"@id\":\"https:\\\/\\\/www.cetys.mx\\\/noticias\\\/alumno-ingenieria-cetys-presento-proyecto-en-paris\\\/#primaryimage\"},\"image\":{\"@id\":\"https:\\\/\\\/www.cetys.mx\\\/noticias\\\/alumno-ingenieria-cetys-presento-proyecto-en-paris\\\/#primaryimage\"},\"thumbnailUrl\":\"https:\\\/\\\/www.cetys.mx\\\/noticias\\\/wp-content\\\/uploads\\\/2017\\\/12\\\/luis.jpg\",\"datePublished\":\"2017-12-15T17:43:35+00:00\",\"dateModified\":\"2017-12-29T20:38:29+00:00\",\"author\":{\"@id\":\"https:\\\/\\\/www.cetys.mx\\\/noticias\\\/#\\\/schema\\\/person\\\/1a1a88c0b6586e66a2e9e88e07afc712\"},\"description\":\"Articulo sobre Alumno de ingenier\u00eda de CETYS present\u00f3 proyecto en Par\u00eds\",\"breadcrumb\":{\"@id\":\"https:\\\/\\\/www.cetys.mx\\\/noticias\\\/alumno-ingenieria-cetys-presento-proyecto-en-paris\\\/#breadcrumb\"},\"inLanguage\":\"es\",\"potentialAction\":[{\"@type\":\"ReadAction\",\"target\":[\"https:\\\/\\\/www.cetys.mx\\\/noticias\\\/alumno-ingenieria-cetys-presento-proyecto-en-paris\\\/\"]}]},{\"@type\":\"ImageObject\",\"inLanguage\":\"es\",\"@id\":\"https:\\\/\\\/www.cetys.mx\\\/noticias\\\/alumno-ingenieria-cetys-presento-proyecto-en-paris\\\/#primaryimage\",\"url\":\"https:\\\/\\\/www.cetys.mx\\\/noticias\\\/wp-content\\\/uploads\\\/2017\\\/12\\\/luis.jpg\",\"contentUrl\":\"https:\\\/\\\/www.cetys.mx\\\/noticias\\\/wp-content\\\/uploads\\\/2017\\\/12\\\/luis.jpg\",\"width\":953,\"height\":658},{\"@type\":\"BreadcrumbList\",\"@id\":\"https:\\\/\\\/www.cetys.mx\\\/noticias\\\/alumno-ingenieria-cetys-presento-proyecto-en-paris\\\/#breadcrumb\",\"itemListElement\":[{\"@type\":\"ListItem\",\"position\":1,\"name\":\"Inicio\",\"item\":\"https:\\\/\\\/www.cetys.mx\\\/noticias\\\/\"},{\"@type\":\"ListItem\",\"position\":2,\"name\":\"Alumno de ingenier\u00eda de CETYS present\u00f3 proyecto en Par\u00eds\"}]},{\"@type\":\"WebSite\",\"@id\":\"https:\\\/\\\/www.cetys.mx\\\/noticias\\\/#website\",\"url\":\"https:\\\/\\\/www.cetys.mx\\\/noticias\\\/\",\"name\":\"CETYS\",\"description\":\"\",\"potentialAction\":[{\"@type\":\"SearchAction\",\"target\":{\"@type\":\"EntryPoint\",\"urlTemplate\":\"https:\\\/\\\/www.cetys.mx\\\/noticias\\\/?s={search_term_string}\"},\"query-input\":{\"@type\":\"PropertyValueSpecification\",\"valueRequired\":true,\"valueName\":\"search_term_string\"}}],\"inLanguage\":\"es\"},{\"@type\":\"Person\",\"@id\":\"https:\\\/\\\/www.cetys.mx\\\/noticias\\\/#\\\/schema\\\/person\\\/1a1a88c0b6586e66a2e9e88e07afc712\",\"name\":\"Campus Ensenada\",\"url\":\"https:\\\/\\\/www.cetys.mx\\\/noticias\\\/author\\\/campusensenada\\\/\"}]}<\/script>\n<!-- \/ Yoast SEO plugin. -->","yoast_head_json":{"title":"Alumno de ingenier\u00eda de CETYS present\u00f3 proyecto en Par\u00eds - CETYS","description":"Articulo sobre Alumno de ingenier\u00eda de CETYS present\u00f3 proyecto en Par\u00eds","robots":{"index":"index","follow":"follow","max-snippet":"max-snippet:-1","max-image-preview":"max-image-preview:large","max-video-preview":"max-video-preview:-1"},"canonical":"https:\/\/www.cetys.mx\/noticias\/alumno-ingenieria-cetys-presento-proyecto-en-paris\/","og_locale":"es_MX","og_type":"article","og_title":"Alumno de ingenier\u00eda de CETYS present\u00f3 proyecto en Par\u00eds - CETYS","og_description":"Articulo sobre Alumno de ingenier\u00eda de CETYS present\u00f3 proyecto en Par\u00eds","og_url":"https:\/\/www.cetys.mx\/noticias\/alumno-ingenieria-cetys-presento-proyecto-en-paris\/","og_site_name":"CETYS","article_publisher":"https:\/\/www.facebook.com\/cetysuniversidadmxl\/","article_published_time":"2017-12-15T17:43:35+00:00","article_modified_time":"2017-12-29T20:38:29+00:00","og_image":[{"width":953,"height":658,"url":"https:\/\/www.cetys.mx\/noticias\/wp-content\/uploads\/2017\/12\/luis.jpg","type":"image\/jpeg"}],"author":"Campus Ensenada","twitter_card":"summary_large_image","twitter_creator":"@cetysuni","twitter_site":"@cetysuni","twitter_misc":{"Escrito por":"Campus Ensenada","Tiempo de lectura":"2 minutos"},"schema":{"@context":"https:\/\/schema.org","@graph":[{"@type":"Article","@id":"https:\/\/www.cetys.mx\/noticias\/alumno-ingenieria-cetys-presento-proyecto-en-paris\/#article","isPartOf":{"@id":"https:\/\/www.cetys.mx\/noticias\/alumno-ingenieria-cetys-presento-proyecto-en-paris\/"},"author":{"name":"Campus Ensenada","@id":"https:\/\/www.cetys.mx\/noticias\/#\/schema\/person\/1a1a88c0b6586e66a2e9e88e07afc712"},"headline":"Alumno de ingenier\u00eda de CETYS present\u00f3 proyecto en Par\u00eds","datePublished":"2017-12-15T17:43:35+00:00","dateModified":"2017-12-29T20:38:29+00:00","mainEntityOfPage":{"@id":"https:\/\/www.cetys.mx\/noticias\/alumno-ingenieria-cetys-presento-proyecto-en-paris\/"},"wordCount":380,"commentCount":1,"image":{"@id":"https:\/\/www.cetys.mx\/noticias\/alumno-ingenieria-cetys-presento-proyecto-en-paris\/#primaryimage"},"thumbnailUrl":"https:\/\/www.cetys.mx\/noticias\/wp-content\/uploads\/2017\/12\/luis.jpg","keywords":["vocetys-2017-12-29"],"articleSection":["Campus Ensenada","Ingenier\u00eda","Internacionales","Profesional","VoCETYS"],"inLanguage":"es","potentialAction":[{"@type":"CommentAction","name":"Comment","target":["https:\/\/www.cetys.mx\/noticias\/alumno-ingenieria-cetys-presento-proyecto-en-paris\/#respond"]}]},{"@type":"WebPage","@id":"https:\/\/www.cetys.mx\/noticias\/alumno-ingenieria-cetys-presento-proyecto-en-paris\/","url":"https:\/\/www.cetys.mx\/noticias\/alumno-ingenieria-cetys-presento-proyecto-en-paris\/","name":"Alumno de ingenier\u00eda de CETYS present\u00f3 proyecto en Par\u00eds - CETYS","isPartOf":{"@id":"https:\/\/www.cetys.mx\/noticias\/#website"},"primaryImageOfPage":{"@id":"https:\/\/www.cetys.mx\/noticias\/alumno-ingenieria-cetys-presento-proyecto-en-paris\/#primaryimage"},"image":{"@id":"https:\/\/www.cetys.mx\/noticias\/alumno-ingenieria-cetys-presento-proyecto-en-paris\/#primaryimage"},"thumbnailUrl":"https:\/\/www.cetys.mx\/noticias\/wp-content\/uploads\/2017\/12\/luis.jpg","datePublished":"2017-12-15T17:43:35+00:00","dateModified":"2017-12-29T20:38:29+00:00","author":{"@id":"https:\/\/www.cetys.mx\/noticias\/#\/schema\/person\/1a1a88c0b6586e66a2e9e88e07afc712"},"description":"Articulo sobre Alumno de ingenier\u00eda de CETYS present\u00f3 proyecto en Par\u00eds","breadcrumb":{"@id":"https:\/\/www.cetys.mx\/noticias\/alumno-ingenieria-cetys-presento-proyecto-en-paris\/#breadcrumb"},"inLanguage":"es","potentialAction":[{"@type":"ReadAction","target":["https:\/\/www.cetys.mx\/noticias\/alumno-ingenieria-cetys-presento-proyecto-en-paris\/"]}]},{"@type":"ImageObject","inLanguage":"es","@id":"https:\/\/www.cetys.mx\/noticias\/alumno-ingenieria-cetys-presento-proyecto-en-paris\/#primaryimage","url":"https:\/\/www.cetys.mx\/noticias\/wp-content\/uploads\/2017\/12\/luis.jpg","contentUrl":"https:\/\/www.cetys.mx\/noticias\/wp-content\/uploads\/2017\/12\/luis.jpg","width":953,"height":658},{"@type":"BreadcrumbList","@id":"https:\/\/www.cetys.mx\/noticias\/alumno-ingenieria-cetys-presento-proyecto-en-paris\/#breadcrumb","itemListElement":[{"@type":"ListItem","position":1,"name":"Inicio","item":"https:\/\/www.cetys.mx\/noticias\/"},{"@type":"ListItem","position":2,"name":"Alumno de ingenier\u00eda de CETYS present\u00f3 proyecto en Par\u00eds"}]},{"@type":"WebSite","@id":"https:\/\/www.cetys.mx\/noticias\/#website","url":"https:\/\/www.cetys.mx\/noticias\/","name":"CETYS","description":"","potentialAction":[{"@type":"SearchAction","target":{"@type":"EntryPoint","urlTemplate":"https:\/\/www.cetys.mx\/noticias\/?s={search_term_string}"},"query-input":{"@type":"PropertyValueSpecification","valueRequired":true,"valueName":"search_term_string"}}],"inLanguage":"es"},{"@type":"Person","@id":"https:\/\/www.cetys.mx\/noticias\/#\/schema\/person\/1a1a88c0b6586e66a2e9e88e07afc712","name":"Campus Ensenada","url":"https:\/\/www.cetys.mx\/noticias\/author\/campusensenada\/"}]}},"_links":{"self":[{"href":"https:\/\/www.cetys.mx\/noticias\/wp-json\/wp\/v2\/posts\/78644","targetHints":{"allow":["GET"]}}],"collection":[{"href":"https:\/\/www.cetys.mx\/noticias\/wp-json\/wp\/v2\/posts"}],"about":[{"href":"https:\/\/www.cetys.mx\/noticias\/wp-json\/wp\/v2\/types\/post"}],"author":[{"embeddable":true,"href":"https:\/\/www.cetys.mx\/noticias\/wp-json\/wp\/v2\/users\/23"}],"replies":[{"embeddable":true,"href":"https:\/\/www.cetys.mx\/noticias\/wp-json\/wp\/v2\/comments?post=78644"}],"version-history":[{"count":0,"href":"https:\/\/www.cetys.mx\/noticias\/wp-json\/wp\/v2\/posts\/78644\/revisions"}],"wp:featuredmedia":[{"embeddable":true,"href":"https:\/\/www.cetys.mx\/noticias\/wp-json\/wp\/v2\/media\/78645"}],"wp:attachment":[{"href":"https:\/\/www.cetys.mx\/noticias\/wp-json\/wp\/v2\/media?parent=78644"}],"wp:term":[{"taxonomy":"category","embeddable":true,"href":"https:\/\/www.cetys.mx\/noticias\/wp-json\/wp\/v2\/categories?post=78644"},{"taxonomy":"post_tag","embeddable":true,"href":"https:\/\/www.cetys.mx\/noticias\/wp-json\/wp\/v2\/tags?post=78644"}],"curies":[{"name":"wp","href":"https:\/\/api.w.org\/{rel}","templated":true}]}}