{"id":78261,"date":"2017-12-01T17:25:38","date_gmt":"2017-12-02T01:25:38","guid":{"rendered":"http:\/\/www.cetys.mx\/noticias\/?p=78261"},"modified":"2017-12-01T17:25:38","modified_gmt":"2017-12-02T01:25:38","slug":"yaira-mendoza-una-apasionada-la-ciencia-en-ib-cetys","status":"publish","type":"post","link":"https:\/\/www.cetys.mx\/noticias\/yaira-mendoza-una-apasionada-la-ciencia-en-ib-cetys\/","title":{"rendered":"Yaira\u00a0Mendoza una apasionada por la ciencia en el IB CETYS"},"content":{"rendered":"<p style=\"text-align: justify;\">S\u00ed a ti te gusta llenar tu d\u00eda de actividades como: practicar un deporte, investigar m\u00e1s sobre el quehacer cient\u00edfico, aprender nuevos idiomas, conocer a personas de otras culturas, ayudar al medio ambiente y pasarla genial con tus amigos, entonces t\u00fa, eres como\u00a0Yaira\u00a0Mendoza, estudiante del quinto semestre del Bachillerato Internacional (IB) de la Prepa CETYS.<\/p>\n<p style=\"text-align: justify;\">Yaira\u00a0es una joven que ha encontrado el espacio perfecto para combinar todas sus pasiones y formarse acad\u00e9micamente en el mejor ambiente escolar; ella se define a s\u00ed misma como \u201cextrovertida\u201d.<\/p>\n<p style=\"text-align: justify;\">Y no es para menos,\u00a0Yaira\u00a0ha participado en campa\u00f1as sociales que buscan recaudar fondos para ayudar a los damnificados por desastres naturales como el terremoto de Ecuador y el m\u00e1s reciente en el sur de nuestro pa\u00eds. Asimismo, ha convivido con estudiantes de Estados Unidos, gracias a las experiencias internacionales que el IB del CETYS ofrece.<\/p>\n<p style=\"font-weight: 400; text-align: justify;\">Pero eso no es todo,\u00a0Yaira\u00a0ha destacado en lo acad\u00e9mico, al ser parte del equipo que represent\u00f3 a la Prepa CETYS en la olimpiada de f\u00edsica regional; adem\u00e1s, gan\u00f3 una menci\u00f3n honor\u00edfica por un video dedicado al papel de las mujeres en la ciencia en el segundo concurso de videoclip \u201cDescubramos a las cient\u00edficas mexicanas que la Academia Mexicana de Ciencias realiz\u00f3.<\/p>\n<p style=\"font-weight: 400; text-align: justify;\">Quiz\u00e1 te preguntes, \u00bfpor qu\u00e9\u00a0Yaira\u00a0es as\u00ed? La respuesta est\u00e1 en las ganas que tiene de querer disfrutar lo que hace y ser el reflejo de lo que el perfil de un estudiante del IB de la Prepa CETYS es, un joven que, como t\u00fa, busca impactar en su comunidad y apoyar a que sea mejor.<\/p>\n<p style=\"text-align: justify;\">\u00a1La Prepa CETYS es la\u00a0\u00fanica en la\u00a0regi\u00f3n que te ofrece el\u00a0Bachillerato Internacional! Si quieres saber m\u00e1s ll\u00e1manos al 567-3700 o escr\u00edbenos a\u00a0<a href=\"mailto:infocetys@cetys.mx\" data-mt-detrack-inspected=\"true\">infocetys@cetys.mx<\/a>\u00a0o m\u00e1ndanos un inbox en Facebook, nos encuentras como\u00a0CETYS Universidad Campus Mexicali.<\/p>\n<blockquote>\n            <style type='text\/css'>\n                #gallery-1 {\n                    margin: auto;\n                }\n                #gallery-1 .gallery-item {\n                    float: left;\n                    margin-top: 10px;\n                    text-align: center;\n                    width: 33%;\n                }\n                #gallery-1 img {\n                    border: 2px solid #cfcfcf;\n                }\n                #gallery-1 .gallery-caption {\n                    margin-left: 0;\n                }\n                \/* see gallery_shortcode() in wp-includes\/media.php *\/\n            <\/style>\n\t\t<div id='gallery-1' class='gallery galleryid-78261 gallery-columns-3 gallery-size-thumbnail'><dl class='gallery-item'>\n                <dt class='gallery-icon landscape'>\n                    <a href='https:\/\/www.cetys.mx\/noticias\/yaira-mendoza-una-apasionada-la-ciencia-en-ib-cetys\/veranociencias-10\/'><img loading=\"lazy\" decoding=\"async\" width=\"128\" height=\"72\" src=\"https:\/\/www.cetys.mx\/noticias\/wp-content\/uploads\/2017\/12\/veranociencias-10.jpg\" class=\"attachment-thumbnail size-thumbnail\" alt=\"\" \/><\/a>\n                <\/dt><\/dl><dl class='gallery-item'>\n                <dt class='gallery-icon landscape'>\n                    <a href='https:\/\/www.cetys.mx\/noticias\/yaira-mendoza-una-apasionada-la-ciencia-en-ib-cetys\/boletin1\/'><img loading=\"lazy\" decoding=\"async\" width=\"128\" height=\"85\" src=\"https:\/\/www.cetys.mx\/noticias\/wp-content\/uploads\/2017\/12\/Boletin1.jpg\" class=\"attachment-thumbnail size-thumbnail\" alt=\"\" \/><\/a>\n                <\/dt><\/dl><dl class='gallery-item'>\n                <dt class='gallery-icon landscape'>\n                    <a href='https:\/\/www.cetys.mx\/noticias\/yaira-mendoza-una-apasionada-la-ciencia-en-ib-cetys\/boletin2\/'><img loading=\"lazy\" decoding=\"async\" width=\"128\" height=\"96\" src=\"https:\/\/www.cetys.mx\/noticias\/wp-content\/uploads\/2017\/12\/Boletin2.jpg\" class=\"attachment-thumbnail size-thumbnail\" alt=\"\" \/><\/a>\n                <\/dt><\/dl><br style=\"clear: both\" \/><dl class='gallery-item'>\n                <dt class='gallery-icon portrait'>\n                    <a href='https:\/\/www.cetys.mx\/noticias\/yaira-mendoza-una-apasionada-la-ciencia-en-ib-cetys\/veranociencias-2\/'><img loading=\"lazy\" decoding=\"async\" width=\"72\" height=\"96\" src=\"https:\/\/www.cetys.mx\/noticias\/wp-content\/uploads\/2017\/12\/veranociencias-2.jpg\" class=\"attachment-thumbnail size-thumbnail\" alt=\"\" \/><\/a>\n                <\/dt><\/dl><dl class='gallery-item'>\n                <dt class='gallery-icon landscape'>\n                    <a href='https:\/\/www.cetys.mx\/noticias\/yaira-mendoza-una-apasionada-la-ciencia-en-ib-cetys\/veranociencias-13\/'><img loading=\"lazy\" decoding=\"async\" width=\"128\" height=\"96\" src=\"https:\/\/www.cetys.mx\/noticias\/wp-content\/uploads\/2017\/12\/veranociencias-13.jpg\" class=\"attachment-thumbnail size-thumbnail\" alt=\"\" \/><\/a>\n                <\/dt><\/dl><dl class='gallery-item'>\n                <dt class='gallery-icon landscape'>\n                    <a href='https:\/\/www.cetys.mx\/noticias\/yaira-mendoza-una-apasionada-la-ciencia-en-ib-cetys\/veranocientifico-1\/'><img loading=\"lazy\" decoding=\"async\" width=\"128\" height=\"96\" src=\"https:\/\/www.cetys.mx\/noticias\/wp-content\/uploads\/2017\/12\/veranocientifico-1.jpg\" class=\"attachment-thumbnail size-thumbnail\" alt=\"\" \/><\/a>\n                <\/dt><\/dl><br style=\"clear: both\" \/>\n            <\/div>\n\n<p style=\"text-align: justify;\">\u201cEl IB de la Prepa CETYS te hace ser organizado, anal\u00edtico y apasionado por lo que haces, me gusta mucho que los profes nos inspiran a dar lo mejor de nosotros y a descubrir todo tu potencial sin dejar de disfrutar una de las etapas m\u00e1s bonita de nuestras vidas que es estudiar la preparatoria\u201d\u00a0Yaira\u00a0Mendoza.<\/p>\n<\/blockquote>\n","protected":false},"excerpt":{"rendered":"<p>S\u00ed a ti te gusta llenar tu d\u00eda de actividades como: practicar un deporte, investigar m\u00e1s sobre el quehacer cient\u00edfico, aprender nuevos&#8230;<\/p>\n","protected":false},"author":20,"featured_media":78270,"comment_status":"open","ping_status":"closed","sticky":false,"template":"","format":"standard","meta":{"footnotes":""},"categories":[133,125,318,313],"tags":[],"class_list":["post-78261","post","type-post","status-publish","format-standard","has-post-thumbnail","hentry","category-campus-mexicali","category-portada","category-preparatoria","category-vocetys-2"],"yoast_head":"<!-- This site is optimized with the Yoast SEO plugin v27.4 - https:\/\/yoast.com\/product\/yoast-seo-wordpress\/ -->\n<title>Yaira\u00a0Mendoza una apasionada por la ciencia en el IB CETYS - CETYS<\/title>\n<meta name=\"description\" content=\"Articulo sobre Yaira\u00a0Mendoza una apasionada por la ciencia en el IB CETYS\" \/>\n<meta name=\"robots\" content=\"index, follow, max-snippet:-1, max-image-preview:large, max-video-preview:-1\" \/>\n<link rel=\"canonical\" href=\"https:\/\/www.cetys.mx\/noticias\/yaira-mendoza-una-apasionada-la-ciencia-en-ib-cetys\/\" \/>\n<meta property=\"og:locale\" content=\"es_MX\" \/>\n<meta property=\"og:type\" content=\"article\" \/>\n<meta property=\"og:title\" content=\"Yaira\u00a0Mendoza una apasionada por la ciencia en el IB CETYS - CETYS\" \/>\n<meta property=\"og:description\" content=\"Articulo sobre Yaira\u00a0Mendoza una apasionada por la ciencia en el IB CETYS\" \/>\n<meta property=\"og:url\" content=\"https:\/\/www.cetys.mx\/noticias\/yaira-mendoza-una-apasionada-la-ciencia-en-ib-cetys\/\" \/>\n<meta property=\"og:site_name\" content=\"CETYS\" \/>\n<meta property=\"article:publisher\" content=\"https:\/\/www.facebook.com\/cetysuniversidadmxl\/\" \/>\n<meta property=\"article:published_time\" content=\"2017-12-02T01:25:38+00:00\" \/>\n<meta property=\"og:image\" content=\"https:\/\/www.cetys.mx\/noticias\/wp-content\/uploads\/2017\/12\/portadanotaportayaira.jpg\" \/>\n\t<meta property=\"og:image:width\" content=\"958\" \/>\n\t<meta property=\"og:image:height\" content=\"637\" \/>\n\t<meta property=\"og:image:type\" content=\"image\/jpeg\" \/>\n<meta name=\"author\" content=\"Campus Mexicali\" \/>\n<meta name=\"twitter:card\" content=\"summary_large_image\" \/>\n<meta name=\"twitter:creator\" content=\"@cetysuni\" \/>\n<meta name=\"twitter:site\" content=\"@cetysuni\" \/>\n<meta name=\"twitter:label1\" content=\"Escrito por\" \/>\n\t<meta name=\"twitter:data1\" content=\"Campus Mexicali\" \/>\n\t<meta name=\"twitter:label2\" content=\"Tiempo de lectura\" \/>\n\t<meta name=\"twitter:data2\" content=\"2 minutos\" \/>\n<script type=\"application\/ld+json\" class=\"yoast-schema-graph\">{\"@context\":\"https:\\\/\\\/schema.org\",\"@graph\":[{\"@type\":\"Article\",\"@id\":\"https:\\\/\\\/www.cetys.mx\\\/noticias\\\/yaira-mendoza-una-apasionada-la-ciencia-en-ib-cetys\\\/#article\",\"isPartOf\":{\"@id\":\"https:\\\/\\\/www.cetys.mx\\\/noticias\\\/yaira-mendoza-una-apasionada-la-ciencia-en-ib-cetys\\\/\"},\"author\":{\"name\":\"Campus Mexicali\",\"@id\":\"https:\\\/\\\/www.cetys.mx\\\/noticias\\\/#\\\/schema\\\/person\\\/79a95c4ac185f3705cf1b9c9340a5f70\"},\"headline\":\"Yaira\u00a0Mendoza una apasionada por la ciencia en el IB CETYS\",\"datePublished\":\"2017-12-02T01:25:38+00:00\",\"mainEntityOfPage\":{\"@id\":\"https:\\\/\\\/www.cetys.mx\\\/noticias\\\/yaira-mendoza-una-apasionada-la-ciencia-en-ib-cetys\\\/\"},\"wordCount\":396,\"commentCount\":0,\"image\":{\"@id\":\"https:\\\/\\\/www.cetys.mx\\\/noticias\\\/yaira-mendoza-una-apasionada-la-ciencia-en-ib-cetys\\\/#primaryimage\"},\"thumbnailUrl\":\"https:\\\/\\\/www.cetys.mx\\\/noticias\\\/wp-content\\\/uploads\\\/2017\\\/12\\\/portadanotaportayaira.jpg\",\"articleSection\":[\"Campus Mexicali\",\"Portada\",\"Preparatoria\",\"VoCETYS\"],\"inLanguage\":\"es\",\"potentialAction\":[{\"@type\":\"CommentAction\",\"name\":\"Comment\",\"target\":[\"https:\\\/\\\/www.cetys.mx\\\/noticias\\\/yaira-mendoza-una-apasionada-la-ciencia-en-ib-cetys\\\/#respond\"]}]},{\"@type\":\"WebPage\",\"@id\":\"https:\\\/\\\/www.cetys.mx\\\/noticias\\\/yaira-mendoza-una-apasionada-la-ciencia-en-ib-cetys\\\/\",\"url\":\"https:\\\/\\\/www.cetys.mx\\\/noticias\\\/yaira-mendoza-una-apasionada-la-ciencia-en-ib-cetys\\\/\",\"name\":\"Yaira\u00a0Mendoza una apasionada por la ciencia en el IB CETYS - CETYS\",\"isPartOf\":{\"@id\":\"https:\\\/\\\/www.cetys.mx\\\/noticias\\\/#website\"},\"primaryImageOfPage\":{\"@id\":\"https:\\\/\\\/www.cetys.mx\\\/noticias\\\/yaira-mendoza-una-apasionada-la-ciencia-en-ib-cetys\\\/#primaryimage\"},\"image\":{\"@id\":\"https:\\\/\\\/www.cetys.mx\\\/noticias\\\/yaira-mendoza-una-apasionada-la-ciencia-en-ib-cetys\\\/#primaryimage\"},\"thumbnailUrl\":\"https:\\\/\\\/www.cetys.mx\\\/noticias\\\/wp-content\\\/uploads\\\/2017\\\/12\\\/portadanotaportayaira.jpg\",\"datePublished\":\"2017-12-02T01:25:38+00:00\",\"author\":{\"@id\":\"https:\\\/\\\/www.cetys.mx\\\/noticias\\\/#\\\/schema\\\/person\\\/79a95c4ac185f3705cf1b9c9340a5f70\"},\"description\":\"Articulo sobre Yaira\u00a0Mendoza una apasionada por la ciencia en el IB CETYS\",\"breadcrumb\":{\"@id\":\"https:\\\/\\\/www.cetys.mx\\\/noticias\\\/yaira-mendoza-una-apasionada-la-ciencia-en-ib-cetys\\\/#breadcrumb\"},\"inLanguage\":\"es\",\"potentialAction\":[{\"@type\":\"ReadAction\",\"target\":[\"https:\\\/\\\/www.cetys.mx\\\/noticias\\\/yaira-mendoza-una-apasionada-la-ciencia-en-ib-cetys\\\/\"]}]},{\"@type\":\"ImageObject\",\"inLanguage\":\"es\",\"@id\":\"https:\\\/\\\/www.cetys.mx\\\/noticias\\\/yaira-mendoza-una-apasionada-la-ciencia-en-ib-cetys\\\/#primaryimage\",\"url\":\"https:\\\/\\\/www.cetys.mx\\\/noticias\\\/wp-content\\\/uploads\\\/2017\\\/12\\\/portadanotaportayaira.jpg\",\"contentUrl\":\"https:\\\/\\\/www.cetys.mx\\\/noticias\\\/wp-content\\\/uploads\\\/2017\\\/12\\\/portadanotaportayaira.jpg\",\"width\":958,\"height\":637},{\"@type\":\"BreadcrumbList\",\"@id\":\"https:\\\/\\\/www.cetys.mx\\\/noticias\\\/yaira-mendoza-una-apasionada-la-ciencia-en-ib-cetys\\\/#breadcrumb\",\"itemListElement\":[{\"@type\":\"ListItem\",\"position\":1,\"name\":\"Inicio\",\"item\":\"https:\\\/\\\/www.cetys.mx\\\/noticias\\\/\"},{\"@type\":\"ListItem\",\"position\":2,\"name\":\"Yaira\u00a0Mendoza una apasionada por la ciencia en el IB CETYS\"}]},{\"@type\":\"WebSite\",\"@id\":\"https:\\\/\\\/www.cetys.mx\\\/noticias\\\/#website\",\"url\":\"https:\\\/\\\/www.cetys.mx\\\/noticias\\\/\",\"name\":\"CETYS\",\"description\":\"\",\"potentialAction\":[{\"@type\":\"SearchAction\",\"target\":{\"@type\":\"EntryPoint\",\"urlTemplate\":\"https:\\\/\\\/www.cetys.mx\\\/noticias\\\/?s={search_term_string}\"},\"query-input\":{\"@type\":\"PropertyValueSpecification\",\"valueRequired\":true,\"valueName\":\"search_term_string\"}}],\"inLanguage\":\"es\"},{\"@type\":\"Person\",\"@id\":\"https:\\\/\\\/www.cetys.mx\\\/noticias\\\/#\\\/schema\\\/person\\\/79a95c4ac185f3705cf1b9c9340a5f70\",\"name\":\"Campus Mexicali\",\"url\":\"https:\\\/\\\/www.cetys.mx\\\/noticias\\\/author\\\/campusmexicali\\\/\"}]}<\/script>\n<!-- \/ Yoast SEO plugin. -->","yoast_head_json":{"title":"Yaira\u00a0Mendoza una apasionada por la ciencia en el IB CETYS - CETYS","description":"Articulo sobre Yaira\u00a0Mendoza una apasionada por la ciencia en el IB CETYS","robots":{"index":"index","follow":"follow","max-snippet":"max-snippet:-1","max-image-preview":"max-image-preview:large","max-video-preview":"max-video-preview:-1"},"canonical":"https:\/\/www.cetys.mx\/noticias\/yaira-mendoza-una-apasionada-la-ciencia-en-ib-cetys\/","og_locale":"es_MX","og_type":"article","og_title":"Yaira\u00a0Mendoza una apasionada por la ciencia en el IB CETYS - CETYS","og_description":"Articulo sobre Yaira\u00a0Mendoza una apasionada por la ciencia en el IB CETYS","og_url":"https:\/\/www.cetys.mx\/noticias\/yaira-mendoza-una-apasionada-la-ciencia-en-ib-cetys\/","og_site_name":"CETYS","article_publisher":"https:\/\/www.facebook.com\/cetysuniversidadmxl\/","article_published_time":"2017-12-02T01:25:38+00:00","og_image":[{"width":958,"height":637,"url":"https:\/\/www.cetys.mx\/noticias\/wp-content\/uploads\/2017\/12\/portadanotaportayaira.jpg","type":"image\/jpeg"}],"author":"Campus Mexicali","twitter_card":"summary_large_image","twitter_creator":"@cetysuni","twitter_site":"@cetysuni","twitter_misc":{"Escrito por":"Campus Mexicali","Tiempo de lectura":"2 minutos"},"schema":{"@context":"https:\/\/schema.org","@graph":[{"@type":"Article","@id":"https:\/\/www.cetys.mx\/noticias\/yaira-mendoza-una-apasionada-la-ciencia-en-ib-cetys\/#article","isPartOf":{"@id":"https:\/\/www.cetys.mx\/noticias\/yaira-mendoza-una-apasionada-la-ciencia-en-ib-cetys\/"},"author":{"name":"Campus Mexicali","@id":"https:\/\/www.cetys.mx\/noticias\/#\/schema\/person\/79a95c4ac185f3705cf1b9c9340a5f70"},"headline":"Yaira\u00a0Mendoza una apasionada por la ciencia en el IB CETYS","datePublished":"2017-12-02T01:25:38+00:00","mainEntityOfPage":{"@id":"https:\/\/www.cetys.mx\/noticias\/yaira-mendoza-una-apasionada-la-ciencia-en-ib-cetys\/"},"wordCount":396,"commentCount":0,"image":{"@id":"https:\/\/www.cetys.mx\/noticias\/yaira-mendoza-una-apasionada-la-ciencia-en-ib-cetys\/#primaryimage"},"thumbnailUrl":"https:\/\/www.cetys.mx\/noticias\/wp-content\/uploads\/2017\/12\/portadanotaportayaira.jpg","articleSection":["Campus Mexicali","Portada","Preparatoria","VoCETYS"],"inLanguage":"es","potentialAction":[{"@type":"CommentAction","name":"Comment","target":["https:\/\/www.cetys.mx\/noticias\/yaira-mendoza-una-apasionada-la-ciencia-en-ib-cetys\/#respond"]}]},{"@type":"WebPage","@id":"https:\/\/www.cetys.mx\/noticias\/yaira-mendoza-una-apasionada-la-ciencia-en-ib-cetys\/","url":"https:\/\/www.cetys.mx\/noticias\/yaira-mendoza-una-apasionada-la-ciencia-en-ib-cetys\/","name":"Yaira\u00a0Mendoza una apasionada por la ciencia en el IB CETYS - CETYS","isPartOf":{"@id":"https:\/\/www.cetys.mx\/noticias\/#website"},"primaryImageOfPage":{"@id":"https:\/\/www.cetys.mx\/noticias\/yaira-mendoza-una-apasionada-la-ciencia-en-ib-cetys\/#primaryimage"},"image":{"@id":"https:\/\/www.cetys.mx\/noticias\/yaira-mendoza-una-apasionada-la-ciencia-en-ib-cetys\/#primaryimage"},"thumbnailUrl":"https:\/\/www.cetys.mx\/noticias\/wp-content\/uploads\/2017\/12\/portadanotaportayaira.jpg","datePublished":"2017-12-02T01:25:38+00:00","author":{"@id":"https:\/\/www.cetys.mx\/noticias\/#\/schema\/person\/79a95c4ac185f3705cf1b9c9340a5f70"},"description":"Articulo sobre Yaira\u00a0Mendoza una apasionada por la ciencia en el IB CETYS","breadcrumb":{"@id":"https:\/\/www.cetys.mx\/noticias\/yaira-mendoza-una-apasionada-la-ciencia-en-ib-cetys\/#breadcrumb"},"inLanguage":"es","potentialAction":[{"@type":"ReadAction","target":["https:\/\/www.cetys.mx\/noticias\/yaira-mendoza-una-apasionada-la-ciencia-en-ib-cetys\/"]}]},{"@type":"ImageObject","inLanguage":"es","@id":"https:\/\/www.cetys.mx\/noticias\/yaira-mendoza-una-apasionada-la-ciencia-en-ib-cetys\/#primaryimage","url":"https:\/\/www.cetys.mx\/noticias\/wp-content\/uploads\/2017\/12\/portadanotaportayaira.jpg","contentUrl":"https:\/\/www.cetys.mx\/noticias\/wp-content\/uploads\/2017\/12\/portadanotaportayaira.jpg","width":958,"height":637},{"@type":"BreadcrumbList","@id":"https:\/\/www.cetys.mx\/noticias\/yaira-mendoza-una-apasionada-la-ciencia-en-ib-cetys\/#breadcrumb","itemListElement":[{"@type":"ListItem","position":1,"name":"Inicio","item":"https:\/\/www.cetys.mx\/noticias\/"},{"@type":"ListItem","position":2,"name":"Yaira\u00a0Mendoza una apasionada por la ciencia en el IB CETYS"}]},{"@type":"WebSite","@id":"https:\/\/www.cetys.mx\/noticias\/#website","url":"https:\/\/www.cetys.mx\/noticias\/","name":"CETYS","description":"","potentialAction":[{"@type":"SearchAction","target":{"@type":"EntryPoint","urlTemplate":"https:\/\/www.cetys.mx\/noticias\/?s={search_term_string}"},"query-input":{"@type":"PropertyValueSpecification","valueRequired":true,"valueName":"search_term_string"}}],"inLanguage":"es"},{"@type":"Person","@id":"https:\/\/www.cetys.mx\/noticias\/#\/schema\/person\/79a95c4ac185f3705cf1b9c9340a5f70","name":"Campus Mexicali","url":"https:\/\/www.cetys.mx\/noticias\/author\/campusmexicali\/"}]}},"_links":{"self":[{"href":"https:\/\/www.cetys.mx\/noticias\/wp-json\/wp\/v2\/posts\/78261","targetHints":{"allow":["GET"]}}],"collection":[{"href":"https:\/\/www.cetys.mx\/noticias\/wp-json\/wp\/v2\/posts"}],"about":[{"href":"https:\/\/www.cetys.mx\/noticias\/wp-json\/wp\/v2\/types\/post"}],"author":[{"embeddable":true,"href":"https:\/\/www.cetys.mx\/noticias\/wp-json\/wp\/v2\/users\/20"}],"replies":[{"embeddable":true,"href":"https:\/\/www.cetys.mx\/noticias\/wp-json\/wp\/v2\/comments?post=78261"}],"version-history":[{"count":0,"href":"https:\/\/www.cetys.mx\/noticias\/wp-json\/wp\/v2\/posts\/78261\/revisions"}],"wp:featuredmedia":[{"embeddable":true,"href":"https:\/\/www.cetys.mx\/noticias\/wp-json\/wp\/v2\/media\/78270"}],"wp:attachment":[{"href":"https:\/\/www.cetys.mx\/noticias\/wp-json\/wp\/v2\/media?parent=78261"}],"wp:term":[{"taxonomy":"category","embeddable":true,"href":"https:\/\/www.cetys.mx\/noticias\/wp-json\/wp\/v2\/categories?post=78261"},{"taxonomy":"post_tag","embeddable":true,"href":"https:\/\/www.cetys.mx\/noticias\/wp-json\/wp\/v2\/tags?post=78261"}],"curies":[{"name":"wp","href":"https:\/\/api.w.org\/{rel}","templated":true}]}}