{"id":78188,"date":"2017-12-01T09:11:38","date_gmt":"2017-12-01T17:11:38","guid":{"rendered":"http:\/\/www.cetys.mx\/noticias\/?p=78188"},"modified":"2017-12-01T09:15:17","modified_gmt":"2017-12-01T17:15:17","slug":"laura-lu-lider-estudiantil-nacional-2017","status":"publish","type":"post","link":"https:\/\/www.cetys.mx\/noticias\/laura-lu-lider-estudiantil-nacional-2017\/","title":{"rendered":"Es una de los 32 l\u00edderes estudiantiles m\u00e1s destacados de M\u00e9xico"},"content":{"rendered":"<p align=\"justify\">Tras haber presentado un destacado rendimiento acad\u00e9mico, as\u00ed como una activa participaci\u00f3n y nivel de liderazgo, <strong>Laura Lu Zhen<\/strong>, estudiante del 7\u00ba semestre de la <a href=\"https:\/\/www.cetys.mx\/oferta-educativa\/profesional\/licenciatura-en-negocios-internacionales\/\">Licenciatura en Negocios Internacionales del CETYS Universidad Campus Tijuana<\/a>, fue seleccionada para <strong>representar a Baja California en la edici\u00f3n 2017 de la Conferencia Internacional ANUIES<\/strong> (Asociaci\u00f3n Nacional de Universidades e Instituciones de Educaci\u00f3n Superior), misma que tuvo como sede la ciudad de Guadalajara, Jalisco.<\/p>\n<div id=\"attachment_78194\" style=\"width: 970px\" class=\"wp-caption aligncenter\"><a href=\"https:\/\/www.cetys.mx\/noticias\/wp-content\/uploads\/2017\/12\/ANUIES-8.jpg\"><img loading=\"lazy\" decoding=\"async\" aria-describedby=\"caption-attachment-78194\" class=\"wp-image-78194 size-full\" src=\"https:\/\/www.cetys.mx\/noticias\/wp-content\/uploads\/2017\/12\/ANUIES-8.jpg\" alt=\"ANUIES 8\" width=\"960\" height=\"540\" \/><\/a><p id=\"caption-attachment-78194\" class=\"wp-caption-text\">Laura Lu fue una de los 32 j\u00f3venes de todo el pa\u00eds que tuvieron la oportunidad de participar y asistir a la Conferencia Internacional ANUIES 2017.<\/p><\/div>\n<p align=\"justify\">Dicho encuentro es un espacio acad\u00e9mico que <strong>re\u00fane a las m\u00e1ximas autoridades, funcionarios, docentes e investigadores de las universidades m\u00e1s destacadas de M\u00e9xico<\/strong>, esto con el \u00fanico objetivo de debatir las estrategias y alianzas de colaboraci\u00f3n que puedan establecerse entre las asociaciones universitarias de la regi\u00f3n latinoamericana y caribe\u00f1a para<strong> potenciar la contribuci\u00f3n de las escuelas superiores en el Desarrollo Sostenible, propuesto por la ONU<\/strong>.<\/p>\n<p align=\"justify\">Fue as\u00ed como Lu Zhen, junto a otros 31 l\u00edderes estudiantiles, <strong>se sumaron a los trabajos encaminados a discutir y dar propuestas de soluci\u00f3n a diversos retos educativos, cient\u00edficos, sociales, econ\u00f3micos, ambientes y culturales<\/strong>; asumiendo el compromiso de orientar los esfuerzos, capacidades acad\u00e9micas y voluntades de colaboraci\u00f3n de las instituciones inscritas a la ANUIES hacia los compromisos globales de la educaci\u00f3n superior.<\/p>\n<div id=\"attachment_78193\" style=\"width: 970px\" class=\"wp-caption aligncenter\"><a href=\"https:\/\/www.cetys.mx\/noticias\/wp-content\/uploads\/2017\/12\/ANUIES-4.jpg\"><img loading=\"lazy\" decoding=\"async\" aria-describedby=\"caption-attachment-78193\" class=\"wp-image-78193 size-full\" src=\"https:\/\/www.cetys.mx\/noticias\/wp-content\/uploads\/2017\/12\/ANUIES-4.jpg\" alt=\"ANUIES 4\" width=\"960\" height=\"640\" \/><\/a><p id=\"caption-attachment-78193\" class=\"wp-caption-text\">Durante cuatro d\u00edas los l\u00edderes universitarios trabajaron en propuestas de soluci\u00f3n para la educaci\u00f3n y otros sectores, tomando como base los objetivos del Desarrollo Sostenible de la ONU.<\/p><\/div>\n<blockquote>\n<p align=\"justify\">\u201cUna de las propuestas que realizamos fue que las universidades y los gobiernos formularan instituciones tecnocr\u00e1ticas, un modelo similar a Canad\u00e1, donde sean especialistas quienes se encuentren al frente de ellas, para que de esta forma los recursos sean dirigidos de manera m\u00e1s equitativa\u201d, expuso la joven tijuanense.<\/p>\n<\/blockquote>\n<p align=\"justify\">Por otro lado, agreg\u00f3 que otra de las preocupaciones que destacaron fue un <strong>mayor apoyo e inclusi\u00f3n a los temas de innovaci\u00f3n y tecnolog\u00eda en las universidades<\/strong>. <em>\u201cDebemos comprender que la educaci\u00f3n no es s\u00f3lo tarea de las escuelas, sino tambi\u00e9n del apoyo gubernamental y empresarial, se deben de crear esos v\u00ednculos y alianzas para fortalecer el emprendimiento, para que los proyectos no se queden en un pitch o convocatoria\u201d<\/em>, asegur\u00f3.<\/p>\n<div id=\"attachment_78195\" style=\"width: 968px\" class=\"wp-caption aligncenter\"><a href=\"https:\/\/www.cetys.mx\/noticias\/wp-content\/uploads\/2017\/12\/ANUIES-12.jpg\"><img loading=\"lazy\" decoding=\"async\" aria-describedby=\"caption-attachment-78195\" class=\"wp-image-78195\" src=\"https:\/\/www.cetys.mx\/noticias\/wp-content\/uploads\/2017\/12\/ANUIES-12.jpg\" alt=\"ANUIES 12\" width=\"958\" height=\"539\" \/><\/a><p id=\"caption-attachment-78195\" class=\"wp-caption-text\">Esta es la segunda ocasi\u00f3n que la ANUIES, en conjunto con FESE, invitan a los j\u00f3venes m\u00e1s destacados del pa\u00eds a participar.<\/p><\/div>\n<p align=\"justify\">De esta forma fue que se desarroll\u00f3 la participaci\u00f3n de Lu Zhen y los 31 j\u00f3venes l\u00edderes de M\u00e9xico, donde gracias al apoyo de la <a href=\"https:\/\/www.anuies.mx\">ANUIES<\/a> y la <a href=\"https:\/\/www.fese.org.mx\">FESE (Fundaci\u00f3n Educaci\u00f3n Superior Empresa)<\/a>, t<strong>uvieron la oportunidad de desarrollar una declaratoria estudiantil para el Desarrollo Sostenible en conjunto con las universidades<\/strong>; contando con la oportunidad de exponer sus necesidades e intereses antes m\u00e1s de 187 instituciones de Educaci\u00f3n Superior m\u00e1s destacadas del pa\u00eds<\/p>\n<hr \/>\n<p align=\"justify\">Conoce m\u00e1s de Laura Lu Zhen a continuaci\u00f3n&#8230;<\/p>\n<p align=\"center\"><iframe loading=\"lazy\" src=\"https:\/\/www.youtube.com\/embed\/5XAPsUBPPI0\" width=\"560\" height=\"315\" frameborder=\"0\" allowfullscreen=\"allowfullscreen\"><\/iframe><\/p>\n","protected":false},"excerpt":{"rendered":"<p>Tras haber presentado un destacado rendimiento acad\u00e9mico, as\u00ed como una activa participaci\u00f3n y nivel de liderazgo, Laura Lu Zhen, estudiante del 7\u00ba&#8230;<\/p>\n","protected":false},"author":24,"featured_media":78196,"comment_status":"open","ping_status":"closed","sticky":false,"template":"","format":"standard","meta":{"footnotes":""},"categories":[134,125,306,105,313],"tags":[984,285,297,138,168,342,176,226,2011],"class_list":["post-78188","post","type-post","status-publish","format-standard","has-post-thumbnail","hentry","category-campus-tijuana","category-portada","category-profesional","category-vida-estudiantil","category-vocetys-2","tag-orgullocetys","tag-alumnos","tag-campus-tijuana","tag-cetys","tag-cetys-universidad","tag-liderazgo","tag-profesional","tag-tijuana","tag-vocetys-top-2017-12-01"],"yoast_head":"<!-- This site is optimized with the Yoast SEO plugin v27.4 - https:\/\/yoast.com\/product\/yoast-seo-wordpress\/ -->\n<title>Es una de los 32 l\u00edderes estudiantiles m\u00e1s destacados de M\u00e9xico - CETYS<\/title>\n<meta name=\"description\" content=\"Actualmente Laura Lu Zhen estudia el 7o semestre de la Licenciatura en Negocios Internacionales, mostrando un alto nivel de liderazgo y trabajo social.\" \/>\n<meta name=\"robots\" content=\"index, follow, max-snippet:-1, max-image-preview:large, max-video-preview:-1\" \/>\n<link rel=\"canonical\" href=\"https:\/\/www.cetys.mx\/noticias\/laura-lu-lider-estudiantil-nacional-2017\/\" \/>\n<meta property=\"og:locale\" content=\"es_MX\" \/>\n<meta property=\"og:type\" content=\"article\" \/>\n<meta property=\"og:title\" content=\"Es una de los 32 l\u00edderes estudiantiles m\u00e1s destacados de M\u00e9xico - CETYS\" \/>\n<meta property=\"og:description\" content=\"Actualmente Laura Lu Zhen estudia el 7o semestre de la Licenciatura en Negocios Internacionales, mostrando un alto nivel de liderazgo y trabajo social.\" \/>\n<meta property=\"og:url\" content=\"https:\/\/www.cetys.mx\/noticias\/laura-lu-lider-estudiantil-nacional-2017\/\" \/>\n<meta property=\"og:site_name\" content=\"CETYS\" \/>\n<meta property=\"article:publisher\" content=\"https:\/\/www.facebook.com\/cetysuniversidadmxl\/\" \/>\n<meta property=\"article:published_time\" content=\"2017-12-01T17:11:38+00:00\" \/>\n<meta property=\"article:modified_time\" content=\"2017-12-01T17:15:17+00:00\" \/>\n<meta property=\"og:image\" content=\"https:\/\/www.cetys.mx\/noticias\/wp-content\/uploads\/2017\/12\/cetys_laura1.jpg\" \/>\n\t<meta property=\"og:image:width\" content=\"958\" \/>\n\t<meta property=\"og:image:height\" content=\"637\" \/>\n\t<meta property=\"og:image:type\" content=\"image\/jpeg\" \/>\n<meta name=\"author\" content=\"Campus Tijuana\" \/>\n<meta name=\"twitter:card\" content=\"summary_large_image\" \/>\n<meta name=\"twitter:creator\" content=\"@cetysuni\" \/>\n<meta name=\"twitter:site\" content=\"@cetysuni\" \/>\n<meta name=\"twitter:label1\" content=\"Escrito por\" \/>\n\t<meta name=\"twitter:data1\" content=\"Campus Tijuana\" \/>\n\t<meta name=\"twitter:label2\" content=\"Tiempo de lectura\" \/>\n\t<meta name=\"twitter:data2\" content=\"3 minutos\" \/>\n<script type=\"application\/ld+json\" class=\"yoast-schema-graph\">{\"@context\":\"https:\\\/\\\/schema.org\",\"@graph\":[{\"@type\":\"Article\",\"@id\":\"https:\\\/\\\/www.cetys.mx\\\/noticias\\\/laura-lu-lider-estudiantil-nacional-2017\\\/#article\",\"isPartOf\":{\"@id\":\"https:\\\/\\\/www.cetys.mx\\\/noticias\\\/laura-lu-lider-estudiantil-nacional-2017\\\/\"},\"author\":{\"name\":\"Campus Tijuana\",\"@id\":\"https:\\\/\\\/www.cetys.mx\\\/noticias\\\/#\\\/schema\\\/person\\\/e790051ce60e18ae47cfa87011c8653f\"},\"headline\":\"Es una de los 32 l\u00edderes estudiantiles m\u00e1s destacados de M\u00e9xico\",\"datePublished\":\"2017-12-01T17:11:38+00:00\",\"dateModified\":\"2017-12-01T17:15:17+00:00\",\"mainEntityOfPage\":{\"@id\":\"https:\\\/\\\/www.cetys.mx\\\/noticias\\\/laura-lu-lider-estudiantil-nacional-2017\\\/\"},\"wordCount\":550,\"commentCount\":0,\"image\":{\"@id\":\"https:\\\/\\\/www.cetys.mx\\\/noticias\\\/laura-lu-lider-estudiantil-nacional-2017\\\/#primaryimage\"},\"thumbnailUrl\":\"https:\\\/\\\/www.cetys.mx\\\/noticias\\\/wp-content\\\/uploads\\\/2017\\\/12\\\/cetys_laura1.jpg\",\"keywords\":[\"#orgulloCETYS\",\"Alumnos\",\"Campus Tijuana\",\"Cetys\",\"CETYS Universidad\",\"liderazgo\",\"profesional\",\"tijuana\",\"vocetys-top-2017-12-01\"],\"articleSection\":[\"Campus Tijuana\",\"Portada\",\"Profesional\",\"Vida Estudiantil\",\"VoCETYS\"],\"inLanguage\":\"es\",\"potentialAction\":[{\"@type\":\"CommentAction\",\"name\":\"Comment\",\"target\":[\"https:\\\/\\\/www.cetys.mx\\\/noticias\\\/laura-lu-lider-estudiantil-nacional-2017\\\/#respond\"]}]},{\"@type\":\"WebPage\",\"@id\":\"https:\\\/\\\/www.cetys.mx\\\/noticias\\\/laura-lu-lider-estudiantil-nacional-2017\\\/\",\"url\":\"https:\\\/\\\/www.cetys.mx\\\/noticias\\\/laura-lu-lider-estudiantil-nacional-2017\\\/\",\"name\":\"Es una de los 32 l\u00edderes estudiantiles m\u00e1s destacados de M\u00e9xico - CETYS\",\"isPartOf\":{\"@id\":\"https:\\\/\\\/www.cetys.mx\\\/noticias\\\/#website\"},\"primaryImageOfPage\":{\"@id\":\"https:\\\/\\\/www.cetys.mx\\\/noticias\\\/laura-lu-lider-estudiantil-nacional-2017\\\/#primaryimage\"},\"image\":{\"@id\":\"https:\\\/\\\/www.cetys.mx\\\/noticias\\\/laura-lu-lider-estudiantil-nacional-2017\\\/#primaryimage\"},\"thumbnailUrl\":\"https:\\\/\\\/www.cetys.mx\\\/noticias\\\/wp-content\\\/uploads\\\/2017\\\/12\\\/cetys_laura1.jpg\",\"datePublished\":\"2017-12-01T17:11:38+00:00\",\"dateModified\":\"2017-12-01T17:15:17+00:00\",\"author\":{\"@id\":\"https:\\\/\\\/www.cetys.mx\\\/noticias\\\/#\\\/schema\\\/person\\\/e790051ce60e18ae47cfa87011c8653f\"},\"description\":\"Actualmente Laura Lu Zhen estudia el 7o semestre de la Licenciatura en Negocios Internacionales, mostrando un alto nivel de liderazgo y trabajo social.\",\"breadcrumb\":{\"@id\":\"https:\\\/\\\/www.cetys.mx\\\/noticias\\\/laura-lu-lider-estudiantil-nacional-2017\\\/#breadcrumb\"},\"inLanguage\":\"es\",\"potentialAction\":[{\"@type\":\"ReadAction\",\"target\":[\"https:\\\/\\\/www.cetys.mx\\\/noticias\\\/laura-lu-lider-estudiantil-nacional-2017\\\/\"]}]},{\"@type\":\"ImageObject\",\"inLanguage\":\"es\",\"@id\":\"https:\\\/\\\/www.cetys.mx\\\/noticias\\\/laura-lu-lider-estudiantil-nacional-2017\\\/#primaryimage\",\"url\":\"https:\\\/\\\/www.cetys.mx\\\/noticias\\\/wp-content\\\/uploads\\\/2017\\\/12\\\/cetys_laura1.jpg\",\"contentUrl\":\"https:\\\/\\\/www.cetys.mx\\\/noticias\\\/wp-content\\\/uploads\\\/2017\\\/12\\\/cetys_laura1.jpg\",\"width\":958,\"height\":637},{\"@type\":\"BreadcrumbList\",\"@id\":\"https:\\\/\\\/www.cetys.mx\\\/noticias\\\/laura-lu-lider-estudiantil-nacional-2017\\\/#breadcrumb\",\"itemListElement\":[{\"@type\":\"ListItem\",\"position\":1,\"name\":\"Inicio\",\"item\":\"https:\\\/\\\/www.cetys.mx\\\/noticias\\\/\"},{\"@type\":\"ListItem\",\"position\":2,\"name\":\"Es una de los 32 l\u00edderes estudiantiles m\u00e1s destacados de M\u00e9xico\"}]},{\"@type\":\"WebSite\",\"@id\":\"https:\\\/\\\/www.cetys.mx\\\/noticias\\\/#website\",\"url\":\"https:\\\/\\\/www.cetys.mx\\\/noticias\\\/\",\"name\":\"CETYS\",\"description\":\"\",\"potentialAction\":[{\"@type\":\"SearchAction\",\"target\":{\"@type\":\"EntryPoint\",\"urlTemplate\":\"https:\\\/\\\/www.cetys.mx\\\/noticias\\\/?s={search_term_string}\"},\"query-input\":{\"@type\":\"PropertyValueSpecification\",\"valueRequired\":true,\"valueName\":\"search_term_string\"}}],\"inLanguage\":\"es\"},{\"@type\":\"Person\",\"@id\":\"https:\\\/\\\/www.cetys.mx\\\/noticias\\\/#\\\/schema\\\/person\\\/e790051ce60e18ae47cfa87011c8653f\",\"name\":\"Campus Tijuana\",\"url\":\"https:\\\/\\\/www.cetys.mx\\\/noticias\\\/author\\\/campustijuana\\\/\"}]}<\/script>\n<!-- \/ Yoast SEO plugin. -->","yoast_head_json":{"title":"Es una de los 32 l\u00edderes estudiantiles m\u00e1s destacados de M\u00e9xico - CETYS","description":"Actualmente Laura Lu Zhen estudia el 7o semestre de la Licenciatura en Negocios Internacionales, mostrando un alto nivel de liderazgo y trabajo social.","robots":{"index":"index","follow":"follow","max-snippet":"max-snippet:-1","max-image-preview":"max-image-preview:large","max-video-preview":"max-video-preview:-1"},"canonical":"https:\/\/www.cetys.mx\/noticias\/laura-lu-lider-estudiantil-nacional-2017\/","og_locale":"es_MX","og_type":"article","og_title":"Es una de los 32 l\u00edderes estudiantiles m\u00e1s destacados de M\u00e9xico - CETYS","og_description":"Actualmente Laura Lu Zhen estudia el 7o semestre de la Licenciatura en Negocios Internacionales, mostrando un alto nivel de liderazgo y trabajo social.","og_url":"https:\/\/www.cetys.mx\/noticias\/laura-lu-lider-estudiantil-nacional-2017\/","og_site_name":"CETYS","article_publisher":"https:\/\/www.facebook.com\/cetysuniversidadmxl\/","article_published_time":"2017-12-01T17:11:38+00:00","article_modified_time":"2017-12-01T17:15:17+00:00","og_image":[{"width":958,"height":637,"url":"https:\/\/www.cetys.mx\/noticias\/wp-content\/uploads\/2017\/12\/cetys_laura1.jpg","type":"image\/jpeg"}],"author":"Campus Tijuana","twitter_card":"summary_large_image","twitter_creator":"@cetysuni","twitter_site":"@cetysuni","twitter_misc":{"Escrito por":"Campus Tijuana","Tiempo de lectura":"3 minutos"},"schema":{"@context":"https:\/\/schema.org","@graph":[{"@type":"Article","@id":"https:\/\/www.cetys.mx\/noticias\/laura-lu-lider-estudiantil-nacional-2017\/#article","isPartOf":{"@id":"https:\/\/www.cetys.mx\/noticias\/laura-lu-lider-estudiantil-nacional-2017\/"},"author":{"name":"Campus Tijuana","@id":"https:\/\/www.cetys.mx\/noticias\/#\/schema\/person\/e790051ce60e18ae47cfa87011c8653f"},"headline":"Es una de los 32 l\u00edderes estudiantiles m\u00e1s destacados de M\u00e9xico","datePublished":"2017-12-01T17:11:38+00:00","dateModified":"2017-12-01T17:15:17+00:00","mainEntityOfPage":{"@id":"https:\/\/www.cetys.mx\/noticias\/laura-lu-lider-estudiantil-nacional-2017\/"},"wordCount":550,"commentCount":0,"image":{"@id":"https:\/\/www.cetys.mx\/noticias\/laura-lu-lider-estudiantil-nacional-2017\/#primaryimage"},"thumbnailUrl":"https:\/\/www.cetys.mx\/noticias\/wp-content\/uploads\/2017\/12\/cetys_laura1.jpg","keywords":["#orgulloCETYS","Alumnos","Campus Tijuana","Cetys","CETYS Universidad","liderazgo","profesional","tijuana","vocetys-top-2017-12-01"],"articleSection":["Campus Tijuana","Portada","Profesional","Vida Estudiantil","VoCETYS"],"inLanguage":"es","potentialAction":[{"@type":"CommentAction","name":"Comment","target":["https:\/\/www.cetys.mx\/noticias\/laura-lu-lider-estudiantil-nacional-2017\/#respond"]}]},{"@type":"WebPage","@id":"https:\/\/www.cetys.mx\/noticias\/laura-lu-lider-estudiantil-nacional-2017\/","url":"https:\/\/www.cetys.mx\/noticias\/laura-lu-lider-estudiantil-nacional-2017\/","name":"Es una de los 32 l\u00edderes estudiantiles m\u00e1s destacados de M\u00e9xico - CETYS","isPartOf":{"@id":"https:\/\/www.cetys.mx\/noticias\/#website"},"primaryImageOfPage":{"@id":"https:\/\/www.cetys.mx\/noticias\/laura-lu-lider-estudiantil-nacional-2017\/#primaryimage"},"image":{"@id":"https:\/\/www.cetys.mx\/noticias\/laura-lu-lider-estudiantil-nacional-2017\/#primaryimage"},"thumbnailUrl":"https:\/\/www.cetys.mx\/noticias\/wp-content\/uploads\/2017\/12\/cetys_laura1.jpg","datePublished":"2017-12-01T17:11:38+00:00","dateModified":"2017-12-01T17:15:17+00:00","author":{"@id":"https:\/\/www.cetys.mx\/noticias\/#\/schema\/person\/e790051ce60e18ae47cfa87011c8653f"},"description":"Actualmente Laura Lu Zhen estudia el 7o semestre de la Licenciatura en Negocios Internacionales, mostrando un alto nivel de liderazgo y trabajo social.","breadcrumb":{"@id":"https:\/\/www.cetys.mx\/noticias\/laura-lu-lider-estudiantil-nacional-2017\/#breadcrumb"},"inLanguage":"es","potentialAction":[{"@type":"ReadAction","target":["https:\/\/www.cetys.mx\/noticias\/laura-lu-lider-estudiantil-nacional-2017\/"]}]},{"@type":"ImageObject","inLanguage":"es","@id":"https:\/\/www.cetys.mx\/noticias\/laura-lu-lider-estudiantil-nacional-2017\/#primaryimage","url":"https:\/\/www.cetys.mx\/noticias\/wp-content\/uploads\/2017\/12\/cetys_laura1.jpg","contentUrl":"https:\/\/www.cetys.mx\/noticias\/wp-content\/uploads\/2017\/12\/cetys_laura1.jpg","width":958,"height":637},{"@type":"BreadcrumbList","@id":"https:\/\/www.cetys.mx\/noticias\/laura-lu-lider-estudiantil-nacional-2017\/#breadcrumb","itemListElement":[{"@type":"ListItem","position":1,"name":"Inicio","item":"https:\/\/www.cetys.mx\/noticias\/"},{"@type":"ListItem","position":2,"name":"Es una de los 32 l\u00edderes estudiantiles m\u00e1s destacados de M\u00e9xico"}]},{"@type":"WebSite","@id":"https:\/\/www.cetys.mx\/noticias\/#website","url":"https:\/\/www.cetys.mx\/noticias\/","name":"CETYS","description":"","potentialAction":[{"@type":"SearchAction","target":{"@type":"EntryPoint","urlTemplate":"https:\/\/www.cetys.mx\/noticias\/?s={search_term_string}"},"query-input":{"@type":"PropertyValueSpecification","valueRequired":true,"valueName":"search_term_string"}}],"inLanguage":"es"},{"@type":"Person","@id":"https:\/\/www.cetys.mx\/noticias\/#\/schema\/person\/e790051ce60e18ae47cfa87011c8653f","name":"Campus Tijuana","url":"https:\/\/www.cetys.mx\/noticias\/author\/campustijuana\/"}]}},"_links":{"self":[{"href":"https:\/\/www.cetys.mx\/noticias\/wp-json\/wp\/v2\/posts\/78188","targetHints":{"allow":["GET"]}}],"collection":[{"href":"https:\/\/www.cetys.mx\/noticias\/wp-json\/wp\/v2\/posts"}],"about":[{"href":"https:\/\/www.cetys.mx\/noticias\/wp-json\/wp\/v2\/types\/post"}],"author":[{"embeddable":true,"href":"https:\/\/www.cetys.mx\/noticias\/wp-json\/wp\/v2\/users\/24"}],"replies":[{"embeddable":true,"href":"https:\/\/www.cetys.mx\/noticias\/wp-json\/wp\/v2\/comments?post=78188"}],"version-history":[{"count":0,"href":"https:\/\/www.cetys.mx\/noticias\/wp-json\/wp\/v2\/posts\/78188\/revisions"}],"wp:featuredmedia":[{"embeddable":true,"href":"https:\/\/www.cetys.mx\/noticias\/wp-json\/wp\/v2\/media\/78196"}],"wp:attachment":[{"href":"https:\/\/www.cetys.mx\/noticias\/wp-json\/wp\/v2\/media?parent=78188"}],"wp:term":[{"taxonomy":"category","embeddable":true,"href":"https:\/\/www.cetys.mx\/noticias\/wp-json\/wp\/v2\/categories?post=78188"},{"taxonomy":"post_tag","embeddable":true,"href":"https:\/\/www.cetys.mx\/noticias\/wp-json\/wp\/v2\/tags?post=78188"}],"curies":[{"name":"wp","href":"https:\/\/api.w.org\/{rel}","templated":true}]}}