{"id":77446,"date":"2017-11-16T17:06:54","date_gmt":"2017-11-17T01:06:54","guid":{"rendered":"http:\/\/www.cetys.mx\/noticias\/?p=77446"},"modified":"2017-11-21T18:20:28","modified_gmt":"2017-11-22T02:20:28","slug":"mas-empresas-ponen-sus-ojos-en-alumnos-y-egresados-cetys","status":"publish","type":"post","link":"https:\/\/www.cetys.mx\/noticias\/mas-empresas-ponen-sus-ojos-en-alumnos-y-egresados-cetys\/","title":{"rendered":"M\u00e1s empresas ponen sus ojos en alumnos y egresados CETYS"},"content":{"rendered":"<p style=\"text-align: justify;\">Cada vez son m\u00e1s las empresas en la regi\u00f3n que logran expandirse y por ende, requerir de m\u00e1s capital humano capacitado; pero tambi\u00e9n est\u00e1n aquellas organizaciones que llegan a instalarse por primera vez en la zona noroeste del pa\u00eds, buscando a los mejores profesionistas.<\/p>\n<p style=\"text-align: justify;\">Para ayudarlas con la captaci\u00f3n de talentos j\u00f3venes, CETYS Universidad hace un importante trabajo de vinculaci\u00f3n, abriendo sus puertas y promoviendo a su comunidad estudiantil y de egresados con el mundo empresarial; gracias a esto, la instituci\u00f3n se ha ganado una gran reputaci\u00f3n como aliada estrat\u00e9gica de las empresas en el estado.<\/p>\n<p style=\"text-align: justify;\"><a href=\"https:\/\/www.cetys.mx\/noticias\/wp-content\/uploads\/2017\/11\/LAN_cetys.jpg\"><img loading=\"lazy\" decoding=\"async\" class=\"alignnone size-full wp-image-77467\" src=\"https:\/\/www.cetys.mx\/noticias\/wp-content\/uploads\/2017\/11\/LAN_cetys.jpg\" alt=\"empresas\" width=\"800\" height=\"593\" \/><\/a><\/p>\n<p style=\"text-align: justify;\">El Ing. Jos\u00e9 Luis Arroyo, Director de Vinculaci\u00f3n de CETYS, dijo que son cerca de 90 empresas en Mexicali con las que se tiene alg\u00fan tipo de relaci\u00f3n,\u00a0con la mayor\u00eda de ellas se tienen firmados convenios y se mantiene una comunicaci\u00f3n continua.<\/p>\n<p style=\"text-align: justify;\">Tal es el caso de la empresa internacional <strong><a href=\"https:\/\/www.smurfitkappa.com\/\" target=\"_blank\">Smurfit Kappa<\/a>, <\/strong>de origen irland\u00e9s y dedicada a la\u00a0fabricaci\u00f3n de empaques de cart\u00f3n atendiendo todo el ciclo de producci\u00f3n; desde el cuidado de bosques, transportaci\u00f3n de madera, proceso de fibra reciclada, innovaci\u00f3n y desarrollo de nuevos productos y finalmente la entrega.<\/p>\n<p style=\"text-align: justify;\">Actualmente, con una planta en Mexicali, la compa\u00f1\u00eda se encuentra en crecimiento y con la necesidad de desarrollo de l\u00edderes. Para ello crearon un programa de asignaciones en 6 diferentes \u00e1reas que pueden ser en instalaciones de Estados Unidos, Australia, M\u00e9xico, Irlanda y otras.<\/p>\n<p><a href=\"https:\/\/www.cetys.mx\/noticias\/wp-content\/uploads\/2017\/11\/Smurfit-Kappa-SupplySmart-620x330.jpg\"><img loading=\"lazy\" decoding=\"async\" class=\"size-full wp-image-77468 aligncenter\" src=\"https:\/\/www.cetys.mx\/noticias\/wp-content\/uploads\/2017\/11\/Smurfit-Kappa-SupplySmart-620x330.jpg\" alt=\"empresas\" width=\"620\" height=\"330\" \/><\/a><\/p>\n<blockquote><p>&#8220;La empresa se acerca a CETYS Universidad no buscando gente con un perfil espec\u00edfico, sino j\u00f3venes con la capacidad y potencial de desarrollar actitudes de liderazgo. Con ello, se les arma un programa a la medida para desarrollarlo a \u00e9l dentro de sus intereses y los objetivos de la compa\u00f1\u00eda&#8221;, dijo Arroyo.<\/p><\/blockquote>\n<p style=\"text-align: justify;\">La participaci\u00f3n de alumnos dentro de Smurfit Kappa s\u00f3lo tiene como requisito ser estudiantes con fecha de graduaci\u00f3n en junio de 2018 o bien, egresados que tengan m\u00e1ximo 2 a\u00f1os de haber salido de la universidad.<\/p>\n<blockquote>\n<p style=\"text-align: justify;\">&#8220;El inter\u00e9s en nuestros estudiantes es principalmente porque son biling\u00fces, un recurso que no toda las universidades pueden ofrecer y muy buscado por las empresas, sobre todo\u00a0en aquellas\u00a0donde su corporativo se comunica en el idioma ingl\u00e9s&#8221;, agreg\u00f3.<\/p>\n<\/blockquote>\n<p style=\"text-align: justify;\"><a href=\"https:\/\/www.cetys.mx\/noticias\/wp-content\/uploads\/2017\/11\/DSC_0273.jpg\"><img loading=\"lazy\" decoding=\"async\" class=\"alignnone size-full wp-image-77459\" src=\"https:\/\/www.cetys.mx\/noticias\/wp-content\/uploads\/2017\/11\/DSC_0273.jpg\" alt=\"empresas\" width=\"958\" height=\"637\" \/><\/a><\/p>\n<p style=\"text-align: justify;\">El Ing Arroyo se\u00f1al\u00f3 que adem\u00e1s, los universitarios del CETYS son de alto perfil y desempe\u00f1o, j\u00f3venes que d\u00e1ndoles las oportunidades y herramientas necesarias, pueden ser agentes de cambio y brindar aportaciones de valor en las empresas. <em>&#8220;Hemos visto c\u00f3mo nuestros egresados contribuyen con sus conocimientos y experiencia a compa\u00f1\u00edas en diferentes partes del mundo&#8221;, dijo.\u00a0<\/em><\/p>\n<p style=\"text-align: justify;\">Cabe se\u00f1alar que Smurfit Kappa cuenta con los primeros lugares de posicionamiento en Europa dentro de su sector. En Am\u00e9rica Latina ha registrado cerca de 2 billones de d\u00f3lares en ventas y reportado casi 17 mil empleados en el continente.<\/p>\n","protected":false},"excerpt":{"rendered":"<p>Cada vez son m\u00e1s las empresas en la regi\u00f3n que logran expandirse y por ende, requerir de m\u00e1s capital humano capacitado; pero&#8230;<\/p>\n","protected":false},"author":20,"featured_media":77465,"comment_status":"open","ping_status":"closed","sticky":false,"template":"","format":"standard","meta":{"footnotes":""},"categories":[133,125,109,313],"tags":[1939,424,1940,521,275,1948],"class_list":["post-77446","post","type-post","status-publish","format-standard","has-post-thumbnail","hentry","category-campus-mexicali","category-portada","category-vinculacion","category-vocetys-2","tag-arroyo","tag-egresados","tag-practicas","tag-profesionistas","tag-vinculacion","tag-vocetys-2017-11-21"],"yoast_head":"<!-- This site is optimized with the Yoast SEO plugin v27.4 - https:\/\/yoast.com\/product\/yoast-seo-wordpress\/ -->\n<title>M\u00e1s empresas ponen sus ojos en alumnos y egresados CETYS<\/title>\n<meta name=\"description\" content=\"Cada vez son m\u00e1s las empresas en la regi\u00f3n que logran expandirse y por ende, requerir de m\u00e1s capital humano capacitado; tambi\u00e9n est\u00e1n aquellas que llagan...\" \/>\n<meta name=\"robots\" content=\"index, follow, max-snippet:-1, max-image-preview:large, max-video-preview:-1\" \/>\n<link rel=\"canonical\" href=\"https:\/\/www.cetys.mx\/noticias\/mas-empresas-ponen-sus-ojos-en-alumnos-y-egresados-cetys\/\" \/>\n<meta property=\"og:locale\" content=\"es_MX\" \/>\n<meta property=\"og:type\" content=\"article\" \/>\n<meta property=\"og:title\" content=\"M\u00e1s empresas ponen sus ojos en alumnos y egresados CETYS\" \/>\n<meta property=\"og:description\" content=\"Cada vez son m\u00e1s las empresas en la regi\u00f3n que logran expandirse y por ende, requerir de m\u00e1s capital humano capacitado; tambi\u00e9n est\u00e1n aquellas que llagan...\" \/>\n<meta property=\"og:url\" content=\"https:\/\/www.cetys.mx\/noticias\/mas-empresas-ponen-sus-ojos-en-alumnos-y-egresados-cetys\/\" \/>\n<meta property=\"og:site_name\" content=\"CETYS\" \/>\n<meta property=\"article:publisher\" content=\"https:\/\/www.facebook.com\/cetysuniversidadmxl\/\" \/>\n<meta property=\"article:published_time\" content=\"2017-11-17T01:06:54+00:00\" \/>\n<meta property=\"article:modified_time\" content=\"2017-11-22T02:20:28+00:00\" \/>\n<meta property=\"og:image\" content=\"https:\/\/www.cetys.mx\/noticias\/wp-content\/uploads\/2017\/11\/Portada2.jpg\" \/>\n\t<meta property=\"og:image:width\" content=\"958\" \/>\n\t<meta property=\"og:image:height\" content=\"637\" \/>\n\t<meta property=\"og:image:type\" content=\"image\/jpeg\" \/>\n<meta name=\"author\" content=\"Campus Mexicali\" \/>\n<meta name=\"twitter:card\" content=\"summary_large_image\" \/>\n<meta name=\"twitter:creator\" content=\"@cetysuni\" \/>\n<meta name=\"twitter:site\" content=\"@cetysuni\" \/>\n<meta name=\"twitter:label1\" content=\"Escrito por\" \/>\n\t<meta name=\"twitter:data1\" content=\"Campus Mexicali\" \/>\n\t<meta name=\"twitter:label2\" content=\"Tiempo de lectura\" \/>\n\t<meta name=\"twitter:data2\" content=\"2 minutos\" \/>\n<script type=\"application\/ld+json\" class=\"yoast-schema-graph\">{\"@context\":\"https:\\\/\\\/schema.org\",\"@graph\":[{\"@type\":\"Article\",\"@id\":\"https:\\\/\\\/www.cetys.mx\\\/noticias\\\/mas-empresas-ponen-sus-ojos-en-alumnos-y-egresados-cetys\\\/#article\",\"isPartOf\":{\"@id\":\"https:\\\/\\\/www.cetys.mx\\\/noticias\\\/mas-empresas-ponen-sus-ojos-en-alumnos-y-egresados-cetys\\\/\"},\"author\":{\"name\":\"Campus Mexicali\",\"@id\":\"https:\\\/\\\/www.cetys.mx\\\/noticias\\\/#\\\/schema\\\/person\\\/79a95c4ac185f3705cf1b9c9340a5f70\"},\"headline\":\"M\u00e1s empresas ponen sus ojos en alumnos y egresados CETYS\",\"datePublished\":\"2017-11-17T01:06:54+00:00\",\"dateModified\":\"2017-11-22T02:20:28+00:00\",\"mainEntityOfPage\":{\"@id\":\"https:\\\/\\\/www.cetys.mx\\\/noticias\\\/mas-empresas-ponen-sus-ojos-en-alumnos-y-egresados-cetys\\\/\"},\"wordCount\":508,\"commentCount\":0,\"image\":{\"@id\":\"https:\\\/\\\/www.cetys.mx\\\/noticias\\\/mas-empresas-ponen-sus-ojos-en-alumnos-y-egresados-cetys\\\/#primaryimage\"},\"thumbnailUrl\":\"https:\\\/\\\/www.cetys.mx\\\/noticias\\\/wp-content\\\/uploads\\\/2017\\\/11\\\/Portada2.jpg\",\"keywords\":[\"Arroyo\",\"Egresados\",\"Pr\u00e1cticas\",\"Profesionistas\",\"Vinculacion\",\"vocetys-2017-11-21\"],\"articleSection\":[\"Campus Mexicali\",\"Portada\",\"Vinculaci\u00f3n\",\"VoCETYS\"],\"inLanguage\":\"es\",\"potentialAction\":[{\"@type\":\"CommentAction\",\"name\":\"Comment\",\"target\":[\"https:\\\/\\\/www.cetys.mx\\\/noticias\\\/mas-empresas-ponen-sus-ojos-en-alumnos-y-egresados-cetys\\\/#respond\"]}]},{\"@type\":\"WebPage\",\"@id\":\"https:\\\/\\\/www.cetys.mx\\\/noticias\\\/mas-empresas-ponen-sus-ojos-en-alumnos-y-egresados-cetys\\\/\",\"url\":\"https:\\\/\\\/www.cetys.mx\\\/noticias\\\/mas-empresas-ponen-sus-ojos-en-alumnos-y-egresados-cetys\\\/\",\"name\":\"M\u00e1s empresas ponen sus ojos en alumnos y egresados CETYS\",\"isPartOf\":{\"@id\":\"https:\\\/\\\/www.cetys.mx\\\/noticias\\\/#website\"},\"primaryImageOfPage\":{\"@id\":\"https:\\\/\\\/www.cetys.mx\\\/noticias\\\/mas-empresas-ponen-sus-ojos-en-alumnos-y-egresados-cetys\\\/#primaryimage\"},\"image\":{\"@id\":\"https:\\\/\\\/www.cetys.mx\\\/noticias\\\/mas-empresas-ponen-sus-ojos-en-alumnos-y-egresados-cetys\\\/#primaryimage\"},\"thumbnailUrl\":\"https:\\\/\\\/www.cetys.mx\\\/noticias\\\/wp-content\\\/uploads\\\/2017\\\/11\\\/Portada2.jpg\",\"datePublished\":\"2017-11-17T01:06:54+00:00\",\"dateModified\":\"2017-11-22T02:20:28+00:00\",\"author\":{\"@id\":\"https:\\\/\\\/www.cetys.mx\\\/noticias\\\/#\\\/schema\\\/person\\\/79a95c4ac185f3705cf1b9c9340a5f70\"},\"description\":\"Cada vez son m\u00e1s las empresas en la regi\u00f3n que logran expandirse y por ende, requerir de m\u00e1s capital humano capacitado; tambi\u00e9n est\u00e1n aquellas que llagan...\",\"breadcrumb\":{\"@id\":\"https:\\\/\\\/www.cetys.mx\\\/noticias\\\/mas-empresas-ponen-sus-ojos-en-alumnos-y-egresados-cetys\\\/#breadcrumb\"},\"inLanguage\":\"es\",\"potentialAction\":[{\"@type\":\"ReadAction\",\"target\":[\"https:\\\/\\\/www.cetys.mx\\\/noticias\\\/mas-empresas-ponen-sus-ojos-en-alumnos-y-egresados-cetys\\\/\"]}]},{\"@type\":\"ImageObject\",\"inLanguage\":\"es\",\"@id\":\"https:\\\/\\\/www.cetys.mx\\\/noticias\\\/mas-empresas-ponen-sus-ojos-en-alumnos-y-egresados-cetys\\\/#primaryimage\",\"url\":\"https:\\\/\\\/www.cetys.mx\\\/noticias\\\/wp-content\\\/uploads\\\/2017\\\/11\\\/Portada2.jpg\",\"contentUrl\":\"https:\\\/\\\/www.cetys.mx\\\/noticias\\\/wp-content\\\/uploads\\\/2017\\\/11\\\/Portada2.jpg\",\"width\":958,\"height\":637,\"caption\":\"empresas\"},{\"@type\":\"BreadcrumbList\",\"@id\":\"https:\\\/\\\/www.cetys.mx\\\/noticias\\\/mas-empresas-ponen-sus-ojos-en-alumnos-y-egresados-cetys\\\/#breadcrumb\",\"itemListElement\":[{\"@type\":\"ListItem\",\"position\":1,\"name\":\"Inicio\",\"item\":\"https:\\\/\\\/www.cetys.mx\\\/noticias\\\/\"},{\"@type\":\"ListItem\",\"position\":2,\"name\":\"M\u00e1s empresas ponen sus ojos en alumnos y egresados CETYS\"}]},{\"@type\":\"WebSite\",\"@id\":\"https:\\\/\\\/www.cetys.mx\\\/noticias\\\/#website\",\"url\":\"https:\\\/\\\/www.cetys.mx\\\/noticias\\\/\",\"name\":\"CETYS\",\"description\":\"\",\"potentialAction\":[{\"@type\":\"SearchAction\",\"target\":{\"@type\":\"EntryPoint\",\"urlTemplate\":\"https:\\\/\\\/www.cetys.mx\\\/noticias\\\/?s={search_term_string}\"},\"query-input\":{\"@type\":\"PropertyValueSpecification\",\"valueRequired\":true,\"valueName\":\"search_term_string\"}}],\"inLanguage\":\"es\"},{\"@type\":\"Person\",\"@id\":\"https:\\\/\\\/www.cetys.mx\\\/noticias\\\/#\\\/schema\\\/person\\\/79a95c4ac185f3705cf1b9c9340a5f70\",\"name\":\"Campus Mexicali\",\"url\":\"https:\\\/\\\/www.cetys.mx\\\/noticias\\\/author\\\/campusmexicali\\\/\"}]}<\/script>\n<!-- \/ Yoast SEO plugin. -->","yoast_head_json":{"title":"M\u00e1s empresas ponen sus ojos en alumnos y egresados CETYS","description":"Cada vez son m\u00e1s las empresas en la regi\u00f3n que logran expandirse y por ende, requerir de m\u00e1s capital humano capacitado; tambi\u00e9n est\u00e1n aquellas que llagan...","robots":{"index":"index","follow":"follow","max-snippet":"max-snippet:-1","max-image-preview":"max-image-preview:large","max-video-preview":"max-video-preview:-1"},"canonical":"https:\/\/www.cetys.mx\/noticias\/mas-empresas-ponen-sus-ojos-en-alumnos-y-egresados-cetys\/","og_locale":"es_MX","og_type":"article","og_title":"M\u00e1s empresas ponen sus ojos en alumnos y egresados CETYS","og_description":"Cada vez son m\u00e1s las empresas en la regi\u00f3n que logran expandirse y por ende, requerir de m\u00e1s capital humano capacitado; tambi\u00e9n est\u00e1n aquellas que llagan...","og_url":"https:\/\/www.cetys.mx\/noticias\/mas-empresas-ponen-sus-ojos-en-alumnos-y-egresados-cetys\/","og_site_name":"CETYS","article_publisher":"https:\/\/www.facebook.com\/cetysuniversidadmxl\/","article_published_time":"2017-11-17T01:06:54+00:00","article_modified_time":"2017-11-22T02:20:28+00:00","og_image":[{"width":958,"height":637,"url":"https:\/\/www.cetys.mx\/noticias\/wp-content\/uploads\/2017\/11\/Portada2.jpg","type":"image\/jpeg"}],"author":"Campus Mexicali","twitter_card":"summary_large_image","twitter_creator":"@cetysuni","twitter_site":"@cetysuni","twitter_misc":{"Escrito por":"Campus Mexicali","Tiempo de lectura":"2 minutos"},"schema":{"@context":"https:\/\/schema.org","@graph":[{"@type":"Article","@id":"https:\/\/www.cetys.mx\/noticias\/mas-empresas-ponen-sus-ojos-en-alumnos-y-egresados-cetys\/#article","isPartOf":{"@id":"https:\/\/www.cetys.mx\/noticias\/mas-empresas-ponen-sus-ojos-en-alumnos-y-egresados-cetys\/"},"author":{"name":"Campus Mexicali","@id":"https:\/\/www.cetys.mx\/noticias\/#\/schema\/person\/79a95c4ac185f3705cf1b9c9340a5f70"},"headline":"M\u00e1s empresas ponen sus ojos en alumnos y egresados CETYS","datePublished":"2017-11-17T01:06:54+00:00","dateModified":"2017-11-22T02:20:28+00:00","mainEntityOfPage":{"@id":"https:\/\/www.cetys.mx\/noticias\/mas-empresas-ponen-sus-ojos-en-alumnos-y-egresados-cetys\/"},"wordCount":508,"commentCount":0,"image":{"@id":"https:\/\/www.cetys.mx\/noticias\/mas-empresas-ponen-sus-ojos-en-alumnos-y-egresados-cetys\/#primaryimage"},"thumbnailUrl":"https:\/\/www.cetys.mx\/noticias\/wp-content\/uploads\/2017\/11\/Portada2.jpg","keywords":["Arroyo","Egresados","Pr\u00e1cticas","Profesionistas","Vinculacion","vocetys-2017-11-21"],"articleSection":["Campus Mexicali","Portada","Vinculaci\u00f3n","VoCETYS"],"inLanguage":"es","potentialAction":[{"@type":"CommentAction","name":"Comment","target":["https:\/\/www.cetys.mx\/noticias\/mas-empresas-ponen-sus-ojos-en-alumnos-y-egresados-cetys\/#respond"]}]},{"@type":"WebPage","@id":"https:\/\/www.cetys.mx\/noticias\/mas-empresas-ponen-sus-ojos-en-alumnos-y-egresados-cetys\/","url":"https:\/\/www.cetys.mx\/noticias\/mas-empresas-ponen-sus-ojos-en-alumnos-y-egresados-cetys\/","name":"M\u00e1s empresas ponen sus ojos en alumnos y egresados CETYS","isPartOf":{"@id":"https:\/\/www.cetys.mx\/noticias\/#website"},"primaryImageOfPage":{"@id":"https:\/\/www.cetys.mx\/noticias\/mas-empresas-ponen-sus-ojos-en-alumnos-y-egresados-cetys\/#primaryimage"},"image":{"@id":"https:\/\/www.cetys.mx\/noticias\/mas-empresas-ponen-sus-ojos-en-alumnos-y-egresados-cetys\/#primaryimage"},"thumbnailUrl":"https:\/\/www.cetys.mx\/noticias\/wp-content\/uploads\/2017\/11\/Portada2.jpg","datePublished":"2017-11-17T01:06:54+00:00","dateModified":"2017-11-22T02:20:28+00:00","author":{"@id":"https:\/\/www.cetys.mx\/noticias\/#\/schema\/person\/79a95c4ac185f3705cf1b9c9340a5f70"},"description":"Cada vez son m\u00e1s las empresas en la regi\u00f3n que logran expandirse y por ende, requerir de m\u00e1s capital humano capacitado; tambi\u00e9n est\u00e1n aquellas que llagan...","breadcrumb":{"@id":"https:\/\/www.cetys.mx\/noticias\/mas-empresas-ponen-sus-ojos-en-alumnos-y-egresados-cetys\/#breadcrumb"},"inLanguage":"es","potentialAction":[{"@type":"ReadAction","target":["https:\/\/www.cetys.mx\/noticias\/mas-empresas-ponen-sus-ojos-en-alumnos-y-egresados-cetys\/"]}]},{"@type":"ImageObject","inLanguage":"es","@id":"https:\/\/www.cetys.mx\/noticias\/mas-empresas-ponen-sus-ojos-en-alumnos-y-egresados-cetys\/#primaryimage","url":"https:\/\/www.cetys.mx\/noticias\/wp-content\/uploads\/2017\/11\/Portada2.jpg","contentUrl":"https:\/\/www.cetys.mx\/noticias\/wp-content\/uploads\/2017\/11\/Portada2.jpg","width":958,"height":637,"caption":"empresas"},{"@type":"BreadcrumbList","@id":"https:\/\/www.cetys.mx\/noticias\/mas-empresas-ponen-sus-ojos-en-alumnos-y-egresados-cetys\/#breadcrumb","itemListElement":[{"@type":"ListItem","position":1,"name":"Inicio","item":"https:\/\/www.cetys.mx\/noticias\/"},{"@type":"ListItem","position":2,"name":"M\u00e1s empresas ponen sus ojos en alumnos y egresados CETYS"}]},{"@type":"WebSite","@id":"https:\/\/www.cetys.mx\/noticias\/#website","url":"https:\/\/www.cetys.mx\/noticias\/","name":"CETYS","description":"","potentialAction":[{"@type":"SearchAction","target":{"@type":"EntryPoint","urlTemplate":"https:\/\/www.cetys.mx\/noticias\/?s={search_term_string}"},"query-input":{"@type":"PropertyValueSpecification","valueRequired":true,"valueName":"search_term_string"}}],"inLanguage":"es"},{"@type":"Person","@id":"https:\/\/www.cetys.mx\/noticias\/#\/schema\/person\/79a95c4ac185f3705cf1b9c9340a5f70","name":"Campus Mexicali","url":"https:\/\/www.cetys.mx\/noticias\/author\/campusmexicali\/"}]}},"_links":{"self":[{"href":"https:\/\/www.cetys.mx\/noticias\/wp-json\/wp\/v2\/posts\/77446","targetHints":{"allow":["GET"]}}],"collection":[{"href":"https:\/\/www.cetys.mx\/noticias\/wp-json\/wp\/v2\/posts"}],"about":[{"href":"https:\/\/www.cetys.mx\/noticias\/wp-json\/wp\/v2\/types\/post"}],"author":[{"embeddable":true,"href":"https:\/\/www.cetys.mx\/noticias\/wp-json\/wp\/v2\/users\/20"}],"replies":[{"embeddable":true,"href":"https:\/\/www.cetys.mx\/noticias\/wp-json\/wp\/v2\/comments?post=77446"}],"version-history":[{"count":0,"href":"https:\/\/www.cetys.mx\/noticias\/wp-json\/wp\/v2\/posts\/77446\/revisions"}],"wp:featuredmedia":[{"embeddable":true,"href":"https:\/\/www.cetys.mx\/noticias\/wp-json\/wp\/v2\/media\/77465"}],"wp:attachment":[{"href":"https:\/\/www.cetys.mx\/noticias\/wp-json\/wp\/v2\/media?parent=77446"}],"wp:term":[{"taxonomy":"category","embeddable":true,"href":"https:\/\/www.cetys.mx\/noticias\/wp-json\/wp\/v2\/categories?post=77446"},{"taxonomy":"post_tag","embeddable":true,"href":"https:\/\/www.cetys.mx\/noticias\/wp-json\/wp\/v2\/tags?post=77446"}],"curies":[{"name":"wp","href":"https:\/\/api.w.org\/{rel}","templated":true}]}}