{"id":77195,"date":"2017-11-09T16:06:23","date_gmt":"2017-11-10T00:06:23","guid":{"rendered":"http:\/\/www.cetys.mx\/noticias\/?p=77195"},"modified":"2017-11-10T08:54:54","modified_gmt":"2017-11-10T16:54:54","slug":"realidad-virtual-con-alto-potencial-academico","status":"publish","type":"post","link":"https:\/\/www.cetys.mx\/noticias\/realidad-virtual-con-alto-potencial-academico\/","title":{"rendered":"Tiene la &#8220;Realidad Virtual&#8221; un alto potencial acad\u00e9mico"},"content":{"rendered":"<p align=\"justify\"><em><a href=\"https:\/\/www.cetys.mx\/noticias\/wp-content\/uploads\/2017\/11\/cetys_miriambautista17.jpg\"><img loading=\"lazy\" decoding=\"async\" class=\"alignleft wp-image-77197\" src=\"https:\/\/www.cetys.mx\/noticias\/wp-content\/uploads\/2017\/11\/cetys_miriambautista17.jpg\" alt=\"cetys_miriambautista17\" width=\"250\" height=\"375\" \/><\/a>\u201cLa realidad virtual es el nuevo medio\u201d<\/em>, asegura la <strong>Mtra. Miriam Bautista \u00c1lvarez<\/strong>, <em>Coordinadora del programa de <\/em><a href=\"https:\/\/www.cetys.mx\/oferta-educativa\/profesional\/ingenieria-en-diseno-grafico-digital\/\">Ingenier\u00eda en Dise\u00f1o Gr\u00e1fico Digital (IDGD)<\/a><em> de CETYS Universidad Campus Tijuana<\/em>, tomando como base el alto inter\u00e9s de importantes compa\u00f1\u00edas y el impacto que ha venido generando en diversas \u00e1reas del conocimiento, por lo que <strong>no hay duda de que en los pr\u00f3ximos a\u00f1os continuar\u00e1 ganando terreno<\/strong>.<\/p>\n<p align=\"justify\">De acuerdo con la acad\u00e9mica, hablar de realidad virtual se refiere a una <strong>simulaci\u00f3n que se proyecta directamente a la vista a trav\u00e9s de un dispositivo electr\u00f3nico<\/strong>, el cual permite interactuar y sentirse inmerso en un ambiente desarrollado de forma digital. <em>\u201cA trav\u00e9s de la realidad virtual se puede hacer lo que le llaman ponerte en los zapatos de otro\u201d<\/em>, enfatiz\u00f3.<\/p>\n<blockquote>\n<p align=\"justify\">Explic\u00f3 que el origen de esta tendencia inici\u00f3 en 2012, misma que adoptaron empresas como Google, Amazon y Samsung, por mencionar algunas, mismas que han demostrado un gran inter\u00e9s y darle un mayor impulso al tema de la investigaci\u00f3n, as\u00ed como el desarrollo de dispositivos destinados al medio de la realidad virtual.<\/p>\n<\/blockquote>\n<p align=\"justify\">Por el lado de la academia, la Mtra. Bautista asegura que la <strong>Medicina y la Arquitectura son dos importantes \u00e1reas del conocimiento que han sabido aprovechar el desarrollo de esta nueva tecnolog\u00eda<\/strong>. <em>\u201cEn el caso de la Medicina, estudiantes han logrado aprender de Anatom\u00eda, visualizando el cuerpo humano en 3-D, mientras que en la Arquitectura pueden revisar las construcciones y observar desde ah\u00ed los errores o aciertos\u201d<\/em>, agreg\u00f3.<\/p>\n<div id=\"attachment_77198\" style=\"width: 910px\" class=\"wp-caption aligncenter\"><a href=\"https:\/\/www.cetys.mx\/noticias\/wp-content\/uploads\/2017\/11\/cetys_realidadvirutal2.jpg\"><img loading=\"lazy\" decoding=\"async\" aria-describedby=\"caption-attachment-77198\" class=\"wp-image-77198 size-full\" src=\"https:\/\/www.cetys.mx\/noticias\/wp-content\/uploads\/2017\/11\/cetys_realidadvirutal2.jpg\" alt=\"cetys_realidadvirutal2\" width=\"900\" height=\"646\" \/><\/a><p id=\"caption-attachment-77198\" class=\"wp-caption-text\">La presentaci\u00f3n del proyecto &#8220;Altar de Muertos&#8221;, en realidad virtual, cont\u00f3 una importancia participaci\u00f3n de la comunidad CETYS.<\/p><\/div>\n<p align=\"justify\">En el caso de <a href=\"https:\/\/www.cetys.mx\/campus-tijuana\/\">CETYS Tijuana<\/a>, la Coordinadora de IDGD comparti\u00f3 que, en el marco del D\u00eda de Muertos, y con el apoyo de un grupo de estudiantes, se gener\u00f3 el tradicional altar de muertos de manera virtual, el cual cont\u00f3 con la mayor\u00eda de los elementos que lo constituyen; esta iniciativa no s\u00f3lo <strong>puso a prueba a los j\u00f3venes en el tema de modelado 3D<\/strong>, sino que tambi\u00e9n gener\u00f3 un gran inter\u00e9s en el desarrollo de pr\u00f3ximos proyectos, por lo que en un futuro cercano visualiza el desarrollo de trabajos de mayor magnitud.<\/p>\n<div id=\"attachment_77199\" style=\"width: 910px\" class=\"wp-caption aligncenter\"><a href=\"https:\/\/www.cetys.mx\/noticias\/wp-content\/uploads\/2017\/11\/cetys_realidadvirutal4.png\"><img loading=\"lazy\" decoding=\"async\" aria-describedby=\"caption-attachment-77199\" class=\"wp-image-77199\" src=\"https:\/\/www.cetys.mx\/noticias\/wp-content\/uploads\/2017\/11\/cetys_realidadvirutal4.png\" alt=\"cetys_realidadvirutal4\" width=\"900\" height=\"540\" \/><\/a><p id=\"caption-attachment-77199\" class=\"wp-caption-text\">El proyecto cont\u00f3 con la participaci\u00f3n de destacados j\u00f3venes de IDGD, quienes coordinados por la Mtra. Bautista demostraron sus habilidades en el modelado 3D.<\/p><\/div>\n<p align=\"justify\"><strong>Agreg\u00f3 que el desarrollo de realidad virtual no es exclusiva de un \u00e1rea particular<\/strong>, pues los Ingenieros en Sistemas Computaciones, as\u00ed como Mecatr\u00f3nica y Mec\u00e1nica pueden aportar en temas que van desde el desarrollo de prototipos hasta programaci\u00f3n; por lo que el trabajo multidisciplinario de los j\u00f3venes podr\u00eda apoyar a campos como la Psicolog\u00eda, por lo que a\u00fan hay mucho por hacer e investigar.<\/p>\n","protected":false},"excerpt":{"rendered":"<p>\u201cLa realidad virtual es el nuevo medio\u201d, asegura la Mtra. Miriam Bautista \u00c1lvarez, Coordinadora del programa de Ingenier\u00eda en Dise\u00f1o Gr\u00e1fico Digital&#8230;<\/p>\n","protected":false},"author":24,"featured_media":77201,"comment_status":"open","ping_status":"closed","sticky":false,"template":"","format":"standard","meta":{"footnotes":""},"categories":[110,134,1766,306,313],"tags":[122,297,168,269,178,176,226,1896],"class_list":["post-77195","post","type-post","status-publish","format-standard","has-post-thumbnail","hentry","category-academia","category-campus-tijuana","category-innovacion","category-profesional","category-vocetys-2","tag-academia","tag-campus-tijuana","tag-cetys-universidad","tag-innovacion","tag-investigacion","tag-profesional","tag-tijuana","tag-vocetys-2017-11-11"],"yoast_head":"<!-- This site is optimized with the Yoast SEO plugin v27.4 - https:\/\/yoast.com\/product\/yoast-seo-wordpress\/ -->\n<title>Tiene la &quot;Realidad Virtual&quot; un alto potencial acad\u00e9mico<\/title>\n<meta name=\"description\" content=\"\u201cLa realidad virtual es el nuevo medio\u201d, asegura la Mtra. Miriam Bautista \u00c1lvarez, Coordinadora del programa de Ingenier\u00eda en Dise\u00f1o Gr\u00e1fico Digital (IDGD).\" \/>\n<meta name=\"robots\" content=\"index, follow, max-snippet:-1, max-image-preview:large, max-video-preview:-1\" \/>\n<link rel=\"canonical\" href=\"https:\/\/www.cetys.mx\/noticias\/realidad-virtual-con-alto-potencial-academico\/\" \/>\n<meta property=\"og:locale\" content=\"es_MX\" \/>\n<meta property=\"og:type\" content=\"article\" \/>\n<meta property=\"og:title\" content=\"Tiene la &quot;Realidad Virtual&quot; un alto potencial acad\u00e9mico\" \/>\n<meta property=\"og:description\" content=\"\u201cLa realidad virtual es el nuevo medio\u201d, asegura la Mtra. Miriam Bautista \u00c1lvarez, Coordinadora del programa de Ingenier\u00eda en Dise\u00f1o Gr\u00e1fico Digital (IDGD).\" \/>\n<meta property=\"og:url\" content=\"https:\/\/www.cetys.mx\/noticias\/realidad-virtual-con-alto-potencial-academico\/\" \/>\n<meta property=\"og:site_name\" content=\"CETYS\" \/>\n<meta property=\"article:publisher\" content=\"https:\/\/www.facebook.com\/cetysuniversidadmxl\/\" \/>\n<meta property=\"article:published_time\" content=\"2017-11-10T00:06:23+00:00\" \/>\n<meta property=\"article:modified_time\" content=\"2017-11-10T16:54:54+00:00\" \/>\n<meta property=\"og:image\" content=\"https:\/\/www.cetys.mx\/noticias\/wp-content\/uploads\/2017\/11\/cetys_miriambautista171.jpg\" \/>\n\t<meta property=\"og:image:width\" content=\"958\" \/>\n\t<meta property=\"og:image:height\" content=\"637\" \/>\n\t<meta property=\"og:image:type\" content=\"image\/jpeg\" \/>\n<meta name=\"author\" content=\"Campus Tijuana\" \/>\n<meta name=\"twitter:card\" content=\"summary_large_image\" \/>\n<meta name=\"twitter:creator\" content=\"@cetysuni\" \/>\n<meta name=\"twitter:site\" content=\"@cetysuni\" \/>\n<meta name=\"twitter:label1\" content=\"Escrito por\" \/>\n\t<meta name=\"twitter:data1\" content=\"Campus Tijuana\" \/>\n\t<meta name=\"twitter:label2\" content=\"Tiempo de lectura\" \/>\n\t<meta name=\"twitter:data2\" content=\"2 minutos\" \/>\n<script type=\"application\/ld+json\" class=\"yoast-schema-graph\">{\"@context\":\"https:\\\/\\\/schema.org\",\"@graph\":[{\"@type\":\"Article\",\"@id\":\"https:\\\/\\\/www.cetys.mx\\\/noticias\\\/realidad-virtual-con-alto-potencial-academico\\\/#article\",\"isPartOf\":{\"@id\":\"https:\\\/\\\/www.cetys.mx\\\/noticias\\\/realidad-virtual-con-alto-potencial-academico\\\/\"},\"author\":{\"name\":\"Campus Tijuana\",\"@id\":\"https:\\\/\\\/www.cetys.mx\\\/noticias\\\/#\\\/schema\\\/person\\\/e790051ce60e18ae47cfa87011c8653f\"},\"headline\":\"Tiene la &#8220;Realidad Virtual&#8221; un alto potencial acad\u00e9mico\",\"datePublished\":\"2017-11-10T00:06:23+00:00\",\"dateModified\":\"2017-11-10T16:54:54+00:00\",\"mainEntityOfPage\":{\"@id\":\"https:\\\/\\\/www.cetys.mx\\\/noticias\\\/realidad-virtual-con-alto-potencial-academico\\\/\"},\"wordCount\":501,\"commentCount\":0,\"image\":{\"@id\":\"https:\\\/\\\/www.cetys.mx\\\/noticias\\\/realidad-virtual-con-alto-potencial-academico\\\/#primaryimage\"},\"thumbnailUrl\":\"https:\\\/\\\/www.cetys.mx\\\/noticias\\\/wp-content\\\/uploads\\\/2017\\\/11\\\/cetys_miriambautista171.jpg\",\"keywords\":[\"Academia\",\"Campus Tijuana\",\"CETYS Universidad\",\"Innovaci\u00f3n\",\"investigaci\u00f3n\",\"profesional\",\"tijuana\",\"vocetys-2017-11-11\"],\"articleSection\":[\"Academia\",\"Campus Tijuana\",\"Innovaci\u00f3n\",\"Profesional\",\"VoCETYS\"],\"inLanguage\":\"es\",\"potentialAction\":[{\"@type\":\"CommentAction\",\"name\":\"Comment\",\"target\":[\"https:\\\/\\\/www.cetys.mx\\\/noticias\\\/realidad-virtual-con-alto-potencial-academico\\\/#respond\"]}]},{\"@type\":\"WebPage\",\"@id\":\"https:\\\/\\\/www.cetys.mx\\\/noticias\\\/realidad-virtual-con-alto-potencial-academico\\\/\",\"url\":\"https:\\\/\\\/www.cetys.mx\\\/noticias\\\/realidad-virtual-con-alto-potencial-academico\\\/\",\"name\":\"Tiene la \\\"Realidad Virtual\\\" un alto potencial acad\u00e9mico\",\"isPartOf\":{\"@id\":\"https:\\\/\\\/www.cetys.mx\\\/noticias\\\/#website\"},\"primaryImageOfPage\":{\"@id\":\"https:\\\/\\\/www.cetys.mx\\\/noticias\\\/realidad-virtual-con-alto-potencial-academico\\\/#primaryimage\"},\"image\":{\"@id\":\"https:\\\/\\\/www.cetys.mx\\\/noticias\\\/realidad-virtual-con-alto-potencial-academico\\\/#primaryimage\"},\"thumbnailUrl\":\"https:\\\/\\\/www.cetys.mx\\\/noticias\\\/wp-content\\\/uploads\\\/2017\\\/11\\\/cetys_miriambautista171.jpg\",\"datePublished\":\"2017-11-10T00:06:23+00:00\",\"dateModified\":\"2017-11-10T16:54:54+00:00\",\"author\":{\"@id\":\"https:\\\/\\\/www.cetys.mx\\\/noticias\\\/#\\\/schema\\\/person\\\/e790051ce60e18ae47cfa87011c8653f\"},\"description\":\"\u201cLa realidad virtual es el nuevo medio\u201d, asegura la Mtra. Miriam Bautista \u00c1lvarez, Coordinadora del programa de Ingenier\u00eda en Dise\u00f1o Gr\u00e1fico Digital (IDGD).\",\"breadcrumb\":{\"@id\":\"https:\\\/\\\/www.cetys.mx\\\/noticias\\\/realidad-virtual-con-alto-potencial-academico\\\/#breadcrumb\"},\"inLanguage\":\"es\",\"potentialAction\":[{\"@type\":\"ReadAction\",\"target\":[\"https:\\\/\\\/www.cetys.mx\\\/noticias\\\/realidad-virtual-con-alto-potencial-academico\\\/\"]}]},{\"@type\":\"ImageObject\",\"inLanguage\":\"es\",\"@id\":\"https:\\\/\\\/www.cetys.mx\\\/noticias\\\/realidad-virtual-con-alto-potencial-academico\\\/#primaryimage\",\"url\":\"https:\\\/\\\/www.cetys.mx\\\/noticias\\\/wp-content\\\/uploads\\\/2017\\\/11\\\/cetys_miriambautista171.jpg\",\"contentUrl\":\"https:\\\/\\\/www.cetys.mx\\\/noticias\\\/wp-content\\\/uploads\\\/2017\\\/11\\\/cetys_miriambautista171.jpg\",\"width\":958,\"height\":637},{\"@type\":\"BreadcrumbList\",\"@id\":\"https:\\\/\\\/www.cetys.mx\\\/noticias\\\/realidad-virtual-con-alto-potencial-academico\\\/#breadcrumb\",\"itemListElement\":[{\"@type\":\"ListItem\",\"position\":1,\"name\":\"Inicio\",\"item\":\"https:\\\/\\\/www.cetys.mx\\\/noticias\\\/\"},{\"@type\":\"ListItem\",\"position\":2,\"name\":\"Tiene la &#8220;Realidad Virtual&#8221; un alto potencial acad\u00e9mico\"}]},{\"@type\":\"WebSite\",\"@id\":\"https:\\\/\\\/www.cetys.mx\\\/noticias\\\/#website\",\"url\":\"https:\\\/\\\/www.cetys.mx\\\/noticias\\\/\",\"name\":\"CETYS\",\"description\":\"\",\"potentialAction\":[{\"@type\":\"SearchAction\",\"target\":{\"@type\":\"EntryPoint\",\"urlTemplate\":\"https:\\\/\\\/www.cetys.mx\\\/noticias\\\/?s={search_term_string}\"},\"query-input\":{\"@type\":\"PropertyValueSpecification\",\"valueRequired\":true,\"valueName\":\"search_term_string\"}}],\"inLanguage\":\"es\"},{\"@type\":\"Person\",\"@id\":\"https:\\\/\\\/www.cetys.mx\\\/noticias\\\/#\\\/schema\\\/person\\\/e790051ce60e18ae47cfa87011c8653f\",\"name\":\"Campus Tijuana\",\"url\":\"https:\\\/\\\/www.cetys.mx\\\/noticias\\\/author\\\/campustijuana\\\/\"}]}<\/script>\n<!-- \/ Yoast SEO plugin. -->","yoast_head_json":{"title":"Tiene la \"Realidad Virtual\" un alto potencial acad\u00e9mico","description":"\u201cLa realidad virtual es el nuevo medio\u201d, asegura la Mtra. Miriam Bautista \u00c1lvarez, Coordinadora del programa de Ingenier\u00eda en Dise\u00f1o Gr\u00e1fico Digital (IDGD).","robots":{"index":"index","follow":"follow","max-snippet":"max-snippet:-1","max-image-preview":"max-image-preview:large","max-video-preview":"max-video-preview:-1"},"canonical":"https:\/\/www.cetys.mx\/noticias\/realidad-virtual-con-alto-potencial-academico\/","og_locale":"es_MX","og_type":"article","og_title":"Tiene la \"Realidad Virtual\" un alto potencial acad\u00e9mico","og_description":"\u201cLa realidad virtual es el nuevo medio\u201d, asegura la Mtra. Miriam Bautista \u00c1lvarez, Coordinadora del programa de Ingenier\u00eda en Dise\u00f1o Gr\u00e1fico Digital (IDGD).","og_url":"https:\/\/www.cetys.mx\/noticias\/realidad-virtual-con-alto-potencial-academico\/","og_site_name":"CETYS","article_publisher":"https:\/\/www.facebook.com\/cetysuniversidadmxl\/","article_published_time":"2017-11-10T00:06:23+00:00","article_modified_time":"2017-11-10T16:54:54+00:00","og_image":[{"width":958,"height":637,"url":"https:\/\/www.cetys.mx\/noticias\/wp-content\/uploads\/2017\/11\/cetys_miriambautista171.jpg","type":"image\/jpeg"}],"author":"Campus Tijuana","twitter_card":"summary_large_image","twitter_creator":"@cetysuni","twitter_site":"@cetysuni","twitter_misc":{"Escrito por":"Campus Tijuana","Tiempo de lectura":"2 minutos"},"schema":{"@context":"https:\/\/schema.org","@graph":[{"@type":"Article","@id":"https:\/\/www.cetys.mx\/noticias\/realidad-virtual-con-alto-potencial-academico\/#article","isPartOf":{"@id":"https:\/\/www.cetys.mx\/noticias\/realidad-virtual-con-alto-potencial-academico\/"},"author":{"name":"Campus Tijuana","@id":"https:\/\/www.cetys.mx\/noticias\/#\/schema\/person\/e790051ce60e18ae47cfa87011c8653f"},"headline":"Tiene la &#8220;Realidad Virtual&#8221; un alto potencial acad\u00e9mico","datePublished":"2017-11-10T00:06:23+00:00","dateModified":"2017-11-10T16:54:54+00:00","mainEntityOfPage":{"@id":"https:\/\/www.cetys.mx\/noticias\/realidad-virtual-con-alto-potencial-academico\/"},"wordCount":501,"commentCount":0,"image":{"@id":"https:\/\/www.cetys.mx\/noticias\/realidad-virtual-con-alto-potencial-academico\/#primaryimage"},"thumbnailUrl":"https:\/\/www.cetys.mx\/noticias\/wp-content\/uploads\/2017\/11\/cetys_miriambautista171.jpg","keywords":["Academia","Campus Tijuana","CETYS Universidad","Innovaci\u00f3n","investigaci\u00f3n","profesional","tijuana","vocetys-2017-11-11"],"articleSection":["Academia","Campus Tijuana","Innovaci\u00f3n","Profesional","VoCETYS"],"inLanguage":"es","potentialAction":[{"@type":"CommentAction","name":"Comment","target":["https:\/\/www.cetys.mx\/noticias\/realidad-virtual-con-alto-potencial-academico\/#respond"]}]},{"@type":"WebPage","@id":"https:\/\/www.cetys.mx\/noticias\/realidad-virtual-con-alto-potencial-academico\/","url":"https:\/\/www.cetys.mx\/noticias\/realidad-virtual-con-alto-potencial-academico\/","name":"Tiene la \"Realidad Virtual\" un alto potencial acad\u00e9mico","isPartOf":{"@id":"https:\/\/www.cetys.mx\/noticias\/#website"},"primaryImageOfPage":{"@id":"https:\/\/www.cetys.mx\/noticias\/realidad-virtual-con-alto-potencial-academico\/#primaryimage"},"image":{"@id":"https:\/\/www.cetys.mx\/noticias\/realidad-virtual-con-alto-potencial-academico\/#primaryimage"},"thumbnailUrl":"https:\/\/www.cetys.mx\/noticias\/wp-content\/uploads\/2017\/11\/cetys_miriambautista171.jpg","datePublished":"2017-11-10T00:06:23+00:00","dateModified":"2017-11-10T16:54:54+00:00","author":{"@id":"https:\/\/www.cetys.mx\/noticias\/#\/schema\/person\/e790051ce60e18ae47cfa87011c8653f"},"description":"\u201cLa realidad virtual es el nuevo medio\u201d, asegura la Mtra. Miriam Bautista \u00c1lvarez, Coordinadora del programa de Ingenier\u00eda en Dise\u00f1o Gr\u00e1fico Digital (IDGD).","breadcrumb":{"@id":"https:\/\/www.cetys.mx\/noticias\/realidad-virtual-con-alto-potencial-academico\/#breadcrumb"},"inLanguage":"es","potentialAction":[{"@type":"ReadAction","target":["https:\/\/www.cetys.mx\/noticias\/realidad-virtual-con-alto-potencial-academico\/"]}]},{"@type":"ImageObject","inLanguage":"es","@id":"https:\/\/www.cetys.mx\/noticias\/realidad-virtual-con-alto-potencial-academico\/#primaryimage","url":"https:\/\/www.cetys.mx\/noticias\/wp-content\/uploads\/2017\/11\/cetys_miriambautista171.jpg","contentUrl":"https:\/\/www.cetys.mx\/noticias\/wp-content\/uploads\/2017\/11\/cetys_miriambautista171.jpg","width":958,"height":637},{"@type":"BreadcrumbList","@id":"https:\/\/www.cetys.mx\/noticias\/realidad-virtual-con-alto-potencial-academico\/#breadcrumb","itemListElement":[{"@type":"ListItem","position":1,"name":"Inicio","item":"https:\/\/www.cetys.mx\/noticias\/"},{"@type":"ListItem","position":2,"name":"Tiene la &#8220;Realidad Virtual&#8221; un alto potencial acad\u00e9mico"}]},{"@type":"WebSite","@id":"https:\/\/www.cetys.mx\/noticias\/#website","url":"https:\/\/www.cetys.mx\/noticias\/","name":"CETYS","description":"","potentialAction":[{"@type":"SearchAction","target":{"@type":"EntryPoint","urlTemplate":"https:\/\/www.cetys.mx\/noticias\/?s={search_term_string}"},"query-input":{"@type":"PropertyValueSpecification","valueRequired":true,"valueName":"search_term_string"}}],"inLanguage":"es"},{"@type":"Person","@id":"https:\/\/www.cetys.mx\/noticias\/#\/schema\/person\/e790051ce60e18ae47cfa87011c8653f","name":"Campus Tijuana","url":"https:\/\/www.cetys.mx\/noticias\/author\/campustijuana\/"}]}},"_links":{"self":[{"href":"https:\/\/www.cetys.mx\/noticias\/wp-json\/wp\/v2\/posts\/77195","targetHints":{"allow":["GET"]}}],"collection":[{"href":"https:\/\/www.cetys.mx\/noticias\/wp-json\/wp\/v2\/posts"}],"about":[{"href":"https:\/\/www.cetys.mx\/noticias\/wp-json\/wp\/v2\/types\/post"}],"author":[{"embeddable":true,"href":"https:\/\/www.cetys.mx\/noticias\/wp-json\/wp\/v2\/users\/24"}],"replies":[{"embeddable":true,"href":"https:\/\/www.cetys.mx\/noticias\/wp-json\/wp\/v2\/comments?post=77195"}],"version-history":[{"count":0,"href":"https:\/\/www.cetys.mx\/noticias\/wp-json\/wp\/v2\/posts\/77195\/revisions"}],"wp:featuredmedia":[{"embeddable":true,"href":"https:\/\/www.cetys.mx\/noticias\/wp-json\/wp\/v2\/media\/77201"}],"wp:attachment":[{"href":"https:\/\/www.cetys.mx\/noticias\/wp-json\/wp\/v2\/media?parent=77195"}],"wp:term":[{"taxonomy":"category","embeddable":true,"href":"https:\/\/www.cetys.mx\/noticias\/wp-json\/wp\/v2\/categories?post=77195"},{"taxonomy":"post_tag","embeddable":true,"href":"https:\/\/www.cetys.mx\/noticias\/wp-json\/wp\/v2\/tags?post=77195"}],"curies":[{"name":"wp","href":"https:\/\/api.w.org\/{rel}","templated":true}]}}