{"id":76956,"date":"2017-11-08T09:30:09","date_gmt":"2017-11-08T17:30:09","guid":{"rendered":"http:\/\/www.cetys.mx\/noticias\/?p=76956"},"modified":"2017-11-08T09:30:09","modified_gmt":"2017-11-08T17:30:09","slug":"los-ateos-pueden-espirituales","status":"publish","type":"post","link":"https:\/\/www.cetys.mx\/noticias\/los-ateos-pueden-espirituales\/","title":{"rendered":"\u00bfLos ateos pueden ser espirituales?"},"content":{"rendered":"<p><span style=\"font-weight: 400;\">Generalmente asociamos la <\/span><i><span style=\"font-weight: 400;\">espiritualidad<\/span><\/i><span style=\"font-weight: 400;\"> con la <\/span><i><span style=\"font-weight: 400;\">religi\u00f3n<\/span><\/i><span style=\"font-weight: 400;\">, o con ciertas pr\u00e1cticas <\/span><i><span style=\"font-weight: 400;\">m\u00edsticas<\/span><\/i><span style=\"font-weight: 400;\">. \u00bfEsto tiene que ser as\u00ed? \u00bfSe puede <\/span><i><span style=\"font-weight: 400;\">ser espiritual<\/span><\/i><span style=\"font-weight: 400;\"> o <\/span><i><span style=\"font-weight: 400;\">vivir la espiritualidad<\/span><\/i><span style=\"font-weight: 400;\"> sin ser religioso o sin practicar ninguna religi\u00f3n? La respuesta es un <\/span><b>contundente s\u00ed<\/b><span style=\"font-weight: 400;\">.<\/span><\/p>\n<p><span style=\"font-weight: 400;\">Las religiones nacen con un prop\u00f3sito que quiz\u00e1 no siempre alcanzan: ayudar a que los seres humanos logren la experiencia de lo espiritual (o, podemos decir, de lo sagrado). <strong>Los seres humanos somos espirituales (somos sagrados)<\/strong>. De ah\u00ed que nuestro desarrollo integral requiera del desarrollo de nuestra espiritualidad. Y las religiones deben ayudarnos a conseguir ese desarrollo, pero no es indispensable alcanzarlo a trav\u00e9s de alguna de ellas.<\/span><\/p>\n<p><span style=\"font-weight: 400;\">Es como la salud. La salud es una aspiraci\u00f3n de todos los seres humanos. UNA manera de mejorar nuestra salud es asistir a un gimnasio, o tener ciertas rutinas de ejercicios. Pero no es indispensable ir al gimnasio o hacer ciertas pr\u00e1cticas para ser saludable.<\/span><\/p>\n<blockquote><p><span style=\"font-weight: 400;\">El desarrollo espiritual nos lleva a la experiencia de lo SAGRADO. Es la experiencia profunda de la trascendencia humana. Algunos la alcanzan ayudados por la pr\u00e1ctica religiosa, otros lo logran sin esa ayuda. Lo importante es esa experiencia que nos vuelve conscientes de nuestra identidad, de nuestra interdependencia y, entre otras cosas, de <\/span><b>la suprema dignidad de la vida humana<\/b><span style=\"font-weight: 400;\">.<\/span><\/p><\/blockquote>\n<p><span style=\"font-weight: 400;\">\u00bfQu\u00e9 piensas al respecto? <\/span><\/p>\n<p><span style=\"font-weight: 400;\">Si deseas participar env\u00eda tu aportaci\u00f3n a <\/span><a href=\"mailto:joseluis.espinosa@cetys.mx\"><span style=\"font-weight: 400;\">joseluis.espinosa@cetys.mx<\/span><\/a><\/p>\n<hr \/>\n<p><u>Sobre el autor<\/u>&#8230;<\/p>\n<p><a href=\"https:\/\/www.cetys.mx\/noticias\/wp-content\/uploads\/2017\/10\/cetys_brio.jpg\"><img loading=\"lazy\" decoding=\"async\" class=\"alignleft wp-image-75817\" src=\"https:\/\/www.cetys.mx\/noticias\/wp-content\/uploads\/2017\/10\/cetys_brio.jpg\" alt=\"cetys_brio\" width=\"150\" height=\"166\" \/><\/a>El\u00a0<strong>Maestro Jos\u00e9 Luis Espinosa<\/strong>\u00a0estudi\u00f3 Filosof\u00eda y Teolog\u00eda. Actualmente es\u00a0<em>Director de Formaci\u00f3n Integral Universitaria<\/em>, responsable de los programas<em>\u00a0Fortes, Impacto y Br\u00edo<\/em>\u00a0en el Sistema CETYS Universidad. Le interesa el desarrollo humano, la \u00e9tica aplicada y la m\u00fasica cl\u00e1sica.<\/p>\n<p>Cont\u00e1ctalo a trav\u00e9s de\u00a0<a href=\"https:\/\/joseluis.espinosa@cetys.mx\">joseluis.espinosa@cetys.mx<\/a><\/p>\n","protected":false},"excerpt":{"rendered":"<p>Generalmente asociamos la espiritualidad con la religi\u00f3n, o con ciertas pr\u00e1cticas m\u00edsticas. \u00bfEsto tiene que ser as\u00ed? \u00bfSe puede ser espiritual o&#8230;<\/p>\n","protected":false},"author":26,"featured_media":77115,"comment_status":"open","ping_status":"closed","sticky":false,"template":"","format":"standard","meta":{"footnotes":""},"categories":[114],"tags":[1751,1879,524,1878,1877,721],"class_list":["post-76956","post","type-post","status-publish","format-standard","has-post-thumbnail","hentry","category-opinion","tag-brio","tag-dignidad-humana","tag-espiritualidad","tag-religiones","tag-sagrado","tag-vida-estudiantil"],"yoast_head":"<!-- This site is optimized with the Yoast SEO plugin v27.4 - https:\/\/yoast.com\/product\/yoast-seo-wordpress\/ -->\n<title>\u00bfLos ateos pueden ser espirituales? - CETYS<\/title>\n<meta name=\"description\" content=\"Articulo sobre \u00bfLos ateos pueden ser espirituales?\" \/>\n<meta name=\"robots\" content=\"index, follow, max-snippet:-1, max-image-preview:large, max-video-preview:-1\" \/>\n<link rel=\"canonical\" href=\"https:\/\/www.cetys.mx\/noticias\/los-ateos-pueden-espirituales\/\" \/>\n<meta property=\"og:locale\" content=\"es_MX\" \/>\n<meta property=\"og:type\" content=\"article\" \/>\n<meta property=\"og:title\" content=\"\u00bfLos ateos pueden ser espirituales? - CETYS\" \/>\n<meta property=\"og:description\" content=\"Articulo sobre \u00bfLos ateos pueden ser espirituales?\" \/>\n<meta property=\"og:url\" content=\"https:\/\/www.cetys.mx\/noticias\/los-ateos-pueden-espirituales\/\" \/>\n<meta property=\"og:site_name\" content=\"CETYS\" \/>\n<meta property=\"article:publisher\" content=\"https:\/\/www.facebook.com\/cetysuniversidadmxl\/\" \/>\n<meta property=\"article:published_time\" content=\"2017-11-08T17:30:09+00:00\" \/>\n<meta property=\"og:image\" content=\"https:\/\/www.cetys.mx\/noticias\/wp-content\/uploads\/2017\/11\/BR\u00cdO-958x637px11.png\" \/>\n\t<meta property=\"og:image:width\" content=\"958\" \/>\n\t<meta property=\"og:image:height\" content=\"637\" \/>\n\t<meta property=\"og:image:type\" content=\"image\/png\" \/>\n<meta name=\"author\" content=\"CETYS Institucional\" \/>\n<meta name=\"twitter:card\" content=\"summary_large_image\" \/>\n<meta name=\"twitter:creator\" content=\"@cetysuni\" \/>\n<meta name=\"twitter:site\" content=\"@cetysuni\" \/>\n<meta name=\"twitter:label1\" content=\"Escrito por\" \/>\n\t<meta name=\"twitter:data1\" content=\"CETYS Institucional\" \/>\n\t<meta name=\"twitter:label2\" content=\"Tiempo de lectura\" \/>\n\t<meta name=\"twitter:data2\" content=\"1 minuto\" \/>\n<script type=\"application\/ld+json\" class=\"yoast-schema-graph\">{\"@context\":\"https:\\\/\\\/schema.org\",\"@graph\":[{\"@type\":\"Article\",\"@id\":\"https:\\\/\\\/www.cetys.mx\\\/noticias\\\/los-ateos-pueden-espirituales\\\/#article\",\"isPartOf\":{\"@id\":\"https:\\\/\\\/www.cetys.mx\\\/noticias\\\/los-ateos-pueden-espirituales\\\/\"},\"author\":{\"name\":\"CETYS Institucional\",\"@id\":\"https:\\\/\\\/www.cetys.mx\\\/noticias\\\/#\\\/schema\\\/person\\\/e9d2b35265b64aa454df57a2828eb2ac\"},\"headline\":\"\u00bfLos ateos pueden ser espirituales?\",\"datePublished\":\"2017-11-08T17:30:09+00:00\",\"mainEntityOfPage\":{\"@id\":\"https:\\\/\\\/www.cetys.mx\\\/noticias\\\/los-ateos-pueden-espirituales\\\/\"},\"wordCount\":303,\"commentCount\":0,\"image\":{\"@id\":\"https:\\\/\\\/www.cetys.mx\\\/noticias\\\/los-ateos-pueden-espirituales\\\/#primaryimage\"},\"thumbnailUrl\":\"https:\\\/\\\/www.cetys.mx\\\/noticias\\\/wp-content\\\/uploads\\\/2017\\\/11\\\/BR\u00cdO-958x637px11.png\",\"keywords\":[\"br\u00edo\",\"dignidad humana\",\"espiritualidad\",\"religiones\",\"sagrado\",\"Vida Estudiantil\"],\"articleSection\":[\"Opini\u00f3n\"],\"inLanguage\":\"es\",\"potentialAction\":[{\"@type\":\"CommentAction\",\"name\":\"Comment\",\"target\":[\"https:\\\/\\\/www.cetys.mx\\\/noticias\\\/los-ateos-pueden-espirituales\\\/#respond\"]}]},{\"@type\":\"WebPage\",\"@id\":\"https:\\\/\\\/www.cetys.mx\\\/noticias\\\/los-ateos-pueden-espirituales\\\/\",\"url\":\"https:\\\/\\\/www.cetys.mx\\\/noticias\\\/los-ateos-pueden-espirituales\\\/\",\"name\":\"\u00bfLos ateos pueden ser espirituales? - CETYS\",\"isPartOf\":{\"@id\":\"https:\\\/\\\/www.cetys.mx\\\/noticias\\\/#website\"},\"primaryImageOfPage\":{\"@id\":\"https:\\\/\\\/www.cetys.mx\\\/noticias\\\/los-ateos-pueden-espirituales\\\/#primaryimage\"},\"image\":{\"@id\":\"https:\\\/\\\/www.cetys.mx\\\/noticias\\\/los-ateos-pueden-espirituales\\\/#primaryimage\"},\"thumbnailUrl\":\"https:\\\/\\\/www.cetys.mx\\\/noticias\\\/wp-content\\\/uploads\\\/2017\\\/11\\\/BR\u00cdO-958x637px11.png\",\"datePublished\":\"2017-11-08T17:30:09+00:00\",\"author\":{\"@id\":\"https:\\\/\\\/www.cetys.mx\\\/noticias\\\/#\\\/schema\\\/person\\\/e9d2b35265b64aa454df57a2828eb2ac\"},\"description\":\"Articulo sobre \u00bfLos ateos pueden ser espirituales?\",\"breadcrumb\":{\"@id\":\"https:\\\/\\\/www.cetys.mx\\\/noticias\\\/los-ateos-pueden-espirituales\\\/#breadcrumb\"},\"inLanguage\":\"es\",\"potentialAction\":[{\"@type\":\"ReadAction\",\"target\":[\"https:\\\/\\\/www.cetys.mx\\\/noticias\\\/los-ateos-pueden-espirituales\\\/\"]}]},{\"@type\":\"ImageObject\",\"inLanguage\":\"es\",\"@id\":\"https:\\\/\\\/www.cetys.mx\\\/noticias\\\/los-ateos-pueden-espirituales\\\/#primaryimage\",\"url\":\"https:\\\/\\\/www.cetys.mx\\\/noticias\\\/wp-content\\\/uploads\\\/2017\\\/11\\\/BR\u00cdO-958x637px11.png\",\"contentUrl\":\"https:\\\/\\\/www.cetys.mx\\\/noticias\\\/wp-content\\\/uploads\\\/2017\\\/11\\\/BR\u00cdO-958x637px11.png\",\"width\":958,\"height\":637},{\"@type\":\"BreadcrumbList\",\"@id\":\"https:\\\/\\\/www.cetys.mx\\\/noticias\\\/los-ateos-pueden-espirituales\\\/#breadcrumb\",\"itemListElement\":[{\"@type\":\"ListItem\",\"position\":1,\"name\":\"Inicio\",\"item\":\"https:\\\/\\\/www.cetys.mx\\\/noticias\\\/\"},{\"@type\":\"ListItem\",\"position\":2,\"name\":\"\u00bfLos ateos pueden ser espirituales?\"}]},{\"@type\":\"WebSite\",\"@id\":\"https:\\\/\\\/www.cetys.mx\\\/noticias\\\/#website\",\"url\":\"https:\\\/\\\/www.cetys.mx\\\/noticias\\\/\",\"name\":\"CETYS\",\"description\":\"\",\"potentialAction\":[{\"@type\":\"SearchAction\",\"target\":{\"@type\":\"EntryPoint\",\"urlTemplate\":\"https:\\\/\\\/www.cetys.mx\\\/noticias\\\/?s={search_term_string}\"},\"query-input\":{\"@type\":\"PropertyValueSpecification\",\"valueRequired\":true,\"valueName\":\"search_term_string\"}}],\"inLanguage\":\"es\"},{\"@type\":\"Person\",\"@id\":\"https:\\\/\\\/www.cetys.mx\\\/noticias\\\/#\\\/schema\\\/person\\\/e9d2b35265b64aa454df57a2828eb2ac\",\"name\":\"CETYS Institucional\",\"url\":\"https:\\\/\\\/www.cetys.mx\\\/noticias\\\/author\\\/cetysinstitucional\\\/\"}]}<\/script>\n<!-- \/ Yoast SEO plugin. -->","yoast_head_json":{"title":"\u00bfLos ateos pueden ser espirituales? - CETYS","description":"Articulo sobre \u00bfLos ateos pueden ser espirituales?","robots":{"index":"index","follow":"follow","max-snippet":"max-snippet:-1","max-image-preview":"max-image-preview:large","max-video-preview":"max-video-preview:-1"},"canonical":"https:\/\/www.cetys.mx\/noticias\/los-ateos-pueden-espirituales\/","og_locale":"es_MX","og_type":"article","og_title":"\u00bfLos ateos pueden ser espirituales? - CETYS","og_description":"Articulo sobre \u00bfLos ateos pueden ser espirituales?","og_url":"https:\/\/www.cetys.mx\/noticias\/los-ateos-pueden-espirituales\/","og_site_name":"CETYS","article_publisher":"https:\/\/www.facebook.com\/cetysuniversidadmxl\/","article_published_time":"2017-11-08T17:30:09+00:00","og_image":[{"width":958,"height":637,"url":"https:\/\/www.cetys.mx\/noticias\/wp-content\/uploads\/2017\/11\/BR\u00cdO-958x637px11.png","type":"image\/png"}],"author":"CETYS Institucional","twitter_card":"summary_large_image","twitter_creator":"@cetysuni","twitter_site":"@cetysuni","twitter_misc":{"Escrito por":"CETYS Institucional","Tiempo de lectura":"1 minuto"},"schema":{"@context":"https:\/\/schema.org","@graph":[{"@type":"Article","@id":"https:\/\/www.cetys.mx\/noticias\/los-ateos-pueden-espirituales\/#article","isPartOf":{"@id":"https:\/\/www.cetys.mx\/noticias\/los-ateos-pueden-espirituales\/"},"author":{"name":"CETYS Institucional","@id":"https:\/\/www.cetys.mx\/noticias\/#\/schema\/person\/e9d2b35265b64aa454df57a2828eb2ac"},"headline":"\u00bfLos ateos pueden ser espirituales?","datePublished":"2017-11-08T17:30:09+00:00","mainEntityOfPage":{"@id":"https:\/\/www.cetys.mx\/noticias\/los-ateos-pueden-espirituales\/"},"wordCount":303,"commentCount":0,"image":{"@id":"https:\/\/www.cetys.mx\/noticias\/los-ateos-pueden-espirituales\/#primaryimage"},"thumbnailUrl":"https:\/\/www.cetys.mx\/noticias\/wp-content\/uploads\/2017\/11\/BR\u00cdO-958x637px11.png","keywords":["br\u00edo","dignidad humana","espiritualidad","religiones","sagrado","Vida Estudiantil"],"articleSection":["Opini\u00f3n"],"inLanguage":"es","potentialAction":[{"@type":"CommentAction","name":"Comment","target":["https:\/\/www.cetys.mx\/noticias\/los-ateos-pueden-espirituales\/#respond"]}]},{"@type":"WebPage","@id":"https:\/\/www.cetys.mx\/noticias\/los-ateos-pueden-espirituales\/","url":"https:\/\/www.cetys.mx\/noticias\/los-ateos-pueden-espirituales\/","name":"\u00bfLos ateos pueden ser espirituales? - CETYS","isPartOf":{"@id":"https:\/\/www.cetys.mx\/noticias\/#website"},"primaryImageOfPage":{"@id":"https:\/\/www.cetys.mx\/noticias\/los-ateos-pueden-espirituales\/#primaryimage"},"image":{"@id":"https:\/\/www.cetys.mx\/noticias\/los-ateos-pueden-espirituales\/#primaryimage"},"thumbnailUrl":"https:\/\/www.cetys.mx\/noticias\/wp-content\/uploads\/2017\/11\/BR\u00cdO-958x637px11.png","datePublished":"2017-11-08T17:30:09+00:00","author":{"@id":"https:\/\/www.cetys.mx\/noticias\/#\/schema\/person\/e9d2b35265b64aa454df57a2828eb2ac"},"description":"Articulo sobre \u00bfLos ateos pueden ser espirituales?","breadcrumb":{"@id":"https:\/\/www.cetys.mx\/noticias\/los-ateos-pueden-espirituales\/#breadcrumb"},"inLanguage":"es","potentialAction":[{"@type":"ReadAction","target":["https:\/\/www.cetys.mx\/noticias\/los-ateos-pueden-espirituales\/"]}]},{"@type":"ImageObject","inLanguage":"es","@id":"https:\/\/www.cetys.mx\/noticias\/los-ateos-pueden-espirituales\/#primaryimage","url":"https:\/\/www.cetys.mx\/noticias\/wp-content\/uploads\/2017\/11\/BR\u00cdO-958x637px11.png","contentUrl":"https:\/\/www.cetys.mx\/noticias\/wp-content\/uploads\/2017\/11\/BR\u00cdO-958x637px11.png","width":958,"height":637},{"@type":"BreadcrumbList","@id":"https:\/\/www.cetys.mx\/noticias\/los-ateos-pueden-espirituales\/#breadcrumb","itemListElement":[{"@type":"ListItem","position":1,"name":"Inicio","item":"https:\/\/www.cetys.mx\/noticias\/"},{"@type":"ListItem","position":2,"name":"\u00bfLos ateos pueden ser espirituales?"}]},{"@type":"WebSite","@id":"https:\/\/www.cetys.mx\/noticias\/#website","url":"https:\/\/www.cetys.mx\/noticias\/","name":"CETYS","description":"","potentialAction":[{"@type":"SearchAction","target":{"@type":"EntryPoint","urlTemplate":"https:\/\/www.cetys.mx\/noticias\/?s={search_term_string}"},"query-input":{"@type":"PropertyValueSpecification","valueRequired":true,"valueName":"search_term_string"}}],"inLanguage":"es"},{"@type":"Person","@id":"https:\/\/www.cetys.mx\/noticias\/#\/schema\/person\/e9d2b35265b64aa454df57a2828eb2ac","name":"CETYS Institucional","url":"https:\/\/www.cetys.mx\/noticias\/author\/cetysinstitucional\/"}]}},"_links":{"self":[{"href":"https:\/\/www.cetys.mx\/noticias\/wp-json\/wp\/v2\/posts\/76956","targetHints":{"allow":["GET"]}}],"collection":[{"href":"https:\/\/www.cetys.mx\/noticias\/wp-json\/wp\/v2\/posts"}],"about":[{"href":"https:\/\/www.cetys.mx\/noticias\/wp-json\/wp\/v2\/types\/post"}],"author":[{"embeddable":true,"href":"https:\/\/www.cetys.mx\/noticias\/wp-json\/wp\/v2\/users\/26"}],"replies":[{"embeddable":true,"href":"https:\/\/www.cetys.mx\/noticias\/wp-json\/wp\/v2\/comments?post=76956"}],"version-history":[{"count":0,"href":"https:\/\/www.cetys.mx\/noticias\/wp-json\/wp\/v2\/posts\/76956\/revisions"}],"wp:featuredmedia":[{"embeddable":true,"href":"https:\/\/www.cetys.mx\/noticias\/wp-json\/wp\/v2\/media\/77115"}],"wp:attachment":[{"href":"https:\/\/www.cetys.mx\/noticias\/wp-json\/wp\/v2\/media?parent=76956"}],"wp:term":[{"taxonomy":"category","embeddable":true,"href":"https:\/\/www.cetys.mx\/noticias\/wp-json\/wp\/v2\/categories?post=76956"},{"taxonomy":"post_tag","embeddable":true,"href":"https:\/\/www.cetys.mx\/noticias\/wp-json\/wp\/v2\/tags?post=76956"}],"curies":[{"name":"wp","href":"https:\/\/api.w.org\/{rel}","templated":true}]}}