{"id":76897,"date":"2017-11-07T18:12:17","date_gmt":"2017-11-08T02:12:17","guid":{"rendered":"http:\/\/www.cetys.mx\/noticias\/?p=76897"},"modified":"2017-11-10T16:06:47","modified_gmt":"2017-11-11T00:06:47","slug":"gerardo-mainero-orgullo-cetys","status":"publish","type":"post","link":"https:\/\/www.cetys.mx\/noticias\/gerardo-mainero-orgullo-cetys\/","title":{"rendered":"Conoce al alumni emprendedor Gerardo Mainero"},"content":{"rendered":"<p><span style=\"font-weight: 400;\">Gerardo Mainero<\/span><span style=\"font-weight: 400;\">\u00a0es egresado de <a href=\"https:\/\/www.cetys.mx\/oferta-educativa\/preparatoria\/\">Preparatoria<\/a> generaci\u00f3n 2000,\u00a0<\/span><span style=\"font-weight: 400;\">Campus Ensenada. C<\/span>uenta con 10 a\u00f1os especializ\u00e1ndose en servicios de consultor\u00eda alrededor de servicios como redes sociales, pagos por clic, an\u00e1lisis web y optimizaci\u00f3n de motores de b\u00fasqueda, etc.<\/p>\n<p><span style=\"font-weight: 400;\">Apasionado del marketing, la medici\u00f3n de las ventas, rentabilidad y la propuesta de valor de cada negocio y en base a 4 pilares es como desarrolla su consultor\u00eda personal. <\/span><span style=\"font-weight: 400;\"><br \/>\n<\/span><\/p>\n<h4><span style=\"font-weight: 400;\">En 2012 abri\u00f3 una marca de consultor\u00eda, <strong>leadbrokers<\/strong>, bajo la cual atiende a m\u00e1s de un tercio de mill\u00f3n de fans y un presupuesto publicitario considerable. Su objetivo es desarrollar un holding de empresas digitales con un gran equipo de alto rendimiento.\u00a0<\/span><span style=\"font-weight: 400;\"><br \/>\n<\/span><span style=\"font-weight: 400;\"><br \/>\n<\/span><span style=\"font-weight: 400;\"><br \/>\n<\/span><strong>\u00bfA qu\u00e9 te dedicas?<\/strong><\/h4>\n<p><span style=\"font-weight: 400;\">Me gusta decir que me dedico a hacer crecer negocios. \u00a0Soy consultor de Marketing Digital, y me especializo en la publicidad Digital, en ambientes como google y facebook, pero mis intereses con el tiempo han cambiado. Soy muy bueno creando propuestas de valor en los negocios y juzgando constructivamente cuando est\u00e1n mal en el mercado actual, por lo que antes de publicitar me gusta crear propuestas de valor.<\/span><\/p>\n<h4>\u00bfQu\u00e9 representa para ti ser egresado CETYS?<\/h4>\n<p><span style=\"font-weight: 400;\">Hoy d\u00eda ser egresado CETYS representa una oportunidad y una realidad, dentro de la comunidad CETYS est\u00e1n tomadores de decisi\u00f3n de todos los niveles p\u00fablico y privado. En mi profesi\u00f3n eso es muy importante. <\/span><\/p>\n<h4>\u00bfPor qu\u00e9 elegiste CETYS para tus estudios?<\/h4>\n<p><span style=\"font-weight: 400;\">Por la relaci\u00f3n Costo-Valor. \u00a0Creo que es instituci\u00f3n educativa que tiene mejor relaci\u00f3n al respecto. <\/span><\/p>\n<p><span style=\"font-weight: 400;\">Y el valor se puede percibir de muchas formas, el input educativo, Networking, oportunidades, etc..<\/span><\/p>\n<h4>\u00bfCu\u00e1les han sido tus experiencias m\u00e1s satisfactorias en tu carrera?<\/h4>\n<p><span style=\"font-weight: 400;\">Ser parte de organizaciones que est\u00e1n creciendo y asuman nuevos retos. Es una experiencia muy satisfactoria, pero concretamente, creo que una experiencia muy satisfactoria ha sido la campa\u00f1a del #SelfieTour de Las Ca\u00f1adas, nos ha ayudado a posicionar viralmente a esa organizaci\u00f3n en un canal que nosotros creamos y que este verano cerraremos por encima de los 300,000 fans. <\/span><\/p>\n<h4><strong>\u00bfDe qu\u00e9 manera consideras que has contribuido al desarrollo de tu comunidad gracias a tu\u00a0profesi\u00f3n?<\/strong><\/h4>\n<p><span style=\"font-weight: 400;\">Creo que he contribuido de dos maneras, una \u00a0ayudando a negocios a que crezcan, generen m\u00e1s empleos y por ende bienestar en la ciudad. Y la segunda forma creo que he sido un engranaje muy peque\u00f1o pero un generador de ideas, donde he sembrado propuestas pol\u00edticas como parte de las plataformas de algunos candidatos que actualmente tienen una funci\u00f3n p\u00fablica. \u00a0<\/span><\/p>\n<h4>Una an\u00e9cdota, experiencia o docente que recuerdes en CETYS:<\/h4>\n<p><span style=\"font-weight: 400;\">Hay muchas y muchos. En dos ocasiones organizamos una \u201ccascara\u201d de Basquetbol mixta de profesores y alumnos, una buena experiencia. En aquellos a\u00f1os el Prof. Luis Gonzalez jug\u00f3, \u00a0que siempre fue una persona muy apreciada por toda la comunidad de CETYS.<\/span><\/p>\n<h4>\u00bfC\u00f3mo ha impactado en tu vida el ser egresado CETYS?<\/h4>\n<p><span style=\"font-weight: 400;\">Ensenada, es una ciudad todav\u00eda chica, y muchos egresados de CETYS son due\u00f1os de negocios.<\/span><\/p>\n<p><span style=\"font-weight: 400;\">Creo que tener algo en com\u00fan en las mesas que me siento, una mirada queriendo recordar nombres o generaci\u00f3n, ayuda mucho en el proceso de las relaciones y las ventas en la ciudad. <\/span><\/p>\n<h4>\u00bfAlg\u00fan consejo para los j\u00f3venes estudiantes?<\/h4>\n<p><span style=\"font-weight: 400;\">Creo que hay oportunidades entre los j\u00f3venes, inclusive antes de los 18. Que jam\u00e1s vuelven. \u00a0El tiempo nos pasa a todos, pero conforme pasa el tiempo y la edad hay oportunidades que vuelven y hay otras que no. \u00a0De j\u00f3venes nadie nos dice que cada a\u00f1o hay cosas que jam\u00e1s tendr\u00e1s la oportunidad de realizar nuevamente. \u00a0Nadie nos dice eso cuando estamos j\u00f3venes y hay muchas cosas que podemos hacer entre los 15 y 25 que jam\u00e1s vuelven. \u00a0Cada quien en sus intereses tiene cosas que son valiosas y que por flojera, desidia o procrastinaci\u00f3n puede dejar de hacerlas. Mi mejor consejo es no las dejen de realizar. <\/span><\/p>\n<p>&nbsp;<\/p>\n<p>&nbsp;<\/p>\n","protected":false},"excerpt":{"rendered":"<p>Gerardo Mainero\u00a0es egresado de Preparatoria generaci\u00f3n 2000,\u00a0Campus Ensenada. Cuenta con 10 a\u00f1os especializ\u00e1ndose en servicios de consultor\u00eda alrededor de servicios como redes&#8230;<\/p>\n","protected":false},"author":26,"featured_media":77068,"comment_status":"open","ping_status":"closed","sticky":false,"template":"","format":"standard","meta":{"footnotes":""},"categories":[107,111,313],"tags":[1915],"class_list":["post-76897","post","type-post","status-publish","format-standard","has-post-thumbnail","hentry","category-alumni","category-emprendimiento","category-vocetys-2","tag-vocetys-2017-11-10"],"yoast_head":"<!-- This site is optimized with the Yoast SEO plugin v27.4 - https:\/\/yoast.com\/product\/yoast-seo-wordpress\/ -->\n<title>Conoce al alumni emprendedor Gerardo Mainero - CETYS<\/title>\n<meta name=\"description\" content=\"Articulo sobre Conoce al alumni emprendedor Gerardo Mainero\" \/>\n<meta name=\"robots\" content=\"index, follow, max-snippet:-1, max-image-preview:large, max-video-preview:-1\" \/>\n<link rel=\"canonical\" href=\"https:\/\/www.cetys.mx\/noticias\/gerardo-mainero-orgullo-cetys\/\" \/>\n<meta property=\"og:locale\" content=\"es_MX\" \/>\n<meta property=\"og:type\" content=\"article\" \/>\n<meta property=\"og:title\" content=\"Conoce al alumni emprendedor Gerardo Mainero - CETYS\" \/>\n<meta property=\"og:description\" content=\"Articulo sobre Conoce al alumni emprendedor Gerardo Mainero\" \/>\n<meta property=\"og:url\" content=\"https:\/\/www.cetys.mx\/noticias\/gerardo-mainero-orgullo-cetys\/\" \/>\n<meta property=\"og:site_name\" content=\"CETYS\" \/>\n<meta property=\"article:publisher\" content=\"https:\/\/www.facebook.com\/cetysuniversidadmxl\/\" \/>\n<meta property=\"article:published_time\" content=\"2017-11-08T02:12:17+00:00\" \/>\n<meta property=\"article:modified_time\" content=\"2017-11-11T00:06:47+00:00\" \/>\n<meta property=\"og:image\" content=\"https:\/\/www.cetys.mx\/noticias\/wp-content\/uploads\/2017\/11\/DSC_01101-e1510106850329.jpg\" \/>\n\t<meta property=\"og:image:width\" content=\"953\" \/>\n\t<meta property=\"og:image:height\" content=\"494\" \/>\n\t<meta property=\"og:image:type\" content=\"image\/jpeg\" \/>\n<meta name=\"author\" content=\"CETYS Institucional\" \/>\n<meta name=\"twitter:card\" content=\"summary_large_image\" \/>\n<meta name=\"twitter:creator\" content=\"@cetysuni\" \/>\n<meta name=\"twitter:site\" content=\"@cetysuni\" \/>\n<meta name=\"twitter:label1\" content=\"Escrito por\" \/>\n\t<meta name=\"twitter:data1\" content=\"CETYS Institucional\" \/>\n\t<meta name=\"twitter:label2\" content=\"Tiempo de lectura\" \/>\n\t<meta name=\"twitter:data2\" content=\"3 minutos\" \/>\n<script type=\"application\/ld+json\" class=\"yoast-schema-graph\">{\"@context\":\"https:\\\/\\\/schema.org\",\"@graph\":[{\"@type\":\"Article\",\"@id\":\"https:\\\/\\\/www.cetys.mx\\\/noticias\\\/gerardo-mainero-orgullo-cetys\\\/#article\",\"isPartOf\":{\"@id\":\"https:\\\/\\\/www.cetys.mx\\\/noticias\\\/gerardo-mainero-orgullo-cetys\\\/\"},\"author\":{\"name\":\"CETYS Institucional\",\"@id\":\"https:\\\/\\\/www.cetys.mx\\\/noticias\\\/#\\\/schema\\\/person\\\/e9d2b35265b64aa454df57a2828eb2ac\"},\"headline\":\"Conoce al alumni emprendedor Gerardo Mainero\",\"datePublished\":\"2017-11-08T02:12:17+00:00\",\"dateModified\":\"2017-11-11T00:06:47+00:00\",\"mainEntityOfPage\":{\"@id\":\"https:\\\/\\\/www.cetys.mx\\\/noticias\\\/gerardo-mainero-orgullo-cetys\\\/\"},\"wordCount\":676,\"commentCount\":0,\"image\":{\"@id\":\"https:\\\/\\\/www.cetys.mx\\\/noticias\\\/gerardo-mainero-orgullo-cetys\\\/#primaryimage\"},\"thumbnailUrl\":\"https:\\\/\\\/www.cetys.mx\\\/noticias\\\/wp-content\\\/uploads\\\/2017\\\/11\\\/DSC_01101-e1510106850329.jpg\",\"keywords\":[\"vocetys-2017-11-10\"],\"articleSection\":[\"Alumni\",\"Emprendimiento\",\"VoCETYS\"],\"inLanguage\":\"es\",\"potentialAction\":[{\"@type\":\"CommentAction\",\"name\":\"Comment\",\"target\":[\"https:\\\/\\\/www.cetys.mx\\\/noticias\\\/gerardo-mainero-orgullo-cetys\\\/#respond\"]}]},{\"@type\":\"WebPage\",\"@id\":\"https:\\\/\\\/www.cetys.mx\\\/noticias\\\/gerardo-mainero-orgullo-cetys\\\/\",\"url\":\"https:\\\/\\\/www.cetys.mx\\\/noticias\\\/gerardo-mainero-orgullo-cetys\\\/\",\"name\":\"Conoce al alumni emprendedor Gerardo Mainero - CETYS\",\"isPartOf\":{\"@id\":\"https:\\\/\\\/www.cetys.mx\\\/noticias\\\/#website\"},\"primaryImageOfPage\":{\"@id\":\"https:\\\/\\\/www.cetys.mx\\\/noticias\\\/gerardo-mainero-orgullo-cetys\\\/#primaryimage\"},\"image\":{\"@id\":\"https:\\\/\\\/www.cetys.mx\\\/noticias\\\/gerardo-mainero-orgullo-cetys\\\/#primaryimage\"},\"thumbnailUrl\":\"https:\\\/\\\/www.cetys.mx\\\/noticias\\\/wp-content\\\/uploads\\\/2017\\\/11\\\/DSC_01101-e1510106850329.jpg\",\"datePublished\":\"2017-11-08T02:12:17+00:00\",\"dateModified\":\"2017-11-11T00:06:47+00:00\",\"author\":{\"@id\":\"https:\\\/\\\/www.cetys.mx\\\/noticias\\\/#\\\/schema\\\/person\\\/e9d2b35265b64aa454df57a2828eb2ac\"},\"description\":\"Articulo sobre Conoce al alumni emprendedor Gerardo Mainero\",\"breadcrumb\":{\"@id\":\"https:\\\/\\\/www.cetys.mx\\\/noticias\\\/gerardo-mainero-orgullo-cetys\\\/#breadcrumb\"},\"inLanguage\":\"es\",\"potentialAction\":[{\"@type\":\"ReadAction\",\"target\":[\"https:\\\/\\\/www.cetys.mx\\\/noticias\\\/gerardo-mainero-orgullo-cetys\\\/\"]}]},{\"@type\":\"ImageObject\",\"inLanguage\":\"es\",\"@id\":\"https:\\\/\\\/www.cetys.mx\\\/noticias\\\/gerardo-mainero-orgullo-cetys\\\/#primaryimage\",\"url\":\"https:\\\/\\\/www.cetys.mx\\\/noticias\\\/wp-content\\\/uploads\\\/2017\\\/11\\\/DSC_01101-e1510106850329.jpg\",\"contentUrl\":\"https:\\\/\\\/www.cetys.mx\\\/noticias\\\/wp-content\\\/uploads\\\/2017\\\/11\\\/DSC_01101-e1510106850329.jpg\",\"width\":953,\"height\":494},{\"@type\":\"BreadcrumbList\",\"@id\":\"https:\\\/\\\/www.cetys.mx\\\/noticias\\\/gerardo-mainero-orgullo-cetys\\\/#breadcrumb\",\"itemListElement\":[{\"@type\":\"ListItem\",\"position\":1,\"name\":\"Inicio\",\"item\":\"https:\\\/\\\/www.cetys.mx\\\/noticias\\\/\"},{\"@type\":\"ListItem\",\"position\":2,\"name\":\"Conoce al alumni emprendedor Gerardo Mainero\"}]},{\"@type\":\"WebSite\",\"@id\":\"https:\\\/\\\/www.cetys.mx\\\/noticias\\\/#website\",\"url\":\"https:\\\/\\\/www.cetys.mx\\\/noticias\\\/\",\"name\":\"CETYS\",\"description\":\"\",\"potentialAction\":[{\"@type\":\"SearchAction\",\"target\":{\"@type\":\"EntryPoint\",\"urlTemplate\":\"https:\\\/\\\/www.cetys.mx\\\/noticias\\\/?s={search_term_string}\"},\"query-input\":{\"@type\":\"PropertyValueSpecification\",\"valueRequired\":true,\"valueName\":\"search_term_string\"}}],\"inLanguage\":\"es\"},{\"@type\":\"Person\",\"@id\":\"https:\\\/\\\/www.cetys.mx\\\/noticias\\\/#\\\/schema\\\/person\\\/e9d2b35265b64aa454df57a2828eb2ac\",\"name\":\"CETYS Institucional\",\"url\":\"https:\\\/\\\/www.cetys.mx\\\/noticias\\\/author\\\/cetysinstitucional\\\/\"}]}<\/script>\n<!-- \/ Yoast SEO plugin. -->","yoast_head_json":{"title":"Conoce al alumni emprendedor Gerardo Mainero - CETYS","description":"Articulo sobre Conoce al alumni emprendedor Gerardo Mainero","robots":{"index":"index","follow":"follow","max-snippet":"max-snippet:-1","max-image-preview":"max-image-preview:large","max-video-preview":"max-video-preview:-1"},"canonical":"https:\/\/www.cetys.mx\/noticias\/gerardo-mainero-orgullo-cetys\/","og_locale":"es_MX","og_type":"article","og_title":"Conoce al alumni emprendedor Gerardo Mainero - CETYS","og_description":"Articulo sobre Conoce al alumni emprendedor Gerardo Mainero","og_url":"https:\/\/www.cetys.mx\/noticias\/gerardo-mainero-orgullo-cetys\/","og_site_name":"CETYS","article_publisher":"https:\/\/www.facebook.com\/cetysuniversidadmxl\/","article_published_time":"2017-11-08T02:12:17+00:00","article_modified_time":"2017-11-11T00:06:47+00:00","og_image":[{"width":953,"height":494,"url":"https:\/\/www.cetys.mx\/noticias\/wp-content\/uploads\/2017\/11\/DSC_01101-e1510106850329.jpg","type":"image\/jpeg"}],"author":"CETYS Institucional","twitter_card":"summary_large_image","twitter_creator":"@cetysuni","twitter_site":"@cetysuni","twitter_misc":{"Escrito por":"CETYS Institucional","Tiempo de lectura":"3 minutos"},"schema":{"@context":"https:\/\/schema.org","@graph":[{"@type":"Article","@id":"https:\/\/www.cetys.mx\/noticias\/gerardo-mainero-orgullo-cetys\/#article","isPartOf":{"@id":"https:\/\/www.cetys.mx\/noticias\/gerardo-mainero-orgullo-cetys\/"},"author":{"name":"CETYS Institucional","@id":"https:\/\/www.cetys.mx\/noticias\/#\/schema\/person\/e9d2b35265b64aa454df57a2828eb2ac"},"headline":"Conoce al alumni emprendedor Gerardo Mainero","datePublished":"2017-11-08T02:12:17+00:00","dateModified":"2017-11-11T00:06:47+00:00","mainEntityOfPage":{"@id":"https:\/\/www.cetys.mx\/noticias\/gerardo-mainero-orgullo-cetys\/"},"wordCount":676,"commentCount":0,"image":{"@id":"https:\/\/www.cetys.mx\/noticias\/gerardo-mainero-orgullo-cetys\/#primaryimage"},"thumbnailUrl":"https:\/\/www.cetys.mx\/noticias\/wp-content\/uploads\/2017\/11\/DSC_01101-e1510106850329.jpg","keywords":["vocetys-2017-11-10"],"articleSection":["Alumni","Emprendimiento","VoCETYS"],"inLanguage":"es","potentialAction":[{"@type":"CommentAction","name":"Comment","target":["https:\/\/www.cetys.mx\/noticias\/gerardo-mainero-orgullo-cetys\/#respond"]}]},{"@type":"WebPage","@id":"https:\/\/www.cetys.mx\/noticias\/gerardo-mainero-orgullo-cetys\/","url":"https:\/\/www.cetys.mx\/noticias\/gerardo-mainero-orgullo-cetys\/","name":"Conoce al alumni emprendedor Gerardo Mainero - CETYS","isPartOf":{"@id":"https:\/\/www.cetys.mx\/noticias\/#website"},"primaryImageOfPage":{"@id":"https:\/\/www.cetys.mx\/noticias\/gerardo-mainero-orgullo-cetys\/#primaryimage"},"image":{"@id":"https:\/\/www.cetys.mx\/noticias\/gerardo-mainero-orgullo-cetys\/#primaryimage"},"thumbnailUrl":"https:\/\/www.cetys.mx\/noticias\/wp-content\/uploads\/2017\/11\/DSC_01101-e1510106850329.jpg","datePublished":"2017-11-08T02:12:17+00:00","dateModified":"2017-11-11T00:06:47+00:00","author":{"@id":"https:\/\/www.cetys.mx\/noticias\/#\/schema\/person\/e9d2b35265b64aa454df57a2828eb2ac"},"description":"Articulo sobre Conoce al alumni emprendedor Gerardo Mainero","breadcrumb":{"@id":"https:\/\/www.cetys.mx\/noticias\/gerardo-mainero-orgullo-cetys\/#breadcrumb"},"inLanguage":"es","potentialAction":[{"@type":"ReadAction","target":["https:\/\/www.cetys.mx\/noticias\/gerardo-mainero-orgullo-cetys\/"]}]},{"@type":"ImageObject","inLanguage":"es","@id":"https:\/\/www.cetys.mx\/noticias\/gerardo-mainero-orgullo-cetys\/#primaryimage","url":"https:\/\/www.cetys.mx\/noticias\/wp-content\/uploads\/2017\/11\/DSC_01101-e1510106850329.jpg","contentUrl":"https:\/\/www.cetys.mx\/noticias\/wp-content\/uploads\/2017\/11\/DSC_01101-e1510106850329.jpg","width":953,"height":494},{"@type":"BreadcrumbList","@id":"https:\/\/www.cetys.mx\/noticias\/gerardo-mainero-orgullo-cetys\/#breadcrumb","itemListElement":[{"@type":"ListItem","position":1,"name":"Inicio","item":"https:\/\/www.cetys.mx\/noticias\/"},{"@type":"ListItem","position":2,"name":"Conoce al alumni emprendedor Gerardo Mainero"}]},{"@type":"WebSite","@id":"https:\/\/www.cetys.mx\/noticias\/#website","url":"https:\/\/www.cetys.mx\/noticias\/","name":"CETYS","description":"","potentialAction":[{"@type":"SearchAction","target":{"@type":"EntryPoint","urlTemplate":"https:\/\/www.cetys.mx\/noticias\/?s={search_term_string}"},"query-input":{"@type":"PropertyValueSpecification","valueRequired":true,"valueName":"search_term_string"}}],"inLanguage":"es"},{"@type":"Person","@id":"https:\/\/www.cetys.mx\/noticias\/#\/schema\/person\/e9d2b35265b64aa454df57a2828eb2ac","name":"CETYS Institucional","url":"https:\/\/www.cetys.mx\/noticias\/author\/cetysinstitucional\/"}]}},"_links":{"self":[{"href":"https:\/\/www.cetys.mx\/noticias\/wp-json\/wp\/v2\/posts\/76897","targetHints":{"allow":["GET"]}}],"collection":[{"href":"https:\/\/www.cetys.mx\/noticias\/wp-json\/wp\/v2\/posts"}],"about":[{"href":"https:\/\/www.cetys.mx\/noticias\/wp-json\/wp\/v2\/types\/post"}],"author":[{"embeddable":true,"href":"https:\/\/www.cetys.mx\/noticias\/wp-json\/wp\/v2\/users\/26"}],"replies":[{"embeddable":true,"href":"https:\/\/www.cetys.mx\/noticias\/wp-json\/wp\/v2\/comments?post=76897"}],"version-history":[{"count":0,"href":"https:\/\/www.cetys.mx\/noticias\/wp-json\/wp\/v2\/posts\/76897\/revisions"}],"wp:featuredmedia":[{"embeddable":true,"href":"https:\/\/www.cetys.mx\/noticias\/wp-json\/wp\/v2\/media\/77068"}],"wp:attachment":[{"href":"https:\/\/www.cetys.mx\/noticias\/wp-json\/wp\/v2\/media?parent=76897"}],"wp:term":[{"taxonomy":"category","embeddable":true,"href":"https:\/\/www.cetys.mx\/noticias\/wp-json\/wp\/v2\/categories?post=76897"},{"taxonomy":"post_tag","embeddable":true,"href":"https:\/\/www.cetys.mx\/noticias\/wp-json\/wp\/v2\/tags?post=76897"}],"curies":[{"name":"wp","href":"https:\/\/api.w.org\/{rel}","templated":true}]}}