{"id":76662,"date":"2017-10-31T11:39:52","date_gmt":"2017-10-31T18:39:52","guid":{"rendered":"http:\/\/www.cetys.mx\/noticias\/?p=76662"},"modified":"2017-10-31T11:58:27","modified_gmt":"2017-10-31T18:58:27","slug":"dia-de-la-familia-trae-recuerdos-a-egresados-cetys","status":"publish","type":"post","link":"https:\/\/www.cetys.mx\/noticias\/dia-de-la-familia-trae-recuerdos-a-egresados-cetys\/","title":{"rendered":"D\u00eda de la Familia trae recuerdos a egresado CETYS"},"content":{"rendered":"<p style=\"text-align: justify;\">Como un magnifico evento calific\u00f3 el se\u00f1or Jorge Arguilez Gallego a la onceava edici\u00f3n del <strong>D\u00eda de la Familia CETYS<\/strong>, la cual se realiz\u00f3 el pasado 28 de octubre reuniendo a cerca de mil 500 visitantes entre egresados y sus familias; personal docente y administrativo; as\u00ed como alumnos y maestros.<\/p>\n<p style=\"text-align: justify;\"><em>&#8220;Es el lugar donde debemos de juntarnos y buscarnos m\u00e1s&#8221;<\/em>, dijo el egresado de Preparatoria de la generaci\u00f3n 1964 con matr\u00edcula estudiantil 0055. Agreg\u00f3 que el CETYS se ha transformado en algo asombroso que en el pasado no se hubiera cre\u00eddo.<\/p>\n<blockquote>\n<p style=\"text-align: justify;\">&#8220;A mi me toc\u00f3 estudiar cuando el CETYS estaba en la avenida Reforma, hace mucho tiempo en donde la Preparatoria era de dos a\u00f1os. En aquel tiempo pude coincidir con el Ing. \u00c1ngel Monta\u00f1ez con quien platiqu\u00e9 en el evento, al igual que con el Dr. Carlos Castellanos y el Lic. Juan Rivera&#8221;, dijo.<\/p>\n<\/blockquote>\n<p style=\"text-align: justify;\"><a href=\"https:\/\/www.cetys.mx\/noticias\/wp-content\/uploads\/2017\/10\/egresado.jpg\"><img loading=\"lazy\" decoding=\"async\" class=\"alignnone size-full wp-image-76674\" src=\"https:\/\/www.cetys.mx\/noticias\/wp-content\/uploads\/2017\/10\/egresado.jpg\" alt=\"egresado\" width=\"2795\" height=\"1858\" \/><\/a><\/p>\n<p style=\"text-align: justify;\">Arguilez Gallego mencion\u00f3 que el CETYS es una escuela \u00fanica, por lo que actualmente dos de sus nietos siguieron sus pasos y se encuentran estudiando en la instituci\u00f3n; uno de ellos Gerardo Guerra en la Escuela de Ingenier\u00eda; mientras que H\u00e9ctor Guerra acaba de terminar el Bachillerato.<\/p>\n<blockquote>\n<p style=\"text-align: justify;\">&#8220;Soy de la \u00e9poca del Rector Macias Rend\u00f3n con quien gracias a las reuniones con Guillermo Barreto Prieto, pudimos seguir en contacto hasta que lamentablemente falleci\u00f3. Recuerdo mucho al maestro de \u00e1lgebra cuando estudiaba, el Ing. Medina, era de esos maestros buenos, la verdad mis respetos&#8221;, record\u00f3.<\/p>\n<\/blockquote>\n<p style=\"text-align: justify;\"><a href=\"https:\/\/www.cetys.mx\/noticias\/wp-content\/uploads\/2017\/10\/letrero.jpg\"><img loading=\"lazy\" decoding=\"async\" class=\"wp-image-76677 alignright\" src=\"https:\/\/www.cetys.mx\/noticias\/wp-content\/uploads\/2017\/10\/letrero.jpg\" alt=\"egresado\" width=\"166\" height=\"249\" \/><\/a>Cabe mencionar que el egresado se cas\u00f3 al concluir la Preparatoria CETYS en 1964 con la se\u00f1ora Edith Ren\u00e9 M\u00e9ndez L\u00f3pez (q.e.p.d) en aquel entonces sobrina del Gobernador del Estado Eligio Esquivel M\u00e9ndez, y con quien tuvo tres hermosas hijas.<\/p>\n<blockquote>\n<p style=\"text-align: justify;\">&#8220;Sin duda alguna, ahora nuestro CETYS tiene un campus precioso, me hubiera gustado que mi pap\u00e1 viera c\u00f3mo ha crecido y la conociera la gran cantidad de egresados por el mundo con la que cuenta. Considero a mi padre como uno de los gestores para que el CETYS se expandiera; recuerdo que una vez me dej\u00f3 en la escuela y baj\u00f3 para hablar con el se\u00f1or Rend\u00f3n y le pregunt\u00f3 por qu\u00e9 la escuela era tan peque\u00f1a, a lo que le respondieron que por falta de terrenos. Mi pap\u00e1 entonces coment\u00f3 que \u00e9l podr\u00eda hablar con algunas personas para conseguir terrenos y as\u00ed fue&#8221;, explic\u00f3.<\/p>\n<\/blockquote>\n<p style=\"text-align: justify;\">El D\u00eda de la Familia CETYS cont\u00f3 con la participaci\u00f3n del grupo de canto Inuendo, quienes deleitaron los o\u00eddos de los asistentes con \u00e9xitos de las d\u00e9cadas de los 70, 80 y 90&#8217;s. Adem\u00e1s en el evento hubo un \u00e1rea gastron\u00f3mica y una infantil en la que los m\u00e1s peque\u00f1os disfrutaron de brincolinas y actividades a cargo de la Escuela de Psicolog\u00eda.<\/p>\n<p style=\"text-align: justify;\"><a href=\"https:\/\/www.cetys.mx\/noticias\/wp-content\/uploads\/2017\/10\/DSC07117.jpg\"><img loading=\"lazy\" decoding=\"async\" class=\"alignnone size-full wp-image-76679\" src=\"https:\/\/www.cetys.mx\/noticias\/wp-content\/uploads\/2017\/10\/DSC07117.jpg\" alt=\"egresado\" width=\"4240\" height=\"2400\" \/><\/a><\/p>\n<p style=\"text-align: justify;\">\n","protected":false},"excerpt":{"rendered":"<p>Como un magnifico evento calific\u00f3 el se\u00f1or Jorge Arguilez Gallego a la onceava edici\u00f3n del D\u00eda de la Familia CETYS, la cual&#8230;<\/p>\n","protected":false},"author":20,"featured_media":76675,"comment_status":"open","ping_status":"closed","sticky":false,"template":"","format":"standard","meta":{"footnotes":""},"categories":[107,133,125,313],"tags":[909,424,746,875,1858],"class_list":["post-76662","post","type-post","status-publish","format-standard","has-post-thumbnail","hentry","category-alumni","category-campus-mexicali","category-portada","category-vocetys-2","tag-alumni","tag-egresados","tag-eventos","tag-familia","tag-vocetys-top-2017-10-31"],"yoast_head":"<!-- This site is optimized with the Yoast SEO plugin v27.4 - https:\/\/yoast.com\/product\/yoast-seo-wordpress\/ -->\n<title>D\u00eda de la Familia trae recuerdos a egresado CETYS<\/title>\n<meta name=\"description\" content=\"&quot;Es el lugar donde debemos de juntarnos y buscarnos m\u00e1s&quot;, dijo el egresado de Preparatoria de la generaci\u00f3n 1964 con matr\u00edcula estudiantil 0055.\" \/>\n<meta name=\"robots\" content=\"index, follow, max-snippet:-1, max-image-preview:large, max-video-preview:-1\" \/>\n<link rel=\"canonical\" href=\"https:\/\/www.cetys.mx\/noticias\/dia-de-la-familia-trae-recuerdos-a-egresados-cetys\/\" \/>\n<meta property=\"og:locale\" content=\"es_MX\" \/>\n<meta property=\"og:type\" content=\"article\" \/>\n<meta property=\"og:title\" content=\"D\u00eda de la Familia trae recuerdos a egresado CETYS\" \/>\n<meta property=\"og:description\" content=\"&quot;Es el lugar donde debemos de juntarnos y buscarnos m\u00e1s&quot;, dijo el egresado de Preparatoria de la generaci\u00f3n 1964 con matr\u00edcula estudiantil 0055.\" \/>\n<meta property=\"og:url\" content=\"https:\/\/www.cetys.mx\/noticias\/dia-de-la-familia-trae-recuerdos-a-egresados-cetys\/\" \/>\n<meta property=\"og:site_name\" content=\"CETYS\" \/>\n<meta property=\"article:publisher\" content=\"https:\/\/www.facebook.com\/cetysuniversidadmxl\/\" \/>\n<meta property=\"article:published_time\" content=\"2017-10-31T18:39:52+00:00\" \/>\n<meta property=\"article:modified_time\" content=\"2017-10-31T18:58:27+00:00\" \/>\n<meta property=\"og:image\" content=\"https:\/\/www.cetys.mx\/noticias\/wp-content\/uploads\/2017\/10\/fam.jpg\" \/>\n\t<meta property=\"og:image:width\" content=\"958\" \/>\n\t<meta property=\"og:image:height\" content=\"637\" \/>\n\t<meta property=\"og:image:type\" content=\"image\/jpeg\" \/>\n<meta name=\"author\" content=\"Campus Mexicali\" \/>\n<meta name=\"twitter:card\" content=\"summary_large_image\" \/>\n<meta name=\"twitter:creator\" content=\"@cetysuni\" \/>\n<meta name=\"twitter:site\" content=\"@cetysuni\" \/>\n<meta name=\"twitter:label1\" content=\"Escrito por\" \/>\n\t<meta name=\"twitter:data1\" content=\"Campus Mexicali\" \/>\n\t<meta name=\"twitter:label2\" content=\"Tiempo de lectura\" \/>\n\t<meta name=\"twitter:data2\" content=\"2 minutos\" \/>\n<script type=\"application\/ld+json\" class=\"yoast-schema-graph\">{\"@context\":\"https:\\\/\\\/schema.org\",\"@graph\":[{\"@type\":\"Article\",\"@id\":\"https:\\\/\\\/www.cetys.mx\\\/noticias\\\/dia-de-la-familia-trae-recuerdos-a-egresados-cetys\\\/#article\",\"isPartOf\":{\"@id\":\"https:\\\/\\\/www.cetys.mx\\\/noticias\\\/dia-de-la-familia-trae-recuerdos-a-egresados-cetys\\\/\"},\"author\":{\"name\":\"Campus Mexicali\",\"@id\":\"https:\\\/\\\/www.cetys.mx\\\/noticias\\\/#\\\/schema\\\/person\\\/79a95c4ac185f3705cf1b9c9340a5f70\"},\"headline\":\"D\u00eda de la Familia trae recuerdos a egresado CETYS\",\"datePublished\":\"2017-10-31T18:39:52+00:00\",\"dateModified\":\"2017-10-31T18:58:27+00:00\",\"mainEntityOfPage\":{\"@id\":\"https:\\\/\\\/www.cetys.mx\\\/noticias\\\/dia-de-la-familia-trae-recuerdos-a-egresados-cetys\\\/\"},\"wordCount\":483,\"commentCount\":0,\"image\":{\"@id\":\"https:\\\/\\\/www.cetys.mx\\\/noticias\\\/dia-de-la-familia-trae-recuerdos-a-egresados-cetys\\\/#primaryimage\"},\"thumbnailUrl\":\"https:\\\/\\\/www.cetys.mx\\\/noticias\\\/wp-content\\\/uploads\\\/2017\\\/10\\\/fam.jpg\",\"keywords\":[\"Alumni\",\"Egresados\",\"Eventos\",\"Familia\",\"vocetys-top-2017-10-31\"],\"articleSection\":[\"Alumni\",\"Campus Mexicali\",\"Portada\",\"VoCETYS\"],\"inLanguage\":\"es\",\"potentialAction\":[{\"@type\":\"CommentAction\",\"name\":\"Comment\",\"target\":[\"https:\\\/\\\/www.cetys.mx\\\/noticias\\\/dia-de-la-familia-trae-recuerdos-a-egresados-cetys\\\/#respond\"]}]},{\"@type\":\"WebPage\",\"@id\":\"https:\\\/\\\/www.cetys.mx\\\/noticias\\\/dia-de-la-familia-trae-recuerdos-a-egresados-cetys\\\/\",\"url\":\"https:\\\/\\\/www.cetys.mx\\\/noticias\\\/dia-de-la-familia-trae-recuerdos-a-egresados-cetys\\\/\",\"name\":\"D\u00eda de la Familia trae recuerdos a egresado CETYS\",\"isPartOf\":{\"@id\":\"https:\\\/\\\/www.cetys.mx\\\/noticias\\\/#website\"},\"primaryImageOfPage\":{\"@id\":\"https:\\\/\\\/www.cetys.mx\\\/noticias\\\/dia-de-la-familia-trae-recuerdos-a-egresados-cetys\\\/#primaryimage\"},\"image\":{\"@id\":\"https:\\\/\\\/www.cetys.mx\\\/noticias\\\/dia-de-la-familia-trae-recuerdos-a-egresados-cetys\\\/#primaryimage\"},\"thumbnailUrl\":\"https:\\\/\\\/www.cetys.mx\\\/noticias\\\/wp-content\\\/uploads\\\/2017\\\/10\\\/fam.jpg\",\"datePublished\":\"2017-10-31T18:39:52+00:00\",\"dateModified\":\"2017-10-31T18:58:27+00:00\",\"author\":{\"@id\":\"https:\\\/\\\/www.cetys.mx\\\/noticias\\\/#\\\/schema\\\/person\\\/79a95c4ac185f3705cf1b9c9340a5f70\"},\"description\":\"\\\"Es el lugar donde debemos de juntarnos y buscarnos m\u00e1s\\\", dijo el egresado de Preparatoria de la generaci\u00f3n 1964 con matr\u00edcula estudiantil 0055.\",\"breadcrumb\":{\"@id\":\"https:\\\/\\\/www.cetys.mx\\\/noticias\\\/dia-de-la-familia-trae-recuerdos-a-egresados-cetys\\\/#breadcrumb\"},\"inLanguage\":\"es\",\"potentialAction\":[{\"@type\":\"ReadAction\",\"target\":[\"https:\\\/\\\/www.cetys.mx\\\/noticias\\\/dia-de-la-familia-trae-recuerdos-a-egresados-cetys\\\/\"]}]},{\"@type\":\"ImageObject\",\"inLanguage\":\"es\",\"@id\":\"https:\\\/\\\/www.cetys.mx\\\/noticias\\\/dia-de-la-familia-trae-recuerdos-a-egresados-cetys\\\/#primaryimage\",\"url\":\"https:\\\/\\\/www.cetys.mx\\\/noticias\\\/wp-content\\\/uploads\\\/2017\\\/10\\\/fam.jpg\",\"contentUrl\":\"https:\\\/\\\/www.cetys.mx\\\/noticias\\\/wp-content\\\/uploads\\\/2017\\\/10\\\/fam.jpg\",\"width\":958,\"height\":637,\"caption\":\"egresado\"},{\"@type\":\"BreadcrumbList\",\"@id\":\"https:\\\/\\\/www.cetys.mx\\\/noticias\\\/dia-de-la-familia-trae-recuerdos-a-egresados-cetys\\\/#breadcrumb\",\"itemListElement\":[{\"@type\":\"ListItem\",\"position\":1,\"name\":\"Inicio\",\"item\":\"https:\\\/\\\/www.cetys.mx\\\/noticias\\\/\"},{\"@type\":\"ListItem\",\"position\":2,\"name\":\"D\u00eda de la Familia trae recuerdos a egresado CETYS\"}]},{\"@type\":\"WebSite\",\"@id\":\"https:\\\/\\\/www.cetys.mx\\\/noticias\\\/#website\",\"url\":\"https:\\\/\\\/www.cetys.mx\\\/noticias\\\/\",\"name\":\"CETYS\",\"description\":\"\",\"potentialAction\":[{\"@type\":\"SearchAction\",\"target\":{\"@type\":\"EntryPoint\",\"urlTemplate\":\"https:\\\/\\\/www.cetys.mx\\\/noticias\\\/?s={search_term_string}\"},\"query-input\":{\"@type\":\"PropertyValueSpecification\",\"valueRequired\":true,\"valueName\":\"search_term_string\"}}],\"inLanguage\":\"es\"},{\"@type\":\"Person\",\"@id\":\"https:\\\/\\\/www.cetys.mx\\\/noticias\\\/#\\\/schema\\\/person\\\/79a95c4ac185f3705cf1b9c9340a5f70\",\"name\":\"Campus Mexicali\",\"url\":\"https:\\\/\\\/www.cetys.mx\\\/noticias\\\/author\\\/campusmexicali\\\/\"}]}<\/script>\n<!-- \/ Yoast SEO plugin. -->","yoast_head_json":{"title":"D\u00eda de la Familia trae recuerdos a egresado CETYS","description":"\"Es el lugar donde debemos de juntarnos y buscarnos m\u00e1s\", dijo el egresado de Preparatoria de la generaci\u00f3n 1964 con matr\u00edcula estudiantil 0055.","robots":{"index":"index","follow":"follow","max-snippet":"max-snippet:-1","max-image-preview":"max-image-preview:large","max-video-preview":"max-video-preview:-1"},"canonical":"https:\/\/www.cetys.mx\/noticias\/dia-de-la-familia-trae-recuerdos-a-egresados-cetys\/","og_locale":"es_MX","og_type":"article","og_title":"D\u00eda de la Familia trae recuerdos a egresado CETYS","og_description":"\"Es el lugar donde debemos de juntarnos y buscarnos m\u00e1s\", dijo el egresado de Preparatoria de la generaci\u00f3n 1964 con matr\u00edcula estudiantil 0055.","og_url":"https:\/\/www.cetys.mx\/noticias\/dia-de-la-familia-trae-recuerdos-a-egresados-cetys\/","og_site_name":"CETYS","article_publisher":"https:\/\/www.facebook.com\/cetysuniversidadmxl\/","article_published_time":"2017-10-31T18:39:52+00:00","article_modified_time":"2017-10-31T18:58:27+00:00","og_image":[{"width":958,"height":637,"url":"https:\/\/www.cetys.mx\/noticias\/wp-content\/uploads\/2017\/10\/fam.jpg","type":"image\/jpeg"}],"author":"Campus Mexicali","twitter_card":"summary_large_image","twitter_creator":"@cetysuni","twitter_site":"@cetysuni","twitter_misc":{"Escrito por":"Campus Mexicali","Tiempo de lectura":"2 minutos"},"schema":{"@context":"https:\/\/schema.org","@graph":[{"@type":"Article","@id":"https:\/\/www.cetys.mx\/noticias\/dia-de-la-familia-trae-recuerdos-a-egresados-cetys\/#article","isPartOf":{"@id":"https:\/\/www.cetys.mx\/noticias\/dia-de-la-familia-trae-recuerdos-a-egresados-cetys\/"},"author":{"name":"Campus Mexicali","@id":"https:\/\/www.cetys.mx\/noticias\/#\/schema\/person\/79a95c4ac185f3705cf1b9c9340a5f70"},"headline":"D\u00eda de la Familia trae recuerdos a egresado CETYS","datePublished":"2017-10-31T18:39:52+00:00","dateModified":"2017-10-31T18:58:27+00:00","mainEntityOfPage":{"@id":"https:\/\/www.cetys.mx\/noticias\/dia-de-la-familia-trae-recuerdos-a-egresados-cetys\/"},"wordCount":483,"commentCount":0,"image":{"@id":"https:\/\/www.cetys.mx\/noticias\/dia-de-la-familia-trae-recuerdos-a-egresados-cetys\/#primaryimage"},"thumbnailUrl":"https:\/\/www.cetys.mx\/noticias\/wp-content\/uploads\/2017\/10\/fam.jpg","keywords":["Alumni","Egresados","Eventos","Familia","vocetys-top-2017-10-31"],"articleSection":["Alumni","Campus Mexicali","Portada","VoCETYS"],"inLanguage":"es","potentialAction":[{"@type":"CommentAction","name":"Comment","target":["https:\/\/www.cetys.mx\/noticias\/dia-de-la-familia-trae-recuerdos-a-egresados-cetys\/#respond"]}]},{"@type":"WebPage","@id":"https:\/\/www.cetys.mx\/noticias\/dia-de-la-familia-trae-recuerdos-a-egresados-cetys\/","url":"https:\/\/www.cetys.mx\/noticias\/dia-de-la-familia-trae-recuerdos-a-egresados-cetys\/","name":"D\u00eda de la Familia trae recuerdos a egresado CETYS","isPartOf":{"@id":"https:\/\/www.cetys.mx\/noticias\/#website"},"primaryImageOfPage":{"@id":"https:\/\/www.cetys.mx\/noticias\/dia-de-la-familia-trae-recuerdos-a-egresados-cetys\/#primaryimage"},"image":{"@id":"https:\/\/www.cetys.mx\/noticias\/dia-de-la-familia-trae-recuerdos-a-egresados-cetys\/#primaryimage"},"thumbnailUrl":"https:\/\/www.cetys.mx\/noticias\/wp-content\/uploads\/2017\/10\/fam.jpg","datePublished":"2017-10-31T18:39:52+00:00","dateModified":"2017-10-31T18:58:27+00:00","author":{"@id":"https:\/\/www.cetys.mx\/noticias\/#\/schema\/person\/79a95c4ac185f3705cf1b9c9340a5f70"},"description":"\"Es el lugar donde debemos de juntarnos y buscarnos m\u00e1s\", dijo el egresado de Preparatoria de la generaci\u00f3n 1964 con matr\u00edcula estudiantil 0055.","breadcrumb":{"@id":"https:\/\/www.cetys.mx\/noticias\/dia-de-la-familia-trae-recuerdos-a-egresados-cetys\/#breadcrumb"},"inLanguage":"es","potentialAction":[{"@type":"ReadAction","target":["https:\/\/www.cetys.mx\/noticias\/dia-de-la-familia-trae-recuerdos-a-egresados-cetys\/"]}]},{"@type":"ImageObject","inLanguage":"es","@id":"https:\/\/www.cetys.mx\/noticias\/dia-de-la-familia-trae-recuerdos-a-egresados-cetys\/#primaryimage","url":"https:\/\/www.cetys.mx\/noticias\/wp-content\/uploads\/2017\/10\/fam.jpg","contentUrl":"https:\/\/www.cetys.mx\/noticias\/wp-content\/uploads\/2017\/10\/fam.jpg","width":958,"height":637,"caption":"egresado"},{"@type":"BreadcrumbList","@id":"https:\/\/www.cetys.mx\/noticias\/dia-de-la-familia-trae-recuerdos-a-egresados-cetys\/#breadcrumb","itemListElement":[{"@type":"ListItem","position":1,"name":"Inicio","item":"https:\/\/www.cetys.mx\/noticias\/"},{"@type":"ListItem","position":2,"name":"D\u00eda de la Familia trae recuerdos a egresado CETYS"}]},{"@type":"WebSite","@id":"https:\/\/www.cetys.mx\/noticias\/#website","url":"https:\/\/www.cetys.mx\/noticias\/","name":"CETYS","description":"","potentialAction":[{"@type":"SearchAction","target":{"@type":"EntryPoint","urlTemplate":"https:\/\/www.cetys.mx\/noticias\/?s={search_term_string}"},"query-input":{"@type":"PropertyValueSpecification","valueRequired":true,"valueName":"search_term_string"}}],"inLanguage":"es"},{"@type":"Person","@id":"https:\/\/www.cetys.mx\/noticias\/#\/schema\/person\/79a95c4ac185f3705cf1b9c9340a5f70","name":"Campus Mexicali","url":"https:\/\/www.cetys.mx\/noticias\/author\/campusmexicali\/"}]}},"_links":{"self":[{"href":"https:\/\/www.cetys.mx\/noticias\/wp-json\/wp\/v2\/posts\/76662","targetHints":{"allow":["GET"]}}],"collection":[{"href":"https:\/\/www.cetys.mx\/noticias\/wp-json\/wp\/v2\/posts"}],"about":[{"href":"https:\/\/www.cetys.mx\/noticias\/wp-json\/wp\/v2\/types\/post"}],"author":[{"embeddable":true,"href":"https:\/\/www.cetys.mx\/noticias\/wp-json\/wp\/v2\/users\/20"}],"replies":[{"embeddable":true,"href":"https:\/\/www.cetys.mx\/noticias\/wp-json\/wp\/v2\/comments?post=76662"}],"version-history":[{"count":0,"href":"https:\/\/www.cetys.mx\/noticias\/wp-json\/wp\/v2\/posts\/76662\/revisions"}],"wp:featuredmedia":[{"embeddable":true,"href":"https:\/\/www.cetys.mx\/noticias\/wp-json\/wp\/v2\/media\/76675"}],"wp:attachment":[{"href":"https:\/\/www.cetys.mx\/noticias\/wp-json\/wp\/v2\/media?parent=76662"}],"wp:term":[{"taxonomy":"category","embeddable":true,"href":"https:\/\/www.cetys.mx\/noticias\/wp-json\/wp\/v2\/categories?post=76662"},{"taxonomy":"post_tag","embeddable":true,"href":"https:\/\/www.cetys.mx\/noticias\/wp-json\/wp\/v2\/tags?post=76662"}],"curies":[{"name":"wp","href":"https:\/\/api.w.org\/{rel}","templated":true}]}}