{"id":76310,"date":"2017-10-23T20:18:17","date_gmt":"2017-10-24T03:18:17","guid":{"rendered":"http:\/\/www.cetys.mx\/noticias\/?p=76310"},"modified":"2017-10-23T20:18:17","modified_gmt":"2017-10-24T03:18:17","slug":"fui-primer-dios-blackboard-jimenez-soto","status":"publish","type":"post","link":"https:\/\/www.cetys.mx\/noticias\/fui-primer-dios-blackboard-jimenez-soto\/","title":{"rendered":"Fui el primer dios de Blackboard: Jim\u00e9nez Soto"},"content":{"rendered":"<p><a href=\"https:\/\/www.cetys.mx\/noticias\/wp-content\/uploads\/2017\/10\/Edgar2017_20Aniversario.jpg\"><img loading=\"lazy\" decoding=\"async\" class=\"wp-image-76319 alignleft\" src=\"https:\/\/www.cetys.mx\/noticias\/wp-content\/uploads\/2017\/10\/Edgar2017_20Aniversario.jpg\" alt=\"Edgar2017_20Aniversario\" width=\"350\" height=\"467\" \/><\/a>Dos d\u00e9cadas son las que marcan la trayectoria laboral del Doctor Edgar Alonso Jim\u00e9nez Soto en CETYS. Con motivo de su reconocimiento en esta instituci\u00f3n, enmarcado en el 52 aniversario de la fundaci\u00f3n de esta universidad, Jim\u00e9nez Soto \u00a0quien funge actualmente como Coordinador Acad\u00e9mico del Programa de Maestr\u00eda en Educaci\u00f3n y Coordinador Enlace del Programa de Doctorado, adem\u00e1s de ser Profesor de Tiempo Completo en Licenciatura y Posgrado, concedi\u00f3 una entrevista al Taller de Periodismo, donde comparte los mejores pasajes de estos 20 a\u00f1os plagados de experiencias, \u00e9xitos y recuerdos.<\/p>\n<p><strong>\u00bfQu\u00e9 le aportaron sus estudios personalmente?<\/strong><\/p>\n<p>La licenciatura en Ciencias de la Educaci\u00f3n completamente el hecho, el inter\u00e9s y la motivaci\u00f3n de mi parte, por trabajar con personas, mi trabajo es completamente en la parte de la formaci\u00f3n. La maestr\u00eda en Recursos Humanos, aunque el enfoque est\u00e1 orientado en la parte empresarial, dentro de las empresas se requiere formar al personal, entonces al estar capacitando para el trabajo, est\u00e1s formando, est\u00e1s educando a la gente en actividades concretas. El doctorado me trajo por la parte del trabajo de los valores, pues es concretamente en educaci\u00f3n y valores, tema que siempre estar\u00e1 vigente.<\/p>\n<p><strong><a href=\"https:\/\/www.cetys.mx\/noticias\/wp-content\/uploads\/2017\/10\/Edgar2015_CeremoniaGraduacionDoctorado.jpg\"><img loading=\"lazy\" decoding=\"async\" class=\" wp-image-76317 alignright\" src=\"https:\/\/www.cetys.mx\/noticias\/wp-content\/uploads\/2017\/10\/Edgar2015_CeremoniaGraduacionDoctorado.jpg\" alt=\"Edgar2015_CeremoniaGraduacionDoctorado\" width=\"256\" height=\"385\" \/><\/a>\u00bfQu\u00e9 lo motivo a trabajar en CETYS?<\/strong><\/p>\n<p>Curiosamente, m\u00e1s que motivarme, hay un caso muy particular. Cuando estudiaba la carrera de Educaci\u00f3n, por all\u00e1 en 1994, entre septiembre y octubre concretamente, estuvimos haciendo un proyecto de aplicaci\u00f3n de una materia que se llamaba: Finanzas Educativas, nos toc\u00f3 en ese entonces cuando, apenas se empezaba a construir el Gimnasio que las generaciones recientes, ya conocen de manera completa. En esa ocasi\u00f3n recuerdo que un compa\u00f1ero, cuando est\u00e1bamos haciendo el trabajo, me pregunt\u00f3 si yo me ve\u00eda trabajando un d\u00eda en el CETYS, lo que le respond\u00ed fue que no me ve\u00eda trabajando en una escuela para \u201c<em>fresas<\/em>\u201d, porque la imagen que ten\u00eda en ese entonces el CETYS para la comunidad en general, es que era una escuela, s\u00ed de calidad, pero que por lo regular estudiaban personas que ven\u00edan de familia adinerada, y como nosotros \u00e9ramos de universidad p\u00fablica, pues entonces, como que no nos visualiz\u00e1bamos de esa manera. Decir: \u00bfyo trabajando en el CETYS?, \u00a1Nunca!, no voy a estar trabajando con \u201c<em>fresa\u201d<\/em>.<\/p>\n<p style=\"text-align: right;\"><a href=\"https:\/\/www.cetys.mx\/noticias\/wp-content\/uploads\/2017\/10\/Edgar1994_VisitaCETYScomoEstudiante.jpg\"><img loading=\"lazy\" decoding=\"async\" class=\"wp-image-76313 alignleft\" src=\"https:\/\/www.cetys.mx\/noticias\/wp-content\/uploads\/2017\/10\/Edgar1994_VisitaCETYScomoEstudiante.jpg\" alt=\"Edgar1994_VisitaCETYScomoEstudiante\" width=\"420\" height=\"276\" \/><\/a>Curiosamente en el 95 cuando egres\u00e9, un maestro de all\u00e1 de la escuela en donde yo estudi\u00e9, hizo su especialidad en mercadotecnia aqu\u00ed en el CETYS, \u00e9l termino su especialidad, regres\u00f3 a la facultad, concretamente en donde yo estudiaba y yo ya como egresado, recibo de \u00e9l, una llamada telef\u00f3nica, en donde me dice que solicitaban una persona para trabajar en la biblioteca, entonces la primera oportunidad de trabajo, que se me dio una vez como egresado fue aqu\u00ed en CETYS. Vine a la entrevista, ah\u00ed se me olvid\u00f3 lo que dije un a\u00f1o atr\u00e1s de trabajar para una escuela de \u201c<em>fresitas\u201d<\/em>, -dice el dicho que m\u00e1s pronto cae un hablador que un cojo-, pas\u00e9 por la entrevista y me aceptaron. Para m\u00ed fue un reto fuerte porque era trabajar concretamente un \u00e1rea nueva.<\/p>\n<p><strong>\u00bfQu\u00e9 puestos ha desempe\u00f1ado en la instituci\u00f3n?<\/strong><\/p>\n<p>Entr\u00e9 como Coordinador de Publicaciones Peri\u00f3dicas, es decir como responsable de la hemeroteca en el 95, luego en el 96 me invitan a dar clases, a nivel Licenciatura, una clase que se llamaba Teor\u00eda de la Comunicaci\u00f3n, me invit\u00f3 el Doctor Alberto G\u00e1rate quien es ahora el actual Vicerrector Acad\u00e9mico. En la biblioteca duro como Coordinador de Hemeroteca, hasta noviembre de 2002, luego el Director de Inform\u00e1tica me hace la invitaci\u00f3n de integrarme a su equipo en el \u00e1rea de Tecnolog\u00eda Educativa, y mi trabajo concretamente era capacitar a los profesores, en el uso de recursos tecnol\u00f3gicos. Cuando entro a Inform\u00e1tica, en enero de 2003, se adquiere la plataforma del Blackboard, entonces a m\u00ed me toca generar todo el despliegue en cuesti\u00f3n de capacitar a todos los profesores en el uso de Blackboard, fui de alguna manera el coordinador de la plataforma, el primer responsable, y fui el primer dios de Blackboard en la instituci\u00f3n.<\/p>\n<p><img loading=\"lazy\" decoding=\"async\" class=\"alignright\" src=\"https:\/\/www.cetys.mx\/noticias\/wp-content\/uploads\/2016\/04\/ed.jpg\" alt=\"\" width=\"412\" height=\"274\" \/>Luego me integro posteriormente al \u00e1rea de Desarrollo Curricular que estuvo a cargo del Doctor Alberto G\u00e1rate, y en su momento, despu\u00e9s, esa \u00e1rea se convirti\u00f3 en el Centro de Desarrollo y Mejoramiento Acad\u00e9mico, el cual form\u00e9 parte del 2008 al 2013 concretamente, pero ya me encargaba espec\u00edficamente del \u00e1rea de formaci\u00f3n de profesores, ya no era la formaci\u00f3n \u00fanicamente en la parte tecnol\u00f3gica, sino era la capacitaci\u00f3n en aspectos de trabajo de estrategia de ense\u00f1anza de los profesores frente a un grupo, uso de tecnolog\u00eda, entre otras cosas. Ya mi rol no era concretamente el de capacitarlos, sino tambi\u00e9n era buscar especialistas externos para ofertarles cursos y que ellos recibieran los cursos.<\/p>\n<p><a href=\"https:\/\/www.cetys.mx\/noticias\/wp-content\/uploads\/2017\/10\/EdgarCDMA2009.jpg\"><img loading=\"lazy\" decoding=\"async\" class=\" wp-image-76321 alignleft\" src=\"https:\/\/www.cetys.mx\/noticias\/wp-content\/uploads\/2017\/10\/EdgarCDMA2009.jpg\" alt=\"EdgarCDMA2009\" width=\"428\" height=\"288\" \/><\/a>En el 2006 cuando ingreso al programa de doctorado, me invita la entonces Coordinadora en Maestr\u00eda en Educaci\u00f3n, la maestra Rosa Mar\u00eda Alamadrid, a formar parte de la planta de profesores de la Maestr\u00eda en Educaci\u00f3n, entonces tambi\u00e9n fui profesor de la maestr\u00eda del 2006 hasta el 2012, y ,menciono hasta el 2012, porque en el 2013 se habr\u00e9 la oportunidad de moverme de administrativo, a ser profesor de tiempo completo, entonces ingreso a una convocatoria que se abri\u00f3 para contratar un profesor en el \u00e1rea de Ciencias Sociales y Humanidades, para cubrir precisamente la Coordinaci\u00f3n de la Maestr\u00eda en Educaci\u00f3n. De alguna manera he estado movi\u00e9ndome por diferentes \u00e1reas, inclusive actualmente, estoy formando del Consejo Consultivo Acad\u00e9mico, \u00f3rgano a nivel sistema, que representa a los profesores ante la rector\u00eda y vicerrector\u00eda acad\u00e9mica.<\/p>\n<p><strong>\u00bfTiene alguna meta, en el futuro o algo que quiera realizar, personalmente o laboralmente?<\/strong><\/p>\n<p>Hay muchos proyectos que tengo en mente, y adem\u00e1s de responsabilidades que vas formando, en mi caso con mi grado de doctor, no es solamente tener el grado, tienes la obligaci\u00f3n de que te vayas por el rumbo de la investigaci\u00f3n.<\/p>\n<p>Tambi\u00e9n, hablando a mediano plazo, deseo realizar un posdoctorado, especializarme m\u00e1s en el campo de la educaci\u00f3n. La idea es hacerlo en una estancia semestral en alguna universidad en el extranjero.<\/p>\n<p><strong><a href=\"https:\/\/www.cetys.mx\/noticias\/wp-content\/uploads\/2017\/10\/EdgarClaseDoctorado2008.jpg\"><img loading=\"lazy\" decoding=\"async\" class=\"size-full wp-image-76322 alignleft\" src=\"https:\/\/www.cetys.mx\/noticias\/wp-content\/uploads\/2017\/10\/EdgarClaseDoctorado2008.jpg\" alt=\"EdgarClaseDoctorado2008\" width=\"500\" height=\"375\" \/><\/a>\u00bfQu\u00e9 lo motiva a seguir estudiando?<\/strong><\/p>\n<p>El trabajar con los alumnos. A veces uno como profesor al inicio del semestre piensa: \u00a1h\u00edjole los chamacos!, porque son relajientos, no ponen atenci\u00f3n, pero son j\u00f3venes, al fin. Pero cuando viene el receso, cuando hay vacaciones, si necesitas\u00a0 el tener, el trabajar con ellos, de alguna manera aportar en la formaci\u00f3n, en lo que uno domina, ese granito de arena para hacer mejores profesionistas. Yo siempre les digo a mis alumnos: el d\u00eda que yo deje de dar clases va ser el d\u00eda que llegue frente al grupo y empiece a trabajar de manera mec\u00e1nica. Siempre que inicio un semestre, siempre comienzo con ese nervio natural, y tratar de responderme \u00bfC\u00f3mo vienen los estudiantes?, \u00bfQu\u00e9 inter\u00e9s tienen, que din\u00e1mica traen? El d\u00eda que no sienta ese nervio al estar frente al grupo, ese va ser el momento de decir adi\u00f3s.<\/p>\n<p><strong>\u00bfNos puede platicar alguna experiencia que haya vivido aqu\u00ed en CETYS? <\/strong><\/p>\n<p>Cuando entr\u00e9 a la Biblioteca en el 95, como primer <em>shock<\/em> que tuve, fue que me toc\u00f3 conocer la primera computadora con acceso a internet, entonces desconoc\u00eda que exist\u00eda el Internet, y cuando entro a la biblioteca, me dicen: \u201c<em>Esta m\u00e1quina que est\u00e1 aqu\u00ed con un navegador llamado Netscape te permite entrar a la red<\/em>\u201d, y yo: <em>\u00bfC\u00f3mo?, \u00bfQu\u00e9 es la red?<\/em><\/p>\n<p>Otra experiencia que me deja CETYS es, al estar en el doctorado, tuve la oportunidad de conocer Europa, viajar en dos ocasiones a Espa\u00f1a. Ya como Coordinador de la Maestr\u00eda en Educaci\u00f3n hemos tenido la experiencia de salir, tambi\u00e9n a Europa, para llevar a grupos\u00a0 de maestr\u00eda para que tomen clase.<\/p>\n<p>&nbsp;<\/p>\n<p><strong><a href=\"https:\/\/www.cetys.mx\/noticias\/wp-content\/uploads\/2017\/10\/Edgar_2007_Doctorado.jpg\"><img loading=\"lazy\" decoding=\"async\" class=\"wp-image-76312 alignright\" src=\"https:\/\/www.cetys.mx\/noticias\/wp-content\/uploads\/2017\/10\/Edgar_2007_Doctorado.jpg\" alt=\"Edgar_2007_Doctorado\" width=\"480\" height=\"361\" \/><\/a>\u00bfRecomendar\u00eda a CETYS?<\/strong><\/p>\n<p>Por supuesto que recomendar\u00eda a CETYS, mi desarrollo profesional como tal, lo he conseguido gracias a CETYS, porque ha sido mi primera y \u00fanica casa y espero que as\u00ed lo siga siendo.<\/p>\n<p style=\"text-align: left;\">Creo que CETYS es una instituci\u00f3n que dista de ser una escuela elitista, al contrario es una de las mejores y contadas universidades en M\u00e9xico privadas que abre sus puertas para que cualquiera de instituci\u00f3n p\u00fablica, pueda venir a estudiar aqu\u00ed, el hecho de ofrecer las becas que oferta, los apoyos, para que cualquiera pueda estudiar, es algo que no cualquier instituci\u00f3n hace y adem\u00e1s la calidad que tiene en la planta de profesores, en sus programas, y sus directivos, pienso que es lo que hace a CETYS grande. Aparte son de las pocas instituciones que tienen personal administrativo y de docencia que se mantenga por tanto tiempo fiel a una instituci\u00f3n<em>.<\/em><\/p>\n<p><strong><img loading=\"lazy\" decoding=\"async\" class=\"alignleft\" src=\"https:\/\/www.cetys.mx\/noticias\/\/wp-content\/uploads\/2016\/04\/ed2.jpg\" alt=\"\" width=\"361\" height=\"240\" \/>\u00bfPiensa retirase?<\/strong><\/p>\n<p>Quiz\u00e1s alejarme del sal\u00f3n de clases en el momento que ya no sienta ese nervio de trabajar con los alumnos, o que dejes de sentir esa pasi\u00f3n. Aparte de las clases, hago otras actividades, funciones de gesti\u00f3n, de administraci\u00f3n y todo eso. Me veo en el CETYS y me veo jubil\u00e1ndome del CETYS, creo que ser\u00eda algo bonito.<\/p>\n<h4><strong><em>Autor:\u00a0<\/em><\/strong><strong><em>Dalia Karina Garc\u00eda Aquino, 16 a\u00f1os, integrante de la 2da. Generaci\u00f3n del<a href=\"https:\/\/www.cetys.mx\/noticias\/tag\/tallerdeperiodismo\/\">\u00a0Taller de Periodismo<\/a>, ofertado en Preparatoria CETYS, Campus Mexicali.<\/em><\/strong><\/h4>\n","protected":false},"excerpt":{"rendered":"<p>Dos d\u00e9cadas son las que marcan la trayectoria laboral del Doctor Edgar Alonso Jim\u00e9nez Soto en CETYS. Con motivo de su reconocimiento&#8230;<\/p>\n","protected":false},"author":20,"featured_media":76311,"comment_status":"open","ping_status":"closed","sticky":false,"template":"","format":"standard","meta":{"footnotes":""},"categories":[133,318],"tags":[1104],"class_list":["post-76310","post","type-post","status-publish","format-standard","has-post-thumbnail","hentry","category-campus-mexicali","category-preparatoria","tag-tallerdeperiodismo"],"yoast_head":"<!-- This site is optimized with the Yoast SEO plugin v27.4 - https:\/\/yoast.com\/product\/yoast-seo-wordpress\/ -->\n<title>Fui el primer dios de Blackboard: Jim\u00e9nez Soto - CETYS<\/title>\n<meta name=\"description\" content=\"Articulo sobre Fui el primer dios de Blackboard: Jim\u00e9nez Soto\" \/>\n<meta name=\"robots\" content=\"index, follow, max-snippet:-1, max-image-preview:large, max-video-preview:-1\" \/>\n<link rel=\"canonical\" href=\"https:\/\/www.cetys.mx\/noticias\/fui-primer-dios-blackboard-jimenez-soto\/\" \/>\n<meta property=\"og:locale\" content=\"es_MX\" \/>\n<meta property=\"og:type\" content=\"article\" \/>\n<meta property=\"og:title\" content=\"Fui el primer dios de Blackboard: Jim\u00e9nez Soto - CETYS\" \/>\n<meta property=\"og:description\" content=\"Articulo sobre Fui el primer dios de Blackboard: Jim\u00e9nez Soto\" \/>\n<meta property=\"og:url\" content=\"https:\/\/www.cetys.mx\/noticias\/fui-primer-dios-blackboard-jimenez-soto\/\" \/>\n<meta property=\"og:site_name\" content=\"CETYS\" \/>\n<meta property=\"article:publisher\" content=\"https:\/\/www.facebook.com\/cetysuniversidadmxl\/\" \/>\n<meta property=\"article:published_time\" content=\"2017-10-24T03:18:17+00:00\" \/>\n<meta property=\"og:image\" content=\"https:\/\/www.cetys.mx\/noticias\/wp-content\/uploads\/2017\/10\/edgar.jpg\" \/>\n\t<meta property=\"og:image:width\" content=\"958\" \/>\n\t<meta property=\"og:image:height\" content=\"637\" \/>\n\t<meta property=\"og:image:type\" content=\"image\/jpeg\" \/>\n<meta name=\"author\" content=\"Campus Mexicali\" \/>\n<meta name=\"twitter:card\" content=\"summary_large_image\" \/>\n<meta name=\"twitter:creator\" content=\"@cetysuni\" \/>\n<meta name=\"twitter:site\" content=\"@cetysuni\" \/>\n<meta name=\"twitter:label1\" content=\"Escrito por\" \/>\n\t<meta name=\"twitter:data1\" content=\"Campus Mexicali\" \/>\n\t<meta name=\"twitter:label2\" content=\"Tiempo de lectura\" \/>\n\t<meta name=\"twitter:data2\" content=\"8 minutos\" \/>\n<script type=\"application\/ld+json\" class=\"yoast-schema-graph\">{\"@context\":\"https:\\\/\\\/schema.org\",\"@graph\":[{\"@type\":\"Article\",\"@id\":\"https:\\\/\\\/www.cetys.mx\\\/noticias\\\/fui-primer-dios-blackboard-jimenez-soto\\\/#article\",\"isPartOf\":{\"@id\":\"https:\\\/\\\/www.cetys.mx\\\/noticias\\\/fui-primer-dios-blackboard-jimenez-soto\\\/\"},\"author\":{\"name\":\"Campus Mexicali\",\"@id\":\"https:\\\/\\\/www.cetys.mx\\\/noticias\\\/#\\\/schema\\\/person\\\/79a95c4ac185f3705cf1b9c9340a5f70\"},\"headline\":\"Fui el primer dios de Blackboard: Jim\u00e9nez Soto\",\"datePublished\":\"2017-10-24T03:18:17+00:00\",\"mainEntityOfPage\":{\"@id\":\"https:\\\/\\\/www.cetys.mx\\\/noticias\\\/fui-primer-dios-blackboard-jimenez-soto\\\/\"},\"wordCount\":1606,\"commentCount\":0,\"image\":{\"@id\":\"https:\\\/\\\/www.cetys.mx\\\/noticias\\\/fui-primer-dios-blackboard-jimenez-soto\\\/#primaryimage\"},\"thumbnailUrl\":\"https:\\\/\\\/www.cetys.mx\\\/noticias\\\/wp-content\\\/uploads\\\/2017\\\/10\\\/edgar.jpg\",\"keywords\":[\"tallerdeperiodismo\"],\"articleSection\":[\"Campus Mexicali\",\"Preparatoria\"],\"inLanguage\":\"es\",\"potentialAction\":[{\"@type\":\"CommentAction\",\"name\":\"Comment\",\"target\":[\"https:\\\/\\\/www.cetys.mx\\\/noticias\\\/fui-primer-dios-blackboard-jimenez-soto\\\/#respond\"]}]},{\"@type\":\"WebPage\",\"@id\":\"https:\\\/\\\/www.cetys.mx\\\/noticias\\\/fui-primer-dios-blackboard-jimenez-soto\\\/\",\"url\":\"https:\\\/\\\/www.cetys.mx\\\/noticias\\\/fui-primer-dios-blackboard-jimenez-soto\\\/\",\"name\":\"Fui el primer dios de Blackboard: Jim\u00e9nez Soto - CETYS\",\"isPartOf\":{\"@id\":\"https:\\\/\\\/www.cetys.mx\\\/noticias\\\/#website\"},\"primaryImageOfPage\":{\"@id\":\"https:\\\/\\\/www.cetys.mx\\\/noticias\\\/fui-primer-dios-blackboard-jimenez-soto\\\/#primaryimage\"},\"image\":{\"@id\":\"https:\\\/\\\/www.cetys.mx\\\/noticias\\\/fui-primer-dios-blackboard-jimenez-soto\\\/#primaryimage\"},\"thumbnailUrl\":\"https:\\\/\\\/www.cetys.mx\\\/noticias\\\/wp-content\\\/uploads\\\/2017\\\/10\\\/edgar.jpg\",\"datePublished\":\"2017-10-24T03:18:17+00:00\",\"author\":{\"@id\":\"https:\\\/\\\/www.cetys.mx\\\/noticias\\\/#\\\/schema\\\/person\\\/79a95c4ac185f3705cf1b9c9340a5f70\"},\"description\":\"Articulo sobre Fui el primer dios de Blackboard: Jim\u00e9nez Soto\",\"breadcrumb\":{\"@id\":\"https:\\\/\\\/www.cetys.mx\\\/noticias\\\/fui-primer-dios-blackboard-jimenez-soto\\\/#breadcrumb\"},\"inLanguage\":\"es\",\"potentialAction\":[{\"@type\":\"ReadAction\",\"target\":[\"https:\\\/\\\/www.cetys.mx\\\/noticias\\\/fui-primer-dios-blackboard-jimenez-soto\\\/\"]}]},{\"@type\":\"ImageObject\",\"inLanguage\":\"es\",\"@id\":\"https:\\\/\\\/www.cetys.mx\\\/noticias\\\/fui-primer-dios-blackboard-jimenez-soto\\\/#primaryimage\",\"url\":\"https:\\\/\\\/www.cetys.mx\\\/noticias\\\/wp-content\\\/uploads\\\/2017\\\/10\\\/edgar.jpg\",\"contentUrl\":\"https:\\\/\\\/www.cetys.mx\\\/noticias\\\/wp-content\\\/uploads\\\/2017\\\/10\\\/edgar.jpg\",\"width\":958,\"height\":637},{\"@type\":\"BreadcrumbList\",\"@id\":\"https:\\\/\\\/www.cetys.mx\\\/noticias\\\/fui-primer-dios-blackboard-jimenez-soto\\\/#breadcrumb\",\"itemListElement\":[{\"@type\":\"ListItem\",\"position\":1,\"name\":\"Inicio\",\"item\":\"https:\\\/\\\/www.cetys.mx\\\/noticias\\\/\"},{\"@type\":\"ListItem\",\"position\":2,\"name\":\"Fui el primer dios de Blackboard: Jim\u00e9nez Soto\"}]},{\"@type\":\"WebSite\",\"@id\":\"https:\\\/\\\/www.cetys.mx\\\/noticias\\\/#website\",\"url\":\"https:\\\/\\\/www.cetys.mx\\\/noticias\\\/\",\"name\":\"CETYS\",\"description\":\"\",\"potentialAction\":[{\"@type\":\"SearchAction\",\"target\":{\"@type\":\"EntryPoint\",\"urlTemplate\":\"https:\\\/\\\/www.cetys.mx\\\/noticias\\\/?s={search_term_string}\"},\"query-input\":{\"@type\":\"PropertyValueSpecification\",\"valueRequired\":true,\"valueName\":\"search_term_string\"}}],\"inLanguage\":\"es\"},{\"@type\":\"Person\",\"@id\":\"https:\\\/\\\/www.cetys.mx\\\/noticias\\\/#\\\/schema\\\/person\\\/79a95c4ac185f3705cf1b9c9340a5f70\",\"name\":\"Campus Mexicali\",\"url\":\"https:\\\/\\\/www.cetys.mx\\\/noticias\\\/author\\\/campusmexicali\\\/\"}]}<\/script>\n<!-- \/ Yoast SEO plugin. -->","yoast_head_json":{"title":"Fui el primer dios de Blackboard: Jim\u00e9nez Soto - CETYS","description":"Articulo sobre Fui el primer dios de Blackboard: Jim\u00e9nez Soto","robots":{"index":"index","follow":"follow","max-snippet":"max-snippet:-1","max-image-preview":"max-image-preview:large","max-video-preview":"max-video-preview:-1"},"canonical":"https:\/\/www.cetys.mx\/noticias\/fui-primer-dios-blackboard-jimenez-soto\/","og_locale":"es_MX","og_type":"article","og_title":"Fui el primer dios de Blackboard: Jim\u00e9nez Soto - CETYS","og_description":"Articulo sobre Fui el primer dios de Blackboard: Jim\u00e9nez Soto","og_url":"https:\/\/www.cetys.mx\/noticias\/fui-primer-dios-blackboard-jimenez-soto\/","og_site_name":"CETYS","article_publisher":"https:\/\/www.facebook.com\/cetysuniversidadmxl\/","article_published_time":"2017-10-24T03:18:17+00:00","og_image":[{"width":958,"height":637,"url":"https:\/\/www.cetys.mx\/noticias\/wp-content\/uploads\/2017\/10\/edgar.jpg","type":"image\/jpeg"}],"author":"Campus Mexicali","twitter_card":"summary_large_image","twitter_creator":"@cetysuni","twitter_site":"@cetysuni","twitter_misc":{"Escrito por":"Campus Mexicali","Tiempo de lectura":"8 minutos"},"schema":{"@context":"https:\/\/schema.org","@graph":[{"@type":"Article","@id":"https:\/\/www.cetys.mx\/noticias\/fui-primer-dios-blackboard-jimenez-soto\/#article","isPartOf":{"@id":"https:\/\/www.cetys.mx\/noticias\/fui-primer-dios-blackboard-jimenez-soto\/"},"author":{"name":"Campus Mexicali","@id":"https:\/\/www.cetys.mx\/noticias\/#\/schema\/person\/79a95c4ac185f3705cf1b9c9340a5f70"},"headline":"Fui el primer dios de Blackboard: Jim\u00e9nez Soto","datePublished":"2017-10-24T03:18:17+00:00","mainEntityOfPage":{"@id":"https:\/\/www.cetys.mx\/noticias\/fui-primer-dios-blackboard-jimenez-soto\/"},"wordCount":1606,"commentCount":0,"image":{"@id":"https:\/\/www.cetys.mx\/noticias\/fui-primer-dios-blackboard-jimenez-soto\/#primaryimage"},"thumbnailUrl":"https:\/\/www.cetys.mx\/noticias\/wp-content\/uploads\/2017\/10\/edgar.jpg","keywords":["tallerdeperiodismo"],"articleSection":["Campus Mexicali","Preparatoria"],"inLanguage":"es","potentialAction":[{"@type":"CommentAction","name":"Comment","target":["https:\/\/www.cetys.mx\/noticias\/fui-primer-dios-blackboard-jimenez-soto\/#respond"]}]},{"@type":"WebPage","@id":"https:\/\/www.cetys.mx\/noticias\/fui-primer-dios-blackboard-jimenez-soto\/","url":"https:\/\/www.cetys.mx\/noticias\/fui-primer-dios-blackboard-jimenez-soto\/","name":"Fui el primer dios de Blackboard: Jim\u00e9nez Soto - CETYS","isPartOf":{"@id":"https:\/\/www.cetys.mx\/noticias\/#website"},"primaryImageOfPage":{"@id":"https:\/\/www.cetys.mx\/noticias\/fui-primer-dios-blackboard-jimenez-soto\/#primaryimage"},"image":{"@id":"https:\/\/www.cetys.mx\/noticias\/fui-primer-dios-blackboard-jimenez-soto\/#primaryimage"},"thumbnailUrl":"https:\/\/www.cetys.mx\/noticias\/wp-content\/uploads\/2017\/10\/edgar.jpg","datePublished":"2017-10-24T03:18:17+00:00","author":{"@id":"https:\/\/www.cetys.mx\/noticias\/#\/schema\/person\/79a95c4ac185f3705cf1b9c9340a5f70"},"description":"Articulo sobre Fui el primer dios de Blackboard: Jim\u00e9nez Soto","breadcrumb":{"@id":"https:\/\/www.cetys.mx\/noticias\/fui-primer-dios-blackboard-jimenez-soto\/#breadcrumb"},"inLanguage":"es","potentialAction":[{"@type":"ReadAction","target":["https:\/\/www.cetys.mx\/noticias\/fui-primer-dios-blackboard-jimenez-soto\/"]}]},{"@type":"ImageObject","inLanguage":"es","@id":"https:\/\/www.cetys.mx\/noticias\/fui-primer-dios-blackboard-jimenez-soto\/#primaryimage","url":"https:\/\/www.cetys.mx\/noticias\/wp-content\/uploads\/2017\/10\/edgar.jpg","contentUrl":"https:\/\/www.cetys.mx\/noticias\/wp-content\/uploads\/2017\/10\/edgar.jpg","width":958,"height":637},{"@type":"BreadcrumbList","@id":"https:\/\/www.cetys.mx\/noticias\/fui-primer-dios-blackboard-jimenez-soto\/#breadcrumb","itemListElement":[{"@type":"ListItem","position":1,"name":"Inicio","item":"https:\/\/www.cetys.mx\/noticias\/"},{"@type":"ListItem","position":2,"name":"Fui el primer dios de Blackboard: Jim\u00e9nez Soto"}]},{"@type":"WebSite","@id":"https:\/\/www.cetys.mx\/noticias\/#website","url":"https:\/\/www.cetys.mx\/noticias\/","name":"CETYS","description":"","potentialAction":[{"@type":"SearchAction","target":{"@type":"EntryPoint","urlTemplate":"https:\/\/www.cetys.mx\/noticias\/?s={search_term_string}"},"query-input":{"@type":"PropertyValueSpecification","valueRequired":true,"valueName":"search_term_string"}}],"inLanguage":"es"},{"@type":"Person","@id":"https:\/\/www.cetys.mx\/noticias\/#\/schema\/person\/79a95c4ac185f3705cf1b9c9340a5f70","name":"Campus Mexicali","url":"https:\/\/www.cetys.mx\/noticias\/author\/campusmexicali\/"}]}},"_links":{"self":[{"href":"https:\/\/www.cetys.mx\/noticias\/wp-json\/wp\/v2\/posts\/76310","targetHints":{"allow":["GET"]}}],"collection":[{"href":"https:\/\/www.cetys.mx\/noticias\/wp-json\/wp\/v2\/posts"}],"about":[{"href":"https:\/\/www.cetys.mx\/noticias\/wp-json\/wp\/v2\/types\/post"}],"author":[{"embeddable":true,"href":"https:\/\/www.cetys.mx\/noticias\/wp-json\/wp\/v2\/users\/20"}],"replies":[{"embeddable":true,"href":"https:\/\/www.cetys.mx\/noticias\/wp-json\/wp\/v2\/comments?post=76310"}],"version-history":[{"count":0,"href":"https:\/\/www.cetys.mx\/noticias\/wp-json\/wp\/v2\/posts\/76310\/revisions"}],"wp:featuredmedia":[{"embeddable":true,"href":"https:\/\/www.cetys.mx\/noticias\/wp-json\/wp\/v2\/media\/76311"}],"wp:attachment":[{"href":"https:\/\/www.cetys.mx\/noticias\/wp-json\/wp\/v2\/media?parent=76310"}],"wp:term":[{"taxonomy":"category","embeddable":true,"href":"https:\/\/www.cetys.mx\/noticias\/wp-json\/wp\/v2\/categories?post=76310"},{"taxonomy":"post_tag","embeddable":true,"href":"https:\/\/www.cetys.mx\/noticias\/wp-json\/wp\/v2\/tags?post=76310"}],"curies":[{"name":"wp","href":"https:\/\/api.w.org\/{rel}","templated":true}]}}