{"id":75472,"date":"2017-10-06T12:10:36","date_gmt":"2017-10-06T19:10:36","guid":{"rendered":"http:\/\/www.cetys.mx\/noticias\/?p=75472"},"modified":"2017-10-10T19:02:45","modified_gmt":"2017-10-11T02:02:45","slug":"duelo-la-cumbre-en-beisbol-cetys-tijuana","status":"publish","type":"post","link":"https:\/\/www.cetys.mx\/noticias\/duelo-la-cumbre-en-beisbol-cetys-tijuana\/","title":{"rendered":"Duelo por la cumbre en beisbol para CETYS Tijuana"},"content":{"rendered":"<p><strong>CETYS Tijuana<\/strong> se mide con <strong>Red Sox<\/strong>\u00a0este <strong>7 de octubre (9:00 hrs.)<\/strong> en el <strong>Parque Camarena<\/strong>, dentro de la <strong>Liga de Beisbol Juvenil Amateur (LIJAT)<\/strong>. Con tres triunfos y una derrota hasta el momento, el estratega <strong>Luis Alonso Mendoza<\/strong> pronostica un duelo duro.<\/p>\n<p><em>\u201cEste s\u00e1bado enfrentamos a los actuales campeones y debemos jugarles con todo lo que tenemos. Es un partido importante por eso y porque se trata de ir por la cuarta victoria de la temporada. Pienso que ser\u00e1 un buen partido\u201d<\/em>, dijo el manager.<\/p>\n<p><strong>Zorros<\/strong> acaban de vencer a <strong>Galgos Tec<\/strong> por 14-9 en el <strong>Campo Tecnol\u00f3gico<\/strong> de Cd. Industrial. <strong>Abraham Almonte<\/strong>, <strong>Samuel Sixto<\/strong> y <strong>Said Soltero<\/strong> se encargaron del bateo para asegurar el resultado.<strong> Mendoza<\/strong> reconoci\u00f3 que no est\u00e1n jugando al ciento en su balance.<\/p>\n<blockquote><p><em>\u201cAhorita vamos bien, pero tenemos algunos problemas con el cuerpo de lanzadores<\/em> -puntualiza Mendoza-.<em><strong> C\u00e9sar Casta\u00f1eda<\/strong> y <strong>Jes\u00fas Verdugo<\/strong> se encuentran con algunas lesiones y no est\u00e1n al cien por ciento. Pero me gusta el esfuerzo ofensivo que ponen los muchachos\u201d.<\/em><\/p><\/blockquote>\n<div id=\"attachment_75475\" style=\"width: 965px\" class=\"wp-caption alignnone\"><a href=\"https:\/\/www.cetys.mx\/noticias\/wp-content\/uploads\/2017\/10\/DSC_0446-e1507316681776.jpg\"><img loading=\"lazy\" decoding=\"async\" aria-describedby=\"caption-attachment-75475\" class=\"size-full wp-image-75475\" src=\"https:\/\/www.cetys.mx\/noticias\/wp-content\/uploads\/2017\/10\/DSC_0446-e1507316681776.jpg\" alt=\"Acaban de derrotar a Galgos Tec en la Liga Juvenil Amateur (LIJAT). \" width=\"955\" height=\"637\" \/><\/a><p id=\"caption-attachment-75475\" class=\"wp-caption-text\">Acaban de derrotar a Galgos Tec en la Liga Juvenil Amateur (LIJAT).<\/p><\/div>\n<p>En cuanto a <strong>Ismael Pe\u00f1a<\/strong>, el timonel aclar\u00f3\u00a0 que termin\u00f3 su ciclo con el equipo por reglamento de edades de la <strong>LIJAT<\/strong>. Est\u00e1 agradecido por lo que aport\u00f3 a <strong>Zorros Tijuana<\/strong> y le desea \u00e9xito en su actual proyecto.<\/p>\n<p><em>\u201cPena ya cumpli\u00f3 su ciclo con nosotros, su edad ya no le permite jugar en categor\u00eda juvenil. Hizo un excelente trabajo y me parece bien c\u00f3mo le va con la Selecci\u00f3n Nacional de Softbol. Nos hace falta, la verdad\u201d, <\/em>finaliz\u00f3.<em>\u00a0<\/em><\/p>\n<p>Cabe mencionar que el equipo <em>Mayor (antes Colt)<\/em>, que participa en la <strong>Liga de Beisbol Infantil-Juvenil Municipal<\/strong> de Tijuana, tendr\u00e1 partido de preparaci\u00f3n este <strong>domingo 8 de octubre<\/strong> (13:00 hrs.) en contra de Royals; la cita es en el mismo Parque Camarena de <strong>Mesa de Otay<\/strong>.<\/p>\n<div id=\"attachment_75474\" style=\"width: 964px\" class=\"wp-caption alignnone\"><a href=\"https:\/\/www.cetys.mx\/noticias\/wp-content\/uploads\/2017\/10\/DSC_0473-e1507316208634.jpg\"><img loading=\"lazy\" decoding=\"async\" aria-describedby=\"caption-attachment-75474\" class=\"size-full wp-image-75474\" src=\"https:\/\/www.cetys.mx\/noticias\/wp-content\/uploads\/2017\/10\/DSC_0473-e1507316208634.jpg\" alt=\"Zorros Tijuana marcha con marca de 3-1 en la temporada.\" width=\"954\" height=\"637\" \/><\/a><p id=\"caption-attachment-75474\" class=\"wp-caption-text\">Zorros Tijuana marcha con marca de 3-1 en la temporada.<\/p><\/div>\n","protected":false},"excerpt":{"rendered":"<p>CETYS Tijuana se mide con Red Sox\u00a0este 7 de octubre (9:00 hrs.) en el Parque Camarena, dentro de la Liga de Beisbol&#8230;<\/p>\n","protected":false},"author":24,"featured_media":75476,"comment_status":"open","ping_status":"closed","sticky":false,"template":"","format":"standard","meta":{"footnotes":""},"categories":[134,312,131,318,306,313],"tags":[1753,234,297,233,1734,1754,621,721,1756],"class_list":["post-75472","post","type-post","status-publish","format-standard","has-post-thumbnail","hentry","category-campus-tijuana","category-deportes","category-eventos","category-preparatoria","category-profesional","category-vocetys-2","tag-alonso-mendoza","tag-beisbol","tag-campus-tijuana","tag-deportes","tag-ismael-pena","tag-lijat","tag-softbol","tag-vida-estudiantil","tag-vocetys-2017-10-09","univesidades-cetys-campus-tijuana"],"yoast_head":"<!-- This site is optimized with the Yoast SEO plugin v27.4 - https:\/\/yoast.com\/product\/yoast-seo-wordpress\/ -->\n<title>Duelo por la cumbre en beisbol para CETYS Tijuana - CETYS<\/title>\n<meta name=\"description\" content=\"Articulo sobre Duelo por la cumbre en beisbol para CETYS Tijuana\" \/>\n<meta name=\"robots\" content=\"index, follow, max-snippet:-1, max-image-preview:large, max-video-preview:-1\" \/>\n<link rel=\"canonical\" href=\"https:\/\/www.cetys.mx\/noticias\/duelo-la-cumbre-en-beisbol-cetys-tijuana\/\" \/>\n<meta property=\"og:locale\" content=\"es_MX\" \/>\n<meta property=\"og:type\" content=\"article\" \/>\n<meta property=\"og:title\" content=\"Duelo por la cumbre en beisbol para CETYS Tijuana - CETYS\" \/>\n<meta property=\"og:description\" content=\"Articulo sobre Duelo por la cumbre en beisbol para CETYS Tijuana\" \/>\n<meta property=\"og:url\" content=\"https:\/\/www.cetys.mx\/noticias\/duelo-la-cumbre-en-beisbol-cetys-tijuana\/\" \/>\n<meta property=\"og:site_name\" content=\"CETYS\" \/>\n<meta property=\"article:publisher\" content=\"https:\/\/www.facebook.com\/cetysuniversidadmxl\/\" \/>\n<meta property=\"article:published_time\" content=\"2017-10-06T19:10:36+00:00\" \/>\n<meta property=\"article:modified_time\" content=\"2017-10-11T02:02:45+00:00\" \/>\n<meta property=\"og:image\" content=\"https:\/\/www.cetys.mx\/noticias\/wp-content\/uploads\/2017\/10\/DSC_0437-e1507316774637.jpg\" \/>\n\t<meta property=\"og:image:width\" content=\"955\" \/>\n\t<meta property=\"og:image:height\" content=\"637\" \/>\n\t<meta property=\"og:image:type\" content=\"image\/jpeg\" \/>\n<meta name=\"author\" content=\"Campus Tijuana\" \/>\n<meta name=\"twitter:card\" content=\"summary_large_image\" \/>\n<meta name=\"twitter:creator\" content=\"@cetysuni\" \/>\n<meta name=\"twitter:site\" content=\"@cetysuni\" \/>\n<meta name=\"twitter:label1\" content=\"Escrito por\" \/>\n\t<meta name=\"twitter:data1\" content=\"Campus Tijuana\" \/>\n\t<meta name=\"twitter:label2\" content=\"Tiempo de lectura\" \/>\n\t<meta name=\"twitter:data2\" content=\"2 minutos\" \/>\n<script type=\"application\/ld+json\" class=\"yoast-schema-graph\">{\"@context\":\"https:\\\/\\\/schema.org\",\"@graph\":[{\"@type\":\"Article\",\"@id\":\"https:\\\/\\\/www.cetys.mx\\\/noticias\\\/duelo-la-cumbre-en-beisbol-cetys-tijuana\\\/#article\",\"isPartOf\":{\"@id\":\"https:\\\/\\\/www.cetys.mx\\\/noticias\\\/duelo-la-cumbre-en-beisbol-cetys-tijuana\\\/\"},\"author\":{\"name\":\"Campus Tijuana\",\"@id\":\"https:\\\/\\\/www.cetys.mx\\\/noticias\\\/#\\\/schema\\\/person\\\/e790051ce60e18ae47cfa87011c8653f\"},\"headline\":\"Duelo por la cumbre en beisbol para CETYS Tijuana\",\"datePublished\":\"2017-10-06T19:10:36+00:00\",\"dateModified\":\"2017-10-11T02:02:45+00:00\",\"mainEntityOfPage\":{\"@id\":\"https:\\\/\\\/www.cetys.mx\\\/noticias\\\/duelo-la-cumbre-en-beisbol-cetys-tijuana\\\/\"},\"wordCount\":348,\"commentCount\":0,\"image\":{\"@id\":\"https:\\\/\\\/www.cetys.mx\\\/noticias\\\/duelo-la-cumbre-en-beisbol-cetys-tijuana\\\/#primaryimage\"},\"thumbnailUrl\":\"https:\\\/\\\/www.cetys.mx\\\/noticias\\\/wp-content\\\/uploads\\\/2017\\\/10\\\/DSC_0437-e1507316774637.jpg\",\"keywords\":[\"Alonso Mendoza\",\"beisbol\",\"Campus Tijuana\",\"Deportes\",\"Ismael Pe\u00f1a\",\"LIJAT\",\"Softbol\",\"Vida Estudiantil\",\"vocetys-2017-10-09\"],\"articleSection\":[\"Campus Tijuana\",\"Deportes\",\"Eventos\",\"Preparatoria\",\"Profesional\",\"VoCETYS\"],\"inLanguage\":\"es\",\"potentialAction\":[{\"@type\":\"CommentAction\",\"name\":\"Comment\",\"target\":[\"https:\\\/\\\/www.cetys.mx\\\/noticias\\\/duelo-la-cumbre-en-beisbol-cetys-tijuana\\\/#respond\"]}]},{\"@type\":\"WebPage\",\"@id\":\"https:\\\/\\\/www.cetys.mx\\\/noticias\\\/duelo-la-cumbre-en-beisbol-cetys-tijuana\\\/\",\"url\":\"https:\\\/\\\/www.cetys.mx\\\/noticias\\\/duelo-la-cumbre-en-beisbol-cetys-tijuana\\\/\",\"name\":\"Duelo por la cumbre en beisbol para CETYS Tijuana - CETYS\",\"isPartOf\":{\"@id\":\"https:\\\/\\\/www.cetys.mx\\\/noticias\\\/#website\"},\"primaryImageOfPage\":{\"@id\":\"https:\\\/\\\/www.cetys.mx\\\/noticias\\\/duelo-la-cumbre-en-beisbol-cetys-tijuana\\\/#primaryimage\"},\"image\":{\"@id\":\"https:\\\/\\\/www.cetys.mx\\\/noticias\\\/duelo-la-cumbre-en-beisbol-cetys-tijuana\\\/#primaryimage\"},\"thumbnailUrl\":\"https:\\\/\\\/www.cetys.mx\\\/noticias\\\/wp-content\\\/uploads\\\/2017\\\/10\\\/DSC_0437-e1507316774637.jpg\",\"datePublished\":\"2017-10-06T19:10:36+00:00\",\"dateModified\":\"2017-10-11T02:02:45+00:00\",\"author\":{\"@id\":\"https:\\\/\\\/www.cetys.mx\\\/noticias\\\/#\\\/schema\\\/person\\\/e790051ce60e18ae47cfa87011c8653f\"},\"description\":\"Articulo sobre Duelo por la cumbre en beisbol para CETYS Tijuana\",\"breadcrumb\":{\"@id\":\"https:\\\/\\\/www.cetys.mx\\\/noticias\\\/duelo-la-cumbre-en-beisbol-cetys-tijuana\\\/#breadcrumb\"},\"inLanguage\":\"es\",\"potentialAction\":[{\"@type\":\"ReadAction\",\"target\":[\"https:\\\/\\\/www.cetys.mx\\\/noticias\\\/duelo-la-cumbre-en-beisbol-cetys-tijuana\\\/\"]}]},{\"@type\":\"ImageObject\",\"inLanguage\":\"es\",\"@id\":\"https:\\\/\\\/www.cetys.mx\\\/noticias\\\/duelo-la-cumbre-en-beisbol-cetys-tijuana\\\/#primaryimage\",\"url\":\"https:\\\/\\\/www.cetys.mx\\\/noticias\\\/wp-content\\\/uploads\\\/2017\\\/10\\\/DSC_0437-e1507316774637.jpg\",\"contentUrl\":\"https:\\\/\\\/www.cetys.mx\\\/noticias\\\/wp-content\\\/uploads\\\/2017\\\/10\\\/DSC_0437-e1507316774637.jpg\",\"width\":955,\"height\":637,\"caption\":\"CETYS Tijuana - Beisbol\"},{\"@type\":\"BreadcrumbList\",\"@id\":\"https:\\\/\\\/www.cetys.mx\\\/noticias\\\/duelo-la-cumbre-en-beisbol-cetys-tijuana\\\/#breadcrumb\",\"itemListElement\":[{\"@type\":\"ListItem\",\"position\":1,\"name\":\"Inicio\",\"item\":\"https:\\\/\\\/www.cetys.mx\\\/noticias\\\/\"},{\"@type\":\"ListItem\",\"position\":2,\"name\":\"Duelo por la cumbre en beisbol para CETYS Tijuana\"}]},{\"@type\":\"WebSite\",\"@id\":\"https:\\\/\\\/www.cetys.mx\\\/noticias\\\/#website\",\"url\":\"https:\\\/\\\/www.cetys.mx\\\/noticias\\\/\",\"name\":\"CETYS\",\"description\":\"\",\"potentialAction\":[{\"@type\":\"SearchAction\",\"target\":{\"@type\":\"EntryPoint\",\"urlTemplate\":\"https:\\\/\\\/www.cetys.mx\\\/noticias\\\/?s={search_term_string}\"},\"query-input\":{\"@type\":\"PropertyValueSpecification\",\"valueRequired\":true,\"valueName\":\"search_term_string\"}}],\"inLanguage\":\"es\"},{\"@type\":\"Person\",\"@id\":\"https:\\\/\\\/www.cetys.mx\\\/noticias\\\/#\\\/schema\\\/person\\\/e790051ce60e18ae47cfa87011c8653f\",\"name\":\"Campus Tijuana\",\"url\":\"https:\\\/\\\/www.cetys.mx\\\/noticias\\\/author\\\/campustijuana\\\/\"}]}<\/script>\n<!-- \/ Yoast SEO plugin. -->","yoast_head_json":{"title":"Duelo por la cumbre en beisbol para CETYS Tijuana - CETYS","description":"Articulo sobre Duelo por la cumbre en beisbol para CETYS Tijuana","robots":{"index":"index","follow":"follow","max-snippet":"max-snippet:-1","max-image-preview":"max-image-preview:large","max-video-preview":"max-video-preview:-1"},"canonical":"https:\/\/www.cetys.mx\/noticias\/duelo-la-cumbre-en-beisbol-cetys-tijuana\/","og_locale":"es_MX","og_type":"article","og_title":"Duelo por la cumbre en beisbol para CETYS Tijuana - CETYS","og_description":"Articulo sobre Duelo por la cumbre en beisbol para CETYS Tijuana","og_url":"https:\/\/www.cetys.mx\/noticias\/duelo-la-cumbre-en-beisbol-cetys-tijuana\/","og_site_name":"CETYS","article_publisher":"https:\/\/www.facebook.com\/cetysuniversidadmxl\/","article_published_time":"2017-10-06T19:10:36+00:00","article_modified_time":"2017-10-11T02:02:45+00:00","og_image":[{"width":955,"height":637,"url":"https:\/\/www.cetys.mx\/noticias\/wp-content\/uploads\/2017\/10\/DSC_0437-e1507316774637.jpg","type":"image\/jpeg"}],"author":"Campus Tijuana","twitter_card":"summary_large_image","twitter_creator":"@cetysuni","twitter_site":"@cetysuni","twitter_misc":{"Escrito por":"Campus Tijuana","Tiempo de lectura":"2 minutos"},"schema":{"@context":"https:\/\/schema.org","@graph":[{"@type":"Article","@id":"https:\/\/www.cetys.mx\/noticias\/duelo-la-cumbre-en-beisbol-cetys-tijuana\/#article","isPartOf":{"@id":"https:\/\/www.cetys.mx\/noticias\/duelo-la-cumbre-en-beisbol-cetys-tijuana\/"},"author":{"name":"Campus Tijuana","@id":"https:\/\/www.cetys.mx\/noticias\/#\/schema\/person\/e790051ce60e18ae47cfa87011c8653f"},"headline":"Duelo por la cumbre en beisbol para CETYS Tijuana","datePublished":"2017-10-06T19:10:36+00:00","dateModified":"2017-10-11T02:02:45+00:00","mainEntityOfPage":{"@id":"https:\/\/www.cetys.mx\/noticias\/duelo-la-cumbre-en-beisbol-cetys-tijuana\/"},"wordCount":348,"commentCount":0,"image":{"@id":"https:\/\/www.cetys.mx\/noticias\/duelo-la-cumbre-en-beisbol-cetys-tijuana\/#primaryimage"},"thumbnailUrl":"https:\/\/www.cetys.mx\/noticias\/wp-content\/uploads\/2017\/10\/DSC_0437-e1507316774637.jpg","keywords":["Alonso Mendoza","beisbol","Campus Tijuana","Deportes","Ismael Pe\u00f1a","LIJAT","Softbol","Vida Estudiantil","vocetys-2017-10-09"],"articleSection":["Campus Tijuana","Deportes","Eventos","Preparatoria","Profesional","VoCETYS"],"inLanguage":"es","potentialAction":[{"@type":"CommentAction","name":"Comment","target":["https:\/\/www.cetys.mx\/noticias\/duelo-la-cumbre-en-beisbol-cetys-tijuana\/#respond"]}]},{"@type":"WebPage","@id":"https:\/\/www.cetys.mx\/noticias\/duelo-la-cumbre-en-beisbol-cetys-tijuana\/","url":"https:\/\/www.cetys.mx\/noticias\/duelo-la-cumbre-en-beisbol-cetys-tijuana\/","name":"Duelo por la cumbre en beisbol para CETYS Tijuana - CETYS","isPartOf":{"@id":"https:\/\/www.cetys.mx\/noticias\/#website"},"primaryImageOfPage":{"@id":"https:\/\/www.cetys.mx\/noticias\/duelo-la-cumbre-en-beisbol-cetys-tijuana\/#primaryimage"},"image":{"@id":"https:\/\/www.cetys.mx\/noticias\/duelo-la-cumbre-en-beisbol-cetys-tijuana\/#primaryimage"},"thumbnailUrl":"https:\/\/www.cetys.mx\/noticias\/wp-content\/uploads\/2017\/10\/DSC_0437-e1507316774637.jpg","datePublished":"2017-10-06T19:10:36+00:00","dateModified":"2017-10-11T02:02:45+00:00","author":{"@id":"https:\/\/www.cetys.mx\/noticias\/#\/schema\/person\/e790051ce60e18ae47cfa87011c8653f"},"description":"Articulo sobre Duelo por la cumbre en beisbol para CETYS Tijuana","breadcrumb":{"@id":"https:\/\/www.cetys.mx\/noticias\/duelo-la-cumbre-en-beisbol-cetys-tijuana\/#breadcrumb"},"inLanguage":"es","potentialAction":[{"@type":"ReadAction","target":["https:\/\/www.cetys.mx\/noticias\/duelo-la-cumbre-en-beisbol-cetys-tijuana\/"]}]},{"@type":"ImageObject","inLanguage":"es","@id":"https:\/\/www.cetys.mx\/noticias\/duelo-la-cumbre-en-beisbol-cetys-tijuana\/#primaryimage","url":"https:\/\/www.cetys.mx\/noticias\/wp-content\/uploads\/2017\/10\/DSC_0437-e1507316774637.jpg","contentUrl":"https:\/\/www.cetys.mx\/noticias\/wp-content\/uploads\/2017\/10\/DSC_0437-e1507316774637.jpg","width":955,"height":637,"caption":"CETYS Tijuana - Beisbol"},{"@type":"BreadcrumbList","@id":"https:\/\/www.cetys.mx\/noticias\/duelo-la-cumbre-en-beisbol-cetys-tijuana\/#breadcrumb","itemListElement":[{"@type":"ListItem","position":1,"name":"Inicio","item":"https:\/\/www.cetys.mx\/noticias\/"},{"@type":"ListItem","position":2,"name":"Duelo por la cumbre en beisbol para CETYS Tijuana"}]},{"@type":"WebSite","@id":"https:\/\/www.cetys.mx\/noticias\/#website","url":"https:\/\/www.cetys.mx\/noticias\/","name":"CETYS","description":"","potentialAction":[{"@type":"SearchAction","target":{"@type":"EntryPoint","urlTemplate":"https:\/\/www.cetys.mx\/noticias\/?s={search_term_string}"},"query-input":{"@type":"PropertyValueSpecification","valueRequired":true,"valueName":"search_term_string"}}],"inLanguage":"es"},{"@type":"Person","@id":"https:\/\/www.cetys.mx\/noticias\/#\/schema\/person\/e790051ce60e18ae47cfa87011c8653f","name":"Campus Tijuana","url":"https:\/\/www.cetys.mx\/noticias\/author\/campustijuana\/"}]}},"_links":{"self":[{"href":"https:\/\/www.cetys.mx\/noticias\/wp-json\/wp\/v2\/posts\/75472","targetHints":{"allow":["GET"]}}],"collection":[{"href":"https:\/\/www.cetys.mx\/noticias\/wp-json\/wp\/v2\/posts"}],"about":[{"href":"https:\/\/www.cetys.mx\/noticias\/wp-json\/wp\/v2\/types\/post"}],"author":[{"embeddable":true,"href":"https:\/\/www.cetys.mx\/noticias\/wp-json\/wp\/v2\/users\/24"}],"replies":[{"embeddable":true,"href":"https:\/\/www.cetys.mx\/noticias\/wp-json\/wp\/v2\/comments?post=75472"}],"version-history":[{"count":0,"href":"https:\/\/www.cetys.mx\/noticias\/wp-json\/wp\/v2\/posts\/75472\/revisions"}],"wp:featuredmedia":[{"embeddable":true,"href":"https:\/\/www.cetys.mx\/noticias\/wp-json\/wp\/v2\/media\/75476"}],"wp:attachment":[{"href":"https:\/\/www.cetys.mx\/noticias\/wp-json\/wp\/v2\/media?parent=75472"}],"wp:term":[{"taxonomy":"category","embeddable":true,"href":"https:\/\/www.cetys.mx\/noticias\/wp-json\/wp\/v2\/categories?post=75472"},{"taxonomy":"post_tag","embeddable":true,"href":"https:\/\/www.cetys.mx\/noticias\/wp-json\/wp\/v2\/tags?post=75472"}],"curies":[{"name":"wp","href":"https:\/\/api.w.org\/{rel}","templated":true}]}}