{"id":75311,"date":"2017-10-03T12:57:34","date_gmt":"2017-10-03T19:57:34","guid":{"rendered":"http:\/\/www.cetys.mx\/noticias\/?p=75311"},"modified":"2017-10-10T19:02:46","modified_gmt":"2017-10-11T02:02:46","slug":"ismael-pena-panam-softbol","status":"publish","type":"post","link":"https:\/\/www.cetys.mx\/noticias\/ismael-pena-panam-softbol\/","title":{"rendered":"Ismael Pe\u00f1a regresa contento del Panamericano de S\u00f3ftbol"},"content":{"rendered":"<p><strong>Ismael Pe\u00f1a<\/strong> ha regresado a las aulas de<strong> CETYS Universidad Campus Tijuana<\/strong>, luego de representar a <strong>M\u00e9xico<\/strong> en el <strong>X Campeonato Panamericano de Softbol Varonil<\/strong> en <strong>Santo Domingo<\/strong>, <strong>Rep. Dominicana<\/strong>.<\/p>\n<p><em>\u201cFue una buena experiencia. Fue un torneo muy dif\u00edcil porque hubo clasificaciones para <strong><a href=\"https:\/\/barranquilla2018.com\">Juegos Centroamericanos (y del Caribe)<\/a><\/strong>, <strong><a href=\"https:\/\/www.lima2019.org\/\">Juegos Panamericanos<\/a><\/strong> y <strong><a href=\"https:\/\/www.wbsc.org\/\u200e\">Copa Mundial<\/a><\/strong>. Con el equipo muy unido, se dieron los resultados\u201d<\/em>, dijo el pelotero tijuanense.<\/p>\n<p>El torneo fue del 14 al 25 de septiembre con 16 selecciones nacionales. <strong>M\u00e9xico<\/strong> compiti\u00f3 primero en el Grupo B con los siguientes rivales: Canad\u00e1, Panam\u00e1, Bahamas, Argentina, Guatemala, Belice y Costa Rica.<\/p>\n<div id=\"attachment_75316\" style=\"width: 610px\" class=\"wp-caption alignnone\"><a href=\"https:\/\/www.cetys.mx\/noticias\/wp-content\/uploads\/2017\/10\/22089864_966841646788695_6415261679309156251_n.jpg\"><img loading=\"lazy\" decoding=\"async\" aria-describedby=\"caption-attachment-75316\" class=\"size-full wp-image-75316\" src=\"https:\/\/www.cetys.mx\/noticias\/wp-content\/uploads\/2017\/10\/22089864_966841646788695_6415261679309156251_n.jpg\" alt=\"Exitosa experiencia en Santo Domingo.\" width=\"600\" height=\"450\" \/><\/a><p id=\"caption-attachment-75316\" class=\"wp-caption-text\">Exitosa experiencia en Santo Domingo.<\/p><\/div>\n<p>Superando con \u00e9xito la ronda inicial, <strong>M\u00e9xico<\/strong> continu\u00f3 con buen paso hasta conseguir el triple boleto, finalizando en segundo lugar del certamen. Pe\u00f1a y compa\u00f1eros derrotaron a Canad\u00e1 por 7-6 para alcanzar el m\u00faltiple objetivo.<\/p>\n<p>\u201cFue mi segundo torneo oficial con la Selecci\u00f3n \u2013agreg\u00f3 <strong>Pe\u00f1a<\/strong>-. En el primero permanec\u00ed en la banca, ahora fui titular. Se dieron las cosas al batear constantemente, me toc\u00f3 hacer la atrapada final y hasta me llamaron al equipo ideal del torneo\u201d.<\/p>\n<blockquote><p><strong>Ismael Pe\u00f1a<\/strong>, estudiante de administraci\u00f3n de empresas, tuvo promedio de 0.500 con 10 imparables (3 cuadrangulares), 9 carreras impulsadas y 8 anotadas.<\/p><\/blockquote>\n<p>Fue uno de seis softbolistas bajacalifornianos en el equipo nacional; la lista incluye a Alejandro Garc\u00eda, \u00c9dgar L\u00f3pez, C\u00e9sar Rodr\u00edguez, Antonio Gonz\u00e1lez y Alan Salgado.<\/p>\n<div id=\"attachment_75320\" style=\"width: 956px\" class=\"wp-caption alignnone\"><a href=\"https:\/\/www.cetys.mx\/noticias\/wp-content\/uploads\/2017\/10\/Ismael-Pe\u00f1a-CETYS-Tijuana1-e1507061312697.jpg\"><img loading=\"lazy\" decoding=\"async\" aria-describedby=\"caption-attachment-75320\" class=\"size-full wp-image-75320\" src=\"https:\/\/www.cetys.mx\/noticias\/wp-content\/uploads\/2017\/10\/Ismael-Pe\u00f1a-CETYS-Tijuana1-e1507061312697.jpg\" alt=\"Estudia licenciatura en administraci\u00f3n de empresas.\" width=\"946\" height=\"637\" \/><\/a><p id=\"caption-attachment-75320\" class=\"wp-caption-text\">Estudia licenciatura en administraci\u00f3n de empresas.<\/p><\/div>\n<p>Adem\u00e1s de reportarse otra vez con el estratega <strong>Alonso Mendoza<\/strong> en el equipo de<strong> beisbol<\/strong>, hace lo mismo con sus materias.<\/p>\n<blockquote><p>\u201cVamos bien en la escuela. S\u00e9 que debo ponerme al corriente con algunas asignaturas, pero lo har\u00e9. Agradezco el apoyo y comprensi\u00f3n de los maestros\u201d, concluy\u00f3.<\/p><\/blockquote>\n<p><strong>Juegos Centroamericanos y del Caribe<\/strong> ser\u00e1n del 19 de julio al 3 de agosto de 2018 en <strong>Barranquilla, Colombia<\/strong>. Del 26 de julio al 11 de agosto de 2019, <strong>Juegos Panamericanos<\/strong> en <strong>Lima, Per\u00fa<\/strong>.<\/p>\n<p><strong>Praga, Rep. Checa<\/strong>, albergar\u00e1 el <strong>Campeonato Mundial WBSC Varonil<\/strong> en el verano del mismo a\u00f1o.<\/p>\n<div id=\"attachment_75315\" style=\"width: 859px\" class=\"wp-caption alignnone\"><a href=\"https:\/\/www.cetys.mx\/noticias\/wp-content\/uploads\/2017\/10\/21587095_1606074369431639_1276178831436085829_o-e1507060428524.jpg\"><img loading=\"lazy\" decoding=\"async\" aria-describedby=\"caption-attachment-75315\" class=\"size-full wp-image-75315\" src=\"https:\/\/www.cetys.mx\/noticias\/wp-content\/uploads\/2017\/10\/21587095_1606074369431639_1276178831436085829_o-e1507060428524.jpg\" alt=\"Fue uno de seis bajacalifornianos en el clasificatorio continental.\" width=\"849\" height=\"637\" \/><\/a><p id=\"caption-attachment-75315\" class=\"wp-caption-text\">Fue uno de seis bajacalifornianos en el clasificatorio continental.<\/p><\/div>\n<p>&nbsp;<\/p>\n","protected":false},"excerpt":{"rendered":"<p>Ismael Pe\u00f1a ha regresado a las aulas de CETYS Universidad Campus Tijuana, luego de representar a M\u00e9xico en el X Campeonato Panamericano&#8230;<\/p>\n","protected":false},"author":24,"featured_media":75393,"comment_status":"open","ping_status":"closed","sticky":false,"template":"","format":"standard","meta":{"footnotes":""},"categories":[134,312,125,306,105,313],"tags":[1736,234,297,1734,1737,1735,621,1745,1738],"class_list":["post-75311","post","type-post","status-publish","format-standard","has-post-thumbnail","hentry","category-campus-tijuana","category-deportes","category-portada","category-profesional","category-vida-estudiantil","category-vocetys-2","tag-barranquilla-2018","tag-beisbol","tag-campus-tijuana","tag-ismael-pena","tag-lima-2019","tag-santo-domingo","tag-softbol","tag-vocetys-2017-10-06","tag-wbsc","univesidades-cetys-campus-tijuana"],"yoast_head":"<!-- This site is optimized with the Yoast SEO plugin v27.4 - https:\/\/yoast.com\/product\/yoast-seo-wordpress\/ -->\n<title>Ismael Pe\u00f1a regresa contento del Panamericano de S\u00f3ftbol - CETYS<\/title>\n<meta name=\"description\" content=\"Articulo sobre Ismael Pe\u00f1a regresa contento del Panamericano de S\u00f3ftbol\" \/>\n<meta name=\"robots\" content=\"index, follow, max-snippet:-1, max-image-preview:large, max-video-preview:-1\" \/>\n<link rel=\"canonical\" href=\"https:\/\/www.cetys.mx\/noticias\/ismael-pena-panam-softbol\/\" \/>\n<meta property=\"og:locale\" content=\"es_MX\" \/>\n<meta property=\"og:type\" content=\"article\" \/>\n<meta property=\"og:title\" content=\"Ismael Pe\u00f1a regresa contento del Panamericano de S\u00f3ftbol - CETYS\" \/>\n<meta property=\"og:description\" content=\"Articulo sobre Ismael Pe\u00f1a regresa contento del Panamericano de S\u00f3ftbol\" \/>\n<meta property=\"og:url\" content=\"https:\/\/www.cetys.mx\/noticias\/ismael-pena-panam-softbol\/\" \/>\n<meta property=\"og:site_name\" content=\"CETYS\" \/>\n<meta property=\"article:publisher\" content=\"https:\/\/www.facebook.com\/cetysuniversidadmxl\/\" \/>\n<meta property=\"article:published_time\" content=\"2017-10-03T19:57:34+00:00\" \/>\n<meta property=\"article:modified_time\" content=\"2017-10-11T02:02:46+00:00\" \/>\n<meta property=\"og:image\" content=\"https:\/\/www.cetys.mx\/noticias\/wp-content\/uploads\/2017\/10\/DSC_0018-e1507093585690.jpg\" \/>\n\t<meta property=\"og:image:width\" content=\"956\" \/>\n\t<meta property=\"og:image:height\" content=\"637\" \/>\n\t<meta property=\"og:image:type\" content=\"image\/jpeg\" \/>\n<meta name=\"author\" content=\"Campus Tijuana\" \/>\n<meta name=\"twitter:card\" content=\"summary_large_image\" \/>\n<meta name=\"twitter:creator\" content=\"@cetysuni\" \/>\n<meta name=\"twitter:site\" content=\"@cetysuni\" \/>\n<meta name=\"twitter:label1\" content=\"Escrito por\" \/>\n\t<meta name=\"twitter:data1\" content=\"Campus Tijuana\" \/>\n\t<meta name=\"twitter:label2\" content=\"Tiempo de lectura\" \/>\n\t<meta name=\"twitter:data2\" content=\"2 minutos\" \/>\n<script type=\"application\/ld+json\" class=\"yoast-schema-graph\">{\"@context\":\"https:\\\/\\\/schema.org\",\"@graph\":[{\"@type\":\"Article\",\"@id\":\"https:\\\/\\\/www.cetys.mx\\\/noticias\\\/ismael-pena-panam-softbol\\\/#article\",\"isPartOf\":{\"@id\":\"https:\\\/\\\/www.cetys.mx\\\/noticias\\\/ismael-pena-panam-softbol\\\/\"},\"author\":{\"name\":\"Campus Tijuana\",\"@id\":\"https:\\\/\\\/www.cetys.mx\\\/noticias\\\/#\\\/schema\\\/person\\\/e790051ce60e18ae47cfa87011c8653f\"},\"headline\":\"Ismael Pe\u00f1a regresa contento del Panamericano de S\u00f3ftbol\",\"datePublished\":\"2017-10-03T19:57:34+00:00\",\"dateModified\":\"2017-10-11T02:02:46+00:00\",\"mainEntityOfPage\":{\"@id\":\"https:\\\/\\\/www.cetys.mx\\\/noticias\\\/ismael-pena-panam-softbol\\\/\"},\"wordCount\":379,\"commentCount\":0,\"image\":{\"@id\":\"https:\\\/\\\/www.cetys.mx\\\/noticias\\\/ismael-pena-panam-softbol\\\/#primaryimage\"},\"thumbnailUrl\":\"https:\\\/\\\/www.cetys.mx\\\/noticias\\\/wp-content\\\/uploads\\\/2017\\\/10\\\/DSC_0018-e1507093585690.jpg\",\"keywords\":[\"Barranquilla 2018\",\"beisbol\",\"Campus Tijuana\",\"Ismael Pe\u00f1a\",\"Lima 2019\",\"Santo Domingo\",\"Softbol\",\"vocetys-2017-10-06\",\"WBSC\"],\"articleSection\":[\"Campus Tijuana\",\"Deportes\",\"Portada\",\"Profesional\",\"Vida Estudiantil\",\"VoCETYS\"],\"inLanguage\":\"es\",\"potentialAction\":[{\"@type\":\"CommentAction\",\"name\":\"Comment\",\"target\":[\"https:\\\/\\\/www.cetys.mx\\\/noticias\\\/ismael-pena-panam-softbol\\\/#respond\"]}]},{\"@type\":\"WebPage\",\"@id\":\"https:\\\/\\\/www.cetys.mx\\\/noticias\\\/ismael-pena-panam-softbol\\\/\",\"url\":\"https:\\\/\\\/www.cetys.mx\\\/noticias\\\/ismael-pena-panam-softbol\\\/\",\"name\":\"Ismael Pe\u00f1a regresa contento del Panamericano de S\u00f3ftbol - CETYS\",\"isPartOf\":{\"@id\":\"https:\\\/\\\/www.cetys.mx\\\/noticias\\\/#website\"},\"primaryImageOfPage\":{\"@id\":\"https:\\\/\\\/www.cetys.mx\\\/noticias\\\/ismael-pena-panam-softbol\\\/#primaryimage\"},\"image\":{\"@id\":\"https:\\\/\\\/www.cetys.mx\\\/noticias\\\/ismael-pena-panam-softbol\\\/#primaryimage\"},\"thumbnailUrl\":\"https:\\\/\\\/www.cetys.mx\\\/noticias\\\/wp-content\\\/uploads\\\/2017\\\/10\\\/DSC_0018-e1507093585690.jpg\",\"datePublished\":\"2017-10-03T19:57:34+00:00\",\"dateModified\":\"2017-10-11T02:02:46+00:00\",\"author\":{\"@id\":\"https:\\\/\\\/www.cetys.mx\\\/noticias\\\/#\\\/schema\\\/person\\\/e790051ce60e18ae47cfa87011c8653f\"},\"description\":\"Articulo sobre Ismael Pe\u00f1a regresa contento del Panamericano de S\u00f3ftbol\",\"breadcrumb\":{\"@id\":\"https:\\\/\\\/www.cetys.mx\\\/noticias\\\/ismael-pena-panam-softbol\\\/#breadcrumb\"},\"inLanguage\":\"es\",\"potentialAction\":[{\"@type\":\"ReadAction\",\"target\":[\"https:\\\/\\\/www.cetys.mx\\\/noticias\\\/ismael-pena-panam-softbol\\\/\"]}]},{\"@type\":\"ImageObject\",\"inLanguage\":\"es\",\"@id\":\"https:\\\/\\\/www.cetys.mx\\\/noticias\\\/ismael-pena-panam-softbol\\\/#primaryimage\",\"url\":\"https:\\\/\\\/www.cetys.mx\\\/noticias\\\/wp-content\\\/uploads\\\/2017\\\/10\\\/DSC_0018-e1507093585690.jpg\",\"contentUrl\":\"https:\\\/\\\/www.cetys.mx\\\/noticias\\\/wp-content\\\/uploads\\\/2017\\\/10\\\/DSC_0018-e1507093585690.jpg\",\"width\":956,\"height\":637,\"caption\":\"Ismael Pe\u00f1a - CETYS Tijuana\"},{\"@type\":\"BreadcrumbList\",\"@id\":\"https:\\\/\\\/www.cetys.mx\\\/noticias\\\/ismael-pena-panam-softbol\\\/#breadcrumb\",\"itemListElement\":[{\"@type\":\"ListItem\",\"position\":1,\"name\":\"Inicio\",\"item\":\"https:\\\/\\\/www.cetys.mx\\\/noticias\\\/\"},{\"@type\":\"ListItem\",\"position\":2,\"name\":\"Ismael Pe\u00f1a regresa contento del Panamericano de S\u00f3ftbol\"}]},{\"@type\":\"WebSite\",\"@id\":\"https:\\\/\\\/www.cetys.mx\\\/noticias\\\/#website\",\"url\":\"https:\\\/\\\/www.cetys.mx\\\/noticias\\\/\",\"name\":\"CETYS\",\"description\":\"\",\"potentialAction\":[{\"@type\":\"SearchAction\",\"target\":{\"@type\":\"EntryPoint\",\"urlTemplate\":\"https:\\\/\\\/www.cetys.mx\\\/noticias\\\/?s={search_term_string}\"},\"query-input\":{\"@type\":\"PropertyValueSpecification\",\"valueRequired\":true,\"valueName\":\"search_term_string\"}}],\"inLanguage\":\"es\"},{\"@type\":\"Person\",\"@id\":\"https:\\\/\\\/www.cetys.mx\\\/noticias\\\/#\\\/schema\\\/person\\\/e790051ce60e18ae47cfa87011c8653f\",\"name\":\"Campus Tijuana\",\"url\":\"https:\\\/\\\/www.cetys.mx\\\/noticias\\\/author\\\/campustijuana\\\/\"}]}<\/script>\n<!-- \/ Yoast SEO plugin. -->","yoast_head_json":{"title":"Ismael Pe\u00f1a regresa contento del Panamericano de S\u00f3ftbol - CETYS","description":"Articulo sobre Ismael Pe\u00f1a regresa contento del Panamericano de S\u00f3ftbol","robots":{"index":"index","follow":"follow","max-snippet":"max-snippet:-1","max-image-preview":"max-image-preview:large","max-video-preview":"max-video-preview:-1"},"canonical":"https:\/\/www.cetys.mx\/noticias\/ismael-pena-panam-softbol\/","og_locale":"es_MX","og_type":"article","og_title":"Ismael Pe\u00f1a regresa contento del Panamericano de S\u00f3ftbol - CETYS","og_description":"Articulo sobre Ismael Pe\u00f1a regresa contento del Panamericano de S\u00f3ftbol","og_url":"https:\/\/www.cetys.mx\/noticias\/ismael-pena-panam-softbol\/","og_site_name":"CETYS","article_publisher":"https:\/\/www.facebook.com\/cetysuniversidadmxl\/","article_published_time":"2017-10-03T19:57:34+00:00","article_modified_time":"2017-10-11T02:02:46+00:00","og_image":[{"width":956,"height":637,"url":"https:\/\/www.cetys.mx\/noticias\/wp-content\/uploads\/2017\/10\/DSC_0018-e1507093585690.jpg","type":"image\/jpeg"}],"author":"Campus Tijuana","twitter_card":"summary_large_image","twitter_creator":"@cetysuni","twitter_site":"@cetysuni","twitter_misc":{"Escrito por":"Campus Tijuana","Tiempo de lectura":"2 minutos"},"schema":{"@context":"https:\/\/schema.org","@graph":[{"@type":"Article","@id":"https:\/\/www.cetys.mx\/noticias\/ismael-pena-panam-softbol\/#article","isPartOf":{"@id":"https:\/\/www.cetys.mx\/noticias\/ismael-pena-panam-softbol\/"},"author":{"name":"Campus Tijuana","@id":"https:\/\/www.cetys.mx\/noticias\/#\/schema\/person\/e790051ce60e18ae47cfa87011c8653f"},"headline":"Ismael Pe\u00f1a regresa contento del Panamericano de S\u00f3ftbol","datePublished":"2017-10-03T19:57:34+00:00","dateModified":"2017-10-11T02:02:46+00:00","mainEntityOfPage":{"@id":"https:\/\/www.cetys.mx\/noticias\/ismael-pena-panam-softbol\/"},"wordCount":379,"commentCount":0,"image":{"@id":"https:\/\/www.cetys.mx\/noticias\/ismael-pena-panam-softbol\/#primaryimage"},"thumbnailUrl":"https:\/\/www.cetys.mx\/noticias\/wp-content\/uploads\/2017\/10\/DSC_0018-e1507093585690.jpg","keywords":["Barranquilla 2018","beisbol","Campus Tijuana","Ismael Pe\u00f1a","Lima 2019","Santo Domingo","Softbol","vocetys-2017-10-06","WBSC"],"articleSection":["Campus Tijuana","Deportes","Portada","Profesional","Vida Estudiantil","VoCETYS"],"inLanguage":"es","potentialAction":[{"@type":"CommentAction","name":"Comment","target":["https:\/\/www.cetys.mx\/noticias\/ismael-pena-panam-softbol\/#respond"]}]},{"@type":"WebPage","@id":"https:\/\/www.cetys.mx\/noticias\/ismael-pena-panam-softbol\/","url":"https:\/\/www.cetys.mx\/noticias\/ismael-pena-panam-softbol\/","name":"Ismael Pe\u00f1a regresa contento del Panamericano de S\u00f3ftbol - CETYS","isPartOf":{"@id":"https:\/\/www.cetys.mx\/noticias\/#website"},"primaryImageOfPage":{"@id":"https:\/\/www.cetys.mx\/noticias\/ismael-pena-panam-softbol\/#primaryimage"},"image":{"@id":"https:\/\/www.cetys.mx\/noticias\/ismael-pena-panam-softbol\/#primaryimage"},"thumbnailUrl":"https:\/\/www.cetys.mx\/noticias\/wp-content\/uploads\/2017\/10\/DSC_0018-e1507093585690.jpg","datePublished":"2017-10-03T19:57:34+00:00","dateModified":"2017-10-11T02:02:46+00:00","author":{"@id":"https:\/\/www.cetys.mx\/noticias\/#\/schema\/person\/e790051ce60e18ae47cfa87011c8653f"},"description":"Articulo sobre Ismael Pe\u00f1a regresa contento del Panamericano de S\u00f3ftbol","breadcrumb":{"@id":"https:\/\/www.cetys.mx\/noticias\/ismael-pena-panam-softbol\/#breadcrumb"},"inLanguage":"es","potentialAction":[{"@type":"ReadAction","target":["https:\/\/www.cetys.mx\/noticias\/ismael-pena-panam-softbol\/"]}]},{"@type":"ImageObject","inLanguage":"es","@id":"https:\/\/www.cetys.mx\/noticias\/ismael-pena-panam-softbol\/#primaryimage","url":"https:\/\/www.cetys.mx\/noticias\/wp-content\/uploads\/2017\/10\/DSC_0018-e1507093585690.jpg","contentUrl":"https:\/\/www.cetys.mx\/noticias\/wp-content\/uploads\/2017\/10\/DSC_0018-e1507093585690.jpg","width":956,"height":637,"caption":"Ismael Pe\u00f1a - CETYS Tijuana"},{"@type":"BreadcrumbList","@id":"https:\/\/www.cetys.mx\/noticias\/ismael-pena-panam-softbol\/#breadcrumb","itemListElement":[{"@type":"ListItem","position":1,"name":"Inicio","item":"https:\/\/www.cetys.mx\/noticias\/"},{"@type":"ListItem","position":2,"name":"Ismael Pe\u00f1a regresa contento del Panamericano de S\u00f3ftbol"}]},{"@type":"WebSite","@id":"https:\/\/www.cetys.mx\/noticias\/#website","url":"https:\/\/www.cetys.mx\/noticias\/","name":"CETYS","description":"","potentialAction":[{"@type":"SearchAction","target":{"@type":"EntryPoint","urlTemplate":"https:\/\/www.cetys.mx\/noticias\/?s={search_term_string}"},"query-input":{"@type":"PropertyValueSpecification","valueRequired":true,"valueName":"search_term_string"}}],"inLanguage":"es"},{"@type":"Person","@id":"https:\/\/www.cetys.mx\/noticias\/#\/schema\/person\/e790051ce60e18ae47cfa87011c8653f","name":"Campus Tijuana","url":"https:\/\/www.cetys.mx\/noticias\/author\/campustijuana\/"}]}},"_links":{"self":[{"href":"https:\/\/www.cetys.mx\/noticias\/wp-json\/wp\/v2\/posts\/75311","targetHints":{"allow":["GET"]}}],"collection":[{"href":"https:\/\/www.cetys.mx\/noticias\/wp-json\/wp\/v2\/posts"}],"about":[{"href":"https:\/\/www.cetys.mx\/noticias\/wp-json\/wp\/v2\/types\/post"}],"author":[{"embeddable":true,"href":"https:\/\/www.cetys.mx\/noticias\/wp-json\/wp\/v2\/users\/24"}],"replies":[{"embeddable":true,"href":"https:\/\/www.cetys.mx\/noticias\/wp-json\/wp\/v2\/comments?post=75311"}],"version-history":[{"count":0,"href":"https:\/\/www.cetys.mx\/noticias\/wp-json\/wp\/v2\/posts\/75311\/revisions"}],"wp:featuredmedia":[{"embeddable":true,"href":"https:\/\/www.cetys.mx\/noticias\/wp-json\/wp\/v2\/media\/75393"}],"wp:attachment":[{"href":"https:\/\/www.cetys.mx\/noticias\/wp-json\/wp\/v2\/media?parent=75311"}],"wp:term":[{"taxonomy":"category","embeddable":true,"href":"https:\/\/www.cetys.mx\/noticias\/wp-json\/wp\/v2\/categories?post=75311"},{"taxonomy":"post_tag","embeddable":true,"href":"https:\/\/www.cetys.mx\/noticias\/wp-json\/wp\/v2\/tags?post=75311"}],"curies":[{"name":"wp","href":"https:\/\/api.w.org\/{rel}","templated":true}]}}