{"id":75233,"date":"2017-10-02T12:39:37","date_gmt":"2017-10-02T19:39:37","guid":{"rendered":"http:\/\/www.cetys.mx\/noticias\/?p=75233"},"modified":"2017-11-29T20:27:26","modified_gmt":"2017-11-30T04:27:26","slug":"eres-millennial-arquetipos-articulo-ti","status":"publish","type":"post","link":"https:\/\/www.cetys.mx\/noticias\/eres-millennial-arquetipos-articulo-ti\/","title":{"rendered":"\u00bfEres millennial? Arquetipos tiene un art\u00edculo para ti"},"content":{"rendered":"<p><a href=\"https:\/\/www.cetys.mx\/noticias\/wp-content\/uploads\/2017\/10\/portada-arquetipos.jpg\"><img loading=\"lazy\" decoding=\"async\" class=\"wp-image-75243 alignleft\" src=\"https:\/\/www.cetys.mx\/noticias\/wp-content\/uploads\/2017\/10\/portada-arquetipos.jpg\" alt=\"\" width=\"392\" height=\"531\" \/><\/a>La respuesta cr\u00edtica a la pregunta: \u00bfla generaci\u00f3n milenial es realmente culpable de las tragedias econ\u00f3micas y culturales o \u00e9stas son producto de la configuraci\u00f3n sociecon\u00f3mica neoliberal?, la encontrar\u00e1s en el segundo n\u00famero del a\u00f1o de <em><strong><a href=\"https:\/\/issuu.com\/revistaarquetipos\/docs\/arquetipos_43\" target=\"_blank\">Arquetipos<\/a><\/strong>, <\/em>a trav\u00e9s del texto: \u201c<strong>Los efectos del neoliberalismo en los <em>millennials<\/em><\/strong>\u201d, a cargo de Carlos Fabi\u00e1n Bautista.<\/p>\n<p><a href=\"https:\/\/www.cetys.mx\/noticias\/wp-content\/uploads\/2017\/10\/verne-arquetipos.jpg\"><img loading=\"lazy\" decoding=\"async\" class=\"wp-image-75244 alignright\" src=\"https:\/\/www.cetys.mx\/noticias\/wp-content\/uploads\/2017\/10\/verne-arquetipos.jpg\" alt=\"verne-arquetipos\" width=\"340\" height=\"206\" \/><\/a><\/p>\n<p>Adem\u00e1s, esta entrega tambi\u00e9n contempla el art\u00edculo <strong>\u201cLiderazgo y cultura: Construyendo puentes\u201d<\/strong>, de Eduardo D\u00edaz G\u00f3mez, Carlos H. Garc\u00eda Alvarado y Gerardo Israel Padilla Villarreal, quienes comparten la experiencia y los resultados de un curso que se llev\u00f3 a cabo gracias a la suma de esfuerzos de la Universidad de La Verne, en California, y CETYS Universidad.<\/p>\n<p>&nbsp;<\/p>\n<p>&nbsp;<\/p>\n<p>No olvidando que la producci\u00f3n de cerveza artesanal ha tomado un gran auge en Baja California, Abraham Uribe N\u00fa\u00f1ez nos presenta una <strong>\u201cHistoria de las cervecer\u00edas artesanales en Tijuana. Una posible agenda de investigaci\u00f3n\u201d<\/strong>, donde nos muestra c\u00f3mo \u00e9stas han cambiado \u201cla percepci\u00f3n del consumo de la cerveza a partir del abanico de posibilidades en la diversidad de sabores, ingredientes y aromas bajo los cuales se pueden llegar a constituir\u201d.<\/p>\n<p><a href=\"https:\/\/www.cetys.mx\/noticias\/wp-content\/uploads\/2017\/10\/arte-arquetipos.jpg\"><img loading=\"lazy\" decoding=\"async\" class=\"wp-image-75240 alignright\" src=\"https:\/\/www.cetys.mx\/noticias\/wp-content\/uploads\/2017\/10\/arte-arquetipos.jpg\" alt=\"arte-arquetipos\" width=\"453\" height=\"274\" \/><\/a><\/p>\n<p>La dosis cultural se hace presente con la <strong>artista<\/strong> visual invitada: <strong>Alejandra Phelts<\/strong>, mexicalense que ha participado en m\u00e1s de cuarenta exposiciones en M\u00e9xico, Estados Unidos, Europa y China, quien nos presenta muestras de su trabajo en busca de \u201csensaciones que tengan que ver con la luz, el movimiento y la esperanza\u201d.<\/p>\n<p>As\u00ed tambi\u00e9n, Marcos Heredia se suma con el <strong>cuento<\/strong> <strong>\u201cEterno, pasajero\u201d<\/strong>, una historia fant\u00e1stica donde el autor se desdobla e imagina las posibilidades de las vidas infinitas; mientras que Carlos A. Gonz\u00e1lez Palacios comparte su <strong>texto \u201cReflexi\u00f3n en torno al hombre hipermoderno\u201d<\/strong>, donde enciende una luz roja para pensar nuestra existencia <em>selfie <\/em>en busca de la empat\u00eda y la compasi\u00f3n.\u00a0Consulta <strong><a href=\"https:\/\/issuu.com\/revistaarquetipos\/docs\/arquetipos_43\">aqu\u00ed<\/a> <\/strong>el n\u00famero 43 de <em>Arquetipos<\/em>, y busca ejemplares impresos en tu campus.<\/p>\n<p><center><a href=\"https:\/\/issuu.com\/revistaarquetipos\/docs\/arquetipos_43\">https:\/\/issuu.com\/revistaarquetipos\/docs\/arquetipos_43<\/a><\/p>\n<p><\/center><\/p>\n","protected":false},"excerpt":{"rendered":"<p>La respuesta cr\u00edtica a la pregunta: \u00bfla generaci\u00f3n milenial es realmente culpable de las tragedias econ\u00f3micas y culturales o \u00e9stas son producto&#8230;<\/p>\n","protected":false},"author":26,"featured_media":75239,"comment_status":"open","ping_status":"closed","sticky":false,"template":"","format":"standard","meta":{"footnotes":""},"categories":[209],"tags":[1562],"class_list":["post-75233","post","type-post","status-publish","format-standard","has-post-thumbnail","hentry","category-institucional","tag-programa-editorial"],"yoast_head":"<!-- This site is optimized with the Yoast SEO plugin v27.4 - https:\/\/yoast.com\/product\/yoast-seo-wordpress\/ -->\n<title>\u00bfEres millennial? Arquetipos tiene un art\u00edculo para ti - CETYS<\/title>\n<meta name=\"description\" content=\"Articulo sobre \u00bfEres millennial? Arquetipos tiene un art\u00edculo para ti\" \/>\n<meta name=\"robots\" content=\"index, follow, max-snippet:-1, max-image-preview:large, max-video-preview:-1\" \/>\n<link rel=\"canonical\" href=\"https:\/\/www.cetys.mx\/noticias\/eres-millennial-arquetipos-articulo-ti\/\" \/>\n<meta property=\"og:locale\" content=\"es_MX\" \/>\n<meta property=\"og:type\" content=\"article\" \/>\n<meta property=\"og:title\" content=\"\u00bfEres millennial? Arquetipos tiene un art\u00edculo para ti - CETYS\" \/>\n<meta property=\"og:description\" content=\"Articulo sobre \u00bfEres millennial? Arquetipos tiene un art\u00edculo para ti\" \/>\n<meta property=\"og:url\" content=\"https:\/\/www.cetys.mx\/noticias\/eres-millennial-arquetipos-articulo-ti\/\" \/>\n<meta property=\"og:site_name\" content=\"CETYS\" \/>\n<meta property=\"article:publisher\" content=\"https:\/\/www.facebook.com\/cetysuniversidadmxl\/\" \/>\n<meta property=\"article:published_time\" content=\"2017-10-02T19:39:37+00:00\" \/>\n<meta property=\"article:modified_time\" content=\"2017-11-30T04:27:26+00:00\" \/>\n<meta property=\"og:image\" content=\"https:\/\/www.cetys.mx\/noticias\/wp-content\/uploads\/2017\/10\/arquetipos.jpg\" \/>\n\t<meta property=\"og:image:width\" content=\"958\" \/>\n\t<meta property=\"og:image:height\" content=\"637\" \/>\n\t<meta property=\"og:image:type\" content=\"image\/jpeg\" \/>\n<meta name=\"author\" content=\"CETYS Institucional\" \/>\n<meta name=\"twitter:card\" content=\"summary_large_image\" \/>\n<meta name=\"twitter:creator\" content=\"@cetysuni\" \/>\n<meta name=\"twitter:site\" content=\"@cetysuni\" \/>\n<meta name=\"twitter:label1\" content=\"Escrito por\" \/>\n\t<meta name=\"twitter:data1\" content=\"CETYS Institucional\" \/>\n\t<meta name=\"twitter:label2\" content=\"Tiempo de lectura\" \/>\n\t<meta name=\"twitter:data2\" content=\"2 minutos\" \/>\n<script type=\"application\/ld+json\" class=\"yoast-schema-graph\">{\"@context\":\"https:\\\/\\\/schema.org\",\"@graph\":[{\"@type\":\"Article\",\"@id\":\"https:\\\/\\\/www.cetys.mx\\\/noticias\\\/eres-millennial-arquetipos-articulo-ti\\\/#article\",\"isPartOf\":{\"@id\":\"https:\\\/\\\/www.cetys.mx\\\/noticias\\\/eres-millennial-arquetipos-articulo-ti\\\/\"},\"author\":{\"name\":\"CETYS Institucional\",\"@id\":\"https:\\\/\\\/www.cetys.mx\\\/noticias\\\/#\\\/schema\\\/person\\\/e9d2b35265b64aa454df57a2828eb2ac\"},\"headline\":\"\u00bfEres millennial? Arquetipos tiene un art\u00edculo para ti\",\"datePublished\":\"2017-10-02T19:39:37+00:00\",\"dateModified\":\"2017-11-30T04:27:26+00:00\",\"mainEntityOfPage\":{\"@id\":\"https:\\\/\\\/www.cetys.mx\\\/noticias\\\/eres-millennial-arquetipos-articulo-ti\\\/\"},\"wordCount\":356,\"commentCount\":0,\"image\":{\"@id\":\"https:\\\/\\\/www.cetys.mx\\\/noticias\\\/eres-millennial-arquetipos-articulo-ti\\\/#primaryimage\"},\"thumbnailUrl\":\"https:\\\/\\\/www.cetys.mx\\\/noticias\\\/wp-content\\\/uploads\\\/2017\\\/10\\\/arquetipos.jpg\",\"keywords\":[\"programa editorial\"],\"articleSection\":[\"Institucional\"],\"inLanguage\":\"es\",\"potentialAction\":[{\"@type\":\"CommentAction\",\"name\":\"Comment\",\"target\":[\"https:\\\/\\\/www.cetys.mx\\\/noticias\\\/eres-millennial-arquetipos-articulo-ti\\\/#respond\"]}]},{\"@type\":\"WebPage\",\"@id\":\"https:\\\/\\\/www.cetys.mx\\\/noticias\\\/eres-millennial-arquetipos-articulo-ti\\\/\",\"url\":\"https:\\\/\\\/www.cetys.mx\\\/noticias\\\/eres-millennial-arquetipos-articulo-ti\\\/\",\"name\":\"\u00bfEres millennial? Arquetipos tiene un art\u00edculo para ti - CETYS\",\"isPartOf\":{\"@id\":\"https:\\\/\\\/www.cetys.mx\\\/noticias\\\/#website\"},\"primaryImageOfPage\":{\"@id\":\"https:\\\/\\\/www.cetys.mx\\\/noticias\\\/eres-millennial-arquetipos-articulo-ti\\\/#primaryimage\"},\"image\":{\"@id\":\"https:\\\/\\\/www.cetys.mx\\\/noticias\\\/eres-millennial-arquetipos-articulo-ti\\\/#primaryimage\"},\"thumbnailUrl\":\"https:\\\/\\\/www.cetys.mx\\\/noticias\\\/wp-content\\\/uploads\\\/2017\\\/10\\\/arquetipos.jpg\",\"datePublished\":\"2017-10-02T19:39:37+00:00\",\"dateModified\":\"2017-11-30T04:27:26+00:00\",\"author\":{\"@id\":\"https:\\\/\\\/www.cetys.mx\\\/noticias\\\/#\\\/schema\\\/person\\\/e9d2b35265b64aa454df57a2828eb2ac\"},\"description\":\"Articulo sobre \u00bfEres millennial? Arquetipos tiene un art\u00edculo para ti\",\"breadcrumb\":{\"@id\":\"https:\\\/\\\/www.cetys.mx\\\/noticias\\\/eres-millennial-arquetipos-articulo-ti\\\/#breadcrumb\"},\"inLanguage\":\"es\",\"potentialAction\":[{\"@type\":\"ReadAction\",\"target\":[\"https:\\\/\\\/www.cetys.mx\\\/noticias\\\/eres-millennial-arquetipos-articulo-ti\\\/\"]}]},{\"@type\":\"ImageObject\",\"inLanguage\":\"es\",\"@id\":\"https:\\\/\\\/www.cetys.mx\\\/noticias\\\/eres-millennial-arquetipos-articulo-ti\\\/#primaryimage\",\"url\":\"https:\\\/\\\/www.cetys.mx\\\/noticias\\\/wp-content\\\/uploads\\\/2017\\\/10\\\/arquetipos.jpg\",\"contentUrl\":\"https:\\\/\\\/www.cetys.mx\\\/noticias\\\/wp-content\\\/uploads\\\/2017\\\/10\\\/arquetipos.jpg\",\"width\":958,\"height\":637},{\"@type\":\"BreadcrumbList\",\"@id\":\"https:\\\/\\\/www.cetys.mx\\\/noticias\\\/eres-millennial-arquetipos-articulo-ti\\\/#breadcrumb\",\"itemListElement\":[{\"@type\":\"ListItem\",\"position\":1,\"name\":\"Inicio\",\"item\":\"https:\\\/\\\/www.cetys.mx\\\/noticias\\\/\"},{\"@type\":\"ListItem\",\"position\":2,\"name\":\"\u00bfEres millennial? Arquetipos tiene un art\u00edculo para ti\"}]},{\"@type\":\"WebSite\",\"@id\":\"https:\\\/\\\/www.cetys.mx\\\/noticias\\\/#website\",\"url\":\"https:\\\/\\\/www.cetys.mx\\\/noticias\\\/\",\"name\":\"CETYS\",\"description\":\"\",\"potentialAction\":[{\"@type\":\"SearchAction\",\"target\":{\"@type\":\"EntryPoint\",\"urlTemplate\":\"https:\\\/\\\/www.cetys.mx\\\/noticias\\\/?s={search_term_string}\"},\"query-input\":{\"@type\":\"PropertyValueSpecification\",\"valueRequired\":true,\"valueName\":\"search_term_string\"}}],\"inLanguage\":\"es\"},{\"@type\":\"Person\",\"@id\":\"https:\\\/\\\/www.cetys.mx\\\/noticias\\\/#\\\/schema\\\/person\\\/e9d2b35265b64aa454df57a2828eb2ac\",\"name\":\"CETYS Institucional\",\"url\":\"https:\\\/\\\/www.cetys.mx\\\/noticias\\\/author\\\/cetysinstitucional\\\/\"}]}<\/script>\n<!-- \/ Yoast SEO plugin. -->","yoast_head_json":{"title":"\u00bfEres millennial? Arquetipos tiene un art\u00edculo para ti - CETYS","description":"Articulo sobre \u00bfEres millennial? Arquetipos tiene un art\u00edculo para ti","robots":{"index":"index","follow":"follow","max-snippet":"max-snippet:-1","max-image-preview":"max-image-preview:large","max-video-preview":"max-video-preview:-1"},"canonical":"https:\/\/www.cetys.mx\/noticias\/eres-millennial-arquetipos-articulo-ti\/","og_locale":"es_MX","og_type":"article","og_title":"\u00bfEres millennial? Arquetipos tiene un art\u00edculo para ti - CETYS","og_description":"Articulo sobre \u00bfEres millennial? Arquetipos tiene un art\u00edculo para ti","og_url":"https:\/\/www.cetys.mx\/noticias\/eres-millennial-arquetipos-articulo-ti\/","og_site_name":"CETYS","article_publisher":"https:\/\/www.facebook.com\/cetysuniversidadmxl\/","article_published_time":"2017-10-02T19:39:37+00:00","article_modified_time":"2017-11-30T04:27:26+00:00","og_image":[{"width":958,"height":637,"url":"https:\/\/www.cetys.mx\/noticias\/wp-content\/uploads\/2017\/10\/arquetipos.jpg","type":"image\/jpeg"}],"author":"CETYS Institucional","twitter_card":"summary_large_image","twitter_creator":"@cetysuni","twitter_site":"@cetysuni","twitter_misc":{"Escrito por":"CETYS Institucional","Tiempo de lectura":"2 minutos"},"schema":{"@context":"https:\/\/schema.org","@graph":[{"@type":"Article","@id":"https:\/\/www.cetys.mx\/noticias\/eres-millennial-arquetipos-articulo-ti\/#article","isPartOf":{"@id":"https:\/\/www.cetys.mx\/noticias\/eres-millennial-arquetipos-articulo-ti\/"},"author":{"name":"CETYS Institucional","@id":"https:\/\/www.cetys.mx\/noticias\/#\/schema\/person\/e9d2b35265b64aa454df57a2828eb2ac"},"headline":"\u00bfEres millennial? Arquetipos tiene un art\u00edculo para ti","datePublished":"2017-10-02T19:39:37+00:00","dateModified":"2017-11-30T04:27:26+00:00","mainEntityOfPage":{"@id":"https:\/\/www.cetys.mx\/noticias\/eres-millennial-arquetipos-articulo-ti\/"},"wordCount":356,"commentCount":0,"image":{"@id":"https:\/\/www.cetys.mx\/noticias\/eres-millennial-arquetipos-articulo-ti\/#primaryimage"},"thumbnailUrl":"https:\/\/www.cetys.mx\/noticias\/wp-content\/uploads\/2017\/10\/arquetipos.jpg","keywords":["programa editorial"],"articleSection":["Institucional"],"inLanguage":"es","potentialAction":[{"@type":"CommentAction","name":"Comment","target":["https:\/\/www.cetys.mx\/noticias\/eres-millennial-arquetipos-articulo-ti\/#respond"]}]},{"@type":"WebPage","@id":"https:\/\/www.cetys.mx\/noticias\/eres-millennial-arquetipos-articulo-ti\/","url":"https:\/\/www.cetys.mx\/noticias\/eres-millennial-arquetipos-articulo-ti\/","name":"\u00bfEres millennial? Arquetipos tiene un art\u00edculo para ti - CETYS","isPartOf":{"@id":"https:\/\/www.cetys.mx\/noticias\/#website"},"primaryImageOfPage":{"@id":"https:\/\/www.cetys.mx\/noticias\/eres-millennial-arquetipos-articulo-ti\/#primaryimage"},"image":{"@id":"https:\/\/www.cetys.mx\/noticias\/eres-millennial-arquetipos-articulo-ti\/#primaryimage"},"thumbnailUrl":"https:\/\/www.cetys.mx\/noticias\/wp-content\/uploads\/2017\/10\/arquetipos.jpg","datePublished":"2017-10-02T19:39:37+00:00","dateModified":"2017-11-30T04:27:26+00:00","author":{"@id":"https:\/\/www.cetys.mx\/noticias\/#\/schema\/person\/e9d2b35265b64aa454df57a2828eb2ac"},"description":"Articulo sobre \u00bfEres millennial? Arquetipos tiene un art\u00edculo para ti","breadcrumb":{"@id":"https:\/\/www.cetys.mx\/noticias\/eres-millennial-arquetipos-articulo-ti\/#breadcrumb"},"inLanguage":"es","potentialAction":[{"@type":"ReadAction","target":["https:\/\/www.cetys.mx\/noticias\/eres-millennial-arquetipos-articulo-ti\/"]}]},{"@type":"ImageObject","inLanguage":"es","@id":"https:\/\/www.cetys.mx\/noticias\/eres-millennial-arquetipos-articulo-ti\/#primaryimage","url":"https:\/\/www.cetys.mx\/noticias\/wp-content\/uploads\/2017\/10\/arquetipos.jpg","contentUrl":"https:\/\/www.cetys.mx\/noticias\/wp-content\/uploads\/2017\/10\/arquetipos.jpg","width":958,"height":637},{"@type":"BreadcrumbList","@id":"https:\/\/www.cetys.mx\/noticias\/eres-millennial-arquetipos-articulo-ti\/#breadcrumb","itemListElement":[{"@type":"ListItem","position":1,"name":"Inicio","item":"https:\/\/www.cetys.mx\/noticias\/"},{"@type":"ListItem","position":2,"name":"\u00bfEres millennial? Arquetipos tiene un art\u00edculo para ti"}]},{"@type":"WebSite","@id":"https:\/\/www.cetys.mx\/noticias\/#website","url":"https:\/\/www.cetys.mx\/noticias\/","name":"CETYS","description":"","potentialAction":[{"@type":"SearchAction","target":{"@type":"EntryPoint","urlTemplate":"https:\/\/www.cetys.mx\/noticias\/?s={search_term_string}"},"query-input":{"@type":"PropertyValueSpecification","valueRequired":true,"valueName":"search_term_string"}}],"inLanguage":"es"},{"@type":"Person","@id":"https:\/\/www.cetys.mx\/noticias\/#\/schema\/person\/e9d2b35265b64aa454df57a2828eb2ac","name":"CETYS Institucional","url":"https:\/\/www.cetys.mx\/noticias\/author\/cetysinstitucional\/"}]}},"_links":{"self":[{"href":"https:\/\/www.cetys.mx\/noticias\/wp-json\/wp\/v2\/posts\/75233","targetHints":{"allow":["GET"]}}],"collection":[{"href":"https:\/\/www.cetys.mx\/noticias\/wp-json\/wp\/v2\/posts"}],"about":[{"href":"https:\/\/www.cetys.mx\/noticias\/wp-json\/wp\/v2\/types\/post"}],"author":[{"embeddable":true,"href":"https:\/\/www.cetys.mx\/noticias\/wp-json\/wp\/v2\/users\/26"}],"replies":[{"embeddable":true,"href":"https:\/\/www.cetys.mx\/noticias\/wp-json\/wp\/v2\/comments?post=75233"}],"version-history":[{"count":0,"href":"https:\/\/www.cetys.mx\/noticias\/wp-json\/wp\/v2\/posts\/75233\/revisions"}],"wp:featuredmedia":[{"embeddable":true,"href":"https:\/\/www.cetys.mx\/noticias\/wp-json\/wp\/v2\/media\/75239"}],"wp:attachment":[{"href":"https:\/\/www.cetys.mx\/noticias\/wp-json\/wp\/v2\/media?parent=75233"}],"wp:term":[{"taxonomy":"category","embeddable":true,"href":"https:\/\/www.cetys.mx\/noticias\/wp-json\/wp\/v2\/categories?post=75233"},{"taxonomy":"post_tag","embeddable":true,"href":"https:\/\/www.cetys.mx\/noticias\/wp-json\/wp\/v2\/tags?post=75233"}],"curies":[{"name":"wp","href":"https:\/\/api.w.org\/{rel}","templated":true}]}}