{"id":75227,"date":"2017-10-02T11:59:40","date_gmt":"2017-10-02T18:59:40","guid":{"rendered":"http:\/\/www.cetys.mx\/noticias\/?p=75227"},"modified":"2017-10-10T19:02:47","modified_gmt":"2017-10-11T02:02:47","slug":"segunda-derrota-cetys-tijuana-en-liga-premier-conadeip","status":"publish","type":"post","link":"https:\/\/www.cetys.mx\/noticias\/segunda-derrota-cetys-tijuana-en-liga-premier-conadeip\/","title":{"rendered":"Segunda derrota de CETYS Tijuana en Liga Premier de CONADEIP"},"content":{"rendered":"<p><em><strong>CD. OGREG\u00d3N, SON.-<\/strong><\/em> <strong>Zorros del CETYS Tijuana<\/strong> regresaron a Baja California con su segunda derrota de la temporada, luego de caer ante <strong>Potros ITSON<\/strong> por <strong>13-40<\/strong> en el Campo Hundido de Cd. Obreg\u00f3n, Sonora.<\/p>\n<blockquote><p>En t\u00e9rminos generales, fue un partido emocionantes hasta que faltaron 4 minutos para el silbatazo final. Ambos equipos se hab\u00edan enfrascado en tremenda medici\u00f3n de defensivas, hasta que se desplom\u00f3 la que entrena <strong>Ernesto Campa.<\/strong><\/p><\/blockquote>\n<p>Tras ir perdiendo por 0-20, Zorros se quitaron la blanqueada antes del medio tiempo con pase de <strong>Gabriel Monta\u00f1o<\/strong> para <strong>Osmar Marentes<\/strong> en la zona de anotaci\u00f3n.<\/p>\n<div id=\"attachment_75228\" style=\"width: 624px\" class=\"wp-caption alignnone\"><a href=\"https:\/\/www.cetys.mx\/noticias\/wp-content\/uploads\/2017\/10\/CETYS1.jpg\"><img loading=\"lazy\" decoding=\"async\" aria-describedby=\"caption-attachment-75228\" class=\"size-full wp-image-75228\" src=\"https:\/\/www.cetys.mx\/noticias\/wp-content\/uploads\/2017\/10\/CETYS1.jpg\" alt=\"Fueron 25 minutos de intensas emociones en Campo Hundido.\" width=\"614\" height=\"380\" \/><\/a><p id=\"caption-attachment-75228\" class=\"wp-caption-text\">Fueron 25 minutos de intensas emociones en Campo Hundido.<\/p><\/div>\n<p>La escuadra tijuanense recort\u00f3 distancia con la sonorense abriendo el tercer cuarto, cuando el especialista <strong>Louis C\u00e1zarez<\/strong> realiz\u00f3 un regreso de 80 yardas para anotar y reaccionar. De ah\u00ed en adelante, ambas defensas cerraron sus portones durante 25 minutos efectivos.<\/p>\n<p>Al final, el pasador local <strong>Alejandro Esquer<\/strong> dio ovoide a <strong>Mart\u00edn Leyva<\/strong> para ampliar su ventaja y dos intercepciones de <strong>Juan Carlos Robles<\/strong> (devueltas hasta anotaci\u00f3n) mataron las esperanzas de los \u201c<em>C\u00e1nidos<\/em>\u201d.<\/p>\n<p>Con este resultado, <strong>CETYS Tijuana<\/strong> (2-2) permanence en la cuarta posici\u00f3n del Grupo Libertad en la <strong><a href=\"https:\/\/conadeipfba.org.mx\/\">Liga Premier de Futbol Americano CONADEIP<\/a><\/strong>. <strong>ITSON<\/strong> (3-1) ascienden al segundo sitio del mismo sector.<\/p>\n<blockquote><p>El pr\u00f3ximo 14 de octubre es el duelo entre <strong>CETYS Tijuana<\/strong> y <strong>CETYS Mexicali<\/strong> en el <strong>Estadio Margarita Astiazar\u00e1n de Fimbres<\/strong>.<\/p><\/blockquote>\n<p>&nbsp;<\/p>\n<p>Fotos: <em>Conadeip<\/em>.<\/p>\n<div id=\"attachment_75230\" style=\"width: 577px\" class=\"wp-caption alignnone\"><a href=\"https:\/\/www.cetys.mx\/noticias\/wp-content\/uploads\/2017\/10\/CETYS3.jpg\"><img loading=\"lazy\" decoding=\"async\" aria-describedby=\"caption-attachment-75230\" class=\"size-full wp-image-75230\" src=\"https:\/\/www.cetys.mx\/noticias\/wp-content\/uploads\/2017\/10\/CETYS3.jpg\" alt=\"Zorros tienen descanso este fin de semana.\" width=\"567\" height=\"378\" \/><\/a><p id=\"caption-attachment-75230\" class=\"wp-caption-text\">Zorros tienen descanso este fin de semana.<\/p><\/div>\n<p>&nbsp;<\/p>\n","protected":false},"excerpt":{"rendered":"<p>CD. OGREG\u00d3N, SON.- Zorros del CETYS Tijuana regresaron a Baja California con su segunda derrota de la temporada, luego de caer ante&#8230;<\/p>\n","protected":false},"author":24,"featured_media":75257,"comment_status":"open","ping_status":"closed","sticky":false,"template":"","format":"standard","meta":{"footnotes":""},"categories":[134,312,131,309,306,105,313],"tags":[297,1020,933,985],"class_list":["post-75227","post","type-post","status-publish","format-standard","has-post-thumbnail","hentry","category-campus-tijuana","category-deportes","category-eventos","category-posgrado","category-profesional","category-vida-estudiantil","category-vocetys-2","tag-campus-tijuana","tag-conadeip","tag-futbol-americano","tag-itson","univesidades-cetys-campus-tijuana","univesidades-itson"],"yoast_head":"<!-- This site is optimized with the Yoast SEO plugin v27.4 - https:\/\/yoast.com\/product\/yoast-seo-wordpress\/ -->\n<title>Segunda derrota de CETYS Tijuana en Liga Premier de CONADEIP - CETYS<\/title>\n<meta name=\"description\" content=\"Articulo sobre Segunda derrota de CETYS Tijuana en Liga Premier de CONADEIP\" \/>\n<meta name=\"robots\" content=\"index, follow, max-snippet:-1, max-image-preview:large, max-video-preview:-1\" \/>\n<link rel=\"canonical\" href=\"https:\/\/www.cetys.mx\/noticias\/segunda-derrota-cetys-tijuana-en-liga-premier-conadeip\/\" \/>\n<meta property=\"og:locale\" content=\"es_MX\" \/>\n<meta property=\"og:type\" content=\"article\" \/>\n<meta property=\"og:title\" content=\"Segunda derrota de CETYS Tijuana en Liga Premier de CONADEIP - CETYS\" \/>\n<meta property=\"og:description\" content=\"Articulo sobre Segunda derrota de CETYS Tijuana en Liga Premier de CONADEIP\" \/>\n<meta property=\"og:url\" content=\"https:\/\/www.cetys.mx\/noticias\/segunda-derrota-cetys-tijuana-en-liga-premier-conadeip\/\" \/>\n<meta property=\"og:site_name\" content=\"CETYS\" \/>\n<meta property=\"article:publisher\" content=\"https:\/\/www.facebook.com\/cetysuniversidadmxl\/\" \/>\n<meta property=\"article:published_time\" content=\"2017-10-02T18:59:40+00:00\" \/>\n<meta property=\"article:modified_time\" content=\"2017-10-11T02:02:47+00:00\" \/>\n<meta property=\"og:image\" content=\"https:\/\/www.cetys.mx\/noticias\/wp-content\/uploads\/2017\/10\/CETYS-Tijuana-Conadeip-e1506974680198.jpg\" \/>\n\t<meta property=\"og:image:width\" content=\"957\" \/>\n\t<meta property=\"og:image:height\" content=\"637\" \/>\n\t<meta property=\"og:image:type\" content=\"image\/jpeg\" \/>\n<meta name=\"author\" content=\"Campus Tijuana\" \/>\n<meta name=\"twitter:card\" content=\"summary_large_image\" \/>\n<meta name=\"twitter:creator\" content=\"@cetysuni\" \/>\n<meta name=\"twitter:site\" content=\"@cetysuni\" \/>\n<meta name=\"twitter:label1\" content=\"Escrito por\" \/>\n\t<meta name=\"twitter:data1\" content=\"Campus Tijuana\" \/>\n\t<meta name=\"twitter:label2\" content=\"Tiempo de lectura\" \/>\n\t<meta name=\"twitter:data2\" content=\"1 minuto\" \/>\n<script type=\"application\/ld+json\" class=\"yoast-schema-graph\">{\"@context\":\"https:\\\/\\\/schema.org\",\"@graph\":[{\"@type\":\"Article\",\"@id\":\"https:\\\/\\\/www.cetys.mx\\\/noticias\\\/segunda-derrota-cetys-tijuana-en-liga-premier-conadeip\\\/#article\",\"isPartOf\":{\"@id\":\"https:\\\/\\\/www.cetys.mx\\\/noticias\\\/segunda-derrota-cetys-tijuana-en-liga-premier-conadeip\\\/\"},\"author\":{\"name\":\"Campus Tijuana\",\"@id\":\"https:\\\/\\\/www.cetys.mx\\\/noticias\\\/#\\\/schema\\\/person\\\/e790051ce60e18ae47cfa87011c8653f\"},\"headline\":\"Segunda derrota de CETYS Tijuana en Liga Premier de CONADEIP\",\"datePublished\":\"2017-10-02T18:59:40+00:00\",\"dateModified\":\"2017-10-11T02:02:47+00:00\",\"mainEntityOfPage\":{\"@id\":\"https:\\\/\\\/www.cetys.mx\\\/noticias\\\/segunda-derrota-cetys-tijuana-en-liga-premier-conadeip\\\/\"},\"wordCount\":274,\"commentCount\":0,\"image\":{\"@id\":\"https:\\\/\\\/www.cetys.mx\\\/noticias\\\/segunda-derrota-cetys-tijuana-en-liga-premier-conadeip\\\/#primaryimage\"},\"thumbnailUrl\":\"https:\\\/\\\/www.cetys.mx\\\/noticias\\\/wp-content\\\/uploads\\\/2017\\\/10\\\/CETYS-Tijuana-Conadeip-e1506974680198.jpg\",\"keywords\":[\"Campus Tijuana\",\"CONADEIP\",\"Futbol Americano\",\"ITSON\"],\"articleSection\":[\"Campus Tijuana\",\"Deportes\",\"Eventos\",\"Posgrado\",\"Profesional\",\"Vida Estudiantil\",\"VoCETYS\"],\"inLanguage\":\"es\",\"potentialAction\":[{\"@type\":\"CommentAction\",\"name\":\"Comment\",\"target\":[\"https:\\\/\\\/www.cetys.mx\\\/noticias\\\/segunda-derrota-cetys-tijuana-en-liga-premier-conadeip\\\/#respond\"]}]},{\"@type\":\"WebPage\",\"@id\":\"https:\\\/\\\/www.cetys.mx\\\/noticias\\\/segunda-derrota-cetys-tijuana-en-liga-premier-conadeip\\\/\",\"url\":\"https:\\\/\\\/www.cetys.mx\\\/noticias\\\/segunda-derrota-cetys-tijuana-en-liga-premier-conadeip\\\/\",\"name\":\"Segunda derrota de CETYS Tijuana en Liga Premier de CONADEIP - CETYS\",\"isPartOf\":{\"@id\":\"https:\\\/\\\/www.cetys.mx\\\/noticias\\\/#website\"},\"primaryImageOfPage\":{\"@id\":\"https:\\\/\\\/www.cetys.mx\\\/noticias\\\/segunda-derrota-cetys-tijuana-en-liga-premier-conadeip\\\/#primaryimage\"},\"image\":{\"@id\":\"https:\\\/\\\/www.cetys.mx\\\/noticias\\\/segunda-derrota-cetys-tijuana-en-liga-premier-conadeip\\\/#primaryimage\"},\"thumbnailUrl\":\"https:\\\/\\\/www.cetys.mx\\\/noticias\\\/wp-content\\\/uploads\\\/2017\\\/10\\\/CETYS-Tijuana-Conadeip-e1506974680198.jpg\",\"datePublished\":\"2017-10-02T18:59:40+00:00\",\"dateModified\":\"2017-10-11T02:02:47+00:00\",\"author\":{\"@id\":\"https:\\\/\\\/www.cetys.mx\\\/noticias\\\/#\\\/schema\\\/person\\\/e790051ce60e18ae47cfa87011c8653f\"},\"description\":\"Articulo sobre Segunda derrota de CETYS Tijuana en Liga Premier de CONADEIP\",\"breadcrumb\":{\"@id\":\"https:\\\/\\\/www.cetys.mx\\\/noticias\\\/segunda-derrota-cetys-tijuana-en-liga-premier-conadeip\\\/#breadcrumb\"},\"inLanguage\":\"es\",\"potentialAction\":[{\"@type\":\"ReadAction\",\"target\":[\"https:\\\/\\\/www.cetys.mx\\\/noticias\\\/segunda-derrota-cetys-tijuana-en-liga-premier-conadeip\\\/\"]}]},{\"@type\":\"ImageObject\",\"inLanguage\":\"es\",\"@id\":\"https:\\\/\\\/www.cetys.mx\\\/noticias\\\/segunda-derrota-cetys-tijuana-en-liga-premier-conadeip\\\/#primaryimage\",\"url\":\"https:\\\/\\\/www.cetys.mx\\\/noticias\\\/wp-content\\\/uploads\\\/2017\\\/10\\\/CETYS-Tijuana-Conadeip-e1506974680198.jpg\",\"contentUrl\":\"https:\\\/\\\/www.cetys.mx\\\/noticias\\\/wp-content\\\/uploads\\\/2017\\\/10\\\/CETYS-Tijuana-Conadeip-e1506974680198.jpg\",\"width\":957,\"height\":637,\"caption\":\"CETYS Tijuana - Conadeip\"},{\"@type\":\"BreadcrumbList\",\"@id\":\"https:\\\/\\\/www.cetys.mx\\\/noticias\\\/segunda-derrota-cetys-tijuana-en-liga-premier-conadeip\\\/#breadcrumb\",\"itemListElement\":[{\"@type\":\"ListItem\",\"position\":1,\"name\":\"Inicio\",\"item\":\"https:\\\/\\\/www.cetys.mx\\\/noticias\\\/\"},{\"@type\":\"ListItem\",\"position\":2,\"name\":\"Segunda derrota de CETYS Tijuana en Liga Premier de CONADEIP\"}]},{\"@type\":\"WebSite\",\"@id\":\"https:\\\/\\\/www.cetys.mx\\\/noticias\\\/#website\",\"url\":\"https:\\\/\\\/www.cetys.mx\\\/noticias\\\/\",\"name\":\"CETYS\",\"description\":\"\",\"potentialAction\":[{\"@type\":\"SearchAction\",\"target\":{\"@type\":\"EntryPoint\",\"urlTemplate\":\"https:\\\/\\\/www.cetys.mx\\\/noticias\\\/?s={search_term_string}\"},\"query-input\":{\"@type\":\"PropertyValueSpecification\",\"valueRequired\":true,\"valueName\":\"search_term_string\"}}],\"inLanguage\":\"es\"},{\"@type\":\"Person\",\"@id\":\"https:\\\/\\\/www.cetys.mx\\\/noticias\\\/#\\\/schema\\\/person\\\/e790051ce60e18ae47cfa87011c8653f\",\"name\":\"Campus Tijuana\",\"url\":\"https:\\\/\\\/www.cetys.mx\\\/noticias\\\/author\\\/campustijuana\\\/\"}]}<\/script>\n<!-- \/ Yoast SEO plugin. -->","yoast_head_json":{"title":"Segunda derrota de CETYS Tijuana en Liga Premier de CONADEIP - CETYS","description":"Articulo sobre Segunda derrota de CETYS Tijuana en Liga Premier de CONADEIP","robots":{"index":"index","follow":"follow","max-snippet":"max-snippet:-1","max-image-preview":"max-image-preview:large","max-video-preview":"max-video-preview:-1"},"canonical":"https:\/\/www.cetys.mx\/noticias\/segunda-derrota-cetys-tijuana-en-liga-premier-conadeip\/","og_locale":"es_MX","og_type":"article","og_title":"Segunda derrota de CETYS Tijuana en Liga Premier de CONADEIP - CETYS","og_description":"Articulo sobre Segunda derrota de CETYS Tijuana en Liga Premier de CONADEIP","og_url":"https:\/\/www.cetys.mx\/noticias\/segunda-derrota-cetys-tijuana-en-liga-premier-conadeip\/","og_site_name":"CETYS","article_publisher":"https:\/\/www.facebook.com\/cetysuniversidadmxl\/","article_published_time":"2017-10-02T18:59:40+00:00","article_modified_time":"2017-10-11T02:02:47+00:00","og_image":[{"width":957,"height":637,"url":"https:\/\/www.cetys.mx\/noticias\/wp-content\/uploads\/2017\/10\/CETYS-Tijuana-Conadeip-e1506974680198.jpg","type":"image\/jpeg"}],"author":"Campus Tijuana","twitter_card":"summary_large_image","twitter_creator":"@cetysuni","twitter_site":"@cetysuni","twitter_misc":{"Escrito por":"Campus Tijuana","Tiempo de lectura":"1 minuto"},"schema":{"@context":"https:\/\/schema.org","@graph":[{"@type":"Article","@id":"https:\/\/www.cetys.mx\/noticias\/segunda-derrota-cetys-tijuana-en-liga-premier-conadeip\/#article","isPartOf":{"@id":"https:\/\/www.cetys.mx\/noticias\/segunda-derrota-cetys-tijuana-en-liga-premier-conadeip\/"},"author":{"name":"Campus Tijuana","@id":"https:\/\/www.cetys.mx\/noticias\/#\/schema\/person\/e790051ce60e18ae47cfa87011c8653f"},"headline":"Segunda derrota de CETYS Tijuana en Liga Premier de CONADEIP","datePublished":"2017-10-02T18:59:40+00:00","dateModified":"2017-10-11T02:02:47+00:00","mainEntityOfPage":{"@id":"https:\/\/www.cetys.mx\/noticias\/segunda-derrota-cetys-tijuana-en-liga-premier-conadeip\/"},"wordCount":274,"commentCount":0,"image":{"@id":"https:\/\/www.cetys.mx\/noticias\/segunda-derrota-cetys-tijuana-en-liga-premier-conadeip\/#primaryimage"},"thumbnailUrl":"https:\/\/www.cetys.mx\/noticias\/wp-content\/uploads\/2017\/10\/CETYS-Tijuana-Conadeip-e1506974680198.jpg","keywords":["Campus Tijuana","CONADEIP","Futbol Americano","ITSON"],"articleSection":["Campus Tijuana","Deportes","Eventos","Posgrado","Profesional","Vida Estudiantil","VoCETYS"],"inLanguage":"es","potentialAction":[{"@type":"CommentAction","name":"Comment","target":["https:\/\/www.cetys.mx\/noticias\/segunda-derrota-cetys-tijuana-en-liga-premier-conadeip\/#respond"]}]},{"@type":"WebPage","@id":"https:\/\/www.cetys.mx\/noticias\/segunda-derrota-cetys-tijuana-en-liga-premier-conadeip\/","url":"https:\/\/www.cetys.mx\/noticias\/segunda-derrota-cetys-tijuana-en-liga-premier-conadeip\/","name":"Segunda derrota de CETYS Tijuana en Liga Premier de CONADEIP - CETYS","isPartOf":{"@id":"https:\/\/www.cetys.mx\/noticias\/#website"},"primaryImageOfPage":{"@id":"https:\/\/www.cetys.mx\/noticias\/segunda-derrota-cetys-tijuana-en-liga-premier-conadeip\/#primaryimage"},"image":{"@id":"https:\/\/www.cetys.mx\/noticias\/segunda-derrota-cetys-tijuana-en-liga-premier-conadeip\/#primaryimage"},"thumbnailUrl":"https:\/\/www.cetys.mx\/noticias\/wp-content\/uploads\/2017\/10\/CETYS-Tijuana-Conadeip-e1506974680198.jpg","datePublished":"2017-10-02T18:59:40+00:00","dateModified":"2017-10-11T02:02:47+00:00","author":{"@id":"https:\/\/www.cetys.mx\/noticias\/#\/schema\/person\/e790051ce60e18ae47cfa87011c8653f"},"description":"Articulo sobre Segunda derrota de CETYS Tijuana en Liga Premier de CONADEIP","breadcrumb":{"@id":"https:\/\/www.cetys.mx\/noticias\/segunda-derrota-cetys-tijuana-en-liga-premier-conadeip\/#breadcrumb"},"inLanguage":"es","potentialAction":[{"@type":"ReadAction","target":["https:\/\/www.cetys.mx\/noticias\/segunda-derrota-cetys-tijuana-en-liga-premier-conadeip\/"]}]},{"@type":"ImageObject","inLanguage":"es","@id":"https:\/\/www.cetys.mx\/noticias\/segunda-derrota-cetys-tijuana-en-liga-premier-conadeip\/#primaryimage","url":"https:\/\/www.cetys.mx\/noticias\/wp-content\/uploads\/2017\/10\/CETYS-Tijuana-Conadeip-e1506974680198.jpg","contentUrl":"https:\/\/www.cetys.mx\/noticias\/wp-content\/uploads\/2017\/10\/CETYS-Tijuana-Conadeip-e1506974680198.jpg","width":957,"height":637,"caption":"CETYS Tijuana - Conadeip"},{"@type":"BreadcrumbList","@id":"https:\/\/www.cetys.mx\/noticias\/segunda-derrota-cetys-tijuana-en-liga-premier-conadeip\/#breadcrumb","itemListElement":[{"@type":"ListItem","position":1,"name":"Inicio","item":"https:\/\/www.cetys.mx\/noticias\/"},{"@type":"ListItem","position":2,"name":"Segunda derrota de CETYS Tijuana en Liga Premier de CONADEIP"}]},{"@type":"WebSite","@id":"https:\/\/www.cetys.mx\/noticias\/#website","url":"https:\/\/www.cetys.mx\/noticias\/","name":"CETYS","description":"","potentialAction":[{"@type":"SearchAction","target":{"@type":"EntryPoint","urlTemplate":"https:\/\/www.cetys.mx\/noticias\/?s={search_term_string}"},"query-input":{"@type":"PropertyValueSpecification","valueRequired":true,"valueName":"search_term_string"}}],"inLanguage":"es"},{"@type":"Person","@id":"https:\/\/www.cetys.mx\/noticias\/#\/schema\/person\/e790051ce60e18ae47cfa87011c8653f","name":"Campus Tijuana","url":"https:\/\/www.cetys.mx\/noticias\/author\/campustijuana\/"}]}},"_links":{"self":[{"href":"https:\/\/www.cetys.mx\/noticias\/wp-json\/wp\/v2\/posts\/75227","targetHints":{"allow":["GET"]}}],"collection":[{"href":"https:\/\/www.cetys.mx\/noticias\/wp-json\/wp\/v2\/posts"}],"about":[{"href":"https:\/\/www.cetys.mx\/noticias\/wp-json\/wp\/v2\/types\/post"}],"author":[{"embeddable":true,"href":"https:\/\/www.cetys.mx\/noticias\/wp-json\/wp\/v2\/users\/24"}],"replies":[{"embeddable":true,"href":"https:\/\/www.cetys.mx\/noticias\/wp-json\/wp\/v2\/comments?post=75227"}],"version-history":[{"count":0,"href":"https:\/\/www.cetys.mx\/noticias\/wp-json\/wp\/v2\/posts\/75227\/revisions"}],"wp:featuredmedia":[{"embeddable":true,"href":"https:\/\/www.cetys.mx\/noticias\/wp-json\/wp\/v2\/media\/75257"}],"wp:attachment":[{"href":"https:\/\/www.cetys.mx\/noticias\/wp-json\/wp\/v2\/media?parent=75227"}],"wp:term":[{"taxonomy":"category","embeddable":true,"href":"https:\/\/www.cetys.mx\/noticias\/wp-json\/wp\/v2\/categories?post=75227"},{"taxonomy":"post_tag","embeddable":true,"href":"https:\/\/www.cetys.mx\/noticias\/wp-json\/wp\/v2\/tags?post=75227"}],"curies":[{"name":"wp","href":"https:\/\/api.w.org\/{rel}","templated":true}]}}