{"id":75136,"date":"2017-09-28T17:57:16","date_gmt":"2017-09-29T00:57:16","guid":{"rendered":"http:\/\/www.cetys.mx\/noticias\/?p=75136"},"modified":"2017-10-10T19:02:47","modified_gmt":"2017-10-11T02:02:47","slug":"cetys-tijuana-actividad-duela-en-san-diego","status":"publish","type":"post","link":"https:\/\/www.cetys.mx\/noticias\/cetys-tijuana-actividad-duela-en-san-diego\/","title":{"rendered":"CETYS Tijuana con actividad sobre duela en San Diego"},"content":{"rendered":"<p>Este fin de semana, <strong>CETYS Tijuana<\/strong> comenzar\u00e1 su participaci\u00f3n en la categor\u00eda <strong>Varsity Varonil<\/strong> de la <strong><a href=\"https:\/\/sandiegosol.com\/league-schedule\/\">Liga Oto\u00f1al de Basquetbol del San Diego Sol<\/a><\/strong>, torneo anual que ya arranc\u00f3 el pasado 23 de septiembre.<\/p>\n<p>Al mando de la quinteta est\u00e1 el entrenador <strong>Alex Fern\u00e1ndez<\/strong>, quien tiene el reto de preparar a nueve nuevos integrantes de la divisi\u00f3n y llenar la ausencia de cuatro titulares de la edici\u00f3n pasada.<\/p>\n<p><em>\u201cLa Liga del San Diego Sol es el objetivo m\u00e1s importante que viene en las pr\u00f3ximas semanas, comenzando nosotros este s\u00e1bado.\u00a0 Enfrentaremos a los mejores equipos del condado de hoy hasta diciembre\u201d<\/em>, mencion\u00f3 el estratega.<\/p>\n<blockquote><p><strong>Zorros<\/strong> tendr\u00e1n dos partidos este <strong>30 de septiembre<\/strong> en las instalaciones de la <strong><a href=\"https:\/\/www.alliant.edu\/locations\/san-diego-campus\/\">Universidad Internacional Allliant de Scripps Ranch<\/a><\/strong>, abriendo a las 12 horas contra <strong>Bulldogs Boys<\/strong>; el segundo compromiso es a las 3 de la tarde ante <strong>Hidden City Ballers<\/strong>.<\/p><\/blockquote>\n<p>Siete d\u00edas despu\u00e9s volver\u00e1n al lugar para enfrentar a<strong> Chula Vista Hawks<\/strong> (18:00 hrs.) y luego a <strong>Jelly Jrs.<\/strong> (20:00 hrs.).<\/p>\n<div id=\"attachment_75142\" style=\"width: 765px\" class=\"wp-caption alignnone\"><a href=\"https:\/\/www.cetys.mx\/noticias\/wp-content\/uploads\/2017\/09\/22140041_10154656397231152_1446176938_o-e1506645851126.jpg\"><img loading=\"lazy\" decoding=\"async\" aria-describedby=\"caption-attachment-75142\" class=\"size-full wp-image-75142\" src=\"https:\/\/www.cetys.mx\/noticias\/wp-content\/uploads\/2017\/09\/22140041_10154656397231152_1446176938_o-e1506645851126.jpg\" alt=\"Doble jornada en la Liga Oto\u00f1al del San Diego Sol.\" width=\"755\" height=\"637\" \/><\/a><p id=\"caption-attachment-75142\" class=\"wp-caption-text\">Doble jornada en la Liga Oto\u00f1al del San Diego Sol.<\/p><\/div>\n<p><em>\u201cHemos trabajado desde el mes de julio<\/em> \u2013agreg\u00f3 <strong>Fern\u00e1ndez<\/strong>-. <em>Es una etapa fuerte porque est\u00e1 enfocada en el acondicionamiento f\u00edsico. Mantenemos la misma intensidad sobre la cancha, misma comunicaci\u00f3n, misma amistad. El punto positivo es la familia que estamos creando\u201d.<\/em><\/p>\n<p>En cuanto al equipo universitario, el timonel mencion\u00f3 que est\u00e1n en puerta las eliminatorias de <strong>CONNDE<\/strong> y la <strong><a href=\"https:\/\/www.copabasketballmazatlan.com\/\">Copa N\u00e1uticos\u00a0de Mazatl\u00e1n<\/a><\/strong>, donde se medir\u00e1n con las quintetas estudiantiles de M\u00e9xico. Sigue pendiente efectuar la <strong>Copa CETYS. \u00a0<\/strong><\/p>\n<blockquote><p><em>\u201cUn ambiente familiar genera los siguientes pasos: comunicaci\u00f3n t\u00e1ctica y la de fuera de cancha. Las llamadas de atenci\u00f3n no son represiones, sino motivaci\u00f3n para superarse\u201d<\/em>, finaliz\u00f3 <strong>Fern\u00e1ndez<\/strong>.<\/p><\/blockquote>\n<p>Cabe mencionar que el equipo <strong>Juvenil Femenil<\/strong> tiene actividad en la Jornada 2 de la<a href=\"https:\/\/ligachampagnat.virtus.ws\/contenido.cfm?cont=PRINCIPAL\"> <strong>Liga Champagnat<\/strong> <\/a>de Tijuana, enfrentando a <strong>Little Queens<\/strong> de Rosarito (9:00 hrs.) en el <strong><a href=\"https:\/\/www.imbc.mx\/\">Instituto M\u00e9xico<\/a><\/strong>.<\/p>\n<div id=\"attachment_75143\" style=\"width: 949px\" class=\"wp-caption alignnone\"><a href=\"https:\/\/www.cetys.mx\/noticias\/wp-content\/uploads\/2017\/09\/22095536_10154656396606152_1416746384_o-e1506645915364.jpg\"><img loading=\"lazy\" decoding=\"async\" aria-describedby=\"caption-attachment-75143\" class=\"size-full wp-image-75143\" src=\"https:\/\/www.cetys.mx\/noticias\/wp-content\/uploads\/2017\/09\/22095536_10154656396606152_1416746384_o-e1506645915364.jpg\" alt=\"El entrenador Alex Fern\u00e1ndez a cargo del equipo.\" width=\"939\" height=\"637\" \/><\/a><p id=\"caption-attachment-75143\" class=\"wp-caption-text\">El entrenador Alex Fern\u00e1ndez a cargo del equipo.<\/p><\/div>\n","protected":false},"excerpt":{"rendered":"<p>Este fin de semana, CETYS Tijuana comenzar\u00e1 su participaci\u00f3n en la categor\u00eda Varsity Varonil de la Liga Oto\u00f1al de Basquetbol del San&#8230;<\/p>\n","protected":false},"author":24,"featured_media":75139,"comment_status":"open","ping_status":"open","sticky":false,"template":"","format":"standard","meta":{"footnotes":""},"categories":[134,312,131,318,313],"tags":[1722,438,297,1683,1724,1723,1720,215,1721],"class_list":["post-75136","post","type-post","status-publish","format-standard","has-post-thumbnail","hentry","category-campus-tijuana","category-deportes","category-eventos","category-preparatoria","category-vocetys-2","tag-alex-fernandez","tag-basquetbol","tag-campus-tijuana","tag-connde","tag-copa-cetys","tag-copa-mazatlan","tag-liga-champagnat","tag-san-diego","tag-san-diego-sol","univesidades-aiu-san-diego","univesidades-cetys-campus-tijuana"],"yoast_head":"<!-- This site is optimized with the Yoast SEO plugin v27.4 - https:\/\/yoast.com\/product\/yoast-seo-wordpress\/ -->\n<title>CETYS Tijuana con actividad sobre duela en San Diego - CETYS<\/title>\n<meta name=\"description\" content=\"Articulo sobre CETYS Tijuana con actividad sobre duela en San Diego\" \/>\n<meta name=\"robots\" content=\"index, follow, max-snippet:-1, max-image-preview:large, max-video-preview:-1\" \/>\n<link rel=\"canonical\" href=\"https:\/\/www.cetys.mx\/noticias\/cetys-tijuana-actividad-duela-en-san-diego\/\" \/>\n<meta property=\"og:locale\" content=\"es_MX\" \/>\n<meta property=\"og:type\" content=\"article\" \/>\n<meta property=\"og:title\" content=\"CETYS Tijuana con actividad sobre duela en San Diego - CETYS\" \/>\n<meta property=\"og:description\" content=\"Articulo sobre CETYS Tijuana con actividad sobre duela en San Diego\" \/>\n<meta property=\"og:url\" content=\"https:\/\/www.cetys.mx\/noticias\/cetys-tijuana-actividad-duela-en-san-diego\/\" \/>\n<meta property=\"og:site_name\" content=\"CETYS\" \/>\n<meta property=\"article:publisher\" content=\"https:\/\/www.facebook.com\/cetysuniversidadmxl\/\" \/>\n<meta property=\"article:published_time\" content=\"2017-09-29T00:57:16+00:00\" \/>\n<meta property=\"article:modified_time\" content=\"2017-10-11T02:02:47+00:00\" \/>\n<meta property=\"og:image\" content=\"https:\/\/www.cetys.mx\/noticias\/wp-content\/uploads\/2017\/09\/22163691_10154656399181152_1857647024_o-e1506645626155.jpg\" \/>\n\t<meta property=\"og:image:width\" content=\"990\" \/>\n\t<meta property=\"og:image:height\" content=\"637\" \/>\n\t<meta property=\"og:image:type\" content=\"image\/jpeg\" \/>\n<meta name=\"author\" content=\"Campus Tijuana\" \/>\n<meta name=\"twitter:card\" content=\"summary_large_image\" \/>\n<meta name=\"twitter:creator\" content=\"@cetysuni\" \/>\n<meta name=\"twitter:site\" content=\"@cetysuni\" \/>\n<meta name=\"twitter:label1\" content=\"Escrito por\" \/>\n\t<meta name=\"twitter:data1\" content=\"Campus Tijuana\" \/>\n\t<meta name=\"twitter:label2\" content=\"Tiempo de lectura\" \/>\n\t<meta name=\"twitter:data2\" content=\"2 minutos\" \/>\n<script type=\"application\/ld+json\" class=\"yoast-schema-graph\">{\"@context\":\"https:\\\/\\\/schema.org\",\"@graph\":[{\"@type\":\"Article\",\"@id\":\"https:\\\/\\\/www.cetys.mx\\\/noticias\\\/cetys-tijuana-actividad-duela-en-san-diego\\\/#article\",\"isPartOf\":{\"@id\":\"https:\\\/\\\/www.cetys.mx\\\/noticias\\\/cetys-tijuana-actividad-duela-en-san-diego\\\/\"},\"author\":{\"name\":\"Campus Tijuana\",\"@id\":\"https:\\\/\\\/www.cetys.mx\\\/noticias\\\/#\\\/schema\\\/person\\\/e790051ce60e18ae47cfa87011c8653f\"},\"headline\":\"CETYS Tijuana con actividad sobre duela en San Diego\",\"datePublished\":\"2017-09-29T00:57:16+00:00\",\"dateModified\":\"2017-10-11T02:02:47+00:00\",\"mainEntityOfPage\":{\"@id\":\"https:\\\/\\\/www.cetys.mx\\\/noticias\\\/cetys-tijuana-actividad-duela-en-san-diego\\\/\"},\"wordCount\":363,\"commentCount\":0,\"image\":{\"@id\":\"https:\\\/\\\/www.cetys.mx\\\/noticias\\\/cetys-tijuana-actividad-duela-en-san-diego\\\/#primaryimage\"},\"thumbnailUrl\":\"https:\\\/\\\/www.cetys.mx\\\/noticias\\\/wp-content\\\/uploads\\\/2017\\\/09\\\/22163691_10154656399181152_1857647024_o-e1506645626155.jpg\",\"keywords\":[\"Alex Fernandez\",\"Basquetbol\",\"Campus Tijuana\",\"Connde\",\"Copa CETYS\",\"Copa Mazatlan\",\"Liga Champagnat\",\"san diego\",\"San Diego Sol\"],\"articleSection\":[\"Campus Tijuana\",\"Deportes\",\"Eventos\",\"Preparatoria\",\"VoCETYS\"],\"inLanguage\":\"es\",\"potentialAction\":[{\"@type\":\"CommentAction\",\"name\":\"Comment\",\"target\":[\"https:\\\/\\\/www.cetys.mx\\\/noticias\\\/cetys-tijuana-actividad-duela-en-san-diego\\\/#respond\"]}]},{\"@type\":\"WebPage\",\"@id\":\"https:\\\/\\\/www.cetys.mx\\\/noticias\\\/cetys-tijuana-actividad-duela-en-san-diego\\\/\",\"url\":\"https:\\\/\\\/www.cetys.mx\\\/noticias\\\/cetys-tijuana-actividad-duela-en-san-diego\\\/\",\"name\":\"CETYS Tijuana con actividad sobre duela en San Diego - CETYS\",\"isPartOf\":{\"@id\":\"https:\\\/\\\/www.cetys.mx\\\/noticias\\\/#website\"},\"primaryImageOfPage\":{\"@id\":\"https:\\\/\\\/www.cetys.mx\\\/noticias\\\/cetys-tijuana-actividad-duela-en-san-diego\\\/#primaryimage\"},\"image\":{\"@id\":\"https:\\\/\\\/www.cetys.mx\\\/noticias\\\/cetys-tijuana-actividad-duela-en-san-diego\\\/#primaryimage\"},\"thumbnailUrl\":\"https:\\\/\\\/www.cetys.mx\\\/noticias\\\/wp-content\\\/uploads\\\/2017\\\/09\\\/22163691_10154656399181152_1857647024_o-e1506645626155.jpg\",\"datePublished\":\"2017-09-29T00:57:16+00:00\",\"dateModified\":\"2017-10-11T02:02:47+00:00\",\"author\":{\"@id\":\"https:\\\/\\\/www.cetys.mx\\\/noticias\\\/#\\\/schema\\\/person\\\/e790051ce60e18ae47cfa87011c8653f\"},\"description\":\"Articulo sobre CETYS Tijuana con actividad sobre duela en San Diego\",\"breadcrumb\":{\"@id\":\"https:\\\/\\\/www.cetys.mx\\\/noticias\\\/cetys-tijuana-actividad-duela-en-san-diego\\\/#breadcrumb\"},\"inLanguage\":\"es\",\"potentialAction\":[{\"@type\":\"ReadAction\",\"target\":[\"https:\\\/\\\/www.cetys.mx\\\/noticias\\\/cetys-tijuana-actividad-duela-en-san-diego\\\/\"]}]},{\"@type\":\"ImageObject\",\"inLanguage\":\"es\",\"@id\":\"https:\\\/\\\/www.cetys.mx\\\/noticias\\\/cetys-tijuana-actividad-duela-en-san-diego\\\/#primaryimage\",\"url\":\"https:\\\/\\\/www.cetys.mx\\\/noticias\\\/wp-content\\\/uploads\\\/2017\\\/09\\\/22163691_10154656399181152_1857647024_o-e1506645626155.jpg\",\"contentUrl\":\"https:\\\/\\\/www.cetys.mx\\\/noticias\\\/wp-content\\\/uploads\\\/2017\\\/09\\\/22163691_10154656399181152_1857647024_o-e1506645626155.jpg\",\"width\":990,\"height\":637,\"caption\":\"CETYS Tijuana - Basquetbol\"},{\"@type\":\"BreadcrumbList\",\"@id\":\"https:\\\/\\\/www.cetys.mx\\\/noticias\\\/cetys-tijuana-actividad-duela-en-san-diego\\\/#breadcrumb\",\"itemListElement\":[{\"@type\":\"ListItem\",\"position\":1,\"name\":\"Inicio\",\"item\":\"https:\\\/\\\/www.cetys.mx\\\/noticias\\\/\"},{\"@type\":\"ListItem\",\"position\":2,\"name\":\"CETYS Tijuana con actividad sobre duela en San Diego\"}]},{\"@type\":\"WebSite\",\"@id\":\"https:\\\/\\\/www.cetys.mx\\\/noticias\\\/#website\",\"url\":\"https:\\\/\\\/www.cetys.mx\\\/noticias\\\/\",\"name\":\"CETYS\",\"description\":\"\",\"potentialAction\":[{\"@type\":\"SearchAction\",\"target\":{\"@type\":\"EntryPoint\",\"urlTemplate\":\"https:\\\/\\\/www.cetys.mx\\\/noticias\\\/?s={search_term_string}\"},\"query-input\":{\"@type\":\"PropertyValueSpecification\",\"valueRequired\":true,\"valueName\":\"search_term_string\"}}],\"inLanguage\":\"es\"},{\"@type\":\"Person\",\"@id\":\"https:\\\/\\\/www.cetys.mx\\\/noticias\\\/#\\\/schema\\\/person\\\/e790051ce60e18ae47cfa87011c8653f\",\"name\":\"Campus Tijuana\",\"url\":\"https:\\\/\\\/www.cetys.mx\\\/noticias\\\/author\\\/campustijuana\\\/\"}]}<\/script>\n<!-- \/ Yoast SEO plugin. -->","yoast_head_json":{"title":"CETYS Tijuana con actividad sobre duela en San Diego - CETYS","description":"Articulo sobre CETYS Tijuana con actividad sobre duela en San Diego","robots":{"index":"index","follow":"follow","max-snippet":"max-snippet:-1","max-image-preview":"max-image-preview:large","max-video-preview":"max-video-preview:-1"},"canonical":"https:\/\/www.cetys.mx\/noticias\/cetys-tijuana-actividad-duela-en-san-diego\/","og_locale":"es_MX","og_type":"article","og_title":"CETYS Tijuana con actividad sobre duela en San Diego - CETYS","og_description":"Articulo sobre CETYS Tijuana con actividad sobre duela en San Diego","og_url":"https:\/\/www.cetys.mx\/noticias\/cetys-tijuana-actividad-duela-en-san-diego\/","og_site_name":"CETYS","article_publisher":"https:\/\/www.facebook.com\/cetysuniversidadmxl\/","article_published_time":"2017-09-29T00:57:16+00:00","article_modified_time":"2017-10-11T02:02:47+00:00","og_image":[{"width":990,"height":637,"url":"https:\/\/www.cetys.mx\/noticias\/wp-content\/uploads\/2017\/09\/22163691_10154656399181152_1857647024_o-e1506645626155.jpg","type":"image\/jpeg"}],"author":"Campus Tijuana","twitter_card":"summary_large_image","twitter_creator":"@cetysuni","twitter_site":"@cetysuni","twitter_misc":{"Escrito por":"Campus Tijuana","Tiempo de lectura":"2 minutos"},"schema":{"@context":"https:\/\/schema.org","@graph":[{"@type":"Article","@id":"https:\/\/www.cetys.mx\/noticias\/cetys-tijuana-actividad-duela-en-san-diego\/#article","isPartOf":{"@id":"https:\/\/www.cetys.mx\/noticias\/cetys-tijuana-actividad-duela-en-san-diego\/"},"author":{"name":"Campus Tijuana","@id":"https:\/\/www.cetys.mx\/noticias\/#\/schema\/person\/e790051ce60e18ae47cfa87011c8653f"},"headline":"CETYS Tijuana con actividad sobre duela en San Diego","datePublished":"2017-09-29T00:57:16+00:00","dateModified":"2017-10-11T02:02:47+00:00","mainEntityOfPage":{"@id":"https:\/\/www.cetys.mx\/noticias\/cetys-tijuana-actividad-duela-en-san-diego\/"},"wordCount":363,"commentCount":0,"image":{"@id":"https:\/\/www.cetys.mx\/noticias\/cetys-tijuana-actividad-duela-en-san-diego\/#primaryimage"},"thumbnailUrl":"https:\/\/www.cetys.mx\/noticias\/wp-content\/uploads\/2017\/09\/22163691_10154656399181152_1857647024_o-e1506645626155.jpg","keywords":["Alex Fernandez","Basquetbol","Campus Tijuana","Connde","Copa CETYS","Copa Mazatlan","Liga Champagnat","san diego","San Diego Sol"],"articleSection":["Campus Tijuana","Deportes","Eventos","Preparatoria","VoCETYS"],"inLanguage":"es","potentialAction":[{"@type":"CommentAction","name":"Comment","target":["https:\/\/www.cetys.mx\/noticias\/cetys-tijuana-actividad-duela-en-san-diego\/#respond"]}]},{"@type":"WebPage","@id":"https:\/\/www.cetys.mx\/noticias\/cetys-tijuana-actividad-duela-en-san-diego\/","url":"https:\/\/www.cetys.mx\/noticias\/cetys-tijuana-actividad-duela-en-san-diego\/","name":"CETYS Tijuana con actividad sobre duela en San Diego - CETYS","isPartOf":{"@id":"https:\/\/www.cetys.mx\/noticias\/#website"},"primaryImageOfPage":{"@id":"https:\/\/www.cetys.mx\/noticias\/cetys-tijuana-actividad-duela-en-san-diego\/#primaryimage"},"image":{"@id":"https:\/\/www.cetys.mx\/noticias\/cetys-tijuana-actividad-duela-en-san-diego\/#primaryimage"},"thumbnailUrl":"https:\/\/www.cetys.mx\/noticias\/wp-content\/uploads\/2017\/09\/22163691_10154656399181152_1857647024_o-e1506645626155.jpg","datePublished":"2017-09-29T00:57:16+00:00","dateModified":"2017-10-11T02:02:47+00:00","author":{"@id":"https:\/\/www.cetys.mx\/noticias\/#\/schema\/person\/e790051ce60e18ae47cfa87011c8653f"},"description":"Articulo sobre CETYS Tijuana con actividad sobre duela en San Diego","breadcrumb":{"@id":"https:\/\/www.cetys.mx\/noticias\/cetys-tijuana-actividad-duela-en-san-diego\/#breadcrumb"},"inLanguage":"es","potentialAction":[{"@type":"ReadAction","target":["https:\/\/www.cetys.mx\/noticias\/cetys-tijuana-actividad-duela-en-san-diego\/"]}]},{"@type":"ImageObject","inLanguage":"es","@id":"https:\/\/www.cetys.mx\/noticias\/cetys-tijuana-actividad-duela-en-san-diego\/#primaryimage","url":"https:\/\/www.cetys.mx\/noticias\/wp-content\/uploads\/2017\/09\/22163691_10154656399181152_1857647024_o-e1506645626155.jpg","contentUrl":"https:\/\/www.cetys.mx\/noticias\/wp-content\/uploads\/2017\/09\/22163691_10154656399181152_1857647024_o-e1506645626155.jpg","width":990,"height":637,"caption":"CETYS Tijuana - Basquetbol"},{"@type":"BreadcrumbList","@id":"https:\/\/www.cetys.mx\/noticias\/cetys-tijuana-actividad-duela-en-san-diego\/#breadcrumb","itemListElement":[{"@type":"ListItem","position":1,"name":"Inicio","item":"https:\/\/www.cetys.mx\/noticias\/"},{"@type":"ListItem","position":2,"name":"CETYS Tijuana con actividad sobre duela en San Diego"}]},{"@type":"WebSite","@id":"https:\/\/www.cetys.mx\/noticias\/#website","url":"https:\/\/www.cetys.mx\/noticias\/","name":"CETYS","description":"","potentialAction":[{"@type":"SearchAction","target":{"@type":"EntryPoint","urlTemplate":"https:\/\/www.cetys.mx\/noticias\/?s={search_term_string}"},"query-input":{"@type":"PropertyValueSpecification","valueRequired":true,"valueName":"search_term_string"}}],"inLanguage":"es"},{"@type":"Person","@id":"https:\/\/www.cetys.mx\/noticias\/#\/schema\/person\/e790051ce60e18ae47cfa87011c8653f","name":"Campus Tijuana","url":"https:\/\/www.cetys.mx\/noticias\/author\/campustijuana\/"}]}},"_links":{"self":[{"href":"https:\/\/www.cetys.mx\/noticias\/wp-json\/wp\/v2\/posts\/75136","targetHints":{"allow":["GET"]}}],"collection":[{"href":"https:\/\/www.cetys.mx\/noticias\/wp-json\/wp\/v2\/posts"}],"about":[{"href":"https:\/\/www.cetys.mx\/noticias\/wp-json\/wp\/v2\/types\/post"}],"author":[{"embeddable":true,"href":"https:\/\/www.cetys.mx\/noticias\/wp-json\/wp\/v2\/users\/24"}],"replies":[{"embeddable":true,"href":"https:\/\/www.cetys.mx\/noticias\/wp-json\/wp\/v2\/comments?post=75136"}],"version-history":[{"count":0,"href":"https:\/\/www.cetys.mx\/noticias\/wp-json\/wp\/v2\/posts\/75136\/revisions"}],"wp:featuredmedia":[{"embeddable":true,"href":"https:\/\/www.cetys.mx\/noticias\/wp-json\/wp\/v2\/media\/75139"}],"wp:attachment":[{"href":"https:\/\/www.cetys.mx\/noticias\/wp-json\/wp\/v2\/media?parent=75136"}],"wp:term":[{"taxonomy":"category","embeddable":true,"href":"https:\/\/www.cetys.mx\/noticias\/wp-json\/wp\/v2\/categories?post=75136"},{"taxonomy":"post_tag","embeddable":true,"href":"https:\/\/www.cetys.mx\/noticias\/wp-json\/wp\/v2\/tags?post=75136"}],"curies":[{"name":"wp","href":"https:\/\/api.w.org\/{rel}","templated":true}]}}