{"id":75077,"date":"2017-09-27T12:58:02","date_gmt":"2017-09-27T19:58:02","guid":{"rendered":"http:\/\/www.cetys.mx\/noticias\/?p=75077"},"modified":"2017-09-27T12:58:02","modified_gmt":"2017-09-27T19:58:02","slug":"emprendimiento-social-tema-a-tratar-en-congreso-icsb","status":"publish","type":"post","link":"https:\/\/www.cetys.mx\/noticias\/emprendimiento-social-tema-a-tratar-en-congreso-icsb\/","title":{"rendered":"Emprendimiento Social tema a tratar en Congreso ICSB"},"content":{"rendered":"<p style=\"text-align: justify;\">Para fomentar el intercambio de conocimientos e ideas en torno a la formaci\u00f3n y gesti\u00f3n de empresas, se realizar\u00e1 del 4 al 6 de octubre el\u00a0<a href=\"https:\/\/www.cetys.mx\/congresoicsb\/index.html\" data-saferedirecturl=\"https:\/\/www.google.com\/url?hl=es&amp;q=https:\/\/www.cetys.mx\/congresoicsb\/index.html&amp;source=gmail&amp;ust=1506627892434000&amp;usg=AFQjCNGc-K8F-jKJZzccQyE3MP7aeeIP5A\">III Congreso Internacional de Investigaci\u00f3n sobre Emprendimiento, Peque\u00f1a y Mediana Empresa de ICSB M\u00e9xico<\/a>, en el Centro de Excelencia en Competitividad y Emprendimiento de CETYS Universidad.<\/p>\n<p style=\"text-align: justify;\">En rueda de prensa sobre el tema, el Mtro. Mario Dipp N\u00fa\u00f1ez, Director de CETYS Universidad, Campus Mexicali, comparti\u00f3 que el congreso es llevado a cabo por el\u00a0<a href=\"https:\/\/icsb.org\/project\/icsb-mexico\/\" data-saferedirecturl=\"https:\/\/www.google.com\/url?hl=es&amp;q=https:\/\/icsb.org\/project\/icsb-mexico\/&amp;source=gmail&amp;ust=1506627892434000&amp;usg=AFQjCNGXZXY8J8GAqiPEj1Nvm2mhIFJmoQ\">International Council for Small Business M\u00e9xico<\/a>\u00a0(ICSB), A.C. y CETYS a trav\u00e9s del Colegio de Administraci\u00f3n y Negocios.<\/p>\n<blockquote>\n<p style=\"text-align: justify;\">\u201cEste es un evento en el que entre investigadores, acad\u00e9micos, empresarios, profesionistas, emprendedores y servidores p\u00fablicos, se analizar\u00e1n temas de innovaci\u00f3n, desarrollo competitivo e impacto econ\u00f3mico y social de las PYMES, tanto en M\u00e9xico como en otras latitudes\u201d, dijo.<\/p>\n<\/blockquote>\n<p style=\"text-align: justify;\"><a href=\"https:\/\/www.cetys.mx\/noticias\/wp-content\/uploads\/2017\/09\/ICSB_CETYS4.jpg\"><img loading=\"lazy\" decoding=\"async\" class=\"alignnone size-full wp-image-75080\" src=\"https:\/\/www.cetys.mx\/noticias\/wp-content\/uploads\/2017\/09\/ICSB_CETYS4.jpg\" alt=\"emprendimiento\" width=\"958\" height=\"637\" \/><\/a><\/p>\n<p style=\"text-align: justify;\">Dipp N\u00fa\u00f1ez agreg\u00f3 que el inter\u00e9s de\u00a0<a href=\"https:\/\/www.cetys.mx\/\" data-saferedirecturl=\"https:\/\/www.google.com\/url?hl=es&amp;q=https:\/\/www.cetys.mx\/&amp;source=gmail&amp;ust=1506627892434000&amp;usg=AFQjCNEnYZdrLy3ulo-8CmfYyi0ueyh8vQ\">CETYS<\/a>\u00a0en participar en este tipo de actividades, es la oportunidad de traer a Mexicali una serie de conferencistas de muy alto nivel provenientes de Europa, Canad\u00e1, M\u00e9xico y Estados Unidos; para dar herramientas a la comunidad estudiantil, egresados y gente interesada en fomentar el emprendimiento, sobre todo el de car\u00e1cter social.<\/p>\n<blockquote>\n<p style=\"text-align: justify;\">\u201cSabemos que el emprendimiento es cuando una persona o m\u00e1s tienen una idea de negocio y comienzan a realizarlo, pero tambi\u00e9n existe el emprendimiento social, en el que se trata de buscar la soluci\u00f3n a problem\u00e1ticas en la sociedad. Sabemos que actualmente y debido a los recientes hechos en el Sur y Centro del pa\u00eds, los j\u00f3venes se movilizaron y unieron para hacer frente al problema; sin embargo, despu\u00e9s de esto no deja de haber hambre, necesidades de salud, atenci\u00f3n m\u00e9dica, vialidades y educaci\u00f3n; y en CETYS buscamos que nuestros estudiantes emprendan acciones para saber c\u00f3mo podemos ayudar a resolver eso\u201d, destac\u00f3.<\/p>\n<\/blockquote>\n<p style=\"text-align: justify;\">Por su parte, el Dr. Francisco V\u00e9lez Torres, Director del Colegio de\u00a0<a href=\"https:\/\/www.cetys.mx\/oferta-educativa\/profesional\/licenciatura-en-administracion-de-empresas\/\" data-saferedirecturl=\"https:\/\/www.google.com\/url?hl=es&amp;q=https:\/\/www.cetys.mx\/oferta-educativa\/profesional\/licenciatura-en-administracion-de-empresas\/&amp;source=gmail&amp;ust=1506627892434000&amp;usg=AFQjCNFLgBM0ko19qDiCZPXcLA5rt6rjxA\">Administraci\u00f3n y Negocios<\/a>\u00a0de CETYS, coment\u00f3 que las peque\u00f1as y medianas empresas constituyen m\u00e1s del 90% del total de empresas establecidas y representan dos tercios del empleo a nivel mundial; siendo la falta de financiamientos adecuados, el dif\u00edcil acceso a recursos productivos (materias primas, talento, servicios, energ\u00eda, etc.), y la competencia informal, algunos de los principales retos que deben enfrentar.<\/p>\n<blockquote>\n<p style=\"text-align: justify;\"><a href=\"https:\/\/www.cetys.mx\/noticias\/wp-content\/uploads\/2017\/09\/ICSB_CETYS3.jpg\"><img loading=\"lazy\" decoding=\"async\" class=\" wp-image-75079 alignleft\" src=\"https:\/\/www.cetys.mx\/noticias\/wp-content\/uploads\/2017\/09\/ICSB_CETYS3.jpg\" alt=\"emprendimiento\" width=\"225\" height=\"316\" \/><\/a>\u201cLa gran mayor\u00eda de dichas empresas son de corte familiar. Se calcula que entre el 65% y 80% de las empresas en el mundo son negocios familiares, y que en su conjunto representan alrededor del 50% del PIB mundial. Muchas de ellas eventualmente requerir\u00e1n institucionalizarse y planear la futura sucesi\u00f3n para garantizar su supervivencia\u201d, agreg\u00f3.<\/p>\n<\/blockquote>\n<p style=\"text-align: justify;\">\n<p style=\"text-align: justify;\">\n<p style=\"text-align: justify;\">Francisco V\u00e9lez asegur\u00f3 que el evento espera una asistencia de m\u00e1s de 150 personas que disfrutar\u00e1n de 5 conferencias magistrales con temas como: Creaci\u00f3n de PYMES, Competitividad, Innovaci\u00f3n Tecnol\u00f3gica, Mujeres Emprendedoras, y Comunicaci\u00f3n.<\/p>\n<blockquote>\n<p style=\"text-align: justify;\">\u201cSe contar\u00e1 adem\u00e1s con 9 talleres entre los que destacan t\u00f3picos como: Proyectos de Inversi\u00f3n; Estrategias de E-Marketing; Desarrollo de Emprendedores, y Sustentabilidad, entre otros. Sumado a eso, los asistentes podr\u00e1n participar en un viaje a Valle de Guadalupe, reconocido por ser la mayor zona de elaboraci\u00f3n de vinos de calidad en M\u00e9xico, pues dentro de la amplia lista de casas vin\u00edcolas de la regi\u00f3n, se produce el 90% del vino en todo el pa\u00eds\u201d, mencion\u00f3.<\/p>\n<\/blockquote>\n<p style=\"text-align: justify;\">En el marco de este evento, la Escuela de Administraci\u00f3n y Negocios a cargo del Dr. Carlos Castellanos, tendr\u00e1 una Semana del Emprendimiento en el que se busca que los j\u00f3venes obtengan una nueva perspectiva para su proceso de formaci\u00f3n, desarroll\u00e1ndose en un ambiente acad\u00e9mico de alto desempe\u00f1o con preparaci\u00f3n para los negocios.<\/p>\n<p style=\"text-align: justify;\"><a href=\"https:\/\/www.cetys.mx\/noticias\/wp-content\/uploads\/2017\/09\/ICSB_CETYS2.jpg\"><img loading=\"lazy\" decoding=\"async\" class=\" wp-image-75082 alignright\" src=\"https:\/\/www.cetys.mx\/noticias\/wp-content\/uploads\/2017\/09\/ICSB_CETYS2.jpg\" alt=\"emprendimiento\" width=\"195\" height=\"273\" \/><\/a><\/p>\n<blockquote>\n<p style=\"text-align: justify;\">\u201cLo que buscamos es trabajar con los alumnos, promoviendo en ellos la actitud de desarrollar nuevos negocios que sean una alternativa para activar los sectores productivos, por lo que deseamos que sean ellos los actores principales de ese proceso\u201d, asegur\u00f3 Castellanos.<\/p>\n<\/blockquote>\n<p style=\"text-align: justify;\">Para mayores informes comunicarse al tel\u00e9fono +52 (664) 903 1800 y (664) 375 3396 o bien a los correos electr\u00f3nicos:\u00a0<a href=\"mailto:zeferino.mauricio@cetys.mx\">zeferino.mauricio@cetys.mx<\/a>\u00a0y\u00a0<a href=\"mailto:ana.gomez@cetys.mx\">ana.gomez@cetys.mx<\/a>\u00a0adem\u00e1s, se puede visitar la p\u00e1gina oficial del\u00a0<a href=\"https:\/\/www.cetys.mx\/congresoicsb\/index.html\" data-saferedirecturl=\"https:\/\/www.google.com\/url?hl=es&amp;q=https:\/\/www.cetys.mx\/congresoicsb\/index.html&amp;source=gmail&amp;ust=1506627892434000&amp;usg=AFQjCNGc-K8F-jKJZzccQyE3MP7aeeIP5A\">evento aqu\u00ed.<\/a><\/p>\n","protected":false},"excerpt":{"rendered":"<p>Para fomentar el intercambio de conocimientos e ideas en torno a la formaci\u00f3n y gesti\u00f3n de empresas, se realizar\u00e1 del 4 al&#8230;<\/p>\n","protected":false},"author":20,"featured_media":75081,"comment_status":"open","ping_status":"open","sticky":false,"template":"","format":"standard","meta":{"footnotes":""},"categories":[133,311,125,313],"tags":[1295,138,214,284,746,492,269,612,395,99],"class_list":["post-75077","post","type-post","status-publish","format-standard","has-post-thumbnail","hentry","category-campus-mexicali","category-p-emprendedor","category-portada","category-vocetys-2","tag-administracion-y-negocios","tag-cetys","tag-congreso","tag-emprendimiento","tag-eventos","tag-icsb","tag-innovacion","tag-mario-dipp","tag-mexicali","tag-negocios"],"yoast_head":"<!-- This site is optimized with the Yoast SEO plugin v27.4 - https:\/\/yoast.com\/product\/yoast-seo-wordpress\/ -->\n<title>Emprendimiento Social tema a tratar en Congreso ICSB en CETYS<\/title>\n<meta name=\"description\" content=\"Para fomentar el intercambio de conocimientos e ideas en la formaci\u00f3n y gesti\u00f3n de empresas, se realizar\u00e1 el III Congreso sobre Emprendimiento de ICSB.\" \/>\n<meta name=\"robots\" content=\"index, follow, max-snippet:-1, max-image-preview:large, max-video-preview:-1\" \/>\n<link rel=\"canonical\" href=\"https:\/\/www.cetys.mx\/noticias\/emprendimiento-social-tema-a-tratar-en-congreso-icsb\/\" \/>\n<meta property=\"og:locale\" content=\"es_MX\" \/>\n<meta property=\"og:type\" content=\"article\" \/>\n<meta property=\"og:title\" content=\"Emprendimiento Social tema a tratar en Congreso ICSB en CETYS\" \/>\n<meta property=\"og:description\" content=\"Para fomentar el intercambio de conocimientos e ideas en la formaci\u00f3n y gesti\u00f3n de empresas, se realizar\u00e1 el III Congreso sobre Emprendimiento de ICSB.\" \/>\n<meta property=\"og:url\" content=\"https:\/\/www.cetys.mx\/noticias\/emprendimiento-social-tema-a-tratar-en-congreso-icsb\/\" \/>\n<meta property=\"og:site_name\" content=\"CETYS\" \/>\n<meta property=\"article:publisher\" content=\"https:\/\/www.facebook.com\/cetysuniversidadmxl\/\" \/>\n<meta property=\"article:published_time\" content=\"2017-09-27T19:58:02+00:00\" \/>\n<meta property=\"og:image\" content=\"https:\/\/www.cetys.mx\/noticias\/wp-content\/uploads\/2017\/09\/ICSB_CETYS.jpg\" \/>\n\t<meta property=\"og:image:width\" content=\"958\" \/>\n\t<meta property=\"og:image:height\" content=\"637\" \/>\n\t<meta property=\"og:image:type\" content=\"image\/jpeg\" \/>\n<meta name=\"author\" content=\"Campus Mexicali\" \/>\n<meta name=\"twitter:card\" content=\"summary_large_image\" \/>\n<meta name=\"twitter:creator\" content=\"@cetysuni\" \/>\n<meta name=\"twitter:site\" content=\"@cetysuni\" \/>\n<meta name=\"twitter:label1\" content=\"Escrito por\" \/>\n\t<meta name=\"twitter:data1\" content=\"Campus Mexicali\" \/>\n\t<meta name=\"twitter:label2\" content=\"Tiempo de lectura\" \/>\n\t<meta name=\"twitter:data2\" content=\"4 minutos\" \/>\n<script type=\"application\/ld+json\" class=\"yoast-schema-graph\">{\"@context\":\"https:\\\/\\\/schema.org\",\"@graph\":[{\"@type\":\"Article\",\"@id\":\"https:\\\/\\\/www.cetys.mx\\\/noticias\\\/emprendimiento-social-tema-a-tratar-en-congreso-icsb\\\/#article\",\"isPartOf\":{\"@id\":\"https:\\\/\\\/www.cetys.mx\\\/noticias\\\/emprendimiento-social-tema-a-tratar-en-congreso-icsb\\\/\"},\"author\":{\"name\":\"Campus Mexicali\",\"@id\":\"https:\\\/\\\/www.cetys.mx\\\/noticias\\\/#\\\/schema\\\/person\\\/79a95c4ac185f3705cf1b9c9340a5f70\"},\"headline\":\"Emprendimiento Social tema a tratar en Congreso ICSB\",\"datePublished\":\"2017-09-27T19:58:02+00:00\",\"mainEntityOfPage\":{\"@id\":\"https:\\\/\\\/www.cetys.mx\\\/noticias\\\/emprendimiento-social-tema-a-tratar-en-congreso-icsb\\\/\"},\"wordCount\":725,\"commentCount\":0,\"image\":{\"@id\":\"https:\\\/\\\/www.cetys.mx\\\/noticias\\\/emprendimiento-social-tema-a-tratar-en-congreso-icsb\\\/#primaryimage\"},\"thumbnailUrl\":\"https:\\\/\\\/www.cetys.mx\\\/noticias\\\/wp-content\\\/uploads\\\/2017\\\/09\\\/ICSB_CETYS.jpg\",\"keywords\":[\"Administraci\u00f3n y Negocios\",\"Cetys\",\"congreso\",\"Emprendimiento\",\"Eventos\",\"ICSB\",\"Innovaci\u00f3n\",\"Mario Dipp\",\"mexicali\",\"Negocios\"],\"articleSection\":[\"Campus Mexicali\",\"P. Emprendedor\",\"Portada\",\"VoCETYS\"],\"inLanguage\":\"es\",\"potentialAction\":[{\"@type\":\"CommentAction\",\"name\":\"Comment\",\"target\":[\"https:\\\/\\\/www.cetys.mx\\\/noticias\\\/emprendimiento-social-tema-a-tratar-en-congreso-icsb\\\/#respond\"]}]},{\"@type\":\"WebPage\",\"@id\":\"https:\\\/\\\/www.cetys.mx\\\/noticias\\\/emprendimiento-social-tema-a-tratar-en-congreso-icsb\\\/\",\"url\":\"https:\\\/\\\/www.cetys.mx\\\/noticias\\\/emprendimiento-social-tema-a-tratar-en-congreso-icsb\\\/\",\"name\":\"Emprendimiento Social tema a tratar en Congreso ICSB en CETYS\",\"isPartOf\":{\"@id\":\"https:\\\/\\\/www.cetys.mx\\\/noticias\\\/#website\"},\"primaryImageOfPage\":{\"@id\":\"https:\\\/\\\/www.cetys.mx\\\/noticias\\\/emprendimiento-social-tema-a-tratar-en-congreso-icsb\\\/#primaryimage\"},\"image\":{\"@id\":\"https:\\\/\\\/www.cetys.mx\\\/noticias\\\/emprendimiento-social-tema-a-tratar-en-congreso-icsb\\\/#primaryimage\"},\"thumbnailUrl\":\"https:\\\/\\\/www.cetys.mx\\\/noticias\\\/wp-content\\\/uploads\\\/2017\\\/09\\\/ICSB_CETYS.jpg\",\"datePublished\":\"2017-09-27T19:58:02+00:00\",\"author\":{\"@id\":\"https:\\\/\\\/www.cetys.mx\\\/noticias\\\/#\\\/schema\\\/person\\\/79a95c4ac185f3705cf1b9c9340a5f70\"},\"description\":\"Para fomentar el intercambio de conocimientos e ideas en la formaci\u00f3n y gesti\u00f3n de empresas, se realizar\u00e1 el III Congreso sobre Emprendimiento de ICSB.\",\"breadcrumb\":{\"@id\":\"https:\\\/\\\/www.cetys.mx\\\/noticias\\\/emprendimiento-social-tema-a-tratar-en-congreso-icsb\\\/#breadcrumb\"},\"inLanguage\":\"es\",\"potentialAction\":[{\"@type\":\"ReadAction\",\"target\":[\"https:\\\/\\\/www.cetys.mx\\\/noticias\\\/emprendimiento-social-tema-a-tratar-en-congreso-icsb\\\/\"]}]},{\"@type\":\"ImageObject\",\"inLanguage\":\"es\",\"@id\":\"https:\\\/\\\/www.cetys.mx\\\/noticias\\\/emprendimiento-social-tema-a-tratar-en-congreso-icsb\\\/#primaryimage\",\"url\":\"https:\\\/\\\/www.cetys.mx\\\/noticias\\\/wp-content\\\/uploads\\\/2017\\\/09\\\/ICSB_CETYS.jpg\",\"contentUrl\":\"https:\\\/\\\/www.cetys.mx\\\/noticias\\\/wp-content\\\/uploads\\\/2017\\\/09\\\/ICSB_CETYS.jpg\",\"width\":958,\"height\":637,\"caption\":\"emprendimiento\"},{\"@type\":\"BreadcrumbList\",\"@id\":\"https:\\\/\\\/www.cetys.mx\\\/noticias\\\/emprendimiento-social-tema-a-tratar-en-congreso-icsb\\\/#breadcrumb\",\"itemListElement\":[{\"@type\":\"ListItem\",\"position\":1,\"name\":\"Inicio\",\"item\":\"https:\\\/\\\/www.cetys.mx\\\/noticias\\\/\"},{\"@type\":\"ListItem\",\"position\":2,\"name\":\"Emprendimiento Social tema a tratar en Congreso ICSB\"}]},{\"@type\":\"WebSite\",\"@id\":\"https:\\\/\\\/www.cetys.mx\\\/noticias\\\/#website\",\"url\":\"https:\\\/\\\/www.cetys.mx\\\/noticias\\\/\",\"name\":\"CETYS\",\"description\":\"\",\"potentialAction\":[{\"@type\":\"SearchAction\",\"target\":{\"@type\":\"EntryPoint\",\"urlTemplate\":\"https:\\\/\\\/www.cetys.mx\\\/noticias\\\/?s={search_term_string}\"},\"query-input\":{\"@type\":\"PropertyValueSpecification\",\"valueRequired\":true,\"valueName\":\"search_term_string\"}}],\"inLanguage\":\"es\"},{\"@type\":\"Person\",\"@id\":\"https:\\\/\\\/www.cetys.mx\\\/noticias\\\/#\\\/schema\\\/person\\\/79a95c4ac185f3705cf1b9c9340a5f70\",\"name\":\"Campus Mexicali\",\"url\":\"https:\\\/\\\/www.cetys.mx\\\/noticias\\\/author\\\/campusmexicali\\\/\"}]}<\/script>\n<!-- \/ Yoast SEO plugin. -->","yoast_head_json":{"title":"Emprendimiento Social tema a tratar en Congreso ICSB en CETYS","description":"Para fomentar el intercambio de conocimientos e ideas en la formaci\u00f3n y gesti\u00f3n de empresas, se realizar\u00e1 el III Congreso sobre Emprendimiento de ICSB.","robots":{"index":"index","follow":"follow","max-snippet":"max-snippet:-1","max-image-preview":"max-image-preview:large","max-video-preview":"max-video-preview:-1"},"canonical":"https:\/\/www.cetys.mx\/noticias\/emprendimiento-social-tema-a-tratar-en-congreso-icsb\/","og_locale":"es_MX","og_type":"article","og_title":"Emprendimiento Social tema a tratar en Congreso ICSB en CETYS","og_description":"Para fomentar el intercambio de conocimientos e ideas en la formaci\u00f3n y gesti\u00f3n de empresas, se realizar\u00e1 el III Congreso sobre Emprendimiento de ICSB.","og_url":"https:\/\/www.cetys.mx\/noticias\/emprendimiento-social-tema-a-tratar-en-congreso-icsb\/","og_site_name":"CETYS","article_publisher":"https:\/\/www.facebook.com\/cetysuniversidadmxl\/","article_published_time":"2017-09-27T19:58:02+00:00","og_image":[{"width":958,"height":637,"url":"https:\/\/www.cetys.mx\/noticias\/wp-content\/uploads\/2017\/09\/ICSB_CETYS.jpg","type":"image\/jpeg"}],"author":"Campus Mexicali","twitter_card":"summary_large_image","twitter_creator":"@cetysuni","twitter_site":"@cetysuni","twitter_misc":{"Escrito por":"Campus Mexicali","Tiempo de lectura":"4 minutos"},"schema":{"@context":"https:\/\/schema.org","@graph":[{"@type":"Article","@id":"https:\/\/www.cetys.mx\/noticias\/emprendimiento-social-tema-a-tratar-en-congreso-icsb\/#article","isPartOf":{"@id":"https:\/\/www.cetys.mx\/noticias\/emprendimiento-social-tema-a-tratar-en-congreso-icsb\/"},"author":{"name":"Campus Mexicali","@id":"https:\/\/www.cetys.mx\/noticias\/#\/schema\/person\/79a95c4ac185f3705cf1b9c9340a5f70"},"headline":"Emprendimiento Social tema a tratar en Congreso ICSB","datePublished":"2017-09-27T19:58:02+00:00","mainEntityOfPage":{"@id":"https:\/\/www.cetys.mx\/noticias\/emprendimiento-social-tema-a-tratar-en-congreso-icsb\/"},"wordCount":725,"commentCount":0,"image":{"@id":"https:\/\/www.cetys.mx\/noticias\/emprendimiento-social-tema-a-tratar-en-congreso-icsb\/#primaryimage"},"thumbnailUrl":"https:\/\/www.cetys.mx\/noticias\/wp-content\/uploads\/2017\/09\/ICSB_CETYS.jpg","keywords":["Administraci\u00f3n y Negocios","Cetys","congreso","Emprendimiento","Eventos","ICSB","Innovaci\u00f3n","Mario Dipp","mexicali","Negocios"],"articleSection":["Campus Mexicali","P. Emprendedor","Portada","VoCETYS"],"inLanguage":"es","potentialAction":[{"@type":"CommentAction","name":"Comment","target":["https:\/\/www.cetys.mx\/noticias\/emprendimiento-social-tema-a-tratar-en-congreso-icsb\/#respond"]}]},{"@type":"WebPage","@id":"https:\/\/www.cetys.mx\/noticias\/emprendimiento-social-tema-a-tratar-en-congreso-icsb\/","url":"https:\/\/www.cetys.mx\/noticias\/emprendimiento-social-tema-a-tratar-en-congreso-icsb\/","name":"Emprendimiento Social tema a tratar en Congreso ICSB en CETYS","isPartOf":{"@id":"https:\/\/www.cetys.mx\/noticias\/#website"},"primaryImageOfPage":{"@id":"https:\/\/www.cetys.mx\/noticias\/emprendimiento-social-tema-a-tratar-en-congreso-icsb\/#primaryimage"},"image":{"@id":"https:\/\/www.cetys.mx\/noticias\/emprendimiento-social-tema-a-tratar-en-congreso-icsb\/#primaryimage"},"thumbnailUrl":"https:\/\/www.cetys.mx\/noticias\/wp-content\/uploads\/2017\/09\/ICSB_CETYS.jpg","datePublished":"2017-09-27T19:58:02+00:00","author":{"@id":"https:\/\/www.cetys.mx\/noticias\/#\/schema\/person\/79a95c4ac185f3705cf1b9c9340a5f70"},"description":"Para fomentar el intercambio de conocimientos e ideas en la formaci\u00f3n y gesti\u00f3n de empresas, se realizar\u00e1 el III Congreso sobre Emprendimiento de ICSB.","breadcrumb":{"@id":"https:\/\/www.cetys.mx\/noticias\/emprendimiento-social-tema-a-tratar-en-congreso-icsb\/#breadcrumb"},"inLanguage":"es","potentialAction":[{"@type":"ReadAction","target":["https:\/\/www.cetys.mx\/noticias\/emprendimiento-social-tema-a-tratar-en-congreso-icsb\/"]}]},{"@type":"ImageObject","inLanguage":"es","@id":"https:\/\/www.cetys.mx\/noticias\/emprendimiento-social-tema-a-tratar-en-congreso-icsb\/#primaryimage","url":"https:\/\/www.cetys.mx\/noticias\/wp-content\/uploads\/2017\/09\/ICSB_CETYS.jpg","contentUrl":"https:\/\/www.cetys.mx\/noticias\/wp-content\/uploads\/2017\/09\/ICSB_CETYS.jpg","width":958,"height":637,"caption":"emprendimiento"},{"@type":"BreadcrumbList","@id":"https:\/\/www.cetys.mx\/noticias\/emprendimiento-social-tema-a-tratar-en-congreso-icsb\/#breadcrumb","itemListElement":[{"@type":"ListItem","position":1,"name":"Inicio","item":"https:\/\/www.cetys.mx\/noticias\/"},{"@type":"ListItem","position":2,"name":"Emprendimiento Social tema a tratar en Congreso ICSB"}]},{"@type":"WebSite","@id":"https:\/\/www.cetys.mx\/noticias\/#website","url":"https:\/\/www.cetys.mx\/noticias\/","name":"CETYS","description":"","potentialAction":[{"@type":"SearchAction","target":{"@type":"EntryPoint","urlTemplate":"https:\/\/www.cetys.mx\/noticias\/?s={search_term_string}"},"query-input":{"@type":"PropertyValueSpecification","valueRequired":true,"valueName":"search_term_string"}}],"inLanguage":"es"},{"@type":"Person","@id":"https:\/\/www.cetys.mx\/noticias\/#\/schema\/person\/79a95c4ac185f3705cf1b9c9340a5f70","name":"Campus Mexicali","url":"https:\/\/www.cetys.mx\/noticias\/author\/campusmexicali\/"}]}},"_links":{"self":[{"href":"https:\/\/www.cetys.mx\/noticias\/wp-json\/wp\/v2\/posts\/75077","targetHints":{"allow":["GET"]}}],"collection":[{"href":"https:\/\/www.cetys.mx\/noticias\/wp-json\/wp\/v2\/posts"}],"about":[{"href":"https:\/\/www.cetys.mx\/noticias\/wp-json\/wp\/v2\/types\/post"}],"author":[{"embeddable":true,"href":"https:\/\/www.cetys.mx\/noticias\/wp-json\/wp\/v2\/users\/20"}],"replies":[{"embeddable":true,"href":"https:\/\/www.cetys.mx\/noticias\/wp-json\/wp\/v2\/comments?post=75077"}],"version-history":[{"count":0,"href":"https:\/\/www.cetys.mx\/noticias\/wp-json\/wp\/v2\/posts\/75077\/revisions"}],"wp:featuredmedia":[{"embeddable":true,"href":"https:\/\/www.cetys.mx\/noticias\/wp-json\/wp\/v2\/media\/75081"}],"wp:attachment":[{"href":"https:\/\/www.cetys.mx\/noticias\/wp-json\/wp\/v2\/media?parent=75077"}],"wp:term":[{"taxonomy":"category","embeddable":true,"href":"https:\/\/www.cetys.mx\/noticias\/wp-json\/wp\/v2\/categories?post=75077"},{"taxonomy":"post_tag","embeddable":true,"href":"https:\/\/www.cetys.mx\/noticias\/wp-json\/wp\/v2\/tags?post=75077"}],"curies":[{"name":"wp","href":"https:\/\/api.w.org\/{rel}","templated":true}]}}