{"id":74912,"date":"2017-09-25T15:43:47","date_gmt":"2017-09-25T22:43:47","guid":{"rendered":"http:\/\/www.cetys.mx\/noticias\/?p=74912"},"modified":"2017-09-26T17:34:02","modified_gmt":"2017-09-27T00:34:02","slug":"patricia-pacho-hector-vargas-premio-al-profesor-emerito-2017","status":"publish","type":"post","link":"https:\/\/www.cetys.mx\/noticias\/patricia-pacho-hector-vargas-premio-al-profesor-emerito-2017\/","title":{"rendered":"Patricia Pacho y H\u00e9ctor Vargas: Premio al Profesor Em\u00e9rito 2017"},"content":{"rendered":"<blockquote>\n<p style=\"text-align: justify;\"><span style=\"font-weight: 400;\">En el marco de la celebraci\u00f3n del 56 Aniversario de nuestra instituci\u00f3n, se llev\u00f3 a cabo la ceremonia de entrega del <strong>Premio al Profesor Em\u00e9rito; la m\u00e1s alta distinci\u00f3n que otorga el CETYS y el IENAC a sus ex docentes, por una larga y dedicada trayectoria, su trascendencia, e importantes aportaciones al quehacer pedag\u00f3gico en la Instituci\u00f3n. <\/strong><\/span><\/p>\n<\/blockquote>\n<p style=\"text-align: justify;\">Los galardonados fueron la <strong>Maestra Patricia Pacho Ru\u00edz<\/strong> quien desde 1969 form\u00f3 parte del cuerpo docente de CETYS y fue Directora de <a href=\"https:\/\/www.cetys.mx\/oferta-educativa\/preparatoria\/\">Preparatoria<\/a>.<\/p>\n<p style=\"text-align: justify;\"><a href=\"https:\/\/www.cetys.mx\/noticias\/wp-content\/uploads\/2017\/09\/DSC_0033_portal.jpg\"><img loading=\"lazy\" decoding=\"async\" class=\"alignnone size-full wp-image-74914\" src=\"https:\/\/www.cetys.mx\/noticias\/wp-content\/uploads\/2017\/09\/DSC_0033_portal.jpg\" alt=\"Maestra Pacho\" width=\"958\" height=\"637\" \/><\/a><\/p>\n<blockquote><p>\u201cReconocemos a la Maestra Pacho, porque permanentemente, en cada d\u00eda de esos 40 a\u00f1os, supo a d\u00f3nde ir y a d\u00f3nde llevar a los que estuvieron con ella, estudiantes y maestros. Su labor como formadora fue, al mismo tiempo, infatigable e iluminadora\u201d dijo el Alberto G\u00e1rate, Vicerrector Acad\u00e9mico del Sistema CETYS Universidad.<\/p><\/blockquote>\n<p>&nbsp;<\/p>\n<p><iframe loading=\"lazy\" title=\"\u00a1Gracias Mtra. Pacho! Profesora Em\u00e9rita de CETYS\" width=\"500\" height=\"281\" src=\"https:\/\/www.youtube.com\/embed\/rPiTGApe_zQ?feature=oembed\" frameborder=\"0\" allow=\"accelerometer; autoplay; clipboard-write; encrypted-media; gyroscope; picture-in-picture; web-share\" referrerpolicy=\"strict-origin-when-cross-origin\" allowfullscreen><\/iframe><\/p>\n<p style=\"text-align: justify;\">Igualmente al <strong>Maestro H\u00e9ctor Manuel Vargas Garc\u00eda<\/strong>, quien tuvo una destacada trayectoria en CETYS Universidad, iniciando como docente de la <a href=\"https:\/\/www.cetys.mx\/colegios-y-centros-de-excelencia\/#ceid\">Escuela de Ingenier\u00eda<\/a>, posteriormente fue Subdirector de la Escuela y Director de los Programas de Posgrado en Ingenier\u00eda. M\u00e1s adelante asumi\u00f3 la Direcci\u00f3n de Educaci\u00f3n Superior e Investigaci\u00f3n donde realiz\u00f3 grandes innovaciones acad\u00e9micas y administrativas. Fue nombrado Director del Colegio de Ingenier\u00eda a nivel sistema y finalmente se incorpor\u00f3 como parte del Staff de la Vicerrector\u00eda Acad\u00e9mica ocupando el puesto de Director de Efectividad Institucional.<\/p>\n<p style=\"text-align: justify;\"><a href=\"https:\/\/www.cetys.mx\/noticias\/wp-content\/uploads\/2017\/09\/DSC_0037_portal.jpg\"><img loading=\"lazy\" decoding=\"async\" class=\"alignnone size-full wp-image-74915\" src=\"https:\/\/www.cetys.mx\/noticias\/wp-content\/uploads\/2017\/09\/DSC_0037_portal.jpg\" alt=\"Maestro Vargas\" width=\"958\" height=\"637\" \/><\/a><\/p>\n<blockquote><p>\u201cHoy reconocemos al Maestro H\u00e9ctor Vargas, porque fue el gestor de una trayectoria \u00fanica, cincelada por la voluntad, la inteligencia y un optimismo cr\u00edtico que lo acompa\u00f1aron a lo largo de 38 a\u00f1os de actividad formadora en el CETYS\u201d, dijo G\u00e1rate.<\/p><\/blockquote>\n<p><iframe loading=\"lazy\" title=\"\u00a1Gracias Mtro. Vargas! Profesor Em\u00e9rito de CETYS\" width=\"500\" height=\"281\" src=\"https:\/\/www.youtube.com\/embed\/wL-zt4XoFVo?feature=oembed\" frameborder=\"0\" allow=\"accelerometer; autoplay; clipboard-write; encrypted-media; gyroscope; picture-in-picture; web-share\" referrerpolicy=\"strict-origin-when-cross-origin\" allowfullscreen><\/iframe><\/p>\n<p style=\"text-align: justify;\">Una de prioridades de CETYS hacia el 2020, es la alta calidad educativa; por eso fomenta la movilidad internacional en sus docentes as\u00ed como la visita de profesores internacionales para brindar a los estudiantes la ventaja competitiva de estar bajo la mentor\u00eda de investigadores de talla internacional que adem\u00e1s, contribuyen al desarrollo de la comunidad a trav\u00e9s de la investigaci\u00f3n aplicada.<\/p>\n","protected":false},"excerpt":{"rendered":"<p>En el marco de la celebraci\u00f3n del 56 Aniversario de nuestra instituci\u00f3n, se llev\u00f3 a cabo la ceremonia de entrega del Premio&#8230;<\/p>\n","protected":false},"author":26,"featured_media":74913,"comment_status":"open","ping_status":"open","sticky":false,"template":"","format":"standard","meta":{"footnotes":""},"categories":[1685,209,125,1710,313],"tags":[1706,1709],"class_list":["post-74912","post","type-post","status-publish","format-standard","has-post-thumbnail","hentry","category-56-aniversario","category-institucional","category-portada","category-profesorado","category-vocetys-2","tag-vocetys-2017-09-26","tag-vocetys-2017-09-27"],"yoast_head":"<!-- This site is optimized with the Yoast SEO plugin v27.4 - https:\/\/yoast.com\/product\/yoast-seo-wordpress\/ -->\n<title>Patricia Pacho y H\u00e9ctor Vargas: Premio al Profesor Em\u00e9rito 2017 - CETYS<\/title>\n<meta name=\"description\" content=\"Articulo sobre Patricia Pacho y H\u00e9ctor Vargas: Premio al Profesor Em\u00e9rito 2017\" \/>\n<meta name=\"robots\" content=\"index, follow, max-snippet:-1, max-image-preview:large, max-video-preview:-1\" \/>\n<link rel=\"canonical\" href=\"https:\/\/www.cetys.mx\/noticias\/patricia-pacho-hector-vargas-premio-al-profesor-emerito-2017\/\" \/>\n<meta property=\"og:locale\" content=\"es_MX\" \/>\n<meta property=\"og:type\" content=\"article\" \/>\n<meta property=\"og:title\" content=\"Patricia Pacho y H\u00e9ctor Vargas: Premio al Profesor Em\u00e9rito 2017 - CETYS\" \/>\n<meta property=\"og:description\" content=\"Articulo sobre Patricia Pacho y H\u00e9ctor Vargas: Premio al Profesor Em\u00e9rito 2017\" \/>\n<meta property=\"og:url\" content=\"https:\/\/www.cetys.mx\/noticias\/patricia-pacho-hector-vargas-premio-al-profesor-emerito-2017\/\" \/>\n<meta property=\"og:site_name\" content=\"CETYS\" \/>\n<meta property=\"article:publisher\" content=\"https:\/\/www.facebook.com\/cetysuniversidadmxl\/\" \/>\n<meta property=\"article:published_time\" content=\"2017-09-25T22:43:47+00:00\" \/>\n<meta property=\"article:modified_time\" content=\"2017-09-27T00:34:02+00:00\" \/>\n<meta property=\"og:image\" content=\"https:\/\/www.cetys.mx\/noticias\/wp-content\/uploads\/2017\/09\/PROFESORESEMERITO-e1506378442462.jpg\" \/>\n\t<meta property=\"og:image:width\" content=\"958\" \/>\n\t<meta property=\"og:image:height\" content=\"637\" \/>\n\t<meta property=\"og:image:type\" content=\"image\/jpeg\" \/>\n<meta name=\"author\" content=\"CETYS Institucional\" \/>\n<meta name=\"twitter:card\" content=\"summary_large_image\" \/>\n<meta name=\"twitter:creator\" content=\"@cetysuni\" \/>\n<meta name=\"twitter:site\" content=\"@cetysuni\" \/>\n<meta name=\"twitter:label1\" content=\"Escrito por\" \/>\n\t<meta name=\"twitter:data1\" content=\"CETYS Institucional\" \/>\n\t<meta name=\"twitter:label2\" content=\"Tiempo de lectura\" \/>\n\t<meta name=\"twitter:data2\" content=\"2 minutos\" \/>\n<script type=\"application\/ld+json\" class=\"yoast-schema-graph\">{\"@context\":\"https:\\\/\\\/schema.org\",\"@graph\":[{\"@type\":\"Article\",\"@id\":\"https:\\\/\\\/www.cetys.mx\\\/noticias\\\/patricia-pacho-hector-vargas-premio-al-profesor-emerito-2017\\\/#article\",\"isPartOf\":{\"@id\":\"https:\\\/\\\/www.cetys.mx\\\/noticias\\\/patricia-pacho-hector-vargas-premio-al-profesor-emerito-2017\\\/\"},\"author\":{\"name\":\"CETYS Institucional\",\"@id\":\"https:\\\/\\\/www.cetys.mx\\\/noticias\\\/#\\\/schema\\\/person\\\/e9d2b35265b64aa454df57a2828eb2ac\"},\"headline\":\"Patricia Pacho y H\u00e9ctor Vargas: Premio al Profesor Em\u00e9rito 2017\",\"datePublished\":\"2017-09-25T22:43:47+00:00\",\"dateModified\":\"2017-09-27T00:34:02+00:00\",\"mainEntityOfPage\":{\"@id\":\"https:\\\/\\\/www.cetys.mx\\\/noticias\\\/patricia-pacho-hector-vargas-premio-al-profesor-emerito-2017\\\/\"},\"wordCount\":375,\"commentCount\":1,\"image\":{\"@id\":\"https:\\\/\\\/www.cetys.mx\\\/noticias\\\/patricia-pacho-hector-vargas-premio-al-profesor-emerito-2017\\\/#primaryimage\"},\"thumbnailUrl\":\"https:\\\/\\\/www.cetys.mx\\\/noticias\\\/wp-content\\\/uploads\\\/2017\\\/09\\\/PROFESORESEMERITO-e1506378442462.jpg\",\"keywords\":[\"vocetys-2017-09-26\",\"vocetys-2017-09-27\"],\"articleSection\":[\"56 Aniversario\",\"Institucional\",\"Portada\",\"Profesorado\",\"VoCETYS\"],\"inLanguage\":\"es\",\"potentialAction\":[{\"@type\":\"CommentAction\",\"name\":\"Comment\",\"target\":[\"https:\\\/\\\/www.cetys.mx\\\/noticias\\\/patricia-pacho-hector-vargas-premio-al-profesor-emerito-2017\\\/#respond\"]}]},{\"@type\":\"WebPage\",\"@id\":\"https:\\\/\\\/www.cetys.mx\\\/noticias\\\/patricia-pacho-hector-vargas-premio-al-profesor-emerito-2017\\\/\",\"url\":\"https:\\\/\\\/www.cetys.mx\\\/noticias\\\/patricia-pacho-hector-vargas-premio-al-profesor-emerito-2017\\\/\",\"name\":\"Patricia Pacho y H\u00e9ctor Vargas: Premio al Profesor Em\u00e9rito 2017 - CETYS\",\"isPartOf\":{\"@id\":\"https:\\\/\\\/www.cetys.mx\\\/noticias\\\/#website\"},\"primaryImageOfPage\":{\"@id\":\"https:\\\/\\\/www.cetys.mx\\\/noticias\\\/patricia-pacho-hector-vargas-premio-al-profesor-emerito-2017\\\/#primaryimage\"},\"image\":{\"@id\":\"https:\\\/\\\/www.cetys.mx\\\/noticias\\\/patricia-pacho-hector-vargas-premio-al-profesor-emerito-2017\\\/#primaryimage\"},\"thumbnailUrl\":\"https:\\\/\\\/www.cetys.mx\\\/noticias\\\/wp-content\\\/uploads\\\/2017\\\/09\\\/PROFESORESEMERITO-e1506378442462.jpg\",\"datePublished\":\"2017-09-25T22:43:47+00:00\",\"dateModified\":\"2017-09-27T00:34:02+00:00\",\"author\":{\"@id\":\"https:\\\/\\\/www.cetys.mx\\\/noticias\\\/#\\\/schema\\\/person\\\/e9d2b35265b64aa454df57a2828eb2ac\"},\"description\":\"Articulo sobre Patricia Pacho y H\u00e9ctor Vargas: Premio al Profesor Em\u00e9rito 2017\",\"breadcrumb\":{\"@id\":\"https:\\\/\\\/www.cetys.mx\\\/noticias\\\/patricia-pacho-hector-vargas-premio-al-profesor-emerito-2017\\\/#breadcrumb\"},\"inLanguage\":\"es\",\"potentialAction\":[{\"@type\":\"ReadAction\",\"target\":[\"https:\\\/\\\/www.cetys.mx\\\/noticias\\\/patricia-pacho-hector-vargas-premio-al-profesor-emerito-2017\\\/\"]}]},{\"@type\":\"ImageObject\",\"inLanguage\":\"es\",\"@id\":\"https:\\\/\\\/www.cetys.mx\\\/noticias\\\/patricia-pacho-hector-vargas-premio-al-profesor-emerito-2017\\\/#primaryimage\",\"url\":\"https:\\\/\\\/www.cetys.mx\\\/noticias\\\/wp-content\\\/uploads\\\/2017\\\/09\\\/PROFESORESEMERITO-e1506378442462.jpg\",\"contentUrl\":\"https:\\\/\\\/www.cetys.mx\\\/noticias\\\/wp-content\\\/uploads\\\/2017\\\/09\\\/PROFESORESEMERITO-e1506378442462.jpg\",\"width\":958,\"height\":637},{\"@type\":\"BreadcrumbList\",\"@id\":\"https:\\\/\\\/www.cetys.mx\\\/noticias\\\/patricia-pacho-hector-vargas-premio-al-profesor-emerito-2017\\\/#breadcrumb\",\"itemListElement\":[{\"@type\":\"ListItem\",\"position\":1,\"name\":\"Inicio\",\"item\":\"https:\\\/\\\/www.cetys.mx\\\/noticias\\\/\"},{\"@type\":\"ListItem\",\"position\":2,\"name\":\"Patricia Pacho y H\u00e9ctor Vargas: Premio al Profesor Em\u00e9rito 2017\"}]},{\"@type\":\"WebSite\",\"@id\":\"https:\\\/\\\/www.cetys.mx\\\/noticias\\\/#website\",\"url\":\"https:\\\/\\\/www.cetys.mx\\\/noticias\\\/\",\"name\":\"CETYS\",\"description\":\"\",\"potentialAction\":[{\"@type\":\"SearchAction\",\"target\":{\"@type\":\"EntryPoint\",\"urlTemplate\":\"https:\\\/\\\/www.cetys.mx\\\/noticias\\\/?s={search_term_string}\"},\"query-input\":{\"@type\":\"PropertyValueSpecification\",\"valueRequired\":true,\"valueName\":\"search_term_string\"}}],\"inLanguage\":\"es\"},{\"@type\":\"Person\",\"@id\":\"https:\\\/\\\/www.cetys.mx\\\/noticias\\\/#\\\/schema\\\/person\\\/e9d2b35265b64aa454df57a2828eb2ac\",\"name\":\"CETYS Institucional\",\"url\":\"https:\\\/\\\/www.cetys.mx\\\/noticias\\\/author\\\/cetysinstitucional\\\/\"}]}<\/script>\n<!-- \/ Yoast SEO plugin. -->","yoast_head_json":{"title":"Patricia Pacho y H\u00e9ctor Vargas: Premio al Profesor Em\u00e9rito 2017 - CETYS","description":"Articulo sobre Patricia Pacho y H\u00e9ctor Vargas: Premio al Profesor Em\u00e9rito 2017","robots":{"index":"index","follow":"follow","max-snippet":"max-snippet:-1","max-image-preview":"max-image-preview:large","max-video-preview":"max-video-preview:-1"},"canonical":"https:\/\/www.cetys.mx\/noticias\/patricia-pacho-hector-vargas-premio-al-profesor-emerito-2017\/","og_locale":"es_MX","og_type":"article","og_title":"Patricia Pacho y H\u00e9ctor Vargas: Premio al Profesor Em\u00e9rito 2017 - CETYS","og_description":"Articulo sobre Patricia Pacho y H\u00e9ctor Vargas: Premio al Profesor Em\u00e9rito 2017","og_url":"https:\/\/www.cetys.mx\/noticias\/patricia-pacho-hector-vargas-premio-al-profesor-emerito-2017\/","og_site_name":"CETYS","article_publisher":"https:\/\/www.facebook.com\/cetysuniversidadmxl\/","article_published_time":"2017-09-25T22:43:47+00:00","article_modified_time":"2017-09-27T00:34:02+00:00","og_image":[{"width":958,"height":637,"url":"https:\/\/www.cetys.mx\/noticias\/wp-content\/uploads\/2017\/09\/PROFESORESEMERITO-e1506378442462.jpg","type":"image\/jpeg"}],"author":"CETYS Institucional","twitter_card":"summary_large_image","twitter_creator":"@cetysuni","twitter_site":"@cetysuni","twitter_misc":{"Escrito por":"CETYS Institucional","Tiempo de lectura":"2 minutos"},"schema":{"@context":"https:\/\/schema.org","@graph":[{"@type":"Article","@id":"https:\/\/www.cetys.mx\/noticias\/patricia-pacho-hector-vargas-premio-al-profesor-emerito-2017\/#article","isPartOf":{"@id":"https:\/\/www.cetys.mx\/noticias\/patricia-pacho-hector-vargas-premio-al-profesor-emerito-2017\/"},"author":{"name":"CETYS Institucional","@id":"https:\/\/www.cetys.mx\/noticias\/#\/schema\/person\/e9d2b35265b64aa454df57a2828eb2ac"},"headline":"Patricia Pacho y H\u00e9ctor Vargas: Premio al Profesor Em\u00e9rito 2017","datePublished":"2017-09-25T22:43:47+00:00","dateModified":"2017-09-27T00:34:02+00:00","mainEntityOfPage":{"@id":"https:\/\/www.cetys.mx\/noticias\/patricia-pacho-hector-vargas-premio-al-profesor-emerito-2017\/"},"wordCount":375,"commentCount":1,"image":{"@id":"https:\/\/www.cetys.mx\/noticias\/patricia-pacho-hector-vargas-premio-al-profesor-emerito-2017\/#primaryimage"},"thumbnailUrl":"https:\/\/www.cetys.mx\/noticias\/wp-content\/uploads\/2017\/09\/PROFESORESEMERITO-e1506378442462.jpg","keywords":["vocetys-2017-09-26","vocetys-2017-09-27"],"articleSection":["56 Aniversario","Institucional","Portada","Profesorado","VoCETYS"],"inLanguage":"es","potentialAction":[{"@type":"CommentAction","name":"Comment","target":["https:\/\/www.cetys.mx\/noticias\/patricia-pacho-hector-vargas-premio-al-profesor-emerito-2017\/#respond"]}]},{"@type":"WebPage","@id":"https:\/\/www.cetys.mx\/noticias\/patricia-pacho-hector-vargas-premio-al-profesor-emerito-2017\/","url":"https:\/\/www.cetys.mx\/noticias\/patricia-pacho-hector-vargas-premio-al-profesor-emerito-2017\/","name":"Patricia Pacho y H\u00e9ctor Vargas: Premio al Profesor Em\u00e9rito 2017 - CETYS","isPartOf":{"@id":"https:\/\/www.cetys.mx\/noticias\/#website"},"primaryImageOfPage":{"@id":"https:\/\/www.cetys.mx\/noticias\/patricia-pacho-hector-vargas-premio-al-profesor-emerito-2017\/#primaryimage"},"image":{"@id":"https:\/\/www.cetys.mx\/noticias\/patricia-pacho-hector-vargas-premio-al-profesor-emerito-2017\/#primaryimage"},"thumbnailUrl":"https:\/\/www.cetys.mx\/noticias\/wp-content\/uploads\/2017\/09\/PROFESORESEMERITO-e1506378442462.jpg","datePublished":"2017-09-25T22:43:47+00:00","dateModified":"2017-09-27T00:34:02+00:00","author":{"@id":"https:\/\/www.cetys.mx\/noticias\/#\/schema\/person\/e9d2b35265b64aa454df57a2828eb2ac"},"description":"Articulo sobre Patricia Pacho y H\u00e9ctor Vargas: Premio al Profesor Em\u00e9rito 2017","breadcrumb":{"@id":"https:\/\/www.cetys.mx\/noticias\/patricia-pacho-hector-vargas-premio-al-profesor-emerito-2017\/#breadcrumb"},"inLanguage":"es","potentialAction":[{"@type":"ReadAction","target":["https:\/\/www.cetys.mx\/noticias\/patricia-pacho-hector-vargas-premio-al-profesor-emerito-2017\/"]}]},{"@type":"ImageObject","inLanguage":"es","@id":"https:\/\/www.cetys.mx\/noticias\/patricia-pacho-hector-vargas-premio-al-profesor-emerito-2017\/#primaryimage","url":"https:\/\/www.cetys.mx\/noticias\/wp-content\/uploads\/2017\/09\/PROFESORESEMERITO-e1506378442462.jpg","contentUrl":"https:\/\/www.cetys.mx\/noticias\/wp-content\/uploads\/2017\/09\/PROFESORESEMERITO-e1506378442462.jpg","width":958,"height":637},{"@type":"BreadcrumbList","@id":"https:\/\/www.cetys.mx\/noticias\/patricia-pacho-hector-vargas-premio-al-profesor-emerito-2017\/#breadcrumb","itemListElement":[{"@type":"ListItem","position":1,"name":"Inicio","item":"https:\/\/www.cetys.mx\/noticias\/"},{"@type":"ListItem","position":2,"name":"Patricia Pacho y H\u00e9ctor Vargas: Premio al Profesor Em\u00e9rito 2017"}]},{"@type":"WebSite","@id":"https:\/\/www.cetys.mx\/noticias\/#website","url":"https:\/\/www.cetys.mx\/noticias\/","name":"CETYS","description":"","potentialAction":[{"@type":"SearchAction","target":{"@type":"EntryPoint","urlTemplate":"https:\/\/www.cetys.mx\/noticias\/?s={search_term_string}"},"query-input":{"@type":"PropertyValueSpecification","valueRequired":true,"valueName":"search_term_string"}}],"inLanguage":"es"},{"@type":"Person","@id":"https:\/\/www.cetys.mx\/noticias\/#\/schema\/person\/e9d2b35265b64aa454df57a2828eb2ac","name":"CETYS Institucional","url":"https:\/\/www.cetys.mx\/noticias\/author\/cetysinstitucional\/"}]}},"_links":{"self":[{"href":"https:\/\/www.cetys.mx\/noticias\/wp-json\/wp\/v2\/posts\/74912","targetHints":{"allow":["GET"]}}],"collection":[{"href":"https:\/\/www.cetys.mx\/noticias\/wp-json\/wp\/v2\/posts"}],"about":[{"href":"https:\/\/www.cetys.mx\/noticias\/wp-json\/wp\/v2\/types\/post"}],"author":[{"embeddable":true,"href":"https:\/\/www.cetys.mx\/noticias\/wp-json\/wp\/v2\/users\/26"}],"replies":[{"embeddable":true,"href":"https:\/\/www.cetys.mx\/noticias\/wp-json\/wp\/v2\/comments?post=74912"}],"version-history":[{"count":0,"href":"https:\/\/www.cetys.mx\/noticias\/wp-json\/wp\/v2\/posts\/74912\/revisions"}],"wp:featuredmedia":[{"embeddable":true,"href":"https:\/\/www.cetys.mx\/noticias\/wp-json\/wp\/v2\/media\/74913"}],"wp:attachment":[{"href":"https:\/\/www.cetys.mx\/noticias\/wp-json\/wp\/v2\/media?parent=74912"}],"wp:term":[{"taxonomy":"category","embeddable":true,"href":"https:\/\/www.cetys.mx\/noticias\/wp-json\/wp\/v2\/categories?post=74912"},{"taxonomy":"post_tag","embeddable":true,"href":"https:\/\/www.cetys.mx\/noticias\/wp-json\/wp\/v2\/tags?post=74912"}],"curies":[{"name":"wp","href":"https:\/\/api.w.org\/{rel}","templated":true}]}}