{"id":74599,"date":"2017-09-15T23:43:26","date_gmt":"2017-09-16T06:43:26","guid":{"rendered":"http:\/\/www.cetys.mx\/noticias\/?p=74599"},"modified":"2017-10-10T19:03:34","modified_gmt":"2017-10-11T02:03:34","slug":"cetys-tijuana-listo-futbol","status":"publish","type":"post","link":"https:\/\/www.cetys.mx\/noticias\/cetys-tijuana-listo-futbol\/","title":{"rendered":"CETYS Tijuana se declar\u00f3 listo en futbol soccer"},"content":{"rendered":"<p>El equipo de futbol soccer varonil de <strong>CETYS Tijuana<\/strong> ya se encuentra listo para participar en las eliminatorias de Campeonato Nacional de <strong>CONADEMS<\/strong>, teniendo la primera fase contra similares de la ciudad.<\/p>\n<p>El director t\u00e9cnico<strong> Israel Hern\u00e1ndez<\/strong> ha tenido una ardua tarea para conformar un plantel competitivo, pues s\u00f3lo cuenta con cinco elementos con m\u00e1s de un a\u00f1o de experiencia.<\/p>\n<p><em>\u201cLa mayor\u00eda de los muchachos son nuevos, es cierto. Pero lo positivo es que tienen muchas ganas por trascender. Quienes asumen la veteran\u00eda pueden sentirse privilegiados por arropar a quienes llegan\u201d<\/em>, dijo el estratega con cinco temporadas al mando de <strong>Zorros<\/strong>.<\/p>\n<div id=\"attachment_74601\" style=\"width: 2058px\" class=\"wp-caption alignnone\"><a href=\"https:\/\/www.cetys.mx\/noticias\/wp-content\/uploads\/2017\/09\/21618473_10154624164366152_1049069863_o1.jpg\"><img loading=\"lazy\" decoding=\"async\" aria-describedby=\"caption-attachment-74601\" class=\"size-full wp-image-74601\" src=\"https:\/\/www.cetys.mx\/noticias\/wp-content\/uploads\/2017\/09\/21618473_10154624164366152_1049069863_o1.jpg\" alt=\"Debutan este 20 de septiembre en Eliminatorias de CONADEMS.\" width=\"2048\" height=\"1536\" \/><\/a><p id=\"caption-attachment-74601\" class=\"wp-caption-text\">Debutan este 20 de septiembre en Eliminatorias de CONADEMS.<\/p><\/div>\n<p>La escuadra abre como local este <strong>mi\u00e9rcoles 20 de septiembre<\/strong> a las 2:30 de la tarde, recibiendo a Preparatoria Vasconcelos en la cancha del <strong>Estadio Margarita Astiazar\u00e1n de Fimbres<\/strong>. El primero de seis duelos que componen esta primera fase.<\/p>\n<p>\u201cLas expectativas son grandes porque tenemos buen cuadro \u2013agreg\u00f3 el timonel Hern\u00e1ndez-. Cada a\u00f1o me dedico a formarlo y trato de contar con las mejores piezas. El futbol soccer preparatoriano es muy competitivo en esta zona, pues en todas las escuelas tenemos respetado talento\u201d.<\/p>\n<p>Rub\u00e9n Liz\u00e1rraga, Pedro S\u00e1nchez, Humberto Mart\u00ednez y el portero Osvaldo Rocha han destacado en los partidos de preparaci\u00f3n que la oncena ha participado, previamente al debut de este mi\u00e9rcoles.<\/p>\n<p>S\u00e1nchez, capit\u00e1n de <strong>Zorros<\/strong>, dijo lo siguiente:<\/p>\n<blockquote><p><em>\u201cQueremos dar una alegr\u00eda m\u00e1s a <strong>CETYS<\/strong>, porque quiero ser campe\u00f3n. Nos hemos dado cuenta que tenemos un gran equipo, pero nos han eliminado antes de la final. Es el momento de dar la cara por <strong>CETYS<\/strong>, una de las mejores instituciones que existen\u201d.<\/em><\/p><\/blockquote>\n<p>Cinco de los seis partidos que tienen los <strong>Zorros<\/strong> ser\u00e1n en las instalaciones deportivas de <strong>CETYS Tijuana<\/strong>.<\/p>\n<div id=\"attachment_74602\" style=\"width: 2058px\" class=\"wp-caption alignnone\"><a href=\"https:\/\/www.cetys.mx\/noticias\/wp-content\/uploads\/2017\/09\/21769362_10154624164396152_1230161427_o1.jpg\"><img loading=\"lazy\" decoding=\"async\" aria-describedby=\"caption-attachment-74602\" class=\"size-full wp-image-74602\" src=\"https:\/\/www.cetys.mx\/noticias\/wp-content\/uploads\/2017\/09\/21769362_10154624164396152_1230161427_o1.jpg\" alt=\"El equipo es guiado por el director t\u00e9cnico Israel Hern\u00e1ndez.\" width=\"2048\" height=\"1536\" \/><\/a><p id=\"caption-attachment-74602\" class=\"wp-caption-text\">El equipo es guiado por el director t\u00e9cnico Israel Hern\u00e1ndez.<\/p><\/div>\n","protected":false},"excerpt":{"rendered":"<p>El equipo de futbol soccer varonil de CETYS Tijuana ya se encuentra listo para participar en las eliminatorias de Campeonato Nacional de&#8230;<\/p>\n","protected":false},"author":24,"featured_media":74605,"comment_status":"open","ping_status":"open","sticky":false,"template":"","format":"standard","meta":{"footnotes":""},"categories":[134,312,318,313],"tags":[328,519,233,92,226],"class_list":["post-74599","post","type-post","status-publish","format-standard","has-post-thumbnail","hentry","category-campus-tijuana","category-deportes","category-preparatoria","category-vocetys-2","tag-campustijuana","tag-conadems","tag-deportes","tag-preparatoria","tag-tijuana","univesidades-cetys-campus-tijuana"],"yoast_head":"<!-- This site is optimized with the Yoast SEO plugin v27.4 - https:\/\/yoast.com\/product\/yoast-seo-wordpress\/ -->\n<title>CETYS Tijuana se declar\u00f3 listo en futbol soccer - CETYS<\/title>\n<meta name=\"description\" content=\"Articulo sobre CETYS Tijuana se declar\u00f3 listo en futbol soccer\" \/>\n<meta name=\"robots\" content=\"index, follow, max-snippet:-1, max-image-preview:large, max-video-preview:-1\" \/>\n<link rel=\"canonical\" href=\"https:\/\/www.cetys.mx\/noticias\/cetys-tijuana-listo-futbol\/\" \/>\n<meta property=\"og:locale\" content=\"es_MX\" \/>\n<meta property=\"og:type\" content=\"article\" \/>\n<meta property=\"og:title\" content=\"CETYS Tijuana se declar\u00f3 listo en futbol soccer - CETYS\" \/>\n<meta property=\"og:description\" content=\"Articulo sobre CETYS Tijuana se declar\u00f3 listo en futbol soccer\" \/>\n<meta property=\"og:url\" content=\"https:\/\/www.cetys.mx\/noticias\/cetys-tijuana-listo-futbol\/\" \/>\n<meta property=\"og:site_name\" content=\"CETYS\" \/>\n<meta property=\"article:publisher\" content=\"https:\/\/www.facebook.com\/cetysuniversidadmxl\/\" \/>\n<meta property=\"article:published_time\" content=\"2017-09-16T06:43:26+00:00\" \/>\n<meta property=\"article:modified_time\" content=\"2017-10-11T02:03:34+00:00\" \/>\n<meta property=\"og:image\" content=\"https:\/\/www.cetys.mx\/noticias\/wp-content\/uploads\/2017\/09\/21767143_10154624162426152_757391438_o2.jpg\" \/>\n\t<meta property=\"og:image:width\" content=\"2048\" \/>\n\t<meta property=\"og:image:height\" content=\"1393\" \/>\n\t<meta property=\"og:image:type\" content=\"image\/jpeg\" \/>\n<meta name=\"author\" content=\"Campus Tijuana\" \/>\n<meta name=\"twitter:card\" content=\"summary_large_image\" \/>\n<meta name=\"twitter:creator\" content=\"@cetysuni\" \/>\n<meta name=\"twitter:site\" content=\"@cetysuni\" \/>\n<meta name=\"twitter:label1\" content=\"Escrito por\" \/>\n\t<meta name=\"twitter:data1\" content=\"Campus Tijuana\" \/>\n\t<meta name=\"twitter:label2\" content=\"Tiempo de lectura\" \/>\n\t<meta name=\"twitter:data2\" content=\"2 minutos\" \/>\n<script type=\"application\/ld+json\" class=\"yoast-schema-graph\">{\"@context\":\"https:\\\/\\\/schema.org\",\"@graph\":[{\"@type\":\"Article\",\"@id\":\"https:\\\/\\\/www.cetys.mx\\\/noticias\\\/cetys-tijuana-listo-futbol\\\/#article\",\"isPartOf\":{\"@id\":\"https:\\\/\\\/www.cetys.mx\\\/noticias\\\/cetys-tijuana-listo-futbol\\\/\"},\"author\":{\"name\":\"Campus Tijuana\",\"@id\":\"https:\\\/\\\/www.cetys.mx\\\/noticias\\\/#\\\/schema\\\/person\\\/e790051ce60e18ae47cfa87011c8653f\"},\"headline\":\"CETYS Tijuana se declar\u00f3 listo en futbol soccer\",\"datePublished\":\"2017-09-16T06:43:26+00:00\",\"dateModified\":\"2017-10-11T02:03:34+00:00\",\"mainEntityOfPage\":{\"@id\":\"https:\\\/\\\/www.cetys.mx\\\/noticias\\\/cetys-tijuana-listo-futbol\\\/\"},\"wordCount\":344,\"commentCount\":0,\"image\":{\"@id\":\"https:\\\/\\\/www.cetys.mx\\\/noticias\\\/cetys-tijuana-listo-futbol\\\/#primaryimage\"},\"thumbnailUrl\":\"https:\\\/\\\/www.cetys.mx\\\/noticias\\\/wp-content\\\/uploads\\\/2017\\\/09\\\/21767143_10154624162426152_757391438_o2.jpg\",\"keywords\":[\"campustijuana\",\"Conadems\",\"Deportes\",\"Preparatoria\",\"tijuana\"],\"articleSection\":[\"Campus Tijuana\",\"Deportes\",\"Preparatoria\",\"VoCETYS\"],\"inLanguage\":\"es\",\"potentialAction\":[{\"@type\":\"CommentAction\",\"name\":\"Comment\",\"target\":[\"https:\\\/\\\/www.cetys.mx\\\/noticias\\\/cetys-tijuana-listo-futbol\\\/#respond\"]}]},{\"@type\":\"WebPage\",\"@id\":\"https:\\\/\\\/www.cetys.mx\\\/noticias\\\/cetys-tijuana-listo-futbol\\\/\",\"url\":\"https:\\\/\\\/www.cetys.mx\\\/noticias\\\/cetys-tijuana-listo-futbol\\\/\",\"name\":\"CETYS Tijuana se declar\u00f3 listo en futbol soccer - CETYS\",\"isPartOf\":{\"@id\":\"https:\\\/\\\/www.cetys.mx\\\/noticias\\\/#website\"},\"primaryImageOfPage\":{\"@id\":\"https:\\\/\\\/www.cetys.mx\\\/noticias\\\/cetys-tijuana-listo-futbol\\\/#primaryimage\"},\"image\":{\"@id\":\"https:\\\/\\\/www.cetys.mx\\\/noticias\\\/cetys-tijuana-listo-futbol\\\/#primaryimage\"},\"thumbnailUrl\":\"https:\\\/\\\/www.cetys.mx\\\/noticias\\\/wp-content\\\/uploads\\\/2017\\\/09\\\/21767143_10154624162426152_757391438_o2.jpg\",\"datePublished\":\"2017-09-16T06:43:26+00:00\",\"dateModified\":\"2017-10-11T02:03:34+00:00\",\"author\":{\"@id\":\"https:\\\/\\\/www.cetys.mx\\\/noticias\\\/#\\\/schema\\\/person\\\/e790051ce60e18ae47cfa87011c8653f\"},\"description\":\"Articulo sobre CETYS Tijuana se declar\u00f3 listo en futbol soccer\",\"breadcrumb\":{\"@id\":\"https:\\\/\\\/www.cetys.mx\\\/noticias\\\/cetys-tijuana-listo-futbol\\\/#breadcrumb\"},\"inLanguage\":\"es\",\"potentialAction\":[{\"@type\":\"ReadAction\",\"target\":[\"https:\\\/\\\/www.cetys.mx\\\/noticias\\\/cetys-tijuana-listo-futbol\\\/\"]}]},{\"@type\":\"ImageObject\",\"inLanguage\":\"es\",\"@id\":\"https:\\\/\\\/www.cetys.mx\\\/noticias\\\/cetys-tijuana-listo-futbol\\\/#primaryimage\",\"url\":\"https:\\\/\\\/www.cetys.mx\\\/noticias\\\/wp-content\\\/uploads\\\/2017\\\/09\\\/21767143_10154624162426152_757391438_o2.jpg\",\"contentUrl\":\"https:\\\/\\\/www.cetys.mx\\\/noticias\\\/wp-content\\\/uploads\\\/2017\\\/09\\\/21767143_10154624162426152_757391438_o2.jpg\",\"width\":2048,\"height\":1393,\"caption\":\"CETYS Tijuana - Futbol soccer\"},{\"@type\":\"BreadcrumbList\",\"@id\":\"https:\\\/\\\/www.cetys.mx\\\/noticias\\\/cetys-tijuana-listo-futbol\\\/#breadcrumb\",\"itemListElement\":[{\"@type\":\"ListItem\",\"position\":1,\"name\":\"Inicio\",\"item\":\"https:\\\/\\\/www.cetys.mx\\\/noticias\\\/\"},{\"@type\":\"ListItem\",\"position\":2,\"name\":\"CETYS Tijuana se declar\u00f3 listo en futbol soccer\"}]},{\"@type\":\"WebSite\",\"@id\":\"https:\\\/\\\/www.cetys.mx\\\/noticias\\\/#website\",\"url\":\"https:\\\/\\\/www.cetys.mx\\\/noticias\\\/\",\"name\":\"CETYS\",\"description\":\"\",\"potentialAction\":[{\"@type\":\"SearchAction\",\"target\":{\"@type\":\"EntryPoint\",\"urlTemplate\":\"https:\\\/\\\/www.cetys.mx\\\/noticias\\\/?s={search_term_string}\"},\"query-input\":{\"@type\":\"PropertyValueSpecification\",\"valueRequired\":true,\"valueName\":\"search_term_string\"}}],\"inLanguage\":\"es\"},{\"@type\":\"Person\",\"@id\":\"https:\\\/\\\/www.cetys.mx\\\/noticias\\\/#\\\/schema\\\/person\\\/e790051ce60e18ae47cfa87011c8653f\",\"name\":\"Campus Tijuana\",\"url\":\"https:\\\/\\\/www.cetys.mx\\\/noticias\\\/author\\\/campustijuana\\\/\"}]}<\/script>\n<!-- \/ Yoast SEO plugin. -->","yoast_head_json":{"title":"CETYS Tijuana se declar\u00f3 listo en futbol soccer - CETYS","description":"Articulo sobre CETYS Tijuana se declar\u00f3 listo en futbol soccer","robots":{"index":"index","follow":"follow","max-snippet":"max-snippet:-1","max-image-preview":"max-image-preview:large","max-video-preview":"max-video-preview:-1"},"canonical":"https:\/\/www.cetys.mx\/noticias\/cetys-tijuana-listo-futbol\/","og_locale":"es_MX","og_type":"article","og_title":"CETYS Tijuana se declar\u00f3 listo en futbol soccer - CETYS","og_description":"Articulo sobre CETYS Tijuana se declar\u00f3 listo en futbol soccer","og_url":"https:\/\/www.cetys.mx\/noticias\/cetys-tijuana-listo-futbol\/","og_site_name":"CETYS","article_publisher":"https:\/\/www.facebook.com\/cetysuniversidadmxl\/","article_published_time":"2017-09-16T06:43:26+00:00","article_modified_time":"2017-10-11T02:03:34+00:00","og_image":[{"width":2048,"height":1393,"url":"https:\/\/www.cetys.mx\/noticias\/wp-content\/uploads\/2017\/09\/21767143_10154624162426152_757391438_o2.jpg","type":"image\/jpeg"}],"author":"Campus Tijuana","twitter_card":"summary_large_image","twitter_creator":"@cetysuni","twitter_site":"@cetysuni","twitter_misc":{"Escrito por":"Campus Tijuana","Tiempo de lectura":"2 minutos"},"schema":{"@context":"https:\/\/schema.org","@graph":[{"@type":"Article","@id":"https:\/\/www.cetys.mx\/noticias\/cetys-tijuana-listo-futbol\/#article","isPartOf":{"@id":"https:\/\/www.cetys.mx\/noticias\/cetys-tijuana-listo-futbol\/"},"author":{"name":"Campus Tijuana","@id":"https:\/\/www.cetys.mx\/noticias\/#\/schema\/person\/e790051ce60e18ae47cfa87011c8653f"},"headline":"CETYS Tijuana se declar\u00f3 listo en futbol soccer","datePublished":"2017-09-16T06:43:26+00:00","dateModified":"2017-10-11T02:03:34+00:00","mainEntityOfPage":{"@id":"https:\/\/www.cetys.mx\/noticias\/cetys-tijuana-listo-futbol\/"},"wordCount":344,"commentCount":0,"image":{"@id":"https:\/\/www.cetys.mx\/noticias\/cetys-tijuana-listo-futbol\/#primaryimage"},"thumbnailUrl":"https:\/\/www.cetys.mx\/noticias\/wp-content\/uploads\/2017\/09\/21767143_10154624162426152_757391438_o2.jpg","keywords":["campustijuana","Conadems","Deportes","Preparatoria","tijuana"],"articleSection":["Campus Tijuana","Deportes","Preparatoria","VoCETYS"],"inLanguage":"es","potentialAction":[{"@type":"CommentAction","name":"Comment","target":["https:\/\/www.cetys.mx\/noticias\/cetys-tijuana-listo-futbol\/#respond"]}]},{"@type":"WebPage","@id":"https:\/\/www.cetys.mx\/noticias\/cetys-tijuana-listo-futbol\/","url":"https:\/\/www.cetys.mx\/noticias\/cetys-tijuana-listo-futbol\/","name":"CETYS Tijuana se declar\u00f3 listo en futbol soccer - CETYS","isPartOf":{"@id":"https:\/\/www.cetys.mx\/noticias\/#website"},"primaryImageOfPage":{"@id":"https:\/\/www.cetys.mx\/noticias\/cetys-tijuana-listo-futbol\/#primaryimage"},"image":{"@id":"https:\/\/www.cetys.mx\/noticias\/cetys-tijuana-listo-futbol\/#primaryimage"},"thumbnailUrl":"https:\/\/www.cetys.mx\/noticias\/wp-content\/uploads\/2017\/09\/21767143_10154624162426152_757391438_o2.jpg","datePublished":"2017-09-16T06:43:26+00:00","dateModified":"2017-10-11T02:03:34+00:00","author":{"@id":"https:\/\/www.cetys.mx\/noticias\/#\/schema\/person\/e790051ce60e18ae47cfa87011c8653f"},"description":"Articulo sobre CETYS Tijuana se declar\u00f3 listo en futbol soccer","breadcrumb":{"@id":"https:\/\/www.cetys.mx\/noticias\/cetys-tijuana-listo-futbol\/#breadcrumb"},"inLanguage":"es","potentialAction":[{"@type":"ReadAction","target":["https:\/\/www.cetys.mx\/noticias\/cetys-tijuana-listo-futbol\/"]}]},{"@type":"ImageObject","inLanguage":"es","@id":"https:\/\/www.cetys.mx\/noticias\/cetys-tijuana-listo-futbol\/#primaryimage","url":"https:\/\/www.cetys.mx\/noticias\/wp-content\/uploads\/2017\/09\/21767143_10154624162426152_757391438_o2.jpg","contentUrl":"https:\/\/www.cetys.mx\/noticias\/wp-content\/uploads\/2017\/09\/21767143_10154624162426152_757391438_o2.jpg","width":2048,"height":1393,"caption":"CETYS Tijuana - Futbol soccer"},{"@type":"BreadcrumbList","@id":"https:\/\/www.cetys.mx\/noticias\/cetys-tijuana-listo-futbol\/#breadcrumb","itemListElement":[{"@type":"ListItem","position":1,"name":"Inicio","item":"https:\/\/www.cetys.mx\/noticias\/"},{"@type":"ListItem","position":2,"name":"CETYS Tijuana se declar\u00f3 listo en futbol soccer"}]},{"@type":"WebSite","@id":"https:\/\/www.cetys.mx\/noticias\/#website","url":"https:\/\/www.cetys.mx\/noticias\/","name":"CETYS","description":"","potentialAction":[{"@type":"SearchAction","target":{"@type":"EntryPoint","urlTemplate":"https:\/\/www.cetys.mx\/noticias\/?s={search_term_string}"},"query-input":{"@type":"PropertyValueSpecification","valueRequired":true,"valueName":"search_term_string"}}],"inLanguage":"es"},{"@type":"Person","@id":"https:\/\/www.cetys.mx\/noticias\/#\/schema\/person\/e790051ce60e18ae47cfa87011c8653f","name":"Campus Tijuana","url":"https:\/\/www.cetys.mx\/noticias\/author\/campustijuana\/"}]}},"_links":{"self":[{"href":"https:\/\/www.cetys.mx\/noticias\/wp-json\/wp\/v2\/posts\/74599","targetHints":{"allow":["GET"]}}],"collection":[{"href":"https:\/\/www.cetys.mx\/noticias\/wp-json\/wp\/v2\/posts"}],"about":[{"href":"https:\/\/www.cetys.mx\/noticias\/wp-json\/wp\/v2\/types\/post"}],"author":[{"embeddable":true,"href":"https:\/\/www.cetys.mx\/noticias\/wp-json\/wp\/v2\/users\/24"}],"replies":[{"embeddable":true,"href":"https:\/\/www.cetys.mx\/noticias\/wp-json\/wp\/v2\/comments?post=74599"}],"version-history":[{"count":0,"href":"https:\/\/www.cetys.mx\/noticias\/wp-json\/wp\/v2\/posts\/74599\/revisions"}],"wp:featuredmedia":[{"embeddable":true,"href":"https:\/\/www.cetys.mx\/noticias\/wp-json\/wp\/v2\/media\/74605"}],"wp:attachment":[{"href":"https:\/\/www.cetys.mx\/noticias\/wp-json\/wp\/v2\/media?parent=74599"}],"wp:term":[{"taxonomy":"category","embeddable":true,"href":"https:\/\/www.cetys.mx\/noticias\/wp-json\/wp\/v2\/categories?post=74599"},{"taxonomy":"post_tag","embeddable":true,"href":"https:\/\/www.cetys.mx\/noticias\/wp-json\/wp\/v2\/tags?post=74599"}],"curies":[{"name":"wp","href":"https:\/\/api.w.org\/{rel}","templated":true}]}}