{"id":74522,"date":"2017-09-15T09:13:22","date_gmt":"2017-09-15T16:13:22","guid":{"rendered":"http:\/\/www.cetys.mx\/noticias\/?p=74522"},"modified":"2017-10-10T19:03:35","modified_gmt":"2017-10-11T02:03:35","slug":"74522-2","status":"publish","type":"post","link":"https:\/\/www.cetys.mx\/noticias\/74522-2\/","title":{"rendered":"Apoyan el impulso y desarrollo tecnol\u00f3gico de Tijuana"},"content":{"rendered":"<p align=\"justify\">A unos d\u00edas de celebrar su 56 Aniversario en Baja California, <a href=\"https:\/\/www.cetys.mx\/\">CETYS Universidad<\/a>\u00a0contin\u00faa sum\u00e1ndose a diversas iniciativas que buscan fomentar el desarrollo econ\u00f3mico de la regi\u00f3n, en esta ocasi\u00f3n a trav\u00e9s de la que promueve la <a href=\"https:\/\/www.sedeti.tijuana.gob.mx\/\">Secretar\u00eda de Desarrollo Econ\u00f3mico de Tijuana (SEDETI)<\/a>, en conjunto con el Consejo de <a href=\"https:\/\/cdt.org.mx\/\">Desarrollo Econ\u00f3mico de Tijuana (CDT)<\/a> y la Alianza para el Desarrollo de las Ingenier\u00edas de Baja California (ADIBC), nombrado <strong>\u201cPrograma de Impulso a la Innovaci\u00f3n y Desarrollo Tecnol\u00f3gico de Tijuana\u201d<\/strong>.<\/p>\n<div id=\"attachment_74524\" style=\"width: 968px\" class=\"wp-caption aligncenter\"><a href=\"https:\/\/www.cetys.mx\/noticias\/wp-content\/uploads\/2017\/09\/cetys_desarrolltec1-2.jpg\"><img loading=\"lazy\" decoding=\"async\" aria-describedby=\"caption-attachment-74524\" class=\"wp-image-74524 size-full\" src=\"https:\/\/www.cetys.mx\/noticias\/wp-content\/uploads\/2017\/09\/cetys_desarrolltec1-2.jpg\" alt=\"cetys_desarrolltec1-2\" width=\"958\" height=\"637\" \/><\/a><p id=\"caption-attachment-74524\" class=\"wp-caption-text\">CETYS Universidad ha venido realizando diversos esfuerzos que tienen como objetivo apoyar el desarrollo econ\u00f3mico de la regi\u00f3n y el pa\u00eds.<\/p><\/div>\n<p align=\"justify\">Dicho programa tiene como objetivo <em>capacitar al personal de micros, peque\u00f1as, medianas y grandes empresas del sector productivo inmersas en las \u00e1reas de desarrollo, investigaci\u00f3n e innovaci\u00f3n<\/em>, para de esta forma <strong>aplicar la metodolog\u00eda del Modelo Nacional de Gesti\u00f3n de Tecnolog\u00eda<\/strong> a cargo de la Secretar\u00eda de Econom\u00eda (SE).<\/p>\n<blockquote>\n<p align=\"justify\">&#8220;Su implementaci\u00f3n vendr\u00e1 a fortalecer los esfuerzos a favor de la productividad y competitividad de los procesos, productos y servicios de las diversas industrias ubicadas en la ciudad; esto a trav\u00e9s de la integraci\u00f3n de proyectos tecnol\u00f3gicos en alianzas con instituciones de educaci\u00f3n superior, como lo es CETYS Universidad, y centros de investigaci\u00f3n&#8221;,\u00a0\u00a0Dr. Salvador Chiu Tamayo, Director de Vinculaci\u00f3n Educativa de CETYS Tijuana.<\/p>\n<\/blockquote>\n<div id=\"attachment_74523\" style=\"width: 968px\" class=\"wp-caption aligncenter\"><a href=\"https:\/\/www.cetys.mx\/noticias\/wp-content\/uploads\/2017\/09\/cetys_desarrolltec1-1.jpg\"><img loading=\"lazy\" decoding=\"async\" aria-describedby=\"caption-attachment-74523\" class=\"wp-image-74523 size-full\" src=\"https:\/\/www.cetys.mx\/noticias\/wp-content\/uploads\/2017\/09\/cetys_desarrolltec1-1.jpg\" alt=\"cetys_desarrolltec1-1\" width=\"958\" height=\"637\" \/><\/a><p id=\"caption-attachment-74523\" class=\"wp-caption-text\">La convocatoria lanzada tiene como objetivo promover la productividad y competitividad de los procesos, productos y servicios de las diversas industrias ubicadas en Tijuana.<\/p><\/div>\n<p align=\"justify\"><strong>El programa de capacitaci\u00f3n contempla:<\/strong><\/p>\n<ul>\n<li>Tres talleres de capacitaci\u00f3n<\/li>\n<li>Un cupo m\u00e1ximo de 20 empresas participantes y dos miembros por cada una<\/li>\n<li>Enfocados en los temas de Diagn\u00f3stico de Gesti\u00f3n de Tecnolog\u00eda en la Organizaci\u00f3n, Formaci\u00f3n Tecnol\u00f3gica e Innovaci\u00f3n, as\u00ed como Vinculaci\u00f3n Estrat\u00e9gica y de Capacidades Tecnol\u00f3gicos con Instituciones de Educaci\u00f3n<\/li>\n<li>Concluyendo con la integraci\u00f3n y presentaci\u00f3n de un proyecto de innovaci\u00f3n y desarrollo tecnol\u00f3gico.<\/li>\n<\/ul>\n<p align=\"justify\"><strong>La convocatoria para las empresas participantes concluye el pr\u00f3ximo mi\u00e9rcoles 25 de octubre del presente a\u00f1o<\/strong>, los interesados en participar deber\u00e1n solicitar la convocatoria y formato de registro a trav\u00e9s de la siguiente direcci\u00f3n electr\u00f3nica:\u00a0<a href=\"https:\/\/r20.rs6.net\/tn.jsp?f=001jrwoDp4-LnfEIrMHjobWuetCD2MvklqBMxvZwvZ4zyqXMny2Fi8XITEhS2MPK1ilMFTQbHVrETHrx2jplk6fI706OM2rPMMP87M6TptaekeQ0EdmWpHLREfmsDB5q7VaEMcLZb_60VBP4IGaIXMXUtzFf__f4liA&amp;c=DdYB5D5Q5gTRZePeIL7HfXqK9Hjg_WoLwnvcU_EOFhAqP6cLi-Lf2w==&amp;ch=p9kGSOQWNAS-BNTlTqgFOhaB6RbaTkXW-4Z3kCFiPeUq51pB2sh3Mw==\" target=\"_blank\" data-saferedirecturl=\"https:\/\/www.google.com\/url?hl=es&amp;q=https:\/\/r20.rs6.net\/tn.jsp?f%3D001jrwoDp4-LnfEIrMHjobWuetCD2MvklqBMxvZwvZ4zyqXMny2Fi8XITEhS2MPK1ilMFTQbHVrETHrx2jplk6fI706OM2rPMMP87M6TptaekeQ0EdmWpHLREfmsDB5q7VaEMcLZb_60VBP4IGaIXMXUtzFf__f4liA%26c%3DDdYB5D5Q5gTRZePeIL7HfXqK9Hjg_WoLwnvcU_EOFhAqP6cLi-Lf2w%3D%3D%26ch%3Dp9kGSOQWNAS-BNTlTqgFOhaB6RbaTkXW-4Z3kCFiPeUq51pB2sh3Mw%3D%3D&amp;source=gmail&amp;ust=1505577350269000&amp;usg=AFQjCNH0V6gBFToSYtn5BDOL1lcLfuF4cA\">vinculaciontij@cetys.mx<\/a>, adem\u00e1s queda abierta la l\u00ednea telef\u00f3nica<strong> 903-1800 Ext. 258 de la Direcci\u00f3n de Vinculaci\u00f3n de CETYS Tijuana<\/strong> para m\u00e1s detalles.<\/p>\n","protected":false},"excerpt":{"rendered":"<p>A unos d\u00edas de celebrar su 56 Aniversario en Baja California, CETYS Universidad\u00a0contin\u00faa sum\u00e1ndose a diversas iniciativas que buscan fomentar el desarrollo&#8230;<\/p>\n","protected":false},"author":24,"featured_media":74523,"comment_status":"open","ping_status":"open","sticky":false,"template":"","format":"standard","meta":{"footnotes":""},"categories":[134,125,109,313],"tags":[122,328,168,284,269,342,226,1665],"class_list":["post-74522","post","type-post","status-publish","format-standard","has-post-thumbnail","hentry","category-campus-tijuana","category-portada","category-vinculacion","category-vocetys-2","tag-academia","tag-campustijuana","tag-cetys-universidad","tag-emprendimiento","tag-innovacion","tag-liderazgo","tag-tijuana","tag-vocetys-2017-09-15"],"yoast_head":"<!-- This site is optimized with the Yoast SEO plugin v27.4 - https:\/\/yoast.com\/product\/yoast-seo-wordpress\/ -->\n<title>Apoyan el impulso y desarrollo tecnol\u00f3gico de Tijuana - CETYS<\/title>\n<meta name=\"description\" content=\"A unos d\u00edas de celebrar su 56 Aniversario, CETYS se suma a la iniciativa por un mayor desarrollo tecnol\u00f3gico en la ciudad junto a otras organizaciones.\" \/>\n<meta name=\"robots\" content=\"index, follow, max-snippet:-1, max-image-preview:large, max-video-preview:-1\" \/>\n<link rel=\"canonical\" href=\"https:\/\/www.cetys.mx\/noticias\/74522-2\/\" \/>\n<meta property=\"og:locale\" content=\"es_MX\" \/>\n<meta property=\"og:type\" content=\"article\" \/>\n<meta property=\"og:title\" content=\"Apoyan el impulso y desarrollo tecnol\u00f3gico de Tijuana - CETYS\" \/>\n<meta property=\"og:description\" content=\"A unos d\u00edas de celebrar su 56 Aniversario, CETYS se suma a la iniciativa por un mayor desarrollo tecnol\u00f3gico en la ciudad junto a otras organizaciones.\" \/>\n<meta property=\"og:url\" content=\"https:\/\/www.cetys.mx\/noticias\/74522-2\/\" \/>\n<meta property=\"og:site_name\" content=\"CETYS\" \/>\n<meta property=\"article:publisher\" content=\"https:\/\/www.facebook.com\/cetysuniversidadmxl\/\" \/>\n<meta property=\"article:published_time\" content=\"2017-09-15T16:13:22+00:00\" \/>\n<meta property=\"article:modified_time\" content=\"2017-10-11T02:03:35+00:00\" \/>\n<meta property=\"og:image\" content=\"https:\/\/www.cetys.mx\/noticias\/wp-content\/uploads\/2017\/09\/cetys_desarrolltec1-1.jpg\" \/>\n\t<meta property=\"og:image:width\" content=\"958\" \/>\n\t<meta property=\"og:image:height\" content=\"637\" \/>\n\t<meta property=\"og:image:type\" content=\"image\/jpeg\" \/>\n<meta name=\"author\" content=\"Campus Tijuana\" \/>\n<meta name=\"twitter:card\" content=\"summary_large_image\" \/>\n<meta name=\"twitter:creator\" content=\"@cetysuni\" \/>\n<meta name=\"twitter:site\" content=\"@cetysuni\" \/>\n<meta name=\"twitter:label1\" content=\"Escrito por\" \/>\n\t<meta name=\"twitter:data1\" content=\"Campus Tijuana\" \/>\n\t<meta name=\"twitter:label2\" content=\"Tiempo de lectura\" \/>\n\t<meta name=\"twitter:data2\" content=\"2 minutos\" \/>\n<script type=\"application\/ld+json\" class=\"yoast-schema-graph\">{\"@context\":\"https:\\\/\\\/schema.org\",\"@graph\":[{\"@type\":\"Article\",\"@id\":\"https:\\\/\\\/www.cetys.mx\\\/noticias\\\/74522-2\\\/#article\",\"isPartOf\":{\"@id\":\"https:\\\/\\\/www.cetys.mx\\\/noticias\\\/74522-2\\\/\"},\"author\":{\"name\":\"Campus Tijuana\",\"@id\":\"https:\\\/\\\/www.cetys.mx\\\/noticias\\\/#\\\/schema\\\/person\\\/e790051ce60e18ae47cfa87011c8653f\"},\"headline\":\"Apoyan el impulso y desarrollo tecnol\u00f3gico de Tijuana\",\"datePublished\":\"2017-09-15T16:13:22+00:00\",\"dateModified\":\"2017-10-11T02:03:35+00:00\",\"mainEntityOfPage\":{\"@id\":\"https:\\\/\\\/www.cetys.mx\\\/noticias\\\/74522-2\\\/\"},\"wordCount\":442,\"commentCount\":0,\"image\":{\"@id\":\"https:\\\/\\\/www.cetys.mx\\\/noticias\\\/74522-2\\\/#primaryimage\"},\"thumbnailUrl\":\"https:\\\/\\\/www.cetys.mx\\\/noticias\\\/wp-content\\\/uploads\\\/2017\\\/09\\\/cetys_desarrolltec1-1.jpg\",\"keywords\":[\"Academia\",\"campustijuana\",\"CETYS Universidad\",\"Emprendimiento\",\"Innovaci\u00f3n\",\"liderazgo\",\"tijuana\",\"vocetys-2017-09-15\"],\"articleSection\":[\"Campus Tijuana\",\"Portada\",\"Vinculaci\u00f3n\",\"VoCETYS\"],\"inLanguage\":\"es\",\"potentialAction\":[{\"@type\":\"CommentAction\",\"name\":\"Comment\",\"target\":[\"https:\\\/\\\/www.cetys.mx\\\/noticias\\\/74522-2\\\/#respond\"]}]},{\"@type\":\"WebPage\",\"@id\":\"https:\\\/\\\/www.cetys.mx\\\/noticias\\\/74522-2\\\/\",\"url\":\"https:\\\/\\\/www.cetys.mx\\\/noticias\\\/74522-2\\\/\",\"name\":\"Apoyan el impulso y desarrollo tecnol\u00f3gico de Tijuana - CETYS\",\"isPartOf\":{\"@id\":\"https:\\\/\\\/www.cetys.mx\\\/noticias\\\/#website\"},\"primaryImageOfPage\":{\"@id\":\"https:\\\/\\\/www.cetys.mx\\\/noticias\\\/74522-2\\\/#primaryimage\"},\"image\":{\"@id\":\"https:\\\/\\\/www.cetys.mx\\\/noticias\\\/74522-2\\\/#primaryimage\"},\"thumbnailUrl\":\"https:\\\/\\\/www.cetys.mx\\\/noticias\\\/wp-content\\\/uploads\\\/2017\\\/09\\\/cetys_desarrolltec1-1.jpg\",\"datePublished\":\"2017-09-15T16:13:22+00:00\",\"dateModified\":\"2017-10-11T02:03:35+00:00\",\"author\":{\"@id\":\"https:\\\/\\\/www.cetys.mx\\\/noticias\\\/#\\\/schema\\\/person\\\/e790051ce60e18ae47cfa87011c8653f\"},\"description\":\"A unos d\u00edas de celebrar su 56 Aniversario, CETYS se suma a la iniciativa por un mayor desarrollo tecnol\u00f3gico en la ciudad junto a otras organizaciones.\",\"breadcrumb\":{\"@id\":\"https:\\\/\\\/www.cetys.mx\\\/noticias\\\/74522-2\\\/#breadcrumb\"},\"inLanguage\":\"es\",\"potentialAction\":[{\"@type\":\"ReadAction\",\"target\":[\"https:\\\/\\\/www.cetys.mx\\\/noticias\\\/74522-2\\\/\"]}]},{\"@type\":\"ImageObject\",\"inLanguage\":\"es\",\"@id\":\"https:\\\/\\\/www.cetys.mx\\\/noticias\\\/74522-2\\\/#primaryimage\",\"url\":\"https:\\\/\\\/www.cetys.mx\\\/noticias\\\/wp-content\\\/uploads\\\/2017\\\/09\\\/cetys_desarrolltec1-1.jpg\",\"contentUrl\":\"https:\\\/\\\/www.cetys.mx\\\/noticias\\\/wp-content\\\/uploads\\\/2017\\\/09\\\/cetys_desarrolltec1-1.jpg\",\"width\":958,\"height\":637},{\"@type\":\"BreadcrumbList\",\"@id\":\"https:\\\/\\\/www.cetys.mx\\\/noticias\\\/74522-2\\\/#breadcrumb\",\"itemListElement\":[{\"@type\":\"ListItem\",\"position\":1,\"name\":\"Inicio\",\"item\":\"https:\\\/\\\/www.cetys.mx\\\/noticias\\\/\"},{\"@type\":\"ListItem\",\"position\":2,\"name\":\"Apoyan el impulso y desarrollo tecnol\u00f3gico de Tijuana\"}]},{\"@type\":\"WebSite\",\"@id\":\"https:\\\/\\\/www.cetys.mx\\\/noticias\\\/#website\",\"url\":\"https:\\\/\\\/www.cetys.mx\\\/noticias\\\/\",\"name\":\"CETYS\",\"description\":\"\",\"potentialAction\":[{\"@type\":\"SearchAction\",\"target\":{\"@type\":\"EntryPoint\",\"urlTemplate\":\"https:\\\/\\\/www.cetys.mx\\\/noticias\\\/?s={search_term_string}\"},\"query-input\":{\"@type\":\"PropertyValueSpecification\",\"valueRequired\":true,\"valueName\":\"search_term_string\"}}],\"inLanguage\":\"es\"},{\"@type\":\"Person\",\"@id\":\"https:\\\/\\\/www.cetys.mx\\\/noticias\\\/#\\\/schema\\\/person\\\/e790051ce60e18ae47cfa87011c8653f\",\"name\":\"Campus Tijuana\",\"url\":\"https:\\\/\\\/www.cetys.mx\\\/noticias\\\/author\\\/campustijuana\\\/\"}]}<\/script>\n<!-- \/ Yoast SEO plugin. -->","yoast_head_json":{"title":"Apoyan el impulso y desarrollo tecnol\u00f3gico de Tijuana - CETYS","description":"A unos d\u00edas de celebrar su 56 Aniversario, CETYS se suma a la iniciativa por un mayor desarrollo tecnol\u00f3gico en la ciudad junto a otras organizaciones.","robots":{"index":"index","follow":"follow","max-snippet":"max-snippet:-1","max-image-preview":"max-image-preview:large","max-video-preview":"max-video-preview:-1"},"canonical":"https:\/\/www.cetys.mx\/noticias\/74522-2\/","og_locale":"es_MX","og_type":"article","og_title":"Apoyan el impulso y desarrollo tecnol\u00f3gico de Tijuana - CETYS","og_description":"A unos d\u00edas de celebrar su 56 Aniversario, CETYS se suma a la iniciativa por un mayor desarrollo tecnol\u00f3gico en la ciudad junto a otras organizaciones.","og_url":"https:\/\/www.cetys.mx\/noticias\/74522-2\/","og_site_name":"CETYS","article_publisher":"https:\/\/www.facebook.com\/cetysuniversidadmxl\/","article_published_time":"2017-09-15T16:13:22+00:00","article_modified_time":"2017-10-11T02:03:35+00:00","og_image":[{"width":958,"height":637,"url":"https:\/\/www.cetys.mx\/noticias\/wp-content\/uploads\/2017\/09\/cetys_desarrolltec1-1.jpg","type":"image\/jpeg"}],"author":"Campus Tijuana","twitter_card":"summary_large_image","twitter_creator":"@cetysuni","twitter_site":"@cetysuni","twitter_misc":{"Escrito por":"Campus Tijuana","Tiempo de lectura":"2 minutos"},"schema":{"@context":"https:\/\/schema.org","@graph":[{"@type":"Article","@id":"https:\/\/www.cetys.mx\/noticias\/74522-2\/#article","isPartOf":{"@id":"https:\/\/www.cetys.mx\/noticias\/74522-2\/"},"author":{"name":"Campus Tijuana","@id":"https:\/\/www.cetys.mx\/noticias\/#\/schema\/person\/e790051ce60e18ae47cfa87011c8653f"},"headline":"Apoyan el impulso y desarrollo tecnol\u00f3gico de Tijuana","datePublished":"2017-09-15T16:13:22+00:00","dateModified":"2017-10-11T02:03:35+00:00","mainEntityOfPage":{"@id":"https:\/\/www.cetys.mx\/noticias\/74522-2\/"},"wordCount":442,"commentCount":0,"image":{"@id":"https:\/\/www.cetys.mx\/noticias\/74522-2\/#primaryimage"},"thumbnailUrl":"https:\/\/www.cetys.mx\/noticias\/wp-content\/uploads\/2017\/09\/cetys_desarrolltec1-1.jpg","keywords":["Academia","campustijuana","CETYS Universidad","Emprendimiento","Innovaci\u00f3n","liderazgo","tijuana","vocetys-2017-09-15"],"articleSection":["Campus Tijuana","Portada","Vinculaci\u00f3n","VoCETYS"],"inLanguage":"es","potentialAction":[{"@type":"CommentAction","name":"Comment","target":["https:\/\/www.cetys.mx\/noticias\/74522-2\/#respond"]}]},{"@type":"WebPage","@id":"https:\/\/www.cetys.mx\/noticias\/74522-2\/","url":"https:\/\/www.cetys.mx\/noticias\/74522-2\/","name":"Apoyan el impulso y desarrollo tecnol\u00f3gico de Tijuana - CETYS","isPartOf":{"@id":"https:\/\/www.cetys.mx\/noticias\/#website"},"primaryImageOfPage":{"@id":"https:\/\/www.cetys.mx\/noticias\/74522-2\/#primaryimage"},"image":{"@id":"https:\/\/www.cetys.mx\/noticias\/74522-2\/#primaryimage"},"thumbnailUrl":"https:\/\/www.cetys.mx\/noticias\/wp-content\/uploads\/2017\/09\/cetys_desarrolltec1-1.jpg","datePublished":"2017-09-15T16:13:22+00:00","dateModified":"2017-10-11T02:03:35+00:00","author":{"@id":"https:\/\/www.cetys.mx\/noticias\/#\/schema\/person\/e790051ce60e18ae47cfa87011c8653f"},"description":"A unos d\u00edas de celebrar su 56 Aniversario, CETYS se suma a la iniciativa por un mayor desarrollo tecnol\u00f3gico en la ciudad junto a otras organizaciones.","breadcrumb":{"@id":"https:\/\/www.cetys.mx\/noticias\/74522-2\/#breadcrumb"},"inLanguage":"es","potentialAction":[{"@type":"ReadAction","target":["https:\/\/www.cetys.mx\/noticias\/74522-2\/"]}]},{"@type":"ImageObject","inLanguage":"es","@id":"https:\/\/www.cetys.mx\/noticias\/74522-2\/#primaryimage","url":"https:\/\/www.cetys.mx\/noticias\/wp-content\/uploads\/2017\/09\/cetys_desarrolltec1-1.jpg","contentUrl":"https:\/\/www.cetys.mx\/noticias\/wp-content\/uploads\/2017\/09\/cetys_desarrolltec1-1.jpg","width":958,"height":637},{"@type":"BreadcrumbList","@id":"https:\/\/www.cetys.mx\/noticias\/74522-2\/#breadcrumb","itemListElement":[{"@type":"ListItem","position":1,"name":"Inicio","item":"https:\/\/www.cetys.mx\/noticias\/"},{"@type":"ListItem","position":2,"name":"Apoyan el impulso y desarrollo tecnol\u00f3gico de Tijuana"}]},{"@type":"WebSite","@id":"https:\/\/www.cetys.mx\/noticias\/#website","url":"https:\/\/www.cetys.mx\/noticias\/","name":"CETYS","description":"","potentialAction":[{"@type":"SearchAction","target":{"@type":"EntryPoint","urlTemplate":"https:\/\/www.cetys.mx\/noticias\/?s={search_term_string}"},"query-input":{"@type":"PropertyValueSpecification","valueRequired":true,"valueName":"search_term_string"}}],"inLanguage":"es"},{"@type":"Person","@id":"https:\/\/www.cetys.mx\/noticias\/#\/schema\/person\/e790051ce60e18ae47cfa87011c8653f","name":"Campus Tijuana","url":"https:\/\/www.cetys.mx\/noticias\/author\/campustijuana\/"}]}},"_links":{"self":[{"href":"https:\/\/www.cetys.mx\/noticias\/wp-json\/wp\/v2\/posts\/74522","targetHints":{"allow":["GET"]}}],"collection":[{"href":"https:\/\/www.cetys.mx\/noticias\/wp-json\/wp\/v2\/posts"}],"about":[{"href":"https:\/\/www.cetys.mx\/noticias\/wp-json\/wp\/v2\/types\/post"}],"author":[{"embeddable":true,"href":"https:\/\/www.cetys.mx\/noticias\/wp-json\/wp\/v2\/users\/24"}],"replies":[{"embeddable":true,"href":"https:\/\/www.cetys.mx\/noticias\/wp-json\/wp\/v2\/comments?post=74522"}],"version-history":[{"count":0,"href":"https:\/\/www.cetys.mx\/noticias\/wp-json\/wp\/v2\/posts\/74522\/revisions"}],"wp:featuredmedia":[{"embeddable":true,"href":"https:\/\/www.cetys.mx\/noticias\/wp-json\/wp\/v2\/media\/74523"}],"wp:attachment":[{"href":"https:\/\/www.cetys.mx\/noticias\/wp-json\/wp\/v2\/media?parent=74522"}],"wp:term":[{"taxonomy":"category","embeddable":true,"href":"https:\/\/www.cetys.mx\/noticias\/wp-json\/wp\/v2\/categories?post=74522"},{"taxonomy":"post_tag","embeddable":true,"href":"https:\/\/www.cetys.mx\/noticias\/wp-json\/wp\/v2\/tags?post=74522"}],"curies":[{"name":"wp","href":"https:\/\/api.w.org\/{rel}","templated":true}]}}