{"id":74151,"date":"2017-09-01T11:59:34","date_gmt":"2017-09-01T18:59:34","guid":{"rendered":"http:\/\/www.cetys.mx\/noticias\/?p=74151"},"modified":"2017-10-10T18:56:30","modified_gmt":"2017-10-11T01:56:30","slug":"cetys-inaugurara-en-mejor-gimnasio-auditorio-ensenada","status":"publish","type":"post","link":"https:\/\/www.cetys.mx\/noticias\/cetys-inaugurara-en-mejor-gimnasio-auditorio-ensenada\/","title":{"rendered":"CETYS inaugurar\u00e1 en mejor gimnasio-auditorio de Ensenada"},"content":{"rendered":"<p>El nuevo Gimnasio-Auditorio de CETYS Universidad, a inaugurarse el pr\u00f3ximo 8 de Septiembre en el Campus Internacional Ensenada, ser\u00e1 un espacio innovador con capacidad de 1500 espectadores, que impulsar\u00e1 la formaci\u00f3n integral de los estudiantes, sirviendo como escenario para competencias y entrenamientos deportivos, conferencias, as\u00ed como eventos culturales y art\u00edsticos, al servicio de la comunidad.<\/p>\n<p>&nbsp;<\/p>\n<p>En la rueda de prensa que se llev\u00f3 a cabo en el lobby del Gimnasio, estaban presentes la Mtra. Jessica Ibarra Ramonet, Directora de Zona Costa, Mtro. Luis Armando Batista. Urias, Director de Asuntos Estudiantiles, y Luis Alejandro Ortiz Soto, Coordinaci\u00f3n de Deportes. \u201cCETYS con esta obra demostrando el compromiso con el deporte, con la formaci\u00f3n integral. Va a ser un gimnasio tan vers\u00e1til que toda la comunidad, gobierno, e instituciones p\u00fablicas y privadas podr\u00e1n hacer uso de las instalaciones de nuestro gimnasio auditorio\u201d, declaro Jessica Ibarra Ramonet.<\/p>\n<p>&nbsp;<\/p>\n<p>Con\u00a0 2,380\u00a0m\u00b2\u00a0por el exterior y 1,100 m\u00b2\u00a0por el interior, la instalaci\u00f3n contar\u00e1 con las medidas oficiales que requiere la Federaci\u00f3n Internacional de Baloncesto (FIBA) y las de la Federaci\u00f3n Mexicana de Voleibol (FMVB) para sus competencias, y los puntos ser\u00e1n marcados por los marcadores digitales. El Gimnasio Auditorio podr\u00e1 ser sede de eventos estudiantiles tanto deportivos como culturales y c\u00edvicos en su escenario art\u00edstico de 120\u00a0m\u00b2.<\/p>\n<p>&nbsp;<\/p>\n<p>El Fan Fest dar\u00e1 inicio a las 3:30 p.m. en la explanada del campus, con la presencia de Information Planet, Marineros de Ensenada, Hotel Marea Vista, Grupo Maglen, Servicios Portuarios, Auto productos de la Costa y Coca Cola para vestir el evento de atracciones y momentos memorables, tambi\u00e9n incluye activaciones de patrocinadores, comida, venta de art\u00edculos promocionales, y sorpresas.<\/p>\n<p>&nbsp;<\/p>\n<p>Como parte del programa, el equipo femenil de Zorros del CETYS se enfrentar\u00e1n a UABC Ensenada, en un partido de exhibici\u00f3n de voleibol, y al finalizar el encuentro,\u00a0la celebraci\u00f3n fiesta continuar\u00e1 con la demostraci\u00f3n del grupo de porristas de campus Mexicali y el show acrob\u00e1tico de b\u00e1squetbol ACRODUNK, el cual realizar\u00e1 sus rutinas de clavadas extremas y entretenimiento con apoyo de trampolines.<\/p>\n<p>&nbsp;<\/p>\n<p>Por \u00faltimo,\u00a0al finalizar el acto protocolario dar\u00e1 inicio el juego inaugural de B\u00e1squetbol entre los campus hermanos de Tijuana y Ensenada, todo esto acompa\u00f1ado de m\u00fasica, convivencia familiar y gran pasi\u00f3n por el deporte.<\/p>\n","protected":false},"excerpt":{"rendered":"<p>El nuevo Gimnasio-Auditorio de CETYS Universidad, a inaugurarse el pr\u00f3ximo 8 de Septiembre en el Campus Internacional Ensenada, ser\u00e1 un espacio innovador&#8230;<\/p>\n","protected":false},"author":23,"featured_media":74153,"comment_status":"open","ping_status":"open","sticky":false,"template":"","format":"standard","meta":{"footnotes":""},"categories":[132],"tags":[],"class_list":["post-74151","post","type-post","status-publish","format-standard","has-post-thumbnail","hentry","category-campus-ensenada"],"yoast_head":"<!-- This site is optimized with the Yoast SEO plugin v27.4 - https:\/\/yoast.com\/product\/yoast-seo-wordpress\/ -->\n<title>CETYS inaugurar\u00e1 en mejor gimnasio-auditorio de Ensenada - CETYS<\/title>\n<meta name=\"description\" content=\"Articulo sobre CETYS inaugurar\u00e1 en mejor gimnasio-auditorio de Ensenada\" \/>\n<meta name=\"robots\" content=\"index, follow, max-snippet:-1, max-image-preview:large, max-video-preview:-1\" \/>\n<link rel=\"canonical\" href=\"https:\/\/www.cetys.mx\/noticias\/cetys-inaugurara-en-mejor-gimnasio-auditorio-ensenada\/\" \/>\n<meta property=\"og:locale\" content=\"es_MX\" \/>\n<meta property=\"og:type\" content=\"article\" \/>\n<meta property=\"og:title\" content=\"CETYS inaugurar\u00e1 en mejor gimnasio-auditorio de Ensenada - CETYS\" \/>\n<meta property=\"og:description\" content=\"Articulo sobre CETYS inaugurar\u00e1 en mejor gimnasio-auditorio de Ensenada\" \/>\n<meta property=\"og:url\" content=\"https:\/\/www.cetys.mx\/noticias\/cetys-inaugurara-en-mejor-gimnasio-auditorio-ensenada\/\" \/>\n<meta property=\"og:site_name\" content=\"CETYS\" \/>\n<meta property=\"article:publisher\" content=\"https:\/\/www.facebook.com\/cetysuniversidadmxl\/\" \/>\n<meta property=\"article:published_time\" content=\"2017-09-01T18:59:34+00:00\" \/>\n<meta property=\"article:modified_time\" content=\"2017-10-11T01:56:30+00:00\" \/>\n<meta property=\"og:image\" content=\"https:\/\/www.cetys.mx\/noticias\/wp-content\/uploads\/2017\/09\/Gym.jpg\" \/>\n\t<meta property=\"og:image:width\" content=\"958\" \/>\n\t<meta property=\"og:image:height\" content=\"653\" \/>\n\t<meta property=\"og:image:type\" content=\"image\/jpeg\" \/>\n<meta name=\"author\" content=\"Campus Ensenada\" \/>\n<meta name=\"twitter:card\" content=\"summary_large_image\" \/>\n<meta name=\"twitter:creator\" content=\"@cetysuni\" \/>\n<meta name=\"twitter:site\" content=\"@cetysuni\" \/>\n<meta name=\"twitter:label1\" content=\"Escrito por\" \/>\n\t<meta name=\"twitter:data1\" content=\"Campus Ensenada\" \/>\n\t<meta name=\"twitter:label2\" content=\"Tiempo de lectura\" \/>\n\t<meta name=\"twitter:data2\" content=\"2 minutos\" \/>\n<script type=\"application\/ld+json\" class=\"yoast-schema-graph\">{\"@context\":\"https:\\\/\\\/schema.org\",\"@graph\":[{\"@type\":\"Article\",\"@id\":\"https:\\\/\\\/www.cetys.mx\\\/noticias\\\/cetys-inaugurara-en-mejor-gimnasio-auditorio-ensenada\\\/#article\",\"isPartOf\":{\"@id\":\"https:\\\/\\\/www.cetys.mx\\\/noticias\\\/cetys-inaugurara-en-mejor-gimnasio-auditorio-ensenada\\\/\"},\"author\":{\"name\":\"Campus Ensenada\",\"@id\":\"https:\\\/\\\/www.cetys.mx\\\/noticias\\\/#\\\/schema\\\/person\\\/1a1a88c0b6586e66a2e9e88e07afc712\"},\"headline\":\"CETYS inaugurar\u00e1 en mejor gimnasio-auditorio de Ensenada\",\"datePublished\":\"2017-09-01T18:59:34+00:00\",\"dateModified\":\"2017-10-11T01:56:30+00:00\",\"mainEntityOfPage\":{\"@id\":\"https:\\\/\\\/www.cetys.mx\\\/noticias\\\/cetys-inaugurara-en-mejor-gimnasio-auditorio-ensenada\\\/\"},\"wordCount\":403,\"commentCount\":0,\"image\":{\"@id\":\"https:\\\/\\\/www.cetys.mx\\\/noticias\\\/cetys-inaugurara-en-mejor-gimnasio-auditorio-ensenada\\\/#primaryimage\"},\"thumbnailUrl\":\"https:\\\/\\\/www.cetys.mx\\\/noticias\\\/wp-content\\\/uploads\\\/2017\\\/09\\\/Gym.jpg\",\"articleSection\":[\"Campus Ensenada\"],\"inLanguage\":\"es\",\"potentialAction\":[{\"@type\":\"CommentAction\",\"name\":\"Comment\",\"target\":[\"https:\\\/\\\/www.cetys.mx\\\/noticias\\\/cetys-inaugurara-en-mejor-gimnasio-auditorio-ensenada\\\/#respond\"]}]},{\"@type\":\"WebPage\",\"@id\":\"https:\\\/\\\/www.cetys.mx\\\/noticias\\\/cetys-inaugurara-en-mejor-gimnasio-auditorio-ensenada\\\/\",\"url\":\"https:\\\/\\\/www.cetys.mx\\\/noticias\\\/cetys-inaugurara-en-mejor-gimnasio-auditorio-ensenada\\\/\",\"name\":\"CETYS inaugurar\u00e1 en mejor gimnasio-auditorio de Ensenada - CETYS\",\"isPartOf\":{\"@id\":\"https:\\\/\\\/www.cetys.mx\\\/noticias\\\/#website\"},\"primaryImageOfPage\":{\"@id\":\"https:\\\/\\\/www.cetys.mx\\\/noticias\\\/cetys-inaugurara-en-mejor-gimnasio-auditorio-ensenada\\\/#primaryimage\"},\"image\":{\"@id\":\"https:\\\/\\\/www.cetys.mx\\\/noticias\\\/cetys-inaugurara-en-mejor-gimnasio-auditorio-ensenada\\\/#primaryimage\"},\"thumbnailUrl\":\"https:\\\/\\\/www.cetys.mx\\\/noticias\\\/wp-content\\\/uploads\\\/2017\\\/09\\\/Gym.jpg\",\"datePublished\":\"2017-09-01T18:59:34+00:00\",\"dateModified\":\"2017-10-11T01:56:30+00:00\",\"author\":{\"@id\":\"https:\\\/\\\/www.cetys.mx\\\/noticias\\\/#\\\/schema\\\/person\\\/1a1a88c0b6586e66a2e9e88e07afc712\"},\"description\":\"Articulo sobre CETYS inaugurar\u00e1 en mejor gimnasio-auditorio de Ensenada\",\"breadcrumb\":{\"@id\":\"https:\\\/\\\/www.cetys.mx\\\/noticias\\\/cetys-inaugurara-en-mejor-gimnasio-auditorio-ensenada\\\/#breadcrumb\"},\"inLanguage\":\"es\",\"potentialAction\":[{\"@type\":\"ReadAction\",\"target\":[\"https:\\\/\\\/www.cetys.mx\\\/noticias\\\/cetys-inaugurara-en-mejor-gimnasio-auditorio-ensenada\\\/\"]}]},{\"@type\":\"ImageObject\",\"inLanguage\":\"es\",\"@id\":\"https:\\\/\\\/www.cetys.mx\\\/noticias\\\/cetys-inaugurara-en-mejor-gimnasio-auditorio-ensenada\\\/#primaryimage\",\"url\":\"https:\\\/\\\/www.cetys.mx\\\/noticias\\\/wp-content\\\/uploads\\\/2017\\\/09\\\/Gym.jpg\",\"contentUrl\":\"https:\\\/\\\/www.cetys.mx\\\/noticias\\\/wp-content\\\/uploads\\\/2017\\\/09\\\/Gym.jpg\",\"width\":958,\"height\":653},{\"@type\":\"BreadcrumbList\",\"@id\":\"https:\\\/\\\/www.cetys.mx\\\/noticias\\\/cetys-inaugurara-en-mejor-gimnasio-auditorio-ensenada\\\/#breadcrumb\",\"itemListElement\":[{\"@type\":\"ListItem\",\"position\":1,\"name\":\"Inicio\",\"item\":\"https:\\\/\\\/www.cetys.mx\\\/noticias\\\/\"},{\"@type\":\"ListItem\",\"position\":2,\"name\":\"CETYS inaugurar\u00e1 en mejor gimnasio-auditorio de Ensenada\"}]},{\"@type\":\"WebSite\",\"@id\":\"https:\\\/\\\/www.cetys.mx\\\/noticias\\\/#website\",\"url\":\"https:\\\/\\\/www.cetys.mx\\\/noticias\\\/\",\"name\":\"CETYS\",\"description\":\"\",\"potentialAction\":[{\"@type\":\"SearchAction\",\"target\":{\"@type\":\"EntryPoint\",\"urlTemplate\":\"https:\\\/\\\/www.cetys.mx\\\/noticias\\\/?s={search_term_string}\"},\"query-input\":{\"@type\":\"PropertyValueSpecification\",\"valueRequired\":true,\"valueName\":\"search_term_string\"}}],\"inLanguage\":\"es\"},{\"@type\":\"Person\",\"@id\":\"https:\\\/\\\/www.cetys.mx\\\/noticias\\\/#\\\/schema\\\/person\\\/1a1a88c0b6586e66a2e9e88e07afc712\",\"name\":\"Campus Ensenada\",\"url\":\"https:\\\/\\\/www.cetys.mx\\\/noticias\\\/author\\\/campusensenada\\\/\"}]}<\/script>\n<!-- \/ Yoast SEO plugin. -->","yoast_head_json":{"title":"CETYS inaugurar\u00e1 en mejor gimnasio-auditorio de Ensenada - CETYS","description":"Articulo sobre CETYS inaugurar\u00e1 en mejor gimnasio-auditorio de Ensenada","robots":{"index":"index","follow":"follow","max-snippet":"max-snippet:-1","max-image-preview":"max-image-preview:large","max-video-preview":"max-video-preview:-1"},"canonical":"https:\/\/www.cetys.mx\/noticias\/cetys-inaugurara-en-mejor-gimnasio-auditorio-ensenada\/","og_locale":"es_MX","og_type":"article","og_title":"CETYS inaugurar\u00e1 en mejor gimnasio-auditorio de Ensenada - CETYS","og_description":"Articulo sobre CETYS inaugurar\u00e1 en mejor gimnasio-auditorio de Ensenada","og_url":"https:\/\/www.cetys.mx\/noticias\/cetys-inaugurara-en-mejor-gimnasio-auditorio-ensenada\/","og_site_name":"CETYS","article_publisher":"https:\/\/www.facebook.com\/cetysuniversidadmxl\/","article_published_time":"2017-09-01T18:59:34+00:00","article_modified_time":"2017-10-11T01:56:30+00:00","og_image":[{"width":958,"height":653,"url":"https:\/\/www.cetys.mx\/noticias\/wp-content\/uploads\/2017\/09\/Gym.jpg","type":"image\/jpeg"}],"author":"Campus Ensenada","twitter_card":"summary_large_image","twitter_creator":"@cetysuni","twitter_site":"@cetysuni","twitter_misc":{"Escrito por":"Campus Ensenada","Tiempo de lectura":"2 minutos"},"schema":{"@context":"https:\/\/schema.org","@graph":[{"@type":"Article","@id":"https:\/\/www.cetys.mx\/noticias\/cetys-inaugurara-en-mejor-gimnasio-auditorio-ensenada\/#article","isPartOf":{"@id":"https:\/\/www.cetys.mx\/noticias\/cetys-inaugurara-en-mejor-gimnasio-auditorio-ensenada\/"},"author":{"name":"Campus Ensenada","@id":"https:\/\/www.cetys.mx\/noticias\/#\/schema\/person\/1a1a88c0b6586e66a2e9e88e07afc712"},"headline":"CETYS inaugurar\u00e1 en mejor gimnasio-auditorio de Ensenada","datePublished":"2017-09-01T18:59:34+00:00","dateModified":"2017-10-11T01:56:30+00:00","mainEntityOfPage":{"@id":"https:\/\/www.cetys.mx\/noticias\/cetys-inaugurara-en-mejor-gimnasio-auditorio-ensenada\/"},"wordCount":403,"commentCount":0,"image":{"@id":"https:\/\/www.cetys.mx\/noticias\/cetys-inaugurara-en-mejor-gimnasio-auditorio-ensenada\/#primaryimage"},"thumbnailUrl":"https:\/\/www.cetys.mx\/noticias\/wp-content\/uploads\/2017\/09\/Gym.jpg","articleSection":["Campus Ensenada"],"inLanguage":"es","potentialAction":[{"@type":"CommentAction","name":"Comment","target":["https:\/\/www.cetys.mx\/noticias\/cetys-inaugurara-en-mejor-gimnasio-auditorio-ensenada\/#respond"]}]},{"@type":"WebPage","@id":"https:\/\/www.cetys.mx\/noticias\/cetys-inaugurara-en-mejor-gimnasio-auditorio-ensenada\/","url":"https:\/\/www.cetys.mx\/noticias\/cetys-inaugurara-en-mejor-gimnasio-auditorio-ensenada\/","name":"CETYS inaugurar\u00e1 en mejor gimnasio-auditorio de Ensenada - CETYS","isPartOf":{"@id":"https:\/\/www.cetys.mx\/noticias\/#website"},"primaryImageOfPage":{"@id":"https:\/\/www.cetys.mx\/noticias\/cetys-inaugurara-en-mejor-gimnasio-auditorio-ensenada\/#primaryimage"},"image":{"@id":"https:\/\/www.cetys.mx\/noticias\/cetys-inaugurara-en-mejor-gimnasio-auditorio-ensenada\/#primaryimage"},"thumbnailUrl":"https:\/\/www.cetys.mx\/noticias\/wp-content\/uploads\/2017\/09\/Gym.jpg","datePublished":"2017-09-01T18:59:34+00:00","dateModified":"2017-10-11T01:56:30+00:00","author":{"@id":"https:\/\/www.cetys.mx\/noticias\/#\/schema\/person\/1a1a88c0b6586e66a2e9e88e07afc712"},"description":"Articulo sobre CETYS inaugurar\u00e1 en mejor gimnasio-auditorio de Ensenada","breadcrumb":{"@id":"https:\/\/www.cetys.mx\/noticias\/cetys-inaugurara-en-mejor-gimnasio-auditorio-ensenada\/#breadcrumb"},"inLanguage":"es","potentialAction":[{"@type":"ReadAction","target":["https:\/\/www.cetys.mx\/noticias\/cetys-inaugurara-en-mejor-gimnasio-auditorio-ensenada\/"]}]},{"@type":"ImageObject","inLanguage":"es","@id":"https:\/\/www.cetys.mx\/noticias\/cetys-inaugurara-en-mejor-gimnasio-auditorio-ensenada\/#primaryimage","url":"https:\/\/www.cetys.mx\/noticias\/wp-content\/uploads\/2017\/09\/Gym.jpg","contentUrl":"https:\/\/www.cetys.mx\/noticias\/wp-content\/uploads\/2017\/09\/Gym.jpg","width":958,"height":653},{"@type":"BreadcrumbList","@id":"https:\/\/www.cetys.mx\/noticias\/cetys-inaugurara-en-mejor-gimnasio-auditorio-ensenada\/#breadcrumb","itemListElement":[{"@type":"ListItem","position":1,"name":"Inicio","item":"https:\/\/www.cetys.mx\/noticias\/"},{"@type":"ListItem","position":2,"name":"CETYS inaugurar\u00e1 en mejor gimnasio-auditorio de Ensenada"}]},{"@type":"WebSite","@id":"https:\/\/www.cetys.mx\/noticias\/#website","url":"https:\/\/www.cetys.mx\/noticias\/","name":"CETYS","description":"","potentialAction":[{"@type":"SearchAction","target":{"@type":"EntryPoint","urlTemplate":"https:\/\/www.cetys.mx\/noticias\/?s={search_term_string}"},"query-input":{"@type":"PropertyValueSpecification","valueRequired":true,"valueName":"search_term_string"}}],"inLanguage":"es"},{"@type":"Person","@id":"https:\/\/www.cetys.mx\/noticias\/#\/schema\/person\/1a1a88c0b6586e66a2e9e88e07afc712","name":"Campus Ensenada","url":"https:\/\/www.cetys.mx\/noticias\/author\/campusensenada\/"}]}},"_links":{"self":[{"href":"https:\/\/www.cetys.mx\/noticias\/wp-json\/wp\/v2\/posts\/74151","targetHints":{"allow":["GET"]}}],"collection":[{"href":"https:\/\/www.cetys.mx\/noticias\/wp-json\/wp\/v2\/posts"}],"about":[{"href":"https:\/\/www.cetys.mx\/noticias\/wp-json\/wp\/v2\/types\/post"}],"author":[{"embeddable":true,"href":"https:\/\/www.cetys.mx\/noticias\/wp-json\/wp\/v2\/users\/23"}],"replies":[{"embeddable":true,"href":"https:\/\/www.cetys.mx\/noticias\/wp-json\/wp\/v2\/comments?post=74151"}],"version-history":[{"count":0,"href":"https:\/\/www.cetys.mx\/noticias\/wp-json\/wp\/v2\/posts\/74151\/revisions"}],"wp:featuredmedia":[{"embeddable":true,"href":"https:\/\/www.cetys.mx\/noticias\/wp-json\/wp\/v2\/media\/74153"}],"wp:attachment":[{"href":"https:\/\/www.cetys.mx\/noticias\/wp-json\/wp\/v2\/media?parent=74151"}],"wp:term":[{"taxonomy":"category","embeddable":true,"href":"https:\/\/www.cetys.mx\/noticias\/wp-json\/wp\/v2\/categories?post=74151"},{"taxonomy":"post_tag","embeddable":true,"href":"https:\/\/www.cetys.mx\/noticias\/wp-json\/wp\/v2\/tags?post=74151"}],"curies":[{"name":"wp","href":"https:\/\/api.w.org\/{rel}","templated":true}]}}