{"id":73663,"date":"2017-08-11T08:36:28","date_gmt":"2017-08-11T15:36:28","guid":{"rendered":"http:\/\/www.cetys.mx\/noticias\/?p=73663"},"modified":"2017-08-11T09:27:11","modified_gmt":"2017-08-11T16:27:11","slug":"cetys-conacyt-e-industria-juntos-desarrollo-tecnologico-en-bc","status":"publish","type":"post","link":"https:\/\/www.cetys.mx\/noticias\/cetys-conacyt-e-industria-juntos-desarrollo-tecnologico-en-bc\/","title":{"rendered":"CETYS, CONACYT e Industria juntos por el desarrollo tecnol\u00f3gico en BC"},"content":{"rendered":"<p align=\"justify\">Ya son <strong>m\u00e1s de 10 las empresas que se suman a los esfuerzos por apuntalar a Baja California en los temas de investigaci\u00f3n y creaci\u00f3n tecnol\u00f3gica<\/strong>, esto a trav\u00e9s de esfuerzos colectivos entre la academia, gobierno e industria, para de esta forma <strong>propiciar un contexto que favorezca la creaci\u00f3n del conocimiento<\/strong> y, por ende, el desarrollo econ\u00f3mico como resultado de su aplicaci\u00f3n.<\/p>\n<div id=\"attachment_73667\" style=\"width: 968px\" class=\"wp-caption aligncenter\"><a href=\"https:\/\/www.cetys.mx\/noticias\/wp-content\/uploads\/2017\/08\/01-Convenio-CETYS-SMK.jpg\"><img loading=\"lazy\" decoding=\"async\" aria-describedby=\"caption-attachment-73667\" class=\"wp-image-73667 size-full\" src=\"https:\/\/www.cetys.mx\/noticias\/wp-content\/uploads\/2017\/08\/01-Convenio-CETYS-SMK.jpg\" alt=\"SONY DSC\" width=\"958\" height=\"637\" \/><\/a><p id=\"caption-attachment-73667\" class=\"wp-caption-text\">Las autoridades de CETYS Universidad y SMK pactaron compromiso a favor del desarrollo tecnol\u00f3gico en Baja California.<\/p><\/div>\n<p align=\"justify\">Fue as\u00ed como<a href=\"https:\/\/r20.rs6.net\/tn.jsp?f=001_770dWXdIixZ-YAD_TLf63F9c5eGxVP_SdY--PaRvYnNWL4Ucvl5WbSWRtOslbIjsnZ1VPl0HeEb9xNVc9jJHvAiN30FQj_AzCG1wgD2gTpMS-1k4odB1pvuUXj0muq746LwVs7sbdhIVNEHeZWpP8SYSaJ7v8cGQN8heq2NksQ=&amp;c=8JgVWRHv5HLj_fAJavC971vfyrCe4v8zDq6MjMnPJIQn0S2WI8DwgQ==&amp;ch=gUol4AD2Cqwk8-A0QHkJWO6Mvr-K6uwM1werbDqyRUlrYOvsWdOU2Q==\" target=\"_blank\" data-saferedirecturl=\"https:\/\/www.google.com\/url?hl=es&amp;q=https:\/\/r20.rs6.net\/tn.jsp?f%3D001_770dWXdIixZ-YAD_TLf63F9c5eGxVP_SdY--PaRvYnNWL4Ucvl5WbSWRtOslbIjsnZ1VPl0HeEb9xNVc9jJHvAiN30FQj_AzCG1wgD2gTpMS-1k4odB1pvuUXj0muq746LwVs7sbdhIVNEHeZWpP8SYSaJ7v8cGQN8heq2NksQ%3D%26c%3D8JgVWRHv5HLj_fAJavC971vfyrCe4v8zDq6MjMnPJIQn0S2WI8DwgQ%3D%3D%26ch%3DgUol4AD2Cqwk8-A0QHkJWO6Mvr-K6uwM1werbDqyRUlrYOvsWdOU2Q%3D%3D&amp;source=gmail&amp;ust=1502549041668000&amp;usg=AFQjCNHzpcISnI4r0TRcYjd_bF0bSZ6fbA\">\u00a0CETYS Universidad<\/a>, CONACYT y SMK Electr\u00f3nica, reconocida en 2015 con el Premio de Calidad que otorga anualmente el IBCC (Instituto de Baja California para la calidad),\u00a0<a href=\"https:\/\/r20.rs6.net\/tn.jsp?f=001_770dWXdIixZ-YAD_TLf63F9c5eGxVP_SdY--PaRvYnNWL4Ucvl5Wdvy1pLVnhYewSXIIevVkaHL9T_q3bsJJUu4QOriZzKrujSaXbuW2eeDGqrk4ROJr3Ogr2K4cPgUidgEDH-zzAy9TadYN0PyZwSOZLWLuz8knRKDz6G8JyB1vWvQ6Z6OjDSIodAkooUiVEaE_ESH-A8=&amp;c=8JgVWRHv5HLj_fAJavC971vfyrCe4v8zDq6MjMnPJIQn0S2WI8DwgQ==&amp;ch=gUol4AD2Cqwk8-A0QHkJWO6Mvr-K6uwM1werbDqyRUlrYOvsWdOU2Q==\" target=\"_blank\" data-saferedirecturl=\"https:\/\/www.google.com\/url?hl=es&amp;q=https:\/\/r20.rs6.net\/tn.jsp?f%3D001_770dWXdIixZ-YAD_TLf63F9c5eGxVP_SdY--PaRvYnNWL4Ucvl5Wdvy1pLVnhYewSXIIevVkaHL9T_q3bsJJUu4QOriZzKrujSaXbuW2eeDGqrk4ROJr3Ogr2K4cPgUidgEDH-zzAy9TadYN0PyZwSOZLWLuz8knRKDz6G8JyB1vWvQ6Z6OjDSIodAkooUiVEaE_ESH-A8%3D%26c%3D8JgVWRHv5HLj_fAJavC971vfyrCe4v8zDq6MjMnPJIQn0S2WI8DwgQ%3D%3D%26ch%3DgUol4AD2Cqwk8-A0QHkJWO6Mvr-K6uwM1werbDqyRUlrYOvsWdOU2Q%3D%3D&amp;source=gmail&amp;ust=1502549041668000&amp;usg=AFQjCNH2cCEV2tbOUMusNe5vu3gnHeFqkA\">firmaron convenio de colaboraci\u00f3n<\/a>\u00a0como parte del programa <strong>Becas para Posgrados con la Industria<\/strong>, lo que permitir\u00e1 la <strong>especializaci\u00f3n de sus profesionistas en \u00e1reas particulares del conocimiento<\/strong>.<\/p>\n<div id=\"attachment_73668\" style=\"width: 968px\" class=\"wp-caption aligncenter\"><a href=\"https:\/\/www.cetys.mx\/noticias\/wp-content\/uploads\/2017\/08\/07-Convenio-CETYS-SMK.jpg\"><img loading=\"lazy\" decoding=\"async\" aria-describedby=\"caption-attachment-73668\" class=\"wp-image-73668 size-full\" src=\"https:\/\/www.cetys.mx\/noticias\/wp-content\/uploads\/2017\/08\/07-Convenio-CETYS-SMK.jpg\" alt=\"SONY DSC\" width=\"958\" height=\"637\" \/><\/a><p id=\"caption-attachment-73668\" class=\"wp-caption-text\">Tras el convenio, SMK especializar\u00e1 a sus profesionistas del \u00e1rea de Ingenier\u00eda e Innovaci\u00f3n en CETYS Tijuana.<\/p><\/div>\n<p align=\"justify\">De acuerdo con el <strong>Lic. Heriberto Galindo Aguirre<\/strong>, <strong>Gerente de Recursos Humanos en SMK Electr\u00f3nica<\/strong>, fortalecer lazos a trav\u00e9s de esta colaboraci\u00f3n<em> beneficiar\u00e1 de manera directa el futuro de los asociados que ser\u00e1n postulados al programa de<\/em>\u00a0<a href=\"https:\/\/r20.rs6.net\/tn.jsp?f=001_770dWXdIixZ-YAD_TLf63F9c5eGxVP_SdY--PaRvYnNWL4Ucvl5Wdvy1pLVnhYesopMuLkuxlyI4BQ-V8oyRPaRvPuo0zbsgK2nYGiqqR3Z9t72xEQRCH6p1LIuwALS-c3nonY6py5AA24rCW8HypAfNCryOaLBcEIS3EGo8yzZ8oZzxPXPR36sdOZd5ipjJ4UwCThvezwto4TZs1HLP6mM17LFO2qYODrk-VKjG9m-jjZAawadG7ATXuVIqRbT&amp;c=8JgVWRHv5HLj_fAJavC971vfyrCe4v8zDq6MjMnPJIQn0S2WI8DwgQ==&amp;ch=gUol4AD2Cqwk8-A0QHkJWO6Mvr-K6uwM1werbDqyRUlrYOvsWdOU2Q==\" target=\"_blank\" data-saferedirecturl=\"https:\/\/www.google.com\/url?hl=es&amp;q=https:\/\/r20.rs6.net\/tn.jsp?f%3D001_770dWXdIixZ-YAD_TLf63F9c5eGxVP_SdY--PaRvYnNWL4Ucvl5Wdvy1pLVnhYesopMuLkuxlyI4BQ-V8oyRPaRvPuo0zbsgK2nYGiqqR3Z9t72xEQRCH6p1LIuwALS-c3nonY6py5AA24rCW8HypAfNCryOaLBcEIS3EGo8yzZ8oZzxPXPR36sdOZd5ipjJ4UwCThvezwto4TZs1HLP6mM17LFO2qYODrk-VKjG9m-jjZAawadG7ATXuVIqRbT%26c%3D8JgVWRHv5HLj_fAJavC971vfyrCe4v8zDq6MjMnPJIQn0S2WI8DwgQ%3D%3D%26ch%3DgUol4AD2Cqwk8-A0QHkJWO6Mvr-K6uwM1werbDqyRUlrYOvsWdOU2Q%3D%3D&amp;source=gmail&amp;ust=1502549041668000&amp;usg=AFQjCNG9w8XX31Tqhaca9sfOdo2C92BdAA\">Maestr\u00eda en Ingenier\u00eda e Innovaci\u00f3n<\/a>\u00a0impartido en Campus Tijuana, <em>as\u00ed como a los diversos procesos internos donde se ver\u00e1n aplicadas las habilidades desarrolladas<\/em> por sus colaboradores en la instituci\u00f3n bajacaliforniana.<\/p>\n<p align=\"justify\">Para la <strong>Mtra. Jessica Ibarra Ramonet<\/strong>, <em>Directora Zona Costa de CETYS Universidad<\/em>, la iniciativa y el inter\u00e9s de SMK Electr\u00f3nica en participar refleja su compromiso en cuesti\u00f3n de la b\u00fasqueda de la calidad, el desarrollo de la competitividad y la sustentabilidad, esto al incluir a su capital humano como parte del reforzamiento de sus niveles de excelencia.<\/p>\n<div id=\"attachment_73666\" style=\"width: 968px\" class=\"wp-caption aligncenter\"><a href=\"https:\/\/www.cetys.mx\/noticias\/wp-content\/uploads\/2017\/08\/10-Convenio-CETYS-SMK.jpg\"><img loading=\"lazy\" decoding=\"async\" aria-describedby=\"caption-attachment-73666\" class=\"wp-image-73666 size-full\" src=\"https:\/\/www.cetys.mx\/noticias\/wp-content\/uploads\/2017\/08\/10-Convenio-CETYS-SMK.jpg\" alt=\"SONY DSC\" width=\"958\" height=\"637\" \/><\/a><p id=\"caption-attachment-73666\" class=\"wp-caption-text\">SMK Electr\u00f3nica se sum\u00f3 a las m\u00e1s de 10 organizaciones que han aceptado el compromiso a favor de la investigaci\u00f3n y el desarrollo tecnol\u00f3gico en Baja California.<\/p><\/div>\n<p align=\"justify\">En lo que respecta al <strong>Lic. Marco Antonio L\u00f3pez Valadez<\/strong>,<em> Presidente de SMK Electr\u00f3nica<\/em>, agreg\u00f3 que la expectativa principal de la organizaci\u00f3n que representa es que a un mediano plazo cuenten con la capacidad de desarrollar programas de implementaci\u00f3n en la industria, siendo <strong>la formaci\u00f3n educativa el elemento principal para concretar proyectos que beneficien al sector<\/strong> y a la empresa desde su capital humano.<\/p>\n<div align=\"center\"><iframe loading=\"lazy\" src=\"https:\/\/www.youtube.com\/embed\/5ex55lAEhDQ\" width=\"560\" height=\"315\" frameborder=\"0\" allowfullscreen=\"allowfullscreen\"><\/iframe><\/div>\n<p align=\"justify\"><a href=\"https:\/\/www.cetys.mx\/noticias\/buscan-el-desarrollo-de-mas-tecnologia-en-baja-california\/\">El programa de Becas para Posgrados con la Industria inici\u00f3 a principios del presente a\u00f1o<\/a> en CETYS Universidad, sumando a empresas l\u00edderes internacionales como <strong>Medtronic, Honeywell, Skyworks, Gulfstream, Fisher &amp; Paykel Healthcare, Fender, GST y Plantronics<\/strong> a la iniciativa.<\/p>\n","protected":false},"excerpt":{"rendered":"<p>Ya son m\u00e1s de 10 las empresas que se suman a los esfuerzos por apuntalar a Baja California en los temas de&#8230;<\/p>\n","protected":false},"author":24,"featured_media":73666,"comment_status":"open","ping_status":"open","sticky":false,"template":"","format":"standard","meta":{"footnotes":""},"categories":[134,326,309,313],"tags":[285,328,168,281,284,338,269,1609],"class_list":["post-73663","post","type-post","status-publish","format-standard","has-post-thumbnail","hentry","category-campus-tijuana","category-desarrollo-y-promocion","category-posgrado","category-vocetys-2","tag-alumnos","tag-campustijuana","tag-cetys-universidad","tag-ciencia","tag-emprendimiento","tag-ingenieria","tag-innovacion","tag-vocetys-2017-08-11"],"yoast_head":"<!-- This site is optimized with the Yoast SEO plugin v27.4 - https:\/\/yoast.com\/product\/yoast-seo-wordpress\/ -->\n<title>CETYS, CONACYT e Industria juntos por el desarrollo tecnol\u00f3gico en BC - CETYS<\/title>\n<meta name=\"description\" content=\"Articulo sobre CETYS, CONACYT e Industria juntos por el desarrollo tecnol\u00f3gico en BC\" \/>\n<meta name=\"robots\" content=\"index, follow, max-snippet:-1, max-image-preview:large, max-video-preview:-1\" \/>\n<link rel=\"canonical\" href=\"https:\/\/www.cetys.mx\/noticias\/cetys-conacyt-e-industria-juntos-desarrollo-tecnologico-en-bc\/\" \/>\n<meta property=\"og:locale\" content=\"es_MX\" \/>\n<meta property=\"og:type\" content=\"article\" \/>\n<meta property=\"og:title\" content=\"CETYS, CONACYT e Industria juntos por el desarrollo tecnol\u00f3gico en BC - CETYS\" \/>\n<meta property=\"og:description\" content=\"Articulo sobre CETYS, CONACYT e Industria juntos por el desarrollo tecnol\u00f3gico en BC\" \/>\n<meta property=\"og:url\" content=\"https:\/\/www.cetys.mx\/noticias\/cetys-conacyt-e-industria-juntos-desarrollo-tecnologico-en-bc\/\" \/>\n<meta property=\"og:site_name\" content=\"CETYS\" \/>\n<meta property=\"article:publisher\" content=\"https:\/\/www.facebook.com\/cetysuniversidadmxl\/\" \/>\n<meta property=\"article:published_time\" content=\"2017-08-11T15:36:28+00:00\" \/>\n<meta property=\"article:modified_time\" content=\"2017-08-11T16:27:11+00:00\" \/>\n<meta property=\"og:image\" content=\"https:\/\/www.cetys.mx\/noticias\/wp-content\/uploads\/2017\/08\/10-Convenio-CETYS-SMK.jpg\" \/>\n\t<meta property=\"og:image:width\" content=\"958\" \/>\n\t<meta property=\"og:image:height\" content=\"637\" \/>\n\t<meta property=\"og:image:type\" content=\"image\/jpeg\" \/>\n<meta name=\"author\" content=\"Campus Tijuana\" \/>\n<meta name=\"twitter:card\" content=\"summary_large_image\" \/>\n<meta name=\"twitter:creator\" content=\"@cetysuni\" \/>\n<meta name=\"twitter:site\" content=\"@cetysuni\" \/>\n<meta name=\"twitter:label1\" content=\"Escrito por\" \/>\n\t<meta name=\"twitter:data1\" content=\"Campus Tijuana\" \/>\n\t<meta name=\"twitter:label2\" content=\"Tiempo de lectura\" \/>\n\t<meta name=\"twitter:data2\" content=\"2 minutos\" \/>\n<script type=\"application\/ld+json\" class=\"yoast-schema-graph\">{\"@context\":\"https:\\\/\\\/schema.org\",\"@graph\":[{\"@type\":\"Article\",\"@id\":\"https:\\\/\\\/www.cetys.mx\\\/noticias\\\/cetys-conacyt-e-industria-juntos-desarrollo-tecnologico-en-bc\\\/#article\",\"isPartOf\":{\"@id\":\"https:\\\/\\\/www.cetys.mx\\\/noticias\\\/cetys-conacyt-e-industria-juntos-desarrollo-tecnologico-en-bc\\\/\"},\"author\":{\"name\":\"Campus Tijuana\",\"@id\":\"https:\\\/\\\/www.cetys.mx\\\/noticias\\\/#\\\/schema\\\/person\\\/e790051ce60e18ae47cfa87011c8653f\"},\"headline\":\"CETYS, CONACYT e Industria juntos por el desarrollo tecnol\u00f3gico en BC\",\"datePublished\":\"2017-08-11T15:36:28+00:00\",\"dateModified\":\"2017-08-11T16:27:11+00:00\",\"mainEntityOfPage\":{\"@id\":\"https:\\\/\\\/www.cetys.mx\\\/noticias\\\/cetys-conacyt-e-industria-juntos-desarrollo-tecnologico-en-bc\\\/\"},\"wordCount\":474,\"commentCount\":0,\"image\":{\"@id\":\"https:\\\/\\\/www.cetys.mx\\\/noticias\\\/cetys-conacyt-e-industria-juntos-desarrollo-tecnologico-en-bc\\\/#primaryimage\"},\"thumbnailUrl\":\"https:\\\/\\\/www.cetys.mx\\\/noticias\\\/wp-content\\\/uploads\\\/2017\\\/08\\\/10-Convenio-CETYS-SMK.jpg\",\"keywords\":[\"Alumnos\",\"campustijuana\",\"CETYS Universidad\",\"Ciencia\",\"Emprendimiento\",\"Ingenier\u00eda\",\"Innovaci\u00f3n\",\"vocetys-2017-08-11\"],\"articleSection\":[\"Campus Tijuana\",\"Desarrollo y promoci\u00f3n\",\"Posgrado\",\"VoCETYS\"],\"inLanguage\":\"es\",\"potentialAction\":[{\"@type\":\"CommentAction\",\"name\":\"Comment\",\"target\":[\"https:\\\/\\\/www.cetys.mx\\\/noticias\\\/cetys-conacyt-e-industria-juntos-desarrollo-tecnologico-en-bc\\\/#respond\"]}]},{\"@type\":\"WebPage\",\"@id\":\"https:\\\/\\\/www.cetys.mx\\\/noticias\\\/cetys-conacyt-e-industria-juntos-desarrollo-tecnologico-en-bc\\\/\",\"url\":\"https:\\\/\\\/www.cetys.mx\\\/noticias\\\/cetys-conacyt-e-industria-juntos-desarrollo-tecnologico-en-bc\\\/\",\"name\":\"CETYS, CONACYT e Industria juntos por el desarrollo tecnol\u00f3gico en BC - CETYS\",\"isPartOf\":{\"@id\":\"https:\\\/\\\/www.cetys.mx\\\/noticias\\\/#website\"},\"primaryImageOfPage\":{\"@id\":\"https:\\\/\\\/www.cetys.mx\\\/noticias\\\/cetys-conacyt-e-industria-juntos-desarrollo-tecnologico-en-bc\\\/#primaryimage\"},\"image\":{\"@id\":\"https:\\\/\\\/www.cetys.mx\\\/noticias\\\/cetys-conacyt-e-industria-juntos-desarrollo-tecnologico-en-bc\\\/#primaryimage\"},\"thumbnailUrl\":\"https:\\\/\\\/www.cetys.mx\\\/noticias\\\/wp-content\\\/uploads\\\/2017\\\/08\\\/10-Convenio-CETYS-SMK.jpg\",\"datePublished\":\"2017-08-11T15:36:28+00:00\",\"dateModified\":\"2017-08-11T16:27:11+00:00\",\"author\":{\"@id\":\"https:\\\/\\\/www.cetys.mx\\\/noticias\\\/#\\\/schema\\\/person\\\/e790051ce60e18ae47cfa87011c8653f\"},\"description\":\"Articulo sobre CETYS, CONACYT e Industria juntos por el desarrollo tecnol\u00f3gico en BC\",\"breadcrumb\":{\"@id\":\"https:\\\/\\\/www.cetys.mx\\\/noticias\\\/cetys-conacyt-e-industria-juntos-desarrollo-tecnologico-en-bc\\\/#breadcrumb\"},\"inLanguage\":\"es\",\"potentialAction\":[{\"@type\":\"ReadAction\",\"target\":[\"https:\\\/\\\/www.cetys.mx\\\/noticias\\\/cetys-conacyt-e-industria-juntos-desarrollo-tecnologico-en-bc\\\/\"]}]},{\"@type\":\"ImageObject\",\"inLanguage\":\"es\",\"@id\":\"https:\\\/\\\/www.cetys.mx\\\/noticias\\\/cetys-conacyt-e-industria-juntos-desarrollo-tecnologico-en-bc\\\/#primaryimage\",\"url\":\"https:\\\/\\\/www.cetys.mx\\\/noticias\\\/wp-content\\\/uploads\\\/2017\\\/08\\\/10-Convenio-CETYS-SMK.jpg\",\"contentUrl\":\"https:\\\/\\\/www.cetys.mx\\\/noticias\\\/wp-content\\\/uploads\\\/2017\\\/08\\\/10-Convenio-CETYS-SMK.jpg\",\"width\":958,\"height\":637,\"caption\":\"SONY DSC\"},{\"@type\":\"BreadcrumbList\",\"@id\":\"https:\\\/\\\/www.cetys.mx\\\/noticias\\\/cetys-conacyt-e-industria-juntos-desarrollo-tecnologico-en-bc\\\/#breadcrumb\",\"itemListElement\":[{\"@type\":\"ListItem\",\"position\":1,\"name\":\"Inicio\",\"item\":\"https:\\\/\\\/www.cetys.mx\\\/noticias\\\/\"},{\"@type\":\"ListItem\",\"position\":2,\"name\":\"CETYS, CONACYT e Industria juntos por el desarrollo tecnol\u00f3gico en BC\"}]},{\"@type\":\"WebSite\",\"@id\":\"https:\\\/\\\/www.cetys.mx\\\/noticias\\\/#website\",\"url\":\"https:\\\/\\\/www.cetys.mx\\\/noticias\\\/\",\"name\":\"CETYS\",\"description\":\"\",\"potentialAction\":[{\"@type\":\"SearchAction\",\"target\":{\"@type\":\"EntryPoint\",\"urlTemplate\":\"https:\\\/\\\/www.cetys.mx\\\/noticias\\\/?s={search_term_string}\"},\"query-input\":{\"@type\":\"PropertyValueSpecification\",\"valueRequired\":true,\"valueName\":\"search_term_string\"}}],\"inLanguage\":\"es\"},{\"@type\":\"Person\",\"@id\":\"https:\\\/\\\/www.cetys.mx\\\/noticias\\\/#\\\/schema\\\/person\\\/e790051ce60e18ae47cfa87011c8653f\",\"name\":\"Campus Tijuana\",\"url\":\"https:\\\/\\\/www.cetys.mx\\\/noticias\\\/author\\\/campustijuana\\\/\"}]}<\/script>\n<!-- \/ Yoast SEO plugin. -->","yoast_head_json":{"title":"CETYS, CONACYT e Industria juntos por el desarrollo tecnol\u00f3gico en BC - CETYS","description":"Articulo sobre CETYS, CONACYT e Industria juntos por el desarrollo tecnol\u00f3gico en BC","robots":{"index":"index","follow":"follow","max-snippet":"max-snippet:-1","max-image-preview":"max-image-preview:large","max-video-preview":"max-video-preview:-1"},"canonical":"https:\/\/www.cetys.mx\/noticias\/cetys-conacyt-e-industria-juntos-desarrollo-tecnologico-en-bc\/","og_locale":"es_MX","og_type":"article","og_title":"CETYS, CONACYT e Industria juntos por el desarrollo tecnol\u00f3gico en BC - CETYS","og_description":"Articulo sobre CETYS, CONACYT e Industria juntos por el desarrollo tecnol\u00f3gico en BC","og_url":"https:\/\/www.cetys.mx\/noticias\/cetys-conacyt-e-industria-juntos-desarrollo-tecnologico-en-bc\/","og_site_name":"CETYS","article_publisher":"https:\/\/www.facebook.com\/cetysuniversidadmxl\/","article_published_time":"2017-08-11T15:36:28+00:00","article_modified_time":"2017-08-11T16:27:11+00:00","og_image":[{"width":958,"height":637,"url":"https:\/\/www.cetys.mx\/noticias\/wp-content\/uploads\/2017\/08\/10-Convenio-CETYS-SMK.jpg","type":"image\/jpeg"}],"author":"Campus Tijuana","twitter_card":"summary_large_image","twitter_creator":"@cetysuni","twitter_site":"@cetysuni","twitter_misc":{"Escrito por":"Campus Tijuana","Tiempo de lectura":"2 minutos"},"schema":{"@context":"https:\/\/schema.org","@graph":[{"@type":"Article","@id":"https:\/\/www.cetys.mx\/noticias\/cetys-conacyt-e-industria-juntos-desarrollo-tecnologico-en-bc\/#article","isPartOf":{"@id":"https:\/\/www.cetys.mx\/noticias\/cetys-conacyt-e-industria-juntos-desarrollo-tecnologico-en-bc\/"},"author":{"name":"Campus Tijuana","@id":"https:\/\/www.cetys.mx\/noticias\/#\/schema\/person\/e790051ce60e18ae47cfa87011c8653f"},"headline":"CETYS, CONACYT e Industria juntos por el desarrollo tecnol\u00f3gico en BC","datePublished":"2017-08-11T15:36:28+00:00","dateModified":"2017-08-11T16:27:11+00:00","mainEntityOfPage":{"@id":"https:\/\/www.cetys.mx\/noticias\/cetys-conacyt-e-industria-juntos-desarrollo-tecnologico-en-bc\/"},"wordCount":474,"commentCount":0,"image":{"@id":"https:\/\/www.cetys.mx\/noticias\/cetys-conacyt-e-industria-juntos-desarrollo-tecnologico-en-bc\/#primaryimage"},"thumbnailUrl":"https:\/\/www.cetys.mx\/noticias\/wp-content\/uploads\/2017\/08\/10-Convenio-CETYS-SMK.jpg","keywords":["Alumnos","campustijuana","CETYS Universidad","Ciencia","Emprendimiento","Ingenier\u00eda","Innovaci\u00f3n","vocetys-2017-08-11"],"articleSection":["Campus Tijuana","Desarrollo y promoci\u00f3n","Posgrado","VoCETYS"],"inLanguage":"es","potentialAction":[{"@type":"CommentAction","name":"Comment","target":["https:\/\/www.cetys.mx\/noticias\/cetys-conacyt-e-industria-juntos-desarrollo-tecnologico-en-bc\/#respond"]}]},{"@type":"WebPage","@id":"https:\/\/www.cetys.mx\/noticias\/cetys-conacyt-e-industria-juntos-desarrollo-tecnologico-en-bc\/","url":"https:\/\/www.cetys.mx\/noticias\/cetys-conacyt-e-industria-juntos-desarrollo-tecnologico-en-bc\/","name":"CETYS, CONACYT e Industria juntos por el desarrollo tecnol\u00f3gico en BC - CETYS","isPartOf":{"@id":"https:\/\/www.cetys.mx\/noticias\/#website"},"primaryImageOfPage":{"@id":"https:\/\/www.cetys.mx\/noticias\/cetys-conacyt-e-industria-juntos-desarrollo-tecnologico-en-bc\/#primaryimage"},"image":{"@id":"https:\/\/www.cetys.mx\/noticias\/cetys-conacyt-e-industria-juntos-desarrollo-tecnologico-en-bc\/#primaryimage"},"thumbnailUrl":"https:\/\/www.cetys.mx\/noticias\/wp-content\/uploads\/2017\/08\/10-Convenio-CETYS-SMK.jpg","datePublished":"2017-08-11T15:36:28+00:00","dateModified":"2017-08-11T16:27:11+00:00","author":{"@id":"https:\/\/www.cetys.mx\/noticias\/#\/schema\/person\/e790051ce60e18ae47cfa87011c8653f"},"description":"Articulo sobre CETYS, CONACYT e Industria juntos por el desarrollo tecnol\u00f3gico en BC","breadcrumb":{"@id":"https:\/\/www.cetys.mx\/noticias\/cetys-conacyt-e-industria-juntos-desarrollo-tecnologico-en-bc\/#breadcrumb"},"inLanguage":"es","potentialAction":[{"@type":"ReadAction","target":["https:\/\/www.cetys.mx\/noticias\/cetys-conacyt-e-industria-juntos-desarrollo-tecnologico-en-bc\/"]}]},{"@type":"ImageObject","inLanguage":"es","@id":"https:\/\/www.cetys.mx\/noticias\/cetys-conacyt-e-industria-juntos-desarrollo-tecnologico-en-bc\/#primaryimage","url":"https:\/\/www.cetys.mx\/noticias\/wp-content\/uploads\/2017\/08\/10-Convenio-CETYS-SMK.jpg","contentUrl":"https:\/\/www.cetys.mx\/noticias\/wp-content\/uploads\/2017\/08\/10-Convenio-CETYS-SMK.jpg","width":958,"height":637,"caption":"SONY DSC"},{"@type":"BreadcrumbList","@id":"https:\/\/www.cetys.mx\/noticias\/cetys-conacyt-e-industria-juntos-desarrollo-tecnologico-en-bc\/#breadcrumb","itemListElement":[{"@type":"ListItem","position":1,"name":"Inicio","item":"https:\/\/www.cetys.mx\/noticias\/"},{"@type":"ListItem","position":2,"name":"CETYS, CONACYT e Industria juntos por el desarrollo tecnol\u00f3gico en BC"}]},{"@type":"WebSite","@id":"https:\/\/www.cetys.mx\/noticias\/#website","url":"https:\/\/www.cetys.mx\/noticias\/","name":"CETYS","description":"","potentialAction":[{"@type":"SearchAction","target":{"@type":"EntryPoint","urlTemplate":"https:\/\/www.cetys.mx\/noticias\/?s={search_term_string}"},"query-input":{"@type":"PropertyValueSpecification","valueRequired":true,"valueName":"search_term_string"}}],"inLanguage":"es"},{"@type":"Person","@id":"https:\/\/www.cetys.mx\/noticias\/#\/schema\/person\/e790051ce60e18ae47cfa87011c8653f","name":"Campus Tijuana","url":"https:\/\/www.cetys.mx\/noticias\/author\/campustijuana\/"}]}},"_links":{"self":[{"href":"https:\/\/www.cetys.mx\/noticias\/wp-json\/wp\/v2\/posts\/73663","targetHints":{"allow":["GET"]}}],"collection":[{"href":"https:\/\/www.cetys.mx\/noticias\/wp-json\/wp\/v2\/posts"}],"about":[{"href":"https:\/\/www.cetys.mx\/noticias\/wp-json\/wp\/v2\/types\/post"}],"author":[{"embeddable":true,"href":"https:\/\/www.cetys.mx\/noticias\/wp-json\/wp\/v2\/users\/24"}],"replies":[{"embeddable":true,"href":"https:\/\/www.cetys.mx\/noticias\/wp-json\/wp\/v2\/comments?post=73663"}],"version-history":[{"count":0,"href":"https:\/\/www.cetys.mx\/noticias\/wp-json\/wp\/v2\/posts\/73663\/revisions"}],"wp:featuredmedia":[{"embeddable":true,"href":"https:\/\/www.cetys.mx\/noticias\/wp-json\/wp\/v2\/media\/73666"}],"wp:attachment":[{"href":"https:\/\/www.cetys.mx\/noticias\/wp-json\/wp\/v2\/media?parent=73663"}],"wp:term":[{"taxonomy":"category","embeddable":true,"href":"https:\/\/www.cetys.mx\/noticias\/wp-json\/wp\/v2\/categories?post=73663"},{"taxonomy":"post_tag","embeddable":true,"href":"https:\/\/www.cetys.mx\/noticias\/wp-json\/wp\/v2\/tags?post=73663"}],"curies":[{"name":"wp","href":"https:\/\/api.w.org\/{rel}","templated":true}]}}