{"id":73631,"date":"2017-08-09T17:03:52","date_gmt":"2017-08-10T00:03:52","guid":{"rendered":"http:\/\/www.cetys.mx\/noticias\/?p=73631"},"modified":"2017-08-11T09:32:14","modified_gmt":"2017-08-11T16:32:14","slug":"estudiantes-de-posgrado-cetys-cursan-programa-de-verano-en-europa","status":"publish","type":"post","link":"https:\/\/www.cetys.mx\/noticias\/estudiantes-de-posgrado-cetys-cursan-programa-de-verano-en-europa\/","title":{"rendered":"Estudiantes de posgrado CETYS cursan programa de verano en Europa"},"content":{"rendered":"<p>La Universidad de Salamanca y la Universidad de Coimbra, en Espa\u00f1a, recibieron a un total de 31 estudiantes de <a href=\"https:\/\/www.cetys.mx\/oferta-educativa\/posgrado\/maestria-en-educacion\/\">Maestr\u00eda en Educaci\u00f3n<\/a>, pertenecientes a los tres campus, cursaron el <strong>programa de verano<\/strong> <strong>\u201cNeurociencia en Educaci\u00f3n\u201d.<\/strong><\/p>\n<p>El\u00a0curso tuvo como objetivo <strong>presentar a los maestrantes las \u00faltimas investigaciones y saberes del estudio del cerebro<\/strong>, enfocados en la forma en que estos influyen o pueden favorecer la facilitaci\u00f3n de los diversos procesos de aprendizaje.<\/p>\n<div id=\"attachment_73653\" style=\"width: 968px\" class=\"wp-caption aligncenter\"><a href=\"https:\/\/www.cetys.mx\/noticias\/wp-content\/uploads\/2017\/08\/cetys_medespana2.jpg\"><img loading=\"lazy\" decoding=\"async\" aria-describedby=\"caption-attachment-73653\" class=\"wp-image-73653\" src=\"https:\/\/www.cetys.mx\/noticias\/wp-content\/uploads\/2017\/08\/cetys_medespana2.jpg\" alt=\"cetys_medespana2\" width=\"958\" height=\"338\" \/><\/a><p id=\"caption-attachment-73653\" class=\"wp-caption-text\">Interesados se mostraron los bajacalifornianos que viajaron a Espa\u00f1a para vivir curso de verano.<\/p><\/div>\n<blockquote><p>\u201cEste tipo de viajes nos permite incluir en la experiencia estudiantil de nuestro alumnado temas actuales y con una visi\u00f3n totalmente diferente, conocimientos que son novedad y de sumo inter\u00e9s para ellos, por lo que buscamos formas de acercarlos, que los adquieran y los apliquen en sus diversos contextos\u201d, a\u00f1adi\u00f3 el Dr. Jos\u00e9 Luis Bonilla Esquivel, Coordinador Acad\u00e9mico de la Maestr\u00eda y Doctorado en Educaci\u00f3n.<\/p><\/blockquote>\n<p>Para <strong>Adriana Berumen<\/strong>,<em> alumna del Campus Tijuana<\/em>, la relevancia de este curso radica en que les ayud\u00f3 a comprender que el aprendizaje no es s\u00f3lo un proceso psicol\u00f3gico, sino tambi\u00e9n biol\u00f3gico y social. <em>\u201cNos permiti\u00f3 reflexionar sobre la labor realizada en el sal\u00f3n de clases y adquirir consciencia sobre c\u00f3mo esta puede potenciar o inhibir la disposici\u00f3n del alumno frente al aprendizaje\u201d<\/em>, se\u00f1al\u00f3.<\/p>\n<p>Por su parte la estudiante ensenadense, <strong>Mara Aglae Chequer Badillo<\/strong>, comparti\u00f3 que una de las ponencias que m\u00e1s llam\u00f3 su atenci\u00f3n fue \u201cFundamentos de la Neurociencia\u201d, que estuvo a cargo del Dr. Ricardo G\u00f3mez Nieto, donde<em> pudieron conocer el desarrollo de los estudios desde el nivel molecular, celular, neuronal, conductual y cognitivo con el prop\u00f3sito de estar al tanto de la variedad de t\u00f3picos que esta nueva ciencia alcanza<\/em>.<\/p>\n<div id=\"attachment_73654\" style=\"width: 968px\" class=\"wp-caption aligncenter\"><a href=\"https:\/\/www.cetys.mx\/noticias\/wp-content\/uploads\/2017\/08\/cetys_medespana3.jpg\"><img loading=\"lazy\" decoding=\"async\" aria-describedby=\"caption-attachment-73654\" class=\"wp-image-73654\" src=\"https:\/\/www.cetys.mx\/noticias\/wp-content\/uploads\/2017\/08\/cetys_medespana3.jpg\" alt=\"cetys_medespana3\" width=\"958\" height=\"816\" \/><\/a><p id=\"caption-attachment-73654\" class=\"wp-caption-text\">Parte de los esfuerzos de CETYS Universidad, es la apertura de oportunidades de internacionalizaci\u00f3n para la comunidad educativa.<\/p><\/div>\n<p>Por otro lado, el acad\u00e9mico de CETYS Universidad mencion\u00f3 que a la par de los viajes y estancias en el extranjero, <strong>la instituci\u00f3n tambi\u00e9n se ha empe\u00f1ado en contar con la visita de acad\u00e9micos visitantes para los pr\u00f3ximos meses<\/strong>; como lo es el Dr. Eduardo Romero, de la Universidad de Murcia, y el Dr. Joaqu\u00edn Gar\u00edn, adscrito a la Universidad de Alcal\u00e1, quienes abordar\u00e1n los temas de educaci\u00f3n y valores, as\u00ed como gesti\u00f3n educativa, respectivamente.<\/p>\n<p>En este sentido, es importante mencionar que, <a href=\"https:\/\/www.cetys.mx\/noticias\/asi-se-viven-las-graduaciones-cetys-2017\/\">durante la \u00faltima ceremonia de egreso el 53% de la generaci\u00f3n a nivel sistema logr\u00f3 vivir una experiencia acad\u00e9mica en el extranjero<\/a>; siendo pa\u00edses como Espa\u00f1a, Inglaterra, Austria, Alemania, Italia, Estados Unidos, Canad\u00e1, Chile, Colombia y Corea del Sur, logrando que la oferta de programas internacionales de CETYS Universidad sea la m\u00e1s amplia y s\u00f3lida en la regi\u00f3n.<\/p>\n","protected":false},"excerpt":{"rendered":"<p>La Universidad de Salamanca y la Universidad de Coimbra, en Espa\u00f1a, recibieron a un total de 31 estudiantes de Maestr\u00eda en Educaci\u00f3n,&#8230;<\/p>\n","protected":false},"author":26,"featured_media":73632,"comment_status":"open","ping_status":"open","sticky":false,"template":"","format":"standard","meta":{"footnotes":""},"categories":[209,108,313],"tags":[285,138,168,430,178,216,1609],"class_list":["post-73631","post","type-post","status-publish","format-standard","has-post-thumbnail","hentry","category-institucional","category-internacionales","category-vocetys-2","tag-alumnos","tag-cetys","tag-cetys-universidad","tag-educacion","tag-investigacion","tag-posgrado","tag-vocetys-2017-08-11"],"yoast_head":"<!-- This site is optimized with the Yoast SEO plugin v27.4 - https:\/\/yoast.com\/product\/yoast-seo-wordpress\/ -->\n<title>Estudiantes de posgrado CETYS cursan programa de verano en Europa - CETYS<\/title>\n<meta name=\"description\" content=\"El curso tuvo como objetivo presentar a los maestrantes las \u00faltimas investigaciones y saberes del estudio del cerebro\" \/>\n<meta name=\"robots\" content=\"index, follow, max-snippet:-1, max-image-preview:large, max-video-preview:-1\" \/>\n<link rel=\"canonical\" href=\"https:\/\/www.cetys.mx\/noticias\/estudiantes-de-posgrado-cetys-cursan-programa-de-verano-en-europa\/\" \/>\n<meta property=\"og:locale\" content=\"es_MX\" \/>\n<meta property=\"og:type\" content=\"article\" \/>\n<meta property=\"og:title\" content=\"Estudiantes de posgrado CETYS cursan programa de verano en Europa - CETYS\" \/>\n<meta property=\"og:description\" content=\"El curso tuvo como objetivo presentar a los maestrantes las \u00faltimas investigaciones y saberes del estudio del cerebro\" \/>\n<meta property=\"og:url\" content=\"https:\/\/www.cetys.mx\/noticias\/estudiantes-de-posgrado-cetys-cursan-programa-de-verano-en-europa\/\" \/>\n<meta property=\"og:site_name\" content=\"CETYS\" \/>\n<meta property=\"article:publisher\" content=\"https:\/\/www.facebook.com\/cetysuniversidadmxl\/\" \/>\n<meta property=\"article:published_time\" content=\"2017-08-10T00:03:52+00:00\" \/>\n<meta property=\"article:modified_time\" content=\"2017-08-11T16:32:14+00:00\" \/>\n<meta property=\"og:image\" content=\"https:\/\/www.cetys.mx\/noticias\/wp-content\/uploads\/2017\/08\/med.jpg\" \/>\n\t<meta property=\"og:image:width\" content=\"958\" \/>\n\t<meta property=\"og:image:height\" content=\"637\" \/>\n\t<meta property=\"og:image:type\" content=\"image\/jpeg\" \/>\n<meta name=\"author\" content=\"CETYS Institucional\" \/>\n<meta name=\"twitter:card\" content=\"summary_large_image\" \/>\n<meta name=\"twitter:creator\" content=\"@cetysuni\" \/>\n<meta name=\"twitter:site\" content=\"@cetysuni\" \/>\n<meta name=\"twitter:label1\" content=\"Escrito por\" \/>\n\t<meta name=\"twitter:data1\" content=\"CETYS Institucional\" \/>\n\t<meta name=\"twitter:label2\" content=\"Tiempo de lectura\" \/>\n\t<meta name=\"twitter:data2\" content=\"2 minutos\" \/>\n<script type=\"application\/ld+json\" class=\"yoast-schema-graph\">{\"@context\":\"https:\\\/\\\/schema.org\",\"@graph\":[{\"@type\":\"Article\",\"@id\":\"https:\\\/\\\/www.cetys.mx\\\/noticias\\\/estudiantes-de-posgrado-cetys-cursan-programa-de-verano-en-europa\\\/#article\",\"isPartOf\":{\"@id\":\"https:\\\/\\\/www.cetys.mx\\\/noticias\\\/estudiantes-de-posgrado-cetys-cursan-programa-de-verano-en-europa\\\/\"},\"author\":{\"name\":\"CETYS Institucional\",\"@id\":\"https:\\\/\\\/www.cetys.mx\\\/noticias\\\/#\\\/schema\\\/person\\\/e9d2b35265b64aa454df57a2828eb2ac\"},\"headline\":\"Estudiantes de posgrado CETYS cursan programa de verano en Europa\",\"datePublished\":\"2017-08-10T00:03:52+00:00\",\"dateModified\":\"2017-08-11T16:32:14+00:00\",\"mainEntityOfPage\":{\"@id\":\"https:\\\/\\\/www.cetys.mx\\\/noticias\\\/estudiantes-de-posgrado-cetys-cursan-programa-de-verano-en-europa\\\/\"},\"wordCount\":507,\"commentCount\":0,\"image\":{\"@id\":\"https:\\\/\\\/www.cetys.mx\\\/noticias\\\/estudiantes-de-posgrado-cetys-cursan-programa-de-verano-en-europa\\\/#primaryimage\"},\"thumbnailUrl\":\"https:\\\/\\\/www.cetys.mx\\\/noticias\\\/wp-content\\\/uploads\\\/2017\\\/08\\\/med.jpg\",\"keywords\":[\"Alumnos\",\"Cetys\",\"CETYS Universidad\",\"Educaci\u00f3n\",\"investigaci\u00f3n\",\"posgrado\",\"vocetys-2017-08-11\"],\"articleSection\":[\"Institucional\",\"Internacionales\",\"VoCETYS\"],\"inLanguage\":\"es\",\"potentialAction\":[{\"@type\":\"CommentAction\",\"name\":\"Comment\",\"target\":[\"https:\\\/\\\/www.cetys.mx\\\/noticias\\\/estudiantes-de-posgrado-cetys-cursan-programa-de-verano-en-europa\\\/#respond\"]}]},{\"@type\":\"WebPage\",\"@id\":\"https:\\\/\\\/www.cetys.mx\\\/noticias\\\/estudiantes-de-posgrado-cetys-cursan-programa-de-verano-en-europa\\\/\",\"url\":\"https:\\\/\\\/www.cetys.mx\\\/noticias\\\/estudiantes-de-posgrado-cetys-cursan-programa-de-verano-en-europa\\\/\",\"name\":\"Estudiantes de posgrado CETYS cursan programa de verano en Europa - CETYS\",\"isPartOf\":{\"@id\":\"https:\\\/\\\/www.cetys.mx\\\/noticias\\\/#website\"},\"primaryImageOfPage\":{\"@id\":\"https:\\\/\\\/www.cetys.mx\\\/noticias\\\/estudiantes-de-posgrado-cetys-cursan-programa-de-verano-en-europa\\\/#primaryimage\"},\"image\":{\"@id\":\"https:\\\/\\\/www.cetys.mx\\\/noticias\\\/estudiantes-de-posgrado-cetys-cursan-programa-de-verano-en-europa\\\/#primaryimage\"},\"thumbnailUrl\":\"https:\\\/\\\/www.cetys.mx\\\/noticias\\\/wp-content\\\/uploads\\\/2017\\\/08\\\/med.jpg\",\"datePublished\":\"2017-08-10T00:03:52+00:00\",\"dateModified\":\"2017-08-11T16:32:14+00:00\",\"author\":{\"@id\":\"https:\\\/\\\/www.cetys.mx\\\/noticias\\\/#\\\/schema\\\/person\\\/e9d2b35265b64aa454df57a2828eb2ac\"},\"description\":\"El curso tuvo como objetivo presentar a los maestrantes las \u00faltimas investigaciones y saberes del estudio del cerebro\",\"breadcrumb\":{\"@id\":\"https:\\\/\\\/www.cetys.mx\\\/noticias\\\/estudiantes-de-posgrado-cetys-cursan-programa-de-verano-en-europa\\\/#breadcrumb\"},\"inLanguage\":\"es\",\"potentialAction\":[{\"@type\":\"ReadAction\",\"target\":[\"https:\\\/\\\/www.cetys.mx\\\/noticias\\\/estudiantes-de-posgrado-cetys-cursan-programa-de-verano-en-europa\\\/\"]}]},{\"@type\":\"ImageObject\",\"inLanguage\":\"es\",\"@id\":\"https:\\\/\\\/www.cetys.mx\\\/noticias\\\/estudiantes-de-posgrado-cetys-cursan-programa-de-verano-en-europa\\\/#primaryimage\",\"url\":\"https:\\\/\\\/www.cetys.mx\\\/noticias\\\/wp-content\\\/uploads\\\/2017\\\/08\\\/med.jpg\",\"contentUrl\":\"https:\\\/\\\/www.cetys.mx\\\/noticias\\\/wp-content\\\/uploads\\\/2017\\\/08\\\/med.jpg\",\"width\":958,\"height\":637},{\"@type\":\"BreadcrumbList\",\"@id\":\"https:\\\/\\\/www.cetys.mx\\\/noticias\\\/estudiantes-de-posgrado-cetys-cursan-programa-de-verano-en-europa\\\/#breadcrumb\",\"itemListElement\":[{\"@type\":\"ListItem\",\"position\":1,\"name\":\"Inicio\",\"item\":\"https:\\\/\\\/www.cetys.mx\\\/noticias\\\/\"},{\"@type\":\"ListItem\",\"position\":2,\"name\":\"Estudiantes de posgrado CETYS cursan programa de verano en Europa\"}]},{\"@type\":\"WebSite\",\"@id\":\"https:\\\/\\\/www.cetys.mx\\\/noticias\\\/#website\",\"url\":\"https:\\\/\\\/www.cetys.mx\\\/noticias\\\/\",\"name\":\"CETYS\",\"description\":\"\",\"potentialAction\":[{\"@type\":\"SearchAction\",\"target\":{\"@type\":\"EntryPoint\",\"urlTemplate\":\"https:\\\/\\\/www.cetys.mx\\\/noticias\\\/?s={search_term_string}\"},\"query-input\":{\"@type\":\"PropertyValueSpecification\",\"valueRequired\":true,\"valueName\":\"search_term_string\"}}],\"inLanguage\":\"es\"},{\"@type\":\"Person\",\"@id\":\"https:\\\/\\\/www.cetys.mx\\\/noticias\\\/#\\\/schema\\\/person\\\/e9d2b35265b64aa454df57a2828eb2ac\",\"name\":\"CETYS Institucional\",\"url\":\"https:\\\/\\\/www.cetys.mx\\\/noticias\\\/author\\\/cetysinstitucional\\\/\"}]}<\/script>\n<!-- \/ Yoast SEO plugin. -->","yoast_head_json":{"title":"Estudiantes de posgrado CETYS cursan programa de verano en Europa - CETYS","description":"El curso tuvo como objetivo presentar a los maestrantes las \u00faltimas investigaciones y saberes del estudio del cerebro","robots":{"index":"index","follow":"follow","max-snippet":"max-snippet:-1","max-image-preview":"max-image-preview:large","max-video-preview":"max-video-preview:-1"},"canonical":"https:\/\/www.cetys.mx\/noticias\/estudiantes-de-posgrado-cetys-cursan-programa-de-verano-en-europa\/","og_locale":"es_MX","og_type":"article","og_title":"Estudiantes de posgrado CETYS cursan programa de verano en Europa - CETYS","og_description":"El curso tuvo como objetivo presentar a los maestrantes las \u00faltimas investigaciones y saberes del estudio del cerebro","og_url":"https:\/\/www.cetys.mx\/noticias\/estudiantes-de-posgrado-cetys-cursan-programa-de-verano-en-europa\/","og_site_name":"CETYS","article_publisher":"https:\/\/www.facebook.com\/cetysuniversidadmxl\/","article_published_time":"2017-08-10T00:03:52+00:00","article_modified_time":"2017-08-11T16:32:14+00:00","og_image":[{"width":958,"height":637,"url":"https:\/\/www.cetys.mx\/noticias\/wp-content\/uploads\/2017\/08\/med.jpg","type":"image\/jpeg"}],"author":"CETYS Institucional","twitter_card":"summary_large_image","twitter_creator":"@cetysuni","twitter_site":"@cetysuni","twitter_misc":{"Escrito por":"CETYS Institucional","Tiempo de lectura":"2 minutos"},"schema":{"@context":"https:\/\/schema.org","@graph":[{"@type":"Article","@id":"https:\/\/www.cetys.mx\/noticias\/estudiantes-de-posgrado-cetys-cursan-programa-de-verano-en-europa\/#article","isPartOf":{"@id":"https:\/\/www.cetys.mx\/noticias\/estudiantes-de-posgrado-cetys-cursan-programa-de-verano-en-europa\/"},"author":{"name":"CETYS Institucional","@id":"https:\/\/www.cetys.mx\/noticias\/#\/schema\/person\/e9d2b35265b64aa454df57a2828eb2ac"},"headline":"Estudiantes de posgrado CETYS cursan programa de verano en Europa","datePublished":"2017-08-10T00:03:52+00:00","dateModified":"2017-08-11T16:32:14+00:00","mainEntityOfPage":{"@id":"https:\/\/www.cetys.mx\/noticias\/estudiantes-de-posgrado-cetys-cursan-programa-de-verano-en-europa\/"},"wordCount":507,"commentCount":0,"image":{"@id":"https:\/\/www.cetys.mx\/noticias\/estudiantes-de-posgrado-cetys-cursan-programa-de-verano-en-europa\/#primaryimage"},"thumbnailUrl":"https:\/\/www.cetys.mx\/noticias\/wp-content\/uploads\/2017\/08\/med.jpg","keywords":["Alumnos","Cetys","CETYS Universidad","Educaci\u00f3n","investigaci\u00f3n","posgrado","vocetys-2017-08-11"],"articleSection":["Institucional","Internacionales","VoCETYS"],"inLanguage":"es","potentialAction":[{"@type":"CommentAction","name":"Comment","target":["https:\/\/www.cetys.mx\/noticias\/estudiantes-de-posgrado-cetys-cursan-programa-de-verano-en-europa\/#respond"]}]},{"@type":"WebPage","@id":"https:\/\/www.cetys.mx\/noticias\/estudiantes-de-posgrado-cetys-cursan-programa-de-verano-en-europa\/","url":"https:\/\/www.cetys.mx\/noticias\/estudiantes-de-posgrado-cetys-cursan-programa-de-verano-en-europa\/","name":"Estudiantes de posgrado CETYS cursan programa de verano en Europa - CETYS","isPartOf":{"@id":"https:\/\/www.cetys.mx\/noticias\/#website"},"primaryImageOfPage":{"@id":"https:\/\/www.cetys.mx\/noticias\/estudiantes-de-posgrado-cetys-cursan-programa-de-verano-en-europa\/#primaryimage"},"image":{"@id":"https:\/\/www.cetys.mx\/noticias\/estudiantes-de-posgrado-cetys-cursan-programa-de-verano-en-europa\/#primaryimage"},"thumbnailUrl":"https:\/\/www.cetys.mx\/noticias\/wp-content\/uploads\/2017\/08\/med.jpg","datePublished":"2017-08-10T00:03:52+00:00","dateModified":"2017-08-11T16:32:14+00:00","author":{"@id":"https:\/\/www.cetys.mx\/noticias\/#\/schema\/person\/e9d2b35265b64aa454df57a2828eb2ac"},"description":"El curso tuvo como objetivo presentar a los maestrantes las \u00faltimas investigaciones y saberes del estudio del cerebro","breadcrumb":{"@id":"https:\/\/www.cetys.mx\/noticias\/estudiantes-de-posgrado-cetys-cursan-programa-de-verano-en-europa\/#breadcrumb"},"inLanguage":"es","potentialAction":[{"@type":"ReadAction","target":["https:\/\/www.cetys.mx\/noticias\/estudiantes-de-posgrado-cetys-cursan-programa-de-verano-en-europa\/"]}]},{"@type":"ImageObject","inLanguage":"es","@id":"https:\/\/www.cetys.mx\/noticias\/estudiantes-de-posgrado-cetys-cursan-programa-de-verano-en-europa\/#primaryimage","url":"https:\/\/www.cetys.mx\/noticias\/wp-content\/uploads\/2017\/08\/med.jpg","contentUrl":"https:\/\/www.cetys.mx\/noticias\/wp-content\/uploads\/2017\/08\/med.jpg","width":958,"height":637},{"@type":"BreadcrumbList","@id":"https:\/\/www.cetys.mx\/noticias\/estudiantes-de-posgrado-cetys-cursan-programa-de-verano-en-europa\/#breadcrumb","itemListElement":[{"@type":"ListItem","position":1,"name":"Inicio","item":"https:\/\/www.cetys.mx\/noticias\/"},{"@type":"ListItem","position":2,"name":"Estudiantes de posgrado CETYS cursan programa de verano en Europa"}]},{"@type":"WebSite","@id":"https:\/\/www.cetys.mx\/noticias\/#website","url":"https:\/\/www.cetys.mx\/noticias\/","name":"CETYS","description":"","potentialAction":[{"@type":"SearchAction","target":{"@type":"EntryPoint","urlTemplate":"https:\/\/www.cetys.mx\/noticias\/?s={search_term_string}"},"query-input":{"@type":"PropertyValueSpecification","valueRequired":true,"valueName":"search_term_string"}}],"inLanguage":"es"},{"@type":"Person","@id":"https:\/\/www.cetys.mx\/noticias\/#\/schema\/person\/e9d2b35265b64aa454df57a2828eb2ac","name":"CETYS Institucional","url":"https:\/\/www.cetys.mx\/noticias\/author\/cetysinstitucional\/"}]}},"_links":{"self":[{"href":"https:\/\/www.cetys.mx\/noticias\/wp-json\/wp\/v2\/posts\/73631","targetHints":{"allow":["GET"]}}],"collection":[{"href":"https:\/\/www.cetys.mx\/noticias\/wp-json\/wp\/v2\/posts"}],"about":[{"href":"https:\/\/www.cetys.mx\/noticias\/wp-json\/wp\/v2\/types\/post"}],"author":[{"embeddable":true,"href":"https:\/\/www.cetys.mx\/noticias\/wp-json\/wp\/v2\/users\/26"}],"replies":[{"embeddable":true,"href":"https:\/\/www.cetys.mx\/noticias\/wp-json\/wp\/v2\/comments?post=73631"}],"version-history":[{"count":0,"href":"https:\/\/www.cetys.mx\/noticias\/wp-json\/wp\/v2\/posts\/73631\/revisions"}],"wp:featuredmedia":[{"embeddable":true,"href":"https:\/\/www.cetys.mx\/noticias\/wp-json\/wp\/v2\/media\/73632"}],"wp:attachment":[{"href":"https:\/\/www.cetys.mx\/noticias\/wp-json\/wp\/v2\/media?parent=73631"}],"wp:term":[{"taxonomy":"category","embeddable":true,"href":"https:\/\/www.cetys.mx\/noticias\/wp-json\/wp\/v2\/categories?post=73631"},{"taxonomy":"post_tag","embeddable":true,"href":"https:\/\/www.cetys.mx\/noticias\/wp-json\/wp\/v2\/tags?post=73631"}],"curies":[{"name":"wp","href":"https:\/\/api.w.org\/{rel}","templated":true}]}}