{"id":73594,"date":"2017-08-07T16:31:34","date_gmt":"2017-08-07T23:31:34","guid":{"rendered":"http:\/\/www.cetys.mx\/noticias\/?p=73594"},"modified":"2017-08-08T18:32:28","modified_gmt":"2017-08-09T01:32:28","slug":"paulina-vargas-la-internacionalizacion-en-los-docentes-clave","status":"publish","type":"post","link":"https:\/\/www.cetys.mx\/noticias\/paulina-vargas-la-internacionalizacion-en-los-docentes-clave\/","title":{"rendered":"Paulina Vargas: La Internacionalizaci\u00f3n en los docentes es clave"},"content":{"rendered":"<p style=\"text-align: justify;\">En CETYS se motiva e impulsa a su alumnado a ir m\u00e1s all\u00e1 de las fronteras que se conocen y salir a otras ciudades o naciones con el fin de ampliar la perspectiva del mundo, sin embargo, estas oportunidades tambi\u00e9n surgen para el profesorado, tal es el caso de la Mtra. Paulina Vargas docente investigadora en el Campus Mexicali, quien hace unos meses viaj\u00f3 hasta Austria para presentar una ponencia en el marco del congreso de Negocios y el Coloquio Doctoral de\u00a0ACACIA \u00a0la Universidad de Austria.<\/p>\n<p>A continuaci\u00f3n te invitamos a leer la entrevista que la maestra le otorg\u00f3 a \u00a0<em>VoCETYS:<\/em><\/p>\n<p><strong>Mtra. Vargas com\u00e9ntenos de su experiencia, \u00bfen que consisti\u00f3 su participaci\u00f3n?:\u00a0<\/strong><\/p>\n<p>Fue un viaje memorable, desde los paisajes que v\u00ed, hasta las personas con las que tuve la oportunidad de convivir, durante una semana represent\u00e9 a CETYS en aquel pa\u00eds como parte del Congreso de Negocios y el Coloquio Doctoral de\u00a0ACACIA, donde present\u00e9 una ponencia como parte del Cap\u00edtulo de Emprendimiento e Innovaci\u00f3n, denominada:\u00a0Innovaci\u00f3n social y sostenibilidad, factores clave en los emprendimientos sociales.<\/p>\n<p><strong>Nos puede explicar \u00bfde qu\u00e9 trat\u00f3 la ponencia?:<\/strong> Est\u00e1 basada en los avances de mi investigaci\u00f3n sobre el tema de la innovaci\u00f3n social y sostenibilidad \u00a0en emprendimiento social.<\/p>\n<p style=\"text-align: justify;\">Es decir, en esta \u00e9poca celebrada como la del conocimiento, perteneciente a una sociedad que se distingue por su capacidad de trabajar en entornos globalizados adem\u00e1s de mercados din\u00e1micos y competitivos, se presentan grandes desaf\u00edos en la necesidad de soluciones creativas y creativas para las crecientes necesidades y problem\u00e1ticas latentes que se encuentran en varias comunidades exhibidas por este nuevo contexto. Aqu\u00ed, la innovaci\u00f3n y la sostenibilidad dan cabida a una nueva \u00e1rea de oportunidades para la creaci\u00f3n de productos y servicios que permitan satisfacer dichas necesidades mediante la realizaci\u00f3n de productos basados \u200b\u200ben la innovaci\u00f3n social.<\/p>\n<p style=\"text-align: justify;\">Estos proyectos surgen de emprendedores sociales, bien conocidos por sus objetivos sociales y un modelo de negocio que ofrece soluciones permanentes a las problem\u00e1ticas anteriormente mencionadas, a la vez que asegura beneficios socioecon\u00f3micos.<\/p>\n<p style=\"text-align: justify;\">Adem\u00e1s, estos empresarios deben mantener un equilibrio entre los aspectos financieros, la conciencia ambiental, la administraci\u00f3n tecnol\u00f3gica apropiada y la educaci\u00f3n, para ofrecer una mejor calidad de vida; de esta manera, la vinculaci\u00f3n del conocimiento, la innovaci\u00f3n y el desarrollo sostenible se centra en atender las necesidades de la poblaci\u00f3n.<\/p>\n<p style=\"text-align: justify;\"><strong>\u00bfPor qu\u00e9 considera usted que los profesores deben vivir estas experiencias internacionales?<\/strong><\/p>\n<p style=\"text-align: justify;\">Creo que es clave para el desarrollo de los profesionistas, compartir con otros colegas afines a ti en el mundo, te abre las puertas a nuevos retos y conocimientos, por ejemplo en el Congreso conviv\u00ed con personas de B\u00e9lgica, Holanda, Estados Unidos, Taiw\u00e1n, Alemania, Austria, Polonia por mencionar algunos, y fue curioso como los problemas que estamos estudiando desde la perspectiva de M\u00e9xico, pueden ser similares en ciertos aspectos a las de otras latitudes.<\/p>\n<p style=\"text-align: justify;\">Adem\u00e1s, es una manera de motivar a tus alumnos a que ellos tambi\u00e9n lo vivan, ya que es una forma de crecer acad\u00e9mica, personal y mentalmente.<\/p>\n","protected":false},"excerpt":{"rendered":"<p>En CETYS se motiva e impulsa a su alumnado a ir m\u00e1s all\u00e1 de las fronteras que se conocen y salir a&#8230;<\/p>\n","protected":false},"author":20,"featured_media":73613,"comment_status":"open","ping_status":"open","sticky":false,"template":"","format":"standard","meta":{"footnotes":""},"categories":[133,311,125,306,946,313],"tags":[1600],"class_list":["post-73594","post","type-post","status-publish","format-standard","has-post-thumbnail","hentry","category-campus-mexicali","category-p-emprendedor","category-portada","category-profesional","category-promocion-academica","category-vocetys-2","tag-vocetys-2017-08-08"],"yoast_head":"<!-- This site is optimized with the Yoast SEO plugin v27.4 - https:\/\/yoast.com\/product\/yoast-seo-wordpress\/ -->\n<title>Paulina Vargas: La Internacionalizaci\u00f3n en los docentes es clave - CETYS<\/title>\n<meta name=\"description\" content=\"Articulo sobre Paulina Vargas: La Internacionalizaci\u00f3n en los docentes es clave\" \/>\n<meta name=\"robots\" content=\"index, follow, max-snippet:-1, max-image-preview:large, max-video-preview:-1\" \/>\n<link rel=\"canonical\" href=\"https:\/\/www.cetys.mx\/noticias\/paulina-vargas-la-internacionalizacion-en-los-docentes-clave\/\" \/>\n<meta property=\"og:locale\" content=\"es_MX\" \/>\n<meta property=\"og:type\" content=\"article\" \/>\n<meta property=\"og:title\" content=\"Paulina Vargas: La Internacionalizaci\u00f3n en los docentes es clave - CETYS\" \/>\n<meta property=\"og:description\" content=\"Articulo sobre Paulina Vargas: La Internacionalizaci\u00f3n en los docentes es clave\" \/>\n<meta property=\"og:url\" content=\"https:\/\/www.cetys.mx\/noticias\/paulina-vargas-la-internacionalizacion-en-los-docentes-clave\/\" \/>\n<meta property=\"og:site_name\" content=\"CETYS\" \/>\n<meta property=\"article:publisher\" content=\"https:\/\/www.facebook.com\/cetysuniversidadmxl\/\" \/>\n<meta property=\"article:published_time\" content=\"2017-08-07T23:31:34+00:00\" \/>\n<meta property=\"article:modified_time\" content=\"2017-08-09T01:32:28+00:00\" \/>\n<meta property=\"og:image\" content=\"https:\/\/www.cetys.mx\/noticias\/wp-content\/uploads\/2017\/08\/paulina.jpg\" \/>\n\t<meta property=\"og:image:width\" content=\"3187\" \/>\n\t<meta property=\"og:image:height\" content=\"2119\" \/>\n\t<meta property=\"og:image:type\" content=\"image\/jpeg\" \/>\n<meta name=\"author\" content=\"Campus Mexicali\" \/>\n<meta name=\"twitter:card\" content=\"summary_large_image\" \/>\n<meta name=\"twitter:creator\" content=\"@cetysuni\" \/>\n<meta name=\"twitter:site\" content=\"@cetysuni\" \/>\n<meta name=\"twitter:label1\" content=\"Escrito por\" \/>\n\t<meta name=\"twitter:data1\" content=\"Campus Mexicali\" \/>\n\t<meta name=\"twitter:label2\" content=\"Tiempo de lectura\" \/>\n\t<meta name=\"twitter:data2\" content=\"3 minutos\" \/>\n<script type=\"application\/ld+json\" class=\"yoast-schema-graph\">{\"@context\":\"https:\\\/\\\/schema.org\",\"@graph\":[{\"@type\":\"Article\",\"@id\":\"https:\\\/\\\/www.cetys.mx\\\/noticias\\\/paulina-vargas-la-internacionalizacion-en-los-docentes-clave\\\/#article\",\"isPartOf\":{\"@id\":\"https:\\\/\\\/www.cetys.mx\\\/noticias\\\/paulina-vargas-la-internacionalizacion-en-los-docentes-clave\\\/\"},\"author\":{\"name\":\"Campus Mexicali\",\"@id\":\"https:\\\/\\\/www.cetys.mx\\\/noticias\\\/#\\\/schema\\\/person\\\/79a95c4ac185f3705cf1b9c9340a5f70\"},\"headline\":\"Paulina Vargas: La Internacionalizaci\u00f3n en los docentes es clave\",\"datePublished\":\"2017-08-07T23:31:34+00:00\",\"dateModified\":\"2017-08-09T01:32:28+00:00\",\"mainEntityOfPage\":{\"@id\":\"https:\\\/\\\/www.cetys.mx\\\/noticias\\\/paulina-vargas-la-internacionalizacion-en-los-docentes-clave\\\/\"},\"wordCount\":541,\"commentCount\":0,\"image\":{\"@id\":\"https:\\\/\\\/www.cetys.mx\\\/noticias\\\/paulina-vargas-la-internacionalizacion-en-los-docentes-clave\\\/#primaryimage\"},\"thumbnailUrl\":\"https:\\\/\\\/www.cetys.mx\\\/noticias\\\/wp-content\\\/uploads\\\/2017\\\/08\\\/paulina.jpg\",\"keywords\":[\"vocetys-2017-08-08\"],\"articleSection\":[\"Campus Mexicali\",\"P. Emprendedor\",\"Portada\",\"Profesional\",\"Promoci\u00f3n Acad\u00e9mica\",\"VoCETYS\"],\"inLanguage\":\"es\",\"potentialAction\":[{\"@type\":\"CommentAction\",\"name\":\"Comment\",\"target\":[\"https:\\\/\\\/www.cetys.mx\\\/noticias\\\/paulina-vargas-la-internacionalizacion-en-los-docentes-clave\\\/#respond\"]}]},{\"@type\":\"WebPage\",\"@id\":\"https:\\\/\\\/www.cetys.mx\\\/noticias\\\/paulina-vargas-la-internacionalizacion-en-los-docentes-clave\\\/\",\"url\":\"https:\\\/\\\/www.cetys.mx\\\/noticias\\\/paulina-vargas-la-internacionalizacion-en-los-docentes-clave\\\/\",\"name\":\"Paulina Vargas: La Internacionalizaci\u00f3n en los docentes es clave - CETYS\",\"isPartOf\":{\"@id\":\"https:\\\/\\\/www.cetys.mx\\\/noticias\\\/#website\"},\"primaryImageOfPage\":{\"@id\":\"https:\\\/\\\/www.cetys.mx\\\/noticias\\\/paulina-vargas-la-internacionalizacion-en-los-docentes-clave\\\/#primaryimage\"},\"image\":{\"@id\":\"https:\\\/\\\/www.cetys.mx\\\/noticias\\\/paulina-vargas-la-internacionalizacion-en-los-docentes-clave\\\/#primaryimage\"},\"thumbnailUrl\":\"https:\\\/\\\/www.cetys.mx\\\/noticias\\\/wp-content\\\/uploads\\\/2017\\\/08\\\/paulina.jpg\",\"datePublished\":\"2017-08-07T23:31:34+00:00\",\"dateModified\":\"2017-08-09T01:32:28+00:00\",\"author\":{\"@id\":\"https:\\\/\\\/www.cetys.mx\\\/noticias\\\/#\\\/schema\\\/person\\\/79a95c4ac185f3705cf1b9c9340a5f70\"},\"description\":\"Articulo sobre Paulina Vargas: La Internacionalizaci\u00f3n en los docentes es clave\",\"breadcrumb\":{\"@id\":\"https:\\\/\\\/www.cetys.mx\\\/noticias\\\/paulina-vargas-la-internacionalizacion-en-los-docentes-clave\\\/#breadcrumb\"},\"inLanguage\":\"es\",\"potentialAction\":[{\"@type\":\"ReadAction\",\"target\":[\"https:\\\/\\\/www.cetys.mx\\\/noticias\\\/paulina-vargas-la-internacionalizacion-en-los-docentes-clave\\\/\"]}]},{\"@type\":\"ImageObject\",\"inLanguage\":\"es\",\"@id\":\"https:\\\/\\\/www.cetys.mx\\\/noticias\\\/paulina-vargas-la-internacionalizacion-en-los-docentes-clave\\\/#primaryimage\",\"url\":\"https:\\\/\\\/www.cetys.mx\\\/noticias\\\/wp-content\\\/uploads\\\/2017\\\/08\\\/paulina.jpg\",\"contentUrl\":\"https:\\\/\\\/www.cetys.mx\\\/noticias\\\/wp-content\\\/uploads\\\/2017\\\/08\\\/paulina.jpg\",\"width\":3187,\"height\":2119},{\"@type\":\"BreadcrumbList\",\"@id\":\"https:\\\/\\\/www.cetys.mx\\\/noticias\\\/paulina-vargas-la-internacionalizacion-en-los-docentes-clave\\\/#breadcrumb\",\"itemListElement\":[{\"@type\":\"ListItem\",\"position\":1,\"name\":\"Inicio\",\"item\":\"https:\\\/\\\/www.cetys.mx\\\/noticias\\\/\"},{\"@type\":\"ListItem\",\"position\":2,\"name\":\"Paulina Vargas: La Internacionalizaci\u00f3n en los docentes es clave\"}]},{\"@type\":\"WebSite\",\"@id\":\"https:\\\/\\\/www.cetys.mx\\\/noticias\\\/#website\",\"url\":\"https:\\\/\\\/www.cetys.mx\\\/noticias\\\/\",\"name\":\"CETYS\",\"description\":\"\",\"potentialAction\":[{\"@type\":\"SearchAction\",\"target\":{\"@type\":\"EntryPoint\",\"urlTemplate\":\"https:\\\/\\\/www.cetys.mx\\\/noticias\\\/?s={search_term_string}\"},\"query-input\":{\"@type\":\"PropertyValueSpecification\",\"valueRequired\":true,\"valueName\":\"search_term_string\"}}],\"inLanguage\":\"es\"},{\"@type\":\"Person\",\"@id\":\"https:\\\/\\\/www.cetys.mx\\\/noticias\\\/#\\\/schema\\\/person\\\/79a95c4ac185f3705cf1b9c9340a5f70\",\"name\":\"Campus Mexicali\",\"url\":\"https:\\\/\\\/www.cetys.mx\\\/noticias\\\/author\\\/campusmexicali\\\/\"}]}<\/script>\n<!-- \/ Yoast SEO plugin. -->","yoast_head_json":{"title":"Paulina Vargas: La Internacionalizaci\u00f3n en los docentes es clave - CETYS","description":"Articulo sobre Paulina Vargas: La Internacionalizaci\u00f3n en los docentes es clave","robots":{"index":"index","follow":"follow","max-snippet":"max-snippet:-1","max-image-preview":"max-image-preview:large","max-video-preview":"max-video-preview:-1"},"canonical":"https:\/\/www.cetys.mx\/noticias\/paulina-vargas-la-internacionalizacion-en-los-docentes-clave\/","og_locale":"es_MX","og_type":"article","og_title":"Paulina Vargas: La Internacionalizaci\u00f3n en los docentes es clave - CETYS","og_description":"Articulo sobre Paulina Vargas: La Internacionalizaci\u00f3n en los docentes es clave","og_url":"https:\/\/www.cetys.mx\/noticias\/paulina-vargas-la-internacionalizacion-en-los-docentes-clave\/","og_site_name":"CETYS","article_publisher":"https:\/\/www.facebook.com\/cetysuniversidadmxl\/","article_published_time":"2017-08-07T23:31:34+00:00","article_modified_time":"2017-08-09T01:32:28+00:00","og_image":[{"width":3187,"height":2119,"url":"https:\/\/www.cetys.mx\/noticias\/wp-content\/uploads\/2017\/08\/paulina.jpg","type":"image\/jpeg"}],"author":"Campus Mexicali","twitter_card":"summary_large_image","twitter_creator":"@cetysuni","twitter_site":"@cetysuni","twitter_misc":{"Escrito por":"Campus Mexicali","Tiempo de lectura":"3 minutos"},"schema":{"@context":"https:\/\/schema.org","@graph":[{"@type":"Article","@id":"https:\/\/www.cetys.mx\/noticias\/paulina-vargas-la-internacionalizacion-en-los-docentes-clave\/#article","isPartOf":{"@id":"https:\/\/www.cetys.mx\/noticias\/paulina-vargas-la-internacionalizacion-en-los-docentes-clave\/"},"author":{"name":"Campus Mexicali","@id":"https:\/\/www.cetys.mx\/noticias\/#\/schema\/person\/79a95c4ac185f3705cf1b9c9340a5f70"},"headline":"Paulina Vargas: La Internacionalizaci\u00f3n en los docentes es clave","datePublished":"2017-08-07T23:31:34+00:00","dateModified":"2017-08-09T01:32:28+00:00","mainEntityOfPage":{"@id":"https:\/\/www.cetys.mx\/noticias\/paulina-vargas-la-internacionalizacion-en-los-docentes-clave\/"},"wordCount":541,"commentCount":0,"image":{"@id":"https:\/\/www.cetys.mx\/noticias\/paulina-vargas-la-internacionalizacion-en-los-docentes-clave\/#primaryimage"},"thumbnailUrl":"https:\/\/www.cetys.mx\/noticias\/wp-content\/uploads\/2017\/08\/paulina.jpg","keywords":["vocetys-2017-08-08"],"articleSection":["Campus Mexicali","P. Emprendedor","Portada","Profesional","Promoci\u00f3n Acad\u00e9mica","VoCETYS"],"inLanguage":"es","potentialAction":[{"@type":"CommentAction","name":"Comment","target":["https:\/\/www.cetys.mx\/noticias\/paulina-vargas-la-internacionalizacion-en-los-docentes-clave\/#respond"]}]},{"@type":"WebPage","@id":"https:\/\/www.cetys.mx\/noticias\/paulina-vargas-la-internacionalizacion-en-los-docentes-clave\/","url":"https:\/\/www.cetys.mx\/noticias\/paulina-vargas-la-internacionalizacion-en-los-docentes-clave\/","name":"Paulina Vargas: La Internacionalizaci\u00f3n en los docentes es clave - CETYS","isPartOf":{"@id":"https:\/\/www.cetys.mx\/noticias\/#website"},"primaryImageOfPage":{"@id":"https:\/\/www.cetys.mx\/noticias\/paulina-vargas-la-internacionalizacion-en-los-docentes-clave\/#primaryimage"},"image":{"@id":"https:\/\/www.cetys.mx\/noticias\/paulina-vargas-la-internacionalizacion-en-los-docentes-clave\/#primaryimage"},"thumbnailUrl":"https:\/\/www.cetys.mx\/noticias\/wp-content\/uploads\/2017\/08\/paulina.jpg","datePublished":"2017-08-07T23:31:34+00:00","dateModified":"2017-08-09T01:32:28+00:00","author":{"@id":"https:\/\/www.cetys.mx\/noticias\/#\/schema\/person\/79a95c4ac185f3705cf1b9c9340a5f70"},"description":"Articulo sobre Paulina Vargas: La Internacionalizaci\u00f3n en los docentes es clave","breadcrumb":{"@id":"https:\/\/www.cetys.mx\/noticias\/paulina-vargas-la-internacionalizacion-en-los-docentes-clave\/#breadcrumb"},"inLanguage":"es","potentialAction":[{"@type":"ReadAction","target":["https:\/\/www.cetys.mx\/noticias\/paulina-vargas-la-internacionalizacion-en-los-docentes-clave\/"]}]},{"@type":"ImageObject","inLanguage":"es","@id":"https:\/\/www.cetys.mx\/noticias\/paulina-vargas-la-internacionalizacion-en-los-docentes-clave\/#primaryimage","url":"https:\/\/www.cetys.mx\/noticias\/wp-content\/uploads\/2017\/08\/paulina.jpg","contentUrl":"https:\/\/www.cetys.mx\/noticias\/wp-content\/uploads\/2017\/08\/paulina.jpg","width":3187,"height":2119},{"@type":"BreadcrumbList","@id":"https:\/\/www.cetys.mx\/noticias\/paulina-vargas-la-internacionalizacion-en-los-docentes-clave\/#breadcrumb","itemListElement":[{"@type":"ListItem","position":1,"name":"Inicio","item":"https:\/\/www.cetys.mx\/noticias\/"},{"@type":"ListItem","position":2,"name":"Paulina Vargas: La Internacionalizaci\u00f3n en los docentes es clave"}]},{"@type":"WebSite","@id":"https:\/\/www.cetys.mx\/noticias\/#website","url":"https:\/\/www.cetys.mx\/noticias\/","name":"CETYS","description":"","potentialAction":[{"@type":"SearchAction","target":{"@type":"EntryPoint","urlTemplate":"https:\/\/www.cetys.mx\/noticias\/?s={search_term_string}"},"query-input":{"@type":"PropertyValueSpecification","valueRequired":true,"valueName":"search_term_string"}}],"inLanguage":"es"},{"@type":"Person","@id":"https:\/\/www.cetys.mx\/noticias\/#\/schema\/person\/79a95c4ac185f3705cf1b9c9340a5f70","name":"Campus Mexicali","url":"https:\/\/www.cetys.mx\/noticias\/author\/campusmexicali\/"}]}},"_links":{"self":[{"href":"https:\/\/www.cetys.mx\/noticias\/wp-json\/wp\/v2\/posts\/73594","targetHints":{"allow":["GET"]}}],"collection":[{"href":"https:\/\/www.cetys.mx\/noticias\/wp-json\/wp\/v2\/posts"}],"about":[{"href":"https:\/\/www.cetys.mx\/noticias\/wp-json\/wp\/v2\/types\/post"}],"author":[{"embeddable":true,"href":"https:\/\/www.cetys.mx\/noticias\/wp-json\/wp\/v2\/users\/20"}],"replies":[{"embeddable":true,"href":"https:\/\/www.cetys.mx\/noticias\/wp-json\/wp\/v2\/comments?post=73594"}],"version-history":[{"count":0,"href":"https:\/\/www.cetys.mx\/noticias\/wp-json\/wp\/v2\/posts\/73594\/revisions"}],"wp:featuredmedia":[{"embeddable":true,"href":"https:\/\/www.cetys.mx\/noticias\/wp-json\/wp\/v2\/media\/73613"}],"wp:attachment":[{"href":"https:\/\/www.cetys.mx\/noticias\/wp-json\/wp\/v2\/media?parent=73594"}],"wp:term":[{"taxonomy":"category","embeddable":true,"href":"https:\/\/www.cetys.mx\/noticias\/wp-json\/wp\/v2\/categories?post=73594"},{"taxonomy":"post_tag","embeddable":true,"href":"https:\/\/www.cetys.mx\/noticias\/wp-json\/wp\/v2\/tags?post=73594"}],"curies":[{"name":"wp","href":"https:\/\/api.w.org\/{rel}","templated":true}]}}