{"id":73581,"date":"2017-08-08T09:39:33","date_gmt":"2017-08-08T16:39:33","guid":{"rendered":"http:\/\/www.cetys.mx\/noticias\/?p=73581"},"modified":"2017-10-10T18:59:56","modified_gmt":"2017-10-11T01:59:56","slug":"inician-clases-en-cetys-universidad-2","status":"publish","type":"post","link":"https:\/\/www.cetys.mx\/noticias\/inician-clases-en-cetys-universidad-2\/","title":{"rendered":"Inician clases en CETYS Universidad"},"content":{"rendered":"<p>La instituci\u00f3n con 55 a\u00f1os de forjar emprendedores y l\u00edderes, recibi\u00f3 a m\u00e1s de un centenar de estudiantes para Universidad y Preparatoria el lunes 7 de agosto.<\/p>\n<p>\u201cAl llegar en esta instituci\u00f3n me hac\u00eda pensar en los nuevos compa\u00f1eros que conocer\u00e9, junto con los maestros y sus materias. En verdad s\u00e9 que CETYS brinda buenos maestros y una gran calidad en los talleres, pero yo lo que quer\u00eda conocer eran los compa\u00f1eros de c\u00f3mo iban a ser y como se iban a dar a conocer, tengo expectativas de poder ampliar mi conocimiento con los nuevos alumnos extranjeros\u201d,\u00a0\u00a0Coment\u00f3 Andr\u00e9s Gil P\u00e9rez, alumno de Licenciatura en Dise\u00f1o Gr\u00e1fico.<\/p>\n<p>Despu\u00e9s de un periodo de vacaciones, los alumnos entraron a las aulas e iniciaron oficialmente el ciclo escolar 2017-2 como parte del Sistema CETYS Universidad Mexicali, Tijuana y Ensenada.<\/p>\n<p>Se espera que los alumnos estrenen el nuevo Gimnasio Auditorio este 8 de septiembre, y as\u00ed puedan sacar el m\u00e1ximo desempe\u00f1o para los que quieran ser part\u00edcipes de los equipos de deporte que tiene la instituci\u00f3n.<\/p>\n<p>Comienza un nuevo curso para los estudiantes\u00a0\u00a0y afrontan una nueva y desconocida etapa: la formaci\u00f3n superior. Escoger cu\u00e1l ser\u00e1 su profesi\u00f3n el d\u00eda de ma\u00f1ana es, sin duda, una de las decisiones m\u00e1s trascendentales que tomar\u00e1n en la vida as\u00ed como los alumnos de profesional es ejercer su oficio.<\/p>\n","protected":false},"excerpt":{"rendered":"<p>La instituci\u00f3n con 55 a\u00f1os de forjar emprendedores y l\u00edderes, recibi\u00f3 a m\u00e1s de un centenar de estudiantes para Universidad y Preparatoria&#8230;<\/p>\n","protected":false},"author":23,"featured_media":73497,"comment_status":"open","ping_status":"open","sticky":false,"template":"","format":"standard","meta":{"footnotes":""},"categories":[132],"tags":[],"class_list":["post-73581","post","type-post","status-publish","format-standard","has-post-thumbnail","hentry","category-campus-ensenada"],"yoast_head":"<!-- This site is optimized with the Yoast SEO plugin v27.4 - https:\/\/yoast.com\/product\/yoast-seo-wordpress\/ -->\n<title>Inician clases en CETYS Universidad - CETYS<\/title>\n<meta name=\"description\" content=\"Articulo sobre Inician clases en CETYS Universidad\" \/>\n<meta name=\"robots\" content=\"index, follow, max-snippet:-1, max-image-preview:large, max-video-preview:-1\" \/>\n<link rel=\"canonical\" href=\"https:\/\/www.cetys.mx\/noticias\/inician-clases-en-cetys-universidad-2\/\" \/>\n<meta property=\"og:locale\" content=\"es_MX\" \/>\n<meta property=\"og:type\" content=\"article\" \/>\n<meta property=\"og:title\" content=\"Inician clases en CETYS Universidad - CETYS\" \/>\n<meta property=\"og:description\" content=\"Articulo sobre Inician clases en CETYS Universidad\" \/>\n<meta property=\"og:url\" content=\"https:\/\/www.cetys.mx\/noticias\/inician-clases-en-cetys-universidad-2\/\" \/>\n<meta property=\"og:site_name\" content=\"CETYS\" \/>\n<meta property=\"article:publisher\" content=\"https:\/\/www.facebook.com\/cetysuniversidadmxl\/\" \/>\n<meta property=\"article:published_time\" content=\"2017-08-08T16:39:33+00:00\" \/>\n<meta property=\"article:modified_time\" content=\"2017-10-11T01:59:56+00:00\" \/>\n<meta property=\"og:image\" content=\"https:\/\/www.cetys.mx\/noticias\/wp-content\/uploads\/2017\/08\/CURSOS-2.jpg\" \/>\n\t<meta property=\"og:image:width\" content=\"958\" \/>\n\t<meta property=\"og:image:height\" content=\"637\" \/>\n\t<meta property=\"og:image:type\" content=\"image\/jpeg\" \/>\n<meta name=\"author\" content=\"Campus Ensenada\" \/>\n<meta name=\"twitter:card\" content=\"summary_large_image\" \/>\n<meta name=\"twitter:creator\" content=\"@cetysuni\" \/>\n<meta name=\"twitter:site\" content=\"@cetysuni\" \/>\n<meta name=\"twitter:label1\" content=\"Escrito por\" \/>\n\t<meta name=\"twitter:data1\" content=\"Campus Ensenada\" \/>\n\t<meta name=\"twitter:label2\" content=\"Tiempo de lectura\" \/>\n\t<meta name=\"twitter:data2\" content=\"1 minuto\" \/>\n<script type=\"application\/ld+json\" class=\"yoast-schema-graph\">{\"@context\":\"https:\\\/\\\/schema.org\",\"@graph\":[{\"@type\":\"Article\",\"@id\":\"https:\\\/\\\/www.cetys.mx\\\/noticias\\\/inician-clases-en-cetys-universidad-2\\\/#article\",\"isPartOf\":{\"@id\":\"https:\\\/\\\/www.cetys.mx\\\/noticias\\\/inician-clases-en-cetys-universidad-2\\\/\"},\"author\":{\"name\":\"Campus Ensenada\",\"@id\":\"https:\\\/\\\/www.cetys.mx\\\/noticias\\\/#\\\/schema\\\/person\\\/1a1a88c0b6586e66a2e9e88e07afc712\"},\"headline\":\"Inician clases en CETYS Universidad\",\"datePublished\":\"2017-08-08T16:39:33+00:00\",\"dateModified\":\"2017-10-11T01:59:56+00:00\",\"mainEntityOfPage\":{\"@id\":\"https:\\\/\\\/www.cetys.mx\\\/noticias\\\/inician-clases-en-cetys-universidad-2\\\/\"},\"wordCount\":250,\"commentCount\":1,\"image\":{\"@id\":\"https:\\\/\\\/www.cetys.mx\\\/noticias\\\/inician-clases-en-cetys-universidad-2\\\/#primaryimage\"},\"thumbnailUrl\":\"https:\\\/\\\/www.cetys.mx\\\/noticias\\\/wp-content\\\/uploads\\\/2017\\\/08\\\/CURSOS-2.jpg\",\"articleSection\":[\"Campus Ensenada\"],\"inLanguage\":\"es\",\"potentialAction\":[{\"@type\":\"CommentAction\",\"name\":\"Comment\",\"target\":[\"https:\\\/\\\/www.cetys.mx\\\/noticias\\\/inician-clases-en-cetys-universidad-2\\\/#respond\"]}]},{\"@type\":\"WebPage\",\"@id\":\"https:\\\/\\\/www.cetys.mx\\\/noticias\\\/inician-clases-en-cetys-universidad-2\\\/\",\"url\":\"https:\\\/\\\/www.cetys.mx\\\/noticias\\\/inician-clases-en-cetys-universidad-2\\\/\",\"name\":\"Inician clases en CETYS Universidad - CETYS\",\"isPartOf\":{\"@id\":\"https:\\\/\\\/www.cetys.mx\\\/noticias\\\/#website\"},\"primaryImageOfPage\":{\"@id\":\"https:\\\/\\\/www.cetys.mx\\\/noticias\\\/inician-clases-en-cetys-universidad-2\\\/#primaryimage\"},\"image\":{\"@id\":\"https:\\\/\\\/www.cetys.mx\\\/noticias\\\/inician-clases-en-cetys-universidad-2\\\/#primaryimage\"},\"thumbnailUrl\":\"https:\\\/\\\/www.cetys.mx\\\/noticias\\\/wp-content\\\/uploads\\\/2017\\\/08\\\/CURSOS-2.jpg\",\"datePublished\":\"2017-08-08T16:39:33+00:00\",\"dateModified\":\"2017-10-11T01:59:56+00:00\",\"author\":{\"@id\":\"https:\\\/\\\/www.cetys.mx\\\/noticias\\\/#\\\/schema\\\/person\\\/1a1a88c0b6586e66a2e9e88e07afc712\"},\"description\":\"Articulo sobre Inician clases en CETYS Universidad\",\"breadcrumb\":{\"@id\":\"https:\\\/\\\/www.cetys.mx\\\/noticias\\\/inician-clases-en-cetys-universidad-2\\\/#breadcrumb\"},\"inLanguage\":\"es\",\"potentialAction\":[{\"@type\":\"ReadAction\",\"target\":[\"https:\\\/\\\/www.cetys.mx\\\/noticias\\\/inician-clases-en-cetys-universidad-2\\\/\"]}]},{\"@type\":\"ImageObject\",\"inLanguage\":\"es\",\"@id\":\"https:\\\/\\\/www.cetys.mx\\\/noticias\\\/inician-clases-en-cetys-universidad-2\\\/#primaryimage\",\"url\":\"https:\\\/\\\/www.cetys.mx\\\/noticias\\\/wp-content\\\/uploads\\\/2017\\\/08\\\/CURSOS-2.jpg\",\"contentUrl\":\"https:\\\/\\\/www.cetys.mx\\\/noticias\\\/wp-content\\\/uploads\\\/2017\\\/08\\\/CURSOS-2.jpg\",\"width\":958,\"height\":637},{\"@type\":\"BreadcrumbList\",\"@id\":\"https:\\\/\\\/www.cetys.mx\\\/noticias\\\/inician-clases-en-cetys-universidad-2\\\/#breadcrumb\",\"itemListElement\":[{\"@type\":\"ListItem\",\"position\":1,\"name\":\"Inicio\",\"item\":\"https:\\\/\\\/www.cetys.mx\\\/noticias\\\/\"},{\"@type\":\"ListItem\",\"position\":2,\"name\":\"Inician clases en CETYS Universidad\"}]},{\"@type\":\"WebSite\",\"@id\":\"https:\\\/\\\/www.cetys.mx\\\/noticias\\\/#website\",\"url\":\"https:\\\/\\\/www.cetys.mx\\\/noticias\\\/\",\"name\":\"CETYS\",\"description\":\"\",\"potentialAction\":[{\"@type\":\"SearchAction\",\"target\":{\"@type\":\"EntryPoint\",\"urlTemplate\":\"https:\\\/\\\/www.cetys.mx\\\/noticias\\\/?s={search_term_string}\"},\"query-input\":{\"@type\":\"PropertyValueSpecification\",\"valueRequired\":true,\"valueName\":\"search_term_string\"}}],\"inLanguage\":\"es\"},{\"@type\":\"Person\",\"@id\":\"https:\\\/\\\/www.cetys.mx\\\/noticias\\\/#\\\/schema\\\/person\\\/1a1a88c0b6586e66a2e9e88e07afc712\",\"name\":\"Campus Ensenada\",\"url\":\"https:\\\/\\\/www.cetys.mx\\\/noticias\\\/author\\\/campusensenada\\\/\"}]}<\/script>\n<!-- \/ Yoast SEO plugin. -->","yoast_head_json":{"title":"Inician clases en CETYS Universidad - CETYS","description":"Articulo sobre Inician clases en CETYS Universidad","robots":{"index":"index","follow":"follow","max-snippet":"max-snippet:-1","max-image-preview":"max-image-preview:large","max-video-preview":"max-video-preview:-1"},"canonical":"https:\/\/www.cetys.mx\/noticias\/inician-clases-en-cetys-universidad-2\/","og_locale":"es_MX","og_type":"article","og_title":"Inician clases en CETYS Universidad - CETYS","og_description":"Articulo sobre Inician clases en CETYS Universidad","og_url":"https:\/\/www.cetys.mx\/noticias\/inician-clases-en-cetys-universidad-2\/","og_site_name":"CETYS","article_publisher":"https:\/\/www.facebook.com\/cetysuniversidadmxl\/","article_published_time":"2017-08-08T16:39:33+00:00","article_modified_time":"2017-10-11T01:59:56+00:00","og_image":[{"width":958,"height":637,"url":"https:\/\/www.cetys.mx\/noticias\/wp-content\/uploads\/2017\/08\/CURSOS-2.jpg","type":"image\/jpeg"}],"author":"Campus Ensenada","twitter_card":"summary_large_image","twitter_creator":"@cetysuni","twitter_site":"@cetysuni","twitter_misc":{"Escrito por":"Campus Ensenada","Tiempo de lectura":"1 minuto"},"schema":{"@context":"https:\/\/schema.org","@graph":[{"@type":"Article","@id":"https:\/\/www.cetys.mx\/noticias\/inician-clases-en-cetys-universidad-2\/#article","isPartOf":{"@id":"https:\/\/www.cetys.mx\/noticias\/inician-clases-en-cetys-universidad-2\/"},"author":{"name":"Campus Ensenada","@id":"https:\/\/www.cetys.mx\/noticias\/#\/schema\/person\/1a1a88c0b6586e66a2e9e88e07afc712"},"headline":"Inician clases en CETYS Universidad","datePublished":"2017-08-08T16:39:33+00:00","dateModified":"2017-10-11T01:59:56+00:00","mainEntityOfPage":{"@id":"https:\/\/www.cetys.mx\/noticias\/inician-clases-en-cetys-universidad-2\/"},"wordCount":250,"commentCount":1,"image":{"@id":"https:\/\/www.cetys.mx\/noticias\/inician-clases-en-cetys-universidad-2\/#primaryimage"},"thumbnailUrl":"https:\/\/www.cetys.mx\/noticias\/wp-content\/uploads\/2017\/08\/CURSOS-2.jpg","articleSection":["Campus Ensenada"],"inLanguage":"es","potentialAction":[{"@type":"CommentAction","name":"Comment","target":["https:\/\/www.cetys.mx\/noticias\/inician-clases-en-cetys-universidad-2\/#respond"]}]},{"@type":"WebPage","@id":"https:\/\/www.cetys.mx\/noticias\/inician-clases-en-cetys-universidad-2\/","url":"https:\/\/www.cetys.mx\/noticias\/inician-clases-en-cetys-universidad-2\/","name":"Inician clases en CETYS Universidad - CETYS","isPartOf":{"@id":"https:\/\/www.cetys.mx\/noticias\/#website"},"primaryImageOfPage":{"@id":"https:\/\/www.cetys.mx\/noticias\/inician-clases-en-cetys-universidad-2\/#primaryimage"},"image":{"@id":"https:\/\/www.cetys.mx\/noticias\/inician-clases-en-cetys-universidad-2\/#primaryimage"},"thumbnailUrl":"https:\/\/www.cetys.mx\/noticias\/wp-content\/uploads\/2017\/08\/CURSOS-2.jpg","datePublished":"2017-08-08T16:39:33+00:00","dateModified":"2017-10-11T01:59:56+00:00","author":{"@id":"https:\/\/www.cetys.mx\/noticias\/#\/schema\/person\/1a1a88c0b6586e66a2e9e88e07afc712"},"description":"Articulo sobre Inician clases en CETYS Universidad","breadcrumb":{"@id":"https:\/\/www.cetys.mx\/noticias\/inician-clases-en-cetys-universidad-2\/#breadcrumb"},"inLanguage":"es","potentialAction":[{"@type":"ReadAction","target":["https:\/\/www.cetys.mx\/noticias\/inician-clases-en-cetys-universidad-2\/"]}]},{"@type":"ImageObject","inLanguage":"es","@id":"https:\/\/www.cetys.mx\/noticias\/inician-clases-en-cetys-universidad-2\/#primaryimage","url":"https:\/\/www.cetys.mx\/noticias\/wp-content\/uploads\/2017\/08\/CURSOS-2.jpg","contentUrl":"https:\/\/www.cetys.mx\/noticias\/wp-content\/uploads\/2017\/08\/CURSOS-2.jpg","width":958,"height":637},{"@type":"BreadcrumbList","@id":"https:\/\/www.cetys.mx\/noticias\/inician-clases-en-cetys-universidad-2\/#breadcrumb","itemListElement":[{"@type":"ListItem","position":1,"name":"Inicio","item":"https:\/\/www.cetys.mx\/noticias\/"},{"@type":"ListItem","position":2,"name":"Inician clases en CETYS Universidad"}]},{"@type":"WebSite","@id":"https:\/\/www.cetys.mx\/noticias\/#website","url":"https:\/\/www.cetys.mx\/noticias\/","name":"CETYS","description":"","potentialAction":[{"@type":"SearchAction","target":{"@type":"EntryPoint","urlTemplate":"https:\/\/www.cetys.mx\/noticias\/?s={search_term_string}"},"query-input":{"@type":"PropertyValueSpecification","valueRequired":true,"valueName":"search_term_string"}}],"inLanguage":"es"},{"@type":"Person","@id":"https:\/\/www.cetys.mx\/noticias\/#\/schema\/person\/1a1a88c0b6586e66a2e9e88e07afc712","name":"Campus Ensenada","url":"https:\/\/www.cetys.mx\/noticias\/author\/campusensenada\/"}]}},"_links":{"self":[{"href":"https:\/\/www.cetys.mx\/noticias\/wp-json\/wp\/v2\/posts\/73581","targetHints":{"allow":["GET"]}}],"collection":[{"href":"https:\/\/www.cetys.mx\/noticias\/wp-json\/wp\/v2\/posts"}],"about":[{"href":"https:\/\/www.cetys.mx\/noticias\/wp-json\/wp\/v2\/types\/post"}],"author":[{"embeddable":true,"href":"https:\/\/www.cetys.mx\/noticias\/wp-json\/wp\/v2\/users\/23"}],"replies":[{"embeddable":true,"href":"https:\/\/www.cetys.mx\/noticias\/wp-json\/wp\/v2\/comments?post=73581"}],"version-history":[{"count":0,"href":"https:\/\/www.cetys.mx\/noticias\/wp-json\/wp\/v2\/posts\/73581\/revisions"}],"wp:featuredmedia":[{"embeddable":true,"href":"https:\/\/www.cetys.mx\/noticias\/wp-json\/wp\/v2\/media\/73497"}],"wp:attachment":[{"href":"https:\/\/www.cetys.mx\/noticias\/wp-json\/wp\/v2\/media?parent=73581"}],"wp:term":[{"taxonomy":"category","embeddable":true,"href":"https:\/\/www.cetys.mx\/noticias\/wp-json\/wp\/v2\/categories?post=73581"},{"taxonomy":"post_tag","embeddable":true,"href":"https:\/\/www.cetys.mx\/noticias\/wp-json\/wp\/v2\/tags?post=73581"}],"curies":[{"name":"wp","href":"https:\/\/api.w.org\/{rel}","templated":true}]}}