{"id":73327,"date":"2017-08-01T17:22:00","date_gmt":"2017-08-02T00:22:00","guid":{"rendered":"http:\/\/www.cetys.mx\/noticias\/?p=73327"},"modified":"2020-03-13T08:58:39","modified_gmt":"2020-03-13T15:58:39","slug":"destacan-bachilleres-en-foro-internacional-emprendedores","status":"publish","type":"post","link":"https:\/\/www.cetys.mx\/noticias\/destacan-bachilleres-en-foro-internacional-emprendedores\/","title":{"rendered":"Destacan bachilleres en Foro Internacional de Emprendedores"},"content":{"rendered":"<div dir=\"ltr\">\n<div class=\"gmail_quote\">\n<div dir=\"auto\" style=\"text-align: justify;\">La Hacienda Cocoyoc fue el recinto donde alumnos de la <a href=\"https:\/\/www.cetys.mx\/oferta-educativa\/preparatoria\/\" target=\"_blank\" rel=\"noopener\">Prepa CETYS<\/a> se dieron cita junto con otros 500 estudiantes m\u00e1s de diversos pa\u00edses, para ser participes del \u00a0Foro Internacional de Emprendedores (FIE) 2017, acompa\u00f1ados de docentes de la Instituci\u00f3n.<\/div>\n<div dir=\"auto\" style=\"text-align: justify;\"><a href=\"https:\/\/www.cetys.mx\/noticias\/wp-content\/uploads\/2017\/08\/IMG_7254.jpg\"><img loading=\"lazy\" decoding=\"async\" class=\" wp-image-73361 alignleft\" src=\"https:\/\/www.cetys.mx\/noticias\/wp-content\/uploads\/2017\/08\/IMG_7254.jpg\" alt=\"IMG_7254\" width=\"289\" height=\"217\" \/><\/a><\/div>\n<div dir=\"auto\" style=\"text-align: justify;\">En el evento, los j\u00f3venes de <a href=\"https:\/\/www.cetys.mx\/oferta-educativa\/preparatoria\/\" target=\"_blank\" rel=\"noopener\">Preparatoria CETYS<\/a> ganaron el 2do lugar en el Certamen de &#8220;As\u00ed es mi Tierra&#8221; con la mesa de Baja California. Como parte del resultado Los alumnos Ameyalli Brambilla y Jes\u00fas Alberto Rivera obtuvieron media beca para el FIE a realizarse en Brasil.<\/div>\n<\/div>\n<\/div>\n<div dir=\"ltr\" style=\"text-align: justify;\">\n<div class=\"gmail_quote\">\n<div dir=\"auto\"><\/div>\n<div dir=\"auto\">Pero ah\u00ed no termin\u00f3 la activa participaci\u00f3n de los bachilleres ya que en el segundo d\u00eda de actividades, Melissa Fernanda Juvera S\u00e1nchez fue elegida como locutora para el &#8220;FIE online&#8221; para las transmisiones en vivo de todas las redes sociales: Instagram, Facebook y Snapchat, entre otros.<\/div>\n<\/div>\n<div class=\"gmail_quote\">\n<div dir=\"auto\">\n<div dir=\"auto\"><\/div>\n<div dir=\"auto\">Al paso de los d\u00edas los j\u00f3venes tambi\u00e9n aprendieron en las conferencias como la de Pablo Verdenelli, &#8220;La fuerza del emprendedor&#8221;, la conferencia SAP de Guillermo Simbeck; &#8220;La Econom\u00eda del Amor&#8221; con Juli\u00e1n Ugarte, quien es el Director de Socialab Internacional en Chile, \u00a0y en la charla &#8220;Emprender Ante la Adversidad&#8221; con Pepe Villela. En el evento se cuenta con la presencia del Dr. Rodolfo Tuir\u00e1n Guti\u00e9rrez, Subsecretario de Educaci\u00f3n Media Superior de la SEP como autoridad educativa.<\/div>\n<div dir=\"auto\"><\/div>\n<div dir=\"auto\"><a href=\"https:\/\/www.cetys.mx\/noticias\/wp-content\/uploads\/2017\/08\/IMG_7257.jpg\"><img loading=\"lazy\" decoding=\"async\" class=\" wp-image-73362 aligncenter\" src=\"https:\/\/www.cetys.mx\/noticias\/wp-content\/uploads\/2017\/08\/IMG_7257.jpg\" alt=\"\" width=\"554\" height=\"463\" \/><\/a><\/div>\n<\/div>\n<\/div>\n<\/div>\n<div dir=\"auto\"><\/div>\n<div dir=\"auto\"><\/div>\n<div dir=\"ltr\" style=\"text-align: justify;\">\n<div class=\"gmail_quote\">\n<div dir=\"auto\">\n<div dir=\"auto\">\n<div dir=\"auto\">Asimismo se hicieron presentes en la Conferencia &#8220;Innovaci\u00f3n Disruptiva&#8221; con Vishal Karunguram de Microsoft\/Harvard Business School de India y en el Certamen &#8220;The Pitch Jr.&#8221; donde el mexicalense Rodolfo Andrade funge como mentor y el alumno \u00a0de la Prepa CETYS Juan Manuel Herrera de 4to semestre particip\u00f3 en la competencia con una idea innovadora en software.<\/div>\n<\/div>\n<\/div>\n<\/div>\n<\/div>\n","protected":false},"excerpt":{"rendered":"<p>La Hacienda Cocoyoc fue el recinto donde alumnos de la Prepa CETYS se dieron cita junto con otros 500 estudiantes m\u00e1s de&#8230;<\/p>\n","protected":false},"author":20,"featured_media":73331,"comment_status":"open","ping_status":"open","sticky":false,"template":"","format":"standard","meta":{"footnotes":""},"categories":[110,133,108,311,125,318,313],"tags":[1595],"class_list":["post-73327","post","type-post","status-publish","format-standard","has-post-thumbnail","hentry","category-academia","category-campus-mexicali","category-internacionales","category-p-emprendedor","category-portada","category-preparatoria","category-vocetys-2","tag-vocetys-top-2017-08-02"],"yoast_head":"<!-- This site is optimized with the Yoast SEO plugin v27.4 - https:\/\/yoast.com\/product\/yoast-seo-wordpress\/ -->\n<title>Destacan bachilleres en Foro Internacional de Emprendedores - CETYS<\/title>\n<meta name=\"description\" content=\"Articulo sobre Destacan bachilleres en Foro Internacional de Emprendedores\" \/>\n<meta name=\"robots\" content=\"index, follow, max-snippet:-1, max-image-preview:large, max-video-preview:-1\" \/>\n<link rel=\"canonical\" href=\"https:\/\/www.cetys.mx\/noticias\/destacan-bachilleres-en-foro-internacional-emprendedores\/\" \/>\n<meta property=\"og:locale\" content=\"es_MX\" \/>\n<meta property=\"og:type\" content=\"article\" \/>\n<meta property=\"og:title\" content=\"Destacan bachilleres en Foro Internacional de Emprendedores - CETYS\" \/>\n<meta property=\"og:description\" content=\"Articulo sobre Destacan bachilleres en Foro Internacional de Emprendedores\" \/>\n<meta property=\"og:url\" content=\"https:\/\/www.cetys.mx\/noticias\/destacan-bachilleres-en-foro-internacional-emprendedores\/\" \/>\n<meta property=\"og:site_name\" content=\"CETYS\" \/>\n<meta property=\"article:publisher\" content=\"https:\/\/www.facebook.com\/cetysuniversidadmxl\/\" \/>\n<meta property=\"article:published_time\" content=\"2017-08-02T00:22:00+00:00\" \/>\n<meta property=\"article:modified_time\" content=\"2020-03-13T15:58:39+00:00\" \/>\n<meta property=\"og:image\" content=\"https:\/\/www.cetys.mx\/noticias\/wp-content\/uploads\/2017\/08\/PortadaFIEportal.jpg\" \/>\n\t<meta property=\"og:image:width\" content=\"958\" \/>\n\t<meta property=\"og:image:height\" content=\"637\" \/>\n\t<meta property=\"og:image:type\" content=\"image\/jpeg\" \/>\n<meta name=\"author\" content=\"Campus Mexicali\" \/>\n<meta name=\"twitter:card\" content=\"summary_large_image\" \/>\n<meta name=\"twitter:creator\" content=\"@cetysuni\" \/>\n<meta name=\"twitter:site\" content=\"@cetysuni\" \/>\n<meta name=\"twitter:label1\" content=\"Escrito por\" \/>\n\t<meta name=\"twitter:data1\" content=\"Campus Mexicali\" \/>\n\t<meta name=\"twitter:label2\" content=\"Tiempo de lectura\" \/>\n\t<meta name=\"twitter:data2\" content=\"1 minuto\" \/>\n<script type=\"application\/ld+json\" class=\"yoast-schema-graph\">{\"@context\":\"https:\\\/\\\/schema.org\",\"@graph\":[{\"@type\":\"Article\",\"@id\":\"https:\\\/\\\/www.cetys.mx\\\/noticias\\\/destacan-bachilleres-en-foro-internacional-emprendedores\\\/#article\",\"isPartOf\":{\"@id\":\"https:\\\/\\\/www.cetys.mx\\\/noticias\\\/destacan-bachilleres-en-foro-internacional-emprendedores\\\/\"},\"author\":{\"name\":\"Campus Mexicali\",\"@id\":\"https:\\\/\\\/www.cetys.mx\\\/noticias\\\/#\\\/schema\\\/person\\\/79a95c4ac185f3705cf1b9c9340a5f70\"},\"headline\":\"Destacan bachilleres en Foro Internacional de Emprendedores\",\"datePublished\":\"2017-08-02T00:22:00+00:00\",\"dateModified\":\"2020-03-13T15:58:39+00:00\",\"mainEntityOfPage\":{\"@id\":\"https:\\\/\\\/www.cetys.mx\\\/noticias\\\/destacan-bachilleres-en-foro-internacional-emprendedores\\\/\"},\"wordCount\":292,\"commentCount\":0,\"image\":{\"@id\":\"https:\\\/\\\/www.cetys.mx\\\/noticias\\\/destacan-bachilleres-en-foro-internacional-emprendedores\\\/#primaryimage\"},\"thumbnailUrl\":\"https:\\\/\\\/www.cetys.mx\\\/noticias\\\/wp-content\\\/uploads\\\/2017\\\/08\\\/PortadaFIEportal.jpg\",\"keywords\":[\"vocetys-top-2017-08-02\"],\"articleSection\":[\"Academia\",\"Campus Mexicali\",\"Internacionales\",\"P. Emprendedor\",\"Portada\",\"Preparatoria\",\"VoCETYS\"],\"inLanguage\":\"es\",\"potentialAction\":[{\"@type\":\"CommentAction\",\"name\":\"Comment\",\"target\":[\"https:\\\/\\\/www.cetys.mx\\\/noticias\\\/destacan-bachilleres-en-foro-internacional-emprendedores\\\/#respond\"]}]},{\"@type\":\"WebPage\",\"@id\":\"https:\\\/\\\/www.cetys.mx\\\/noticias\\\/destacan-bachilleres-en-foro-internacional-emprendedores\\\/\",\"url\":\"https:\\\/\\\/www.cetys.mx\\\/noticias\\\/destacan-bachilleres-en-foro-internacional-emprendedores\\\/\",\"name\":\"Destacan bachilleres en Foro Internacional de Emprendedores - CETYS\",\"isPartOf\":{\"@id\":\"https:\\\/\\\/www.cetys.mx\\\/noticias\\\/#website\"},\"primaryImageOfPage\":{\"@id\":\"https:\\\/\\\/www.cetys.mx\\\/noticias\\\/destacan-bachilleres-en-foro-internacional-emprendedores\\\/#primaryimage\"},\"image\":{\"@id\":\"https:\\\/\\\/www.cetys.mx\\\/noticias\\\/destacan-bachilleres-en-foro-internacional-emprendedores\\\/#primaryimage\"},\"thumbnailUrl\":\"https:\\\/\\\/www.cetys.mx\\\/noticias\\\/wp-content\\\/uploads\\\/2017\\\/08\\\/PortadaFIEportal.jpg\",\"datePublished\":\"2017-08-02T00:22:00+00:00\",\"dateModified\":\"2020-03-13T15:58:39+00:00\",\"author\":{\"@id\":\"https:\\\/\\\/www.cetys.mx\\\/noticias\\\/#\\\/schema\\\/person\\\/79a95c4ac185f3705cf1b9c9340a5f70\"},\"description\":\"Articulo sobre Destacan bachilleres en Foro Internacional de Emprendedores\",\"breadcrumb\":{\"@id\":\"https:\\\/\\\/www.cetys.mx\\\/noticias\\\/destacan-bachilleres-en-foro-internacional-emprendedores\\\/#breadcrumb\"},\"inLanguage\":\"es\",\"potentialAction\":[{\"@type\":\"ReadAction\",\"target\":[\"https:\\\/\\\/www.cetys.mx\\\/noticias\\\/destacan-bachilleres-en-foro-internacional-emprendedores\\\/\"]}]},{\"@type\":\"ImageObject\",\"inLanguage\":\"es\",\"@id\":\"https:\\\/\\\/www.cetys.mx\\\/noticias\\\/destacan-bachilleres-en-foro-internacional-emprendedores\\\/#primaryimage\",\"url\":\"https:\\\/\\\/www.cetys.mx\\\/noticias\\\/wp-content\\\/uploads\\\/2017\\\/08\\\/PortadaFIEportal.jpg\",\"contentUrl\":\"https:\\\/\\\/www.cetys.mx\\\/noticias\\\/wp-content\\\/uploads\\\/2017\\\/08\\\/PortadaFIEportal.jpg\",\"width\":958,\"height\":637},{\"@type\":\"BreadcrumbList\",\"@id\":\"https:\\\/\\\/www.cetys.mx\\\/noticias\\\/destacan-bachilleres-en-foro-internacional-emprendedores\\\/#breadcrumb\",\"itemListElement\":[{\"@type\":\"ListItem\",\"position\":1,\"name\":\"Inicio\",\"item\":\"https:\\\/\\\/www.cetys.mx\\\/noticias\\\/\"},{\"@type\":\"ListItem\",\"position\":2,\"name\":\"Destacan bachilleres en Foro Internacional de Emprendedores\"}]},{\"@type\":\"WebSite\",\"@id\":\"https:\\\/\\\/www.cetys.mx\\\/noticias\\\/#website\",\"url\":\"https:\\\/\\\/www.cetys.mx\\\/noticias\\\/\",\"name\":\"CETYS\",\"description\":\"\",\"potentialAction\":[{\"@type\":\"SearchAction\",\"target\":{\"@type\":\"EntryPoint\",\"urlTemplate\":\"https:\\\/\\\/www.cetys.mx\\\/noticias\\\/?s={search_term_string}\"},\"query-input\":{\"@type\":\"PropertyValueSpecification\",\"valueRequired\":true,\"valueName\":\"search_term_string\"}}],\"inLanguage\":\"es\"},{\"@type\":\"Person\",\"@id\":\"https:\\\/\\\/www.cetys.mx\\\/noticias\\\/#\\\/schema\\\/person\\\/79a95c4ac185f3705cf1b9c9340a5f70\",\"name\":\"Campus Mexicali\",\"url\":\"https:\\\/\\\/www.cetys.mx\\\/noticias\\\/author\\\/campusmexicali\\\/\"}]}<\/script>\n<!-- \/ Yoast SEO plugin. -->","yoast_head_json":{"title":"Destacan bachilleres en Foro Internacional de Emprendedores - CETYS","description":"Articulo sobre Destacan bachilleres en Foro Internacional de Emprendedores","robots":{"index":"index","follow":"follow","max-snippet":"max-snippet:-1","max-image-preview":"max-image-preview:large","max-video-preview":"max-video-preview:-1"},"canonical":"https:\/\/www.cetys.mx\/noticias\/destacan-bachilleres-en-foro-internacional-emprendedores\/","og_locale":"es_MX","og_type":"article","og_title":"Destacan bachilleres en Foro Internacional de Emprendedores - CETYS","og_description":"Articulo sobre Destacan bachilleres en Foro Internacional de Emprendedores","og_url":"https:\/\/www.cetys.mx\/noticias\/destacan-bachilleres-en-foro-internacional-emprendedores\/","og_site_name":"CETYS","article_publisher":"https:\/\/www.facebook.com\/cetysuniversidadmxl\/","article_published_time":"2017-08-02T00:22:00+00:00","article_modified_time":"2020-03-13T15:58:39+00:00","og_image":[{"width":958,"height":637,"url":"https:\/\/www.cetys.mx\/noticias\/wp-content\/uploads\/2017\/08\/PortadaFIEportal.jpg","type":"image\/jpeg"}],"author":"Campus Mexicali","twitter_card":"summary_large_image","twitter_creator":"@cetysuni","twitter_site":"@cetysuni","twitter_misc":{"Escrito por":"Campus Mexicali","Tiempo de lectura":"1 minuto"},"schema":{"@context":"https:\/\/schema.org","@graph":[{"@type":"Article","@id":"https:\/\/www.cetys.mx\/noticias\/destacan-bachilleres-en-foro-internacional-emprendedores\/#article","isPartOf":{"@id":"https:\/\/www.cetys.mx\/noticias\/destacan-bachilleres-en-foro-internacional-emprendedores\/"},"author":{"name":"Campus Mexicali","@id":"https:\/\/www.cetys.mx\/noticias\/#\/schema\/person\/79a95c4ac185f3705cf1b9c9340a5f70"},"headline":"Destacan bachilleres en Foro Internacional de Emprendedores","datePublished":"2017-08-02T00:22:00+00:00","dateModified":"2020-03-13T15:58:39+00:00","mainEntityOfPage":{"@id":"https:\/\/www.cetys.mx\/noticias\/destacan-bachilleres-en-foro-internacional-emprendedores\/"},"wordCount":292,"commentCount":0,"image":{"@id":"https:\/\/www.cetys.mx\/noticias\/destacan-bachilleres-en-foro-internacional-emprendedores\/#primaryimage"},"thumbnailUrl":"https:\/\/www.cetys.mx\/noticias\/wp-content\/uploads\/2017\/08\/PortadaFIEportal.jpg","keywords":["vocetys-top-2017-08-02"],"articleSection":["Academia","Campus Mexicali","Internacionales","P. Emprendedor","Portada","Preparatoria","VoCETYS"],"inLanguage":"es","potentialAction":[{"@type":"CommentAction","name":"Comment","target":["https:\/\/www.cetys.mx\/noticias\/destacan-bachilleres-en-foro-internacional-emprendedores\/#respond"]}]},{"@type":"WebPage","@id":"https:\/\/www.cetys.mx\/noticias\/destacan-bachilleres-en-foro-internacional-emprendedores\/","url":"https:\/\/www.cetys.mx\/noticias\/destacan-bachilleres-en-foro-internacional-emprendedores\/","name":"Destacan bachilleres en Foro Internacional de Emprendedores - CETYS","isPartOf":{"@id":"https:\/\/www.cetys.mx\/noticias\/#website"},"primaryImageOfPage":{"@id":"https:\/\/www.cetys.mx\/noticias\/destacan-bachilleres-en-foro-internacional-emprendedores\/#primaryimage"},"image":{"@id":"https:\/\/www.cetys.mx\/noticias\/destacan-bachilleres-en-foro-internacional-emprendedores\/#primaryimage"},"thumbnailUrl":"https:\/\/www.cetys.mx\/noticias\/wp-content\/uploads\/2017\/08\/PortadaFIEportal.jpg","datePublished":"2017-08-02T00:22:00+00:00","dateModified":"2020-03-13T15:58:39+00:00","author":{"@id":"https:\/\/www.cetys.mx\/noticias\/#\/schema\/person\/79a95c4ac185f3705cf1b9c9340a5f70"},"description":"Articulo sobre Destacan bachilleres en Foro Internacional de Emprendedores","breadcrumb":{"@id":"https:\/\/www.cetys.mx\/noticias\/destacan-bachilleres-en-foro-internacional-emprendedores\/#breadcrumb"},"inLanguage":"es","potentialAction":[{"@type":"ReadAction","target":["https:\/\/www.cetys.mx\/noticias\/destacan-bachilleres-en-foro-internacional-emprendedores\/"]}]},{"@type":"ImageObject","inLanguage":"es","@id":"https:\/\/www.cetys.mx\/noticias\/destacan-bachilleres-en-foro-internacional-emprendedores\/#primaryimage","url":"https:\/\/www.cetys.mx\/noticias\/wp-content\/uploads\/2017\/08\/PortadaFIEportal.jpg","contentUrl":"https:\/\/www.cetys.mx\/noticias\/wp-content\/uploads\/2017\/08\/PortadaFIEportal.jpg","width":958,"height":637},{"@type":"BreadcrumbList","@id":"https:\/\/www.cetys.mx\/noticias\/destacan-bachilleres-en-foro-internacional-emprendedores\/#breadcrumb","itemListElement":[{"@type":"ListItem","position":1,"name":"Inicio","item":"https:\/\/www.cetys.mx\/noticias\/"},{"@type":"ListItem","position":2,"name":"Destacan bachilleres en Foro Internacional de Emprendedores"}]},{"@type":"WebSite","@id":"https:\/\/www.cetys.mx\/noticias\/#website","url":"https:\/\/www.cetys.mx\/noticias\/","name":"CETYS","description":"","potentialAction":[{"@type":"SearchAction","target":{"@type":"EntryPoint","urlTemplate":"https:\/\/www.cetys.mx\/noticias\/?s={search_term_string}"},"query-input":{"@type":"PropertyValueSpecification","valueRequired":true,"valueName":"search_term_string"}}],"inLanguage":"es"},{"@type":"Person","@id":"https:\/\/www.cetys.mx\/noticias\/#\/schema\/person\/79a95c4ac185f3705cf1b9c9340a5f70","name":"Campus Mexicali","url":"https:\/\/www.cetys.mx\/noticias\/author\/campusmexicali\/"}]}},"_links":{"self":[{"href":"https:\/\/www.cetys.mx\/noticias\/wp-json\/wp\/v2\/posts\/73327","targetHints":{"allow":["GET"]}}],"collection":[{"href":"https:\/\/www.cetys.mx\/noticias\/wp-json\/wp\/v2\/posts"}],"about":[{"href":"https:\/\/www.cetys.mx\/noticias\/wp-json\/wp\/v2\/types\/post"}],"author":[{"embeddable":true,"href":"https:\/\/www.cetys.mx\/noticias\/wp-json\/wp\/v2\/users\/20"}],"replies":[{"embeddable":true,"href":"https:\/\/www.cetys.mx\/noticias\/wp-json\/wp\/v2\/comments?post=73327"}],"version-history":[{"count":0,"href":"https:\/\/www.cetys.mx\/noticias\/wp-json\/wp\/v2\/posts\/73327\/revisions"}],"wp:featuredmedia":[{"embeddable":true,"href":"https:\/\/www.cetys.mx\/noticias\/wp-json\/wp\/v2\/media\/73331"}],"wp:attachment":[{"href":"https:\/\/www.cetys.mx\/noticias\/wp-json\/wp\/v2\/media?parent=73327"}],"wp:term":[{"taxonomy":"category","embeddable":true,"href":"https:\/\/www.cetys.mx\/noticias\/wp-json\/wp\/v2\/categories?post=73327"},{"taxonomy":"post_tag","embeddable":true,"href":"https:\/\/www.cetys.mx\/noticias\/wp-json\/wp\/v2\/tags?post=73327"}],"curies":[{"name":"wp","href":"https:\/\/api.w.org\/{rel}","templated":true}]}}