{"id":73016,"date":"2017-07-19T15:41:21","date_gmt":"2017-07-19T22:41:21","guid":{"rendered":"http:\/\/www.cetys.mx\/noticias\/?p=73016"},"modified":"2017-07-19T15:41:21","modified_gmt":"2017-07-19T22:41:21","slug":"listas-para-representar-a-mexico-en-mundiales-de-baloncesto","status":"publish","type":"post","link":"https:\/\/www.cetys.mx\/noticias\/listas-para-representar-a-mexico-en-mundiales-de-baloncesto\/","title":{"rendered":"Listas para representar a M\u00e9xico en Mundiales de Baloncesto"},"content":{"rendered":"<p align=\"justify\"><a href=\"https:\/\/www.cetys.mx\/noticias\/wp-content\/uploads\/2017\/07\/cetys_mayor17-1.jpg\"><img loading=\"lazy\" decoding=\"async\" class=\"wp-image-73028 alignleft\" src=\"https:\/\/www.cetys.mx\/noticias\/wp-content\/uploads\/2017\/07\/cetys_mayor17-1.jpg\" alt=\"cetys_mayor17-1\" width=\"350\" height=\"525\" \/><\/a>Contin\u00faa destacando el talento de la comunidad deportiva de <strong>Zorros<\/strong> del <a href=\"https:\/\/cetys.mx\">CETYS Universidad<\/a>, en esta ocasi\u00f3n tras haber sido convocadas <strong>dos jugadoras del equipo Femenil de Baloncesto de Preparatoria y Universidad<\/strong>, ambas de Campus Tijuana, para participar en la <a href=\"https:\/\/www.fiba.com\/es\/world\/u19women\/2017\">Women\u2019s Basketball World Cup U19<\/a> y la <a href=\"https:\/\/www.fiba.com\/womensamericup\/2017\">Women\u2019s Americup 2017<\/a> como miembros clave para la Selecci\u00f3n Mexicana.<\/p>\n<p align=\"justify\">Se trata de <strong>Itzel Figueroa Pivot<\/strong>, recientemente egresada de nivel Preparatoria, y <a href=\"https:\/\/www.youtube.com\/watch?v=AAXb3OrDK8w\">Myriam Lara Ackerman<\/a>, estudiante de Posgrado, quienes fueron seleccionadas entre las mejores basquetbolistas de todo el pa\u00eds para participar en los <strong>encuentros internacionales con sede en Italia y Argentina<\/strong>, respectivamente, durante el mes de julio y agosto.<\/p>\n<p align=\"justify\">En el caso de <strong>Figueroa<\/strong>, <em>viajar\u00e1 a Italia del 22 al 30 de julio<\/em> para un primer encuentro con la <strong>Selecci\u00f3n Mexicana Sub-19<\/strong> este <em>s\u00e1bado 22 de julio<\/em> contra <strong>Hungr\u00eda<\/strong> a partir de las <strong>15:45 horas<\/strong>, posteriormente el <em>domingo 23<\/em> se enfrentar\u00e1n a <strong>Australia<\/strong> y el <em>martes 25<\/em> contra <strong>Jap\u00f3n<\/strong>, esto tras el sorteo que incluy\u00f3 a nuestro pa\u00eds en el Grupo D; en total <strong>participar\u00e1n los mejores 16 equipos de todo el mundo<\/strong>. Los juegos se podr\u00e1n seguir <strong>en vivo<\/strong> a trav\u00e9s de\u00a0<a href=\"https:\/\/r20.rs6.net\/tn.jsp?f=001iB0zoDr_GqtVQ5ZaCgXD9rQ-Lkxy3b5qvQIYWFFlbmRpI89fEoCey3mCT6A0ouPkPvUkCZ5aGdFTDlis2M-3YYA8pPW9HUNrrIS676a9gaB5PED44yty1UWVJnZd_-QTrQZiezUmDdU8eiyNil8n3VcDKDB9RHUPgwO2fW6Tv3pp7lY8v4DIQCTKsEV04KyTeRLP0Qt1u5Q=&amp;c=MZ3E6rHwNPPviiehDsNy8sL-3FoSHoI0apABJuCZCFK2ewu52Caxxg==&amp;ch=r5TYJchVwaTr_pY0A66UgvpX6TNplvT8fiCwRo4LKTGKgV34HL6OoA==\" target=\"_blank\" data-saferedirecturl=\"https:\/\/www.google.com\/url?hl=es&amp;q=https:\/\/r20.rs6.net\/tn.jsp?f%3D001iB0zoDr_GqtVQ5ZaCgXD9rQ-Lkxy3b5qvQIYWFFlbmRpI89fEoCey3mCT6A0ouPkPvUkCZ5aGdFTDlis2M-3YYA8pPW9HUNrrIS676a9gaB5PED44yty1UWVJnZd_-QTrQZiezUmDdU8eiyNil8n3VcDKDB9RHUPgwO2fW6Tv3pp7lY8v4DIQCTKsEV04KyTeRLP0Qt1u5Q%3D%26c%3DMZ3E6rHwNPPviiehDsNy8sL-3FoSHoI0apABJuCZCFK2ewu52Caxxg%3D%3D%26ch%3Dr5TYJchVwaTr_pY0A66UgvpX6TNplvT8fiCwRo4LKTGKgV34HL6OoA%3D%3D&amp;source=gmail&amp;ust=1500579426148000&amp;usg=AFQjCNGtoqm6hru5zkGhuADfW7oy12szxA\">https:\/\/www.fiba.com\/es\/world\/<wbr \/>u19women\/2017<\/a><a href=\"https:\/\/www.cetys.mx\/noticias\/wp-content\/uploads\/2017\/07\/cetys_sub19-1.jpg\"><img loading=\"lazy\" decoding=\"async\" class=\"alignright wp-image-73029\" src=\"https:\/\/www.cetys.mx\/noticias\/wp-content\/uploads\/2017\/07\/cetys_sub19-1.jpg\" alt=\"cetys_sub19-1\" width=\"350\" height=\"525\" \/><\/a><\/p>\n<p align=\"justify\">Por otro lado,\u00a0<strong>Lara Ackerman<\/strong>, tras unos d\u00edas de haber logrado la medalla de plata en la Women\u2019s Centrobasket Championship con sede en las Islas V\u00edrgenes, continuar\u00e1 su participaci\u00f3n con la\u00a0<strong>Selecci\u00f3n Mayor Mexicana<\/strong>\u00a0del\u00a0<em>s\u00e1bado 6 al domingo 13 de agosto<\/em>\u00a0en\u00a0<strong>Buenos Aires, Argentina<\/strong>.\u00a0<strong>Ah\u00ed enfrentar\u00e1n a los 10 mejores selectivos del continente<\/strong>, tales como Brasil, Canad\u00e1, Cuba y Puerto Rico, por mencionar algunos y en horarios a\u00fan por confirmar.<\/p>\n<p align=\"justify\">Es importante mencionar que esta <span style=\"text-decoration: underline;\">no es la primera ocasi\u00f3n en que atletas del Sistema CETYS Universidad son convocados para representar a M\u00e9xico en competencias con trascendencia internacional<\/span>; pues adem\u00e1s del baloncesto, tambi\u00e9n se ha dado el caso con j\u00f3venes del equipo de voleibol, as\u00ed como disciplinas individuales, tal es el caso de tiro con arco.<\/p>\n","protected":false},"excerpt":{"rendered":"<p>Contin\u00faa destacando el talento de la comunidad deportiva de Zorros del CETYS Universidad, en esta ocasi\u00f3n tras haber sido convocadas dos jugadoras&#8230;<\/p>\n","protected":false},"author":24,"featured_media":73023,"comment_status":"open","ping_status":"open","sticky":false,"template":"","format":"standard","meta":{"footnotes":""},"categories":[134,312,125,318,306],"tags":[],"class_list":["post-73016","post","type-post","status-publish","format-standard","has-post-thumbnail","hentry","category-campus-tijuana","category-deportes","category-portada","category-preparatoria","category-profesional"],"yoast_head":"<!-- This site is optimized with the Yoast SEO plugin v27.4 - https:\/\/yoast.com\/product\/yoast-seo-wordpress\/ -->\n<title>Listas para representar a M\u00e9xico en Mundiales de Baloncesto - CETYS<\/title>\n<meta name=\"description\" content=\"Myriam Lara e Itzel Figueroa fueron convocadas por la Selecci\u00f3n Mexicana Mayor y Sub-19 para sus encuentros internacionales en Argentina e Italia.\" \/>\n<meta name=\"robots\" content=\"index, follow, max-snippet:-1, max-image-preview:large, max-video-preview:-1\" \/>\n<link rel=\"canonical\" href=\"https:\/\/www.cetys.mx\/noticias\/listas-para-representar-a-mexico-en-mundiales-de-baloncesto\/\" \/>\n<meta property=\"og:locale\" content=\"es_MX\" \/>\n<meta property=\"og:type\" content=\"article\" \/>\n<meta property=\"og:title\" content=\"Listas para representar a M\u00e9xico en Mundiales de Baloncesto - CETYS\" \/>\n<meta property=\"og:description\" content=\"Myriam Lara e Itzel Figueroa fueron convocadas por la Selecci\u00f3n Mexicana Mayor y Sub-19 para sus encuentros internacionales en Argentina e Italia.\" \/>\n<meta property=\"og:url\" content=\"https:\/\/www.cetys.mx\/noticias\/listas-para-representar-a-mexico-en-mundiales-de-baloncesto\/\" \/>\n<meta property=\"og:site_name\" content=\"CETYS\" \/>\n<meta property=\"article:publisher\" content=\"https:\/\/www.facebook.com\/cetysuniversidadmxl\/\" \/>\n<meta property=\"article:published_time\" content=\"2017-07-19T22:41:21+00:00\" \/>\n<meta property=\"og:image\" content=\"https:\/\/www.cetys.mx\/noticias\/wp-content\/uploads\/2017\/07\/cetys_worldcup.jpg\" \/>\n\t<meta property=\"og:image:width\" content=\"958\" \/>\n\t<meta property=\"og:image:height\" content=\"637\" \/>\n\t<meta property=\"og:image:type\" content=\"image\/jpeg\" \/>\n<meta name=\"author\" content=\"Campus Tijuana\" \/>\n<meta name=\"twitter:card\" content=\"summary_large_image\" \/>\n<meta name=\"twitter:creator\" content=\"@cetysuni\" \/>\n<meta name=\"twitter:site\" content=\"@cetysuni\" \/>\n<meta name=\"twitter:label1\" content=\"Escrito por\" \/>\n\t<meta name=\"twitter:data1\" content=\"Campus Tijuana\" \/>\n\t<meta name=\"twitter:label2\" content=\"Tiempo de lectura\" \/>\n\t<meta name=\"twitter:data2\" content=\"2 minutos\" \/>\n<script type=\"application\/ld+json\" class=\"yoast-schema-graph\">{\"@context\":\"https:\\\/\\\/schema.org\",\"@graph\":[{\"@type\":\"Article\",\"@id\":\"https:\\\/\\\/www.cetys.mx\\\/noticias\\\/listas-para-representar-a-mexico-en-mundiales-de-baloncesto\\\/#article\",\"isPartOf\":{\"@id\":\"https:\\\/\\\/www.cetys.mx\\\/noticias\\\/listas-para-representar-a-mexico-en-mundiales-de-baloncesto\\\/\"},\"author\":{\"name\":\"Campus Tijuana\",\"@id\":\"https:\\\/\\\/www.cetys.mx\\\/noticias\\\/#\\\/schema\\\/person\\\/e790051ce60e18ae47cfa87011c8653f\"},\"headline\":\"Listas para representar a M\u00e9xico en Mundiales de Baloncesto\",\"datePublished\":\"2017-07-19T22:41:21+00:00\",\"mainEntityOfPage\":{\"@id\":\"https:\\\/\\\/www.cetys.mx\\\/noticias\\\/listas-para-representar-a-mexico-en-mundiales-de-baloncesto\\\/\"},\"wordCount\":352,\"commentCount\":0,\"image\":{\"@id\":\"https:\\\/\\\/www.cetys.mx\\\/noticias\\\/listas-para-representar-a-mexico-en-mundiales-de-baloncesto\\\/#primaryimage\"},\"thumbnailUrl\":\"https:\\\/\\\/www.cetys.mx\\\/noticias\\\/wp-content\\\/uploads\\\/2017\\\/07\\\/cetys_worldcup.jpg\",\"articleSection\":[\"Campus Tijuana\",\"Deportes\",\"Portada\",\"Preparatoria\",\"Profesional\"],\"inLanguage\":\"es\",\"potentialAction\":[{\"@type\":\"CommentAction\",\"name\":\"Comment\",\"target\":[\"https:\\\/\\\/www.cetys.mx\\\/noticias\\\/listas-para-representar-a-mexico-en-mundiales-de-baloncesto\\\/#respond\"]}]},{\"@type\":\"WebPage\",\"@id\":\"https:\\\/\\\/www.cetys.mx\\\/noticias\\\/listas-para-representar-a-mexico-en-mundiales-de-baloncesto\\\/\",\"url\":\"https:\\\/\\\/www.cetys.mx\\\/noticias\\\/listas-para-representar-a-mexico-en-mundiales-de-baloncesto\\\/\",\"name\":\"Listas para representar a M\u00e9xico en Mundiales de Baloncesto - CETYS\",\"isPartOf\":{\"@id\":\"https:\\\/\\\/www.cetys.mx\\\/noticias\\\/#website\"},\"primaryImageOfPage\":{\"@id\":\"https:\\\/\\\/www.cetys.mx\\\/noticias\\\/listas-para-representar-a-mexico-en-mundiales-de-baloncesto\\\/#primaryimage\"},\"image\":{\"@id\":\"https:\\\/\\\/www.cetys.mx\\\/noticias\\\/listas-para-representar-a-mexico-en-mundiales-de-baloncesto\\\/#primaryimage\"},\"thumbnailUrl\":\"https:\\\/\\\/www.cetys.mx\\\/noticias\\\/wp-content\\\/uploads\\\/2017\\\/07\\\/cetys_worldcup.jpg\",\"datePublished\":\"2017-07-19T22:41:21+00:00\",\"author\":{\"@id\":\"https:\\\/\\\/www.cetys.mx\\\/noticias\\\/#\\\/schema\\\/person\\\/e790051ce60e18ae47cfa87011c8653f\"},\"description\":\"Myriam Lara e Itzel Figueroa fueron convocadas por la Selecci\u00f3n Mexicana Mayor y Sub-19 para sus encuentros internacionales en Argentina e Italia.\",\"breadcrumb\":{\"@id\":\"https:\\\/\\\/www.cetys.mx\\\/noticias\\\/listas-para-representar-a-mexico-en-mundiales-de-baloncesto\\\/#breadcrumb\"},\"inLanguage\":\"es\",\"potentialAction\":[{\"@type\":\"ReadAction\",\"target\":[\"https:\\\/\\\/www.cetys.mx\\\/noticias\\\/listas-para-representar-a-mexico-en-mundiales-de-baloncesto\\\/\"]}]},{\"@type\":\"ImageObject\",\"inLanguage\":\"es\",\"@id\":\"https:\\\/\\\/www.cetys.mx\\\/noticias\\\/listas-para-representar-a-mexico-en-mundiales-de-baloncesto\\\/#primaryimage\",\"url\":\"https:\\\/\\\/www.cetys.mx\\\/noticias\\\/wp-content\\\/uploads\\\/2017\\\/07\\\/cetys_worldcup.jpg\",\"contentUrl\":\"https:\\\/\\\/www.cetys.mx\\\/noticias\\\/wp-content\\\/uploads\\\/2017\\\/07\\\/cetys_worldcup.jpg\",\"width\":958,\"height\":637},{\"@type\":\"BreadcrumbList\",\"@id\":\"https:\\\/\\\/www.cetys.mx\\\/noticias\\\/listas-para-representar-a-mexico-en-mundiales-de-baloncesto\\\/#breadcrumb\",\"itemListElement\":[{\"@type\":\"ListItem\",\"position\":1,\"name\":\"Inicio\",\"item\":\"https:\\\/\\\/www.cetys.mx\\\/noticias\\\/\"},{\"@type\":\"ListItem\",\"position\":2,\"name\":\"Listas para representar a M\u00e9xico en Mundiales de Baloncesto\"}]},{\"@type\":\"WebSite\",\"@id\":\"https:\\\/\\\/www.cetys.mx\\\/noticias\\\/#website\",\"url\":\"https:\\\/\\\/www.cetys.mx\\\/noticias\\\/\",\"name\":\"CETYS\",\"description\":\"\",\"potentialAction\":[{\"@type\":\"SearchAction\",\"target\":{\"@type\":\"EntryPoint\",\"urlTemplate\":\"https:\\\/\\\/www.cetys.mx\\\/noticias\\\/?s={search_term_string}\"},\"query-input\":{\"@type\":\"PropertyValueSpecification\",\"valueRequired\":true,\"valueName\":\"search_term_string\"}}],\"inLanguage\":\"es\"},{\"@type\":\"Person\",\"@id\":\"https:\\\/\\\/www.cetys.mx\\\/noticias\\\/#\\\/schema\\\/person\\\/e790051ce60e18ae47cfa87011c8653f\",\"name\":\"Campus Tijuana\",\"url\":\"https:\\\/\\\/www.cetys.mx\\\/noticias\\\/author\\\/campustijuana\\\/\"}]}<\/script>\n<!-- \/ Yoast SEO plugin. -->","yoast_head_json":{"title":"Listas para representar a M\u00e9xico en Mundiales de Baloncesto - CETYS","description":"Myriam Lara e Itzel Figueroa fueron convocadas por la Selecci\u00f3n Mexicana Mayor y Sub-19 para sus encuentros internacionales en Argentina e Italia.","robots":{"index":"index","follow":"follow","max-snippet":"max-snippet:-1","max-image-preview":"max-image-preview:large","max-video-preview":"max-video-preview:-1"},"canonical":"https:\/\/www.cetys.mx\/noticias\/listas-para-representar-a-mexico-en-mundiales-de-baloncesto\/","og_locale":"es_MX","og_type":"article","og_title":"Listas para representar a M\u00e9xico en Mundiales de Baloncesto - CETYS","og_description":"Myriam Lara e Itzel Figueroa fueron convocadas por la Selecci\u00f3n Mexicana Mayor y Sub-19 para sus encuentros internacionales en Argentina e Italia.","og_url":"https:\/\/www.cetys.mx\/noticias\/listas-para-representar-a-mexico-en-mundiales-de-baloncesto\/","og_site_name":"CETYS","article_publisher":"https:\/\/www.facebook.com\/cetysuniversidadmxl\/","article_published_time":"2017-07-19T22:41:21+00:00","og_image":[{"width":958,"height":637,"url":"https:\/\/www.cetys.mx\/noticias\/wp-content\/uploads\/2017\/07\/cetys_worldcup.jpg","type":"image\/jpeg"}],"author":"Campus Tijuana","twitter_card":"summary_large_image","twitter_creator":"@cetysuni","twitter_site":"@cetysuni","twitter_misc":{"Escrito por":"Campus Tijuana","Tiempo de lectura":"2 minutos"},"schema":{"@context":"https:\/\/schema.org","@graph":[{"@type":"Article","@id":"https:\/\/www.cetys.mx\/noticias\/listas-para-representar-a-mexico-en-mundiales-de-baloncesto\/#article","isPartOf":{"@id":"https:\/\/www.cetys.mx\/noticias\/listas-para-representar-a-mexico-en-mundiales-de-baloncesto\/"},"author":{"name":"Campus Tijuana","@id":"https:\/\/www.cetys.mx\/noticias\/#\/schema\/person\/e790051ce60e18ae47cfa87011c8653f"},"headline":"Listas para representar a M\u00e9xico en Mundiales de Baloncesto","datePublished":"2017-07-19T22:41:21+00:00","mainEntityOfPage":{"@id":"https:\/\/www.cetys.mx\/noticias\/listas-para-representar-a-mexico-en-mundiales-de-baloncesto\/"},"wordCount":352,"commentCount":0,"image":{"@id":"https:\/\/www.cetys.mx\/noticias\/listas-para-representar-a-mexico-en-mundiales-de-baloncesto\/#primaryimage"},"thumbnailUrl":"https:\/\/www.cetys.mx\/noticias\/wp-content\/uploads\/2017\/07\/cetys_worldcup.jpg","articleSection":["Campus Tijuana","Deportes","Portada","Preparatoria","Profesional"],"inLanguage":"es","potentialAction":[{"@type":"CommentAction","name":"Comment","target":["https:\/\/www.cetys.mx\/noticias\/listas-para-representar-a-mexico-en-mundiales-de-baloncesto\/#respond"]}]},{"@type":"WebPage","@id":"https:\/\/www.cetys.mx\/noticias\/listas-para-representar-a-mexico-en-mundiales-de-baloncesto\/","url":"https:\/\/www.cetys.mx\/noticias\/listas-para-representar-a-mexico-en-mundiales-de-baloncesto\/","name":"Listas para representar a M\u00e9xico en Mundiales de Baloncesto - CETYS","isPartOf":{"@id":"https:\/\/www.cetys.mx\/noticias\/#website"},"primaryImageOfPage":{"@id":"https:\/\/www.cetys.mx\/noticias\/listas-para-representar-a-mexico-en-mundiales-de-baloncesto\/#primaryimage"},"image":{"@id":"https:\/\/www.cetys.mx\/noticias\/listas-para-representar-a-mexico-en-mundiales-de-baloncesto\/#primaryimage"},"thumbnailUrl":"https:\/\/www.cetys.mx\/noticias\/wp-content\/uploads\/2017\/07\/cetys_worldcup.jpg","datePublished":"2017-07-19T22:41:21+00:00","author":{"@id":"https:\/\/www.cetys.mx\/noticias\/#\/schema\/person\/e790051ce60e18ae47cfa87011c8653f"},"description":"Myriam Lara e Itzel Figueroa fueron convocadas por la Selecci\u00f3n Mexicana Mayor y Sub-19 para sus encuentros internacionales en Argentina e Italia.","breadcrumb":{"@id":"https:\/\/www.cetys.mx\/noticias\/listas-para-representar-a-mexico-en-mundiales-de-baloncesto\/#breadcrumb"},"inLanguage":"es","potentialAction":[{"@type":"ReadAction","target":["https:\/\/www.cetys.mx\/noticias\/listas-para-representar-a-mexico-en-mundiales-de-baloncesto\/"]}]},{"@type":"ImageObject","inLanguage":"es","@id":"https:\/\/www.cetys.mx\/noticias\/listas-para-representar-a-mexico-en-mundiales-de-baloncesto\/#primaryimage","url":"https:\/\/www.cetys.mx\/noticias\/wp-content\/uploads\/2017\/07\/cetys_worldcup.jpg","contentUrl":"https:\/\/www.cetys.mx\/noticias\/wp-content\/uploads\/2017\/07\/cetys_worldcup.jpg","width":958,"height":637},{"@type":"BreadcrumbList","@id":"https:\/\/www.cetys.mx\/noticias\/listas-para-representar-a-mexico-en-mundiales-de-baloncesto\/#breadcrumb","itemListElement":[{"@type":"ListItem","position":1,"name":"Inicio","item":"https:\/\/www.cetys.mx\/noticias\/"},{"@type":"ListItem","position":2,"name":"Listas para representar a M\u00e9xico en Mundiales de Baloncesto"}]},{"@type":"WebSite","@id":"https:\/\/www.cetys.mx\/noticias\/#website","url":"https:\/\/www.cetys.mx\/noticias\/","name":"CETYS","description":"","potentialAction":[{"@type":"SearchAction","target":{"@type":"EntryPoint","urlTemplate":"https:\/\/www.cetys.mx\/noticias\/?s={search_term_string}"},"query-input":{"@type":"PropertyValueSpecification","valueRequired":true,"valueName":"search_term_string"}}],"inLanguage":"es"},{"@type":"Person","@id":"https:\/\/www.cetys.mx\/noticias\/#\/schema\/person\/e790051ce60e18ae47cfa87011c8653f","name":"Campus Tijuana","url":"https:\/\/www.cetys.mx\/noticias\/author\/campustijuana\/"}]}},"_links":{"self":[{"href":"https:\/\/www.cetys.mx\/noticias\/wp-json\/wp\/v2\/posts\/73016","targetHints":{"allow":["GET"]}}],"collection":[{"href":"https:\/\/www.cetys.mx\/noticias\/wp-json\/wp\/v2\/posts"}],"about":[{"href":"https:\/\/www.cetys.mx\/noticias\/wp-json\/wp\/v2\/types\/post"}],"author":[{"embeddable":true,"href":"https:\/\/www.cetys.mx\/noticias\/wp-json\/wp\/v2\/users\/24"}],"replies":[{"embeddable":true,"href":"https:\/\/www.cetys.mx\/noticias\/wp-json\/wp\/v2\/comments?post=73016"}],"version-history":[{"count":0,"href":"https:\/\/www.cetys.mx\/noticias\/wp-json\/wp\/v2\/posts\/73016\/revisions"}],"wp:featuredmedia":[{"embeddable":true,"href":"https:\/\/www.cetys.mx\/noticias\/wp-json\/wp\/v2\/media\/73023"}],"wp:attachment":[{"href":"https:\/\/www.cetys.mx\/noticias\/wp-json\/wp\/v2\/media?parent=73016"}],"wp:term":[{"taxonomy":"category","embeddable":true,"href":"https:\/\/www.cetys.mx\/noticias\/wp-json\/wp\/v2\/categories?post=73016"},{"taxonomy":"post_tag","embeddable":true,"href":"https:\/\/www.cetys.mx\/noticias\/wp-json\/wp\/v2\/tags?post=73016"}],"curies":[{"name":"wp","href":"https:\/\/api.w.org\/{rel}","templated":true}]}}