{"id":72925,"date":"2017-07-18T10:04:36","date_gmt":"2017-07-18T17:04:36","guid":{"rendered":"http:\/\/www.cetys.mx\/noticias\/?p=72925"},"modified":"2017-10-10T19:00:19","modified_gmt":"2017-10-11T02:00:19","slug":"inicia-summer-program-cetys-universidad","status":"publish","type":"post","link":"https:\/\/www.cetys.mx\/noticias\/inicia-summer-program-cetys-universidad\/","title":{"rendered":"Inicia el Summer Program de CETYS Universidad"},"content":{"rendered":"<p>Un total de 8 maestros y m\u00e1s de 100 estudiantes, de los cuales 30 son extranjeros, estar\u00e1n participando en la quinta edici\u00f3n del \u201cInternational Summer Program (ISP) 2017\u201d de CETYS Universidad Campus Internacional Ensenada.<\/p>\n<p>&nbsp;<\/p>\n<p>Los alumnos estar\u00e1n 10 d\u00edas en Ensenada tomando clases como: Administraci\u00f3n Estrat\u00e9gica, Dise\u00f1o Tipogr\u00e1fico, Relaciones P\u00fablicas, Comportamiento Transcultural, Derecho Internacional, Mercadotecnia Internacional, \u00c9tica e Innovaci\u00f3n y Desarrollo.<\/p>\n<p>&nbsp;<\/p>\n<p>El Director Acad\u00e9mico de CETYS Campus Ensenada, el Dr. Oscar Barroso, dio la bienvenida a los alumnos que tendr\u00e1n una gran experiencia en Ensenada, recorriendo distintas empresas como: GST Automotive, CPP, Advancio Software, Famosa, Dialight, Atenea en el Mar, CEMEX , entre otras.<\/p>\n<p>&nbsp;<\/p>\n<p>\u201cEste programa significa el triunfo de una idea, de una Universidad con vocaci\u00f3n global, y de un grupo de empresarios que han apoyado la creencia de que Baja California y M\u00e9xico puede ser y, de hecho ha demostrado que es, un Estado y un pa\u00eds, capaz de aportar profesionistas de nivel internacional, desde Baja California para el Mundo\u201d, declar\u00f3.<\/p>\n<p>&nbsp;<\/p>\n<p>\u201cEn esta edici\u00f3n contamos con un total de 135 alumnos de los cuales 30 de ellos son extranjeros. Estar\u00e1n teniendo 8 materias de distintas profesiones, eventos culturales, salidas recreativas y visitas a empresas en Ensenada como: Atenea en el Mar, SEMPRA, NAVICO, FAMOSA, FENDER, API. Todo esto en un lapso de 10 d\u00edas.\u201d<em><strong>\u00a0<\/strong><\/em>Afirm\u00f3.<\/p>\n<p>&nbsp;<\/p>\n<p>La Mtra. Yasmin \u00c1vila Silva, Coordinadora de Programas Internacionales y Coordinadora del ISP, explic\u00f3 que el evento consiste en otorgarles a los j\u00f3venes estudiantes de licenciatura, vivencias internacionales que enriquezcan su formaci\u00f3n profesional.<\/p>\n<p>&nbsp;<\/p>\n<p>Cabe resaltar que el ISP, detona los eventos globales del CETYS Universidad Campus Internacional Ensenada, el cual busca impulsar y desplegar iniciativas que generen valor y propicien la innovaci\u00f3n, para apoyar la consolidaci\u00f3n de la estrategia de internacionalizaci\u00f3n del Sistema CETYS Universidad.<\/p>\n<p><strong>Para ver el video de la inauguracion da click al link:<\/strong><\/p>\n<div class=\"video-container\"><iframe loading=\"lazy\" title=\"International Summer Program 2017\" width=\"500\" height=\"281\" src=\"https:\/\/www.youtube.com\/embed\/0CN5lE0Y1fg?feature=oembed\" frameborder=\"0\" allow=\"accelerometer; autoplay; clipboard-write; encrypted-media; gyroscope; picture-in-picture; web-share\" referrerpolicy=\"strict-origin-when-cross-origin\" allowfullscreen><\/iframe><\/div>\n","protected":false},"excerpt":{"rendered":"<p>Un total de 8 maestros y m\u00e1s de 100 estudiantes, de los cuales 30 son extranjeros, estar\u00e1n participando en la quinta edici\u00f3n&#8230;<\/p>\n","protected":false},"author":23,"featured_media":72928,"comment_status":"open","ping_status":"open","sticky":false,"template":"","format":"standard","meta":{"footnotes":""},"categories":[132],"tags":[],"class_list":["post-72925","post","type-post","status-publish","format-standard","has-post-thumbnail","hentry","category-campus-ensenada"],"yoast_head":"<!-- This site is optimized with the Yoast SEO plugin v27.4 - https:\/\/yoast.com\/product\/yoast-seo-wordpress\/ -->\n<title>Inicia el Summer Program de CETYS Universidad - CETYS<\/title>\n<meta name=\"description\" content=\"Articulo sobre Inicia el Summer Program de CETYS Universidad\" \/>\n<meta name=\"robots\" content=\"index, follow, max-snippet:-1, max-image-preview:large, max-video-preview:-1\" \/>\n<link rel=\"canonical\" href=\"https:\/\/www.cetys.mx\/noticias\/inicia-summer-program-cetys-universidad\/\" \/>\n<meta property=\"og:locale\" content=\"es_MX\" \/>\n<meta property=\"og:type\" content=\"article\" \/>\n<meta property=\"og:title\" content=\"Inicia el Summer Program de CETYS Universidad - CETYS\" \/>\n<meta property=\"og:description\" content=\"Articulo sobre Inicia el Summer Program de CETYS Universidad\" \/>\n<meta property=\"og:url\" content=\"https:\/\/www.cetys.mx\/noticias\/inicia-summer-program-cetys-universidad\/\" \/>\n<meta property=\"og:site_name\" content=\"CETYS\" \/>\n<meta property=\"article:publisher\" content=\"https:\/\/www.facebook.com\/cetysuniversidadmxl\/\" \/>\n<meta property=\"article:published_time\" content=\"2017-07-18T17:04:36+00:00\" \/>\n<meta property=\"article:modified_time\" content=\"2017-10-11T02:00:19+00:00\" \/>\n<meta property=\"og:image\" content=\"https:\/\/www.cetys.mx\/noticias\/wp-content\/uploads\/2017\/07\/Untitled-1.jpg\" \/>\n\t<meta property=\"og:image:width\" content=\"958\" \/>\n\t<meta property=\"og:image:height\" content=\"637\" \/>\n\t<meta property=\"og:image:type\" content=\"image\/jpeg\" \/>\n<meta name=\"author\" content=\"Campus Ensenada\" \/>\n<meta name=\"twitter:card\" content=\"summary_large_image\" \/>\n<meta name=\"twitter:creator\" content=\"@cetysuni\" \/>\n<meta name=\"twitter:site\" content=\"@cetysuni\" \/>\n<meta name=\"twitter:label1\" content=\"Escrito por\" \/>\n\t<meta name=\"twitter:data1\" content=\"Campus Ensenada\" \/>\n\t<meta name=\"twitter:label2\" content=\"Tiempo de lectura\" \/>\n\t<meta name=\"twitter:data2\" content=\"2 minutos\" \/>\n<script type=\"application\/ld+json\" class=\"yoast-schema-graph\">{\"@context\":\"https:\\\/\\\/schema.org\",\"@graph\":[{\"@type\":\"Article\",\"@id\":\"https:\\\/\\\/www.cetys.mx\\\/noticias\\\/inicia-summer-program-cetys-universidad\\\/#article\",\"isPartOf\":{\"@id\":\"https:\\\/\\\/www.cetys.mx\\\/noticias\\\/inicia-summer-program-cetys-universidad\\\/\"},\"author\":{\"name\":\"Campus Ensenada\",\"@id\":\"https:\\\/\\\/www.cetys.mx\\\/noticias\\\/#\\\/schema\\\/person\\\/1a1a88c0b6586e66a2e9e88e07afc712\"},\"headline\":\"Inicia el Summer Program de CETYS Universidad\",\"datePublished\":\"2017-07-18T17:04:36+00:00\",\"dateModified\":\"2017-10-11T02:00:19+00:00\",\"mainEntityOfPage\":{\"@id\":\"https:\\\/\\\/www.cetys.mx\\\/noticias\\\/inicia-summer-program-cetys-universidad\\\/\"},\"wordCount\":340,\"commentCount\":0,\"image\":{\"@id\":\"https:\\\/\\\/www.cetys.mx\\\/noticias\\\/inicia-summer-program-cetys-universidad\\\/#primaryimage\"},\"thumbnailUrl\":\"https:\\\/\\\/www.cetys.mx\\\/noticias\\\/wp-content\\\/uploads\\\/2017\\\/07\\\/Untitled-1.jpg\",\"articleSection\":[\"Campus Ensenada\"],\"inLanguage\":\"es\",\"potentialAction\":[{\"@type\":\"CommentAction\",\"name\":\"Comment\",\"target\":[\"https:\\\/\\\/www.cetys.mx\\\/noticias\\\/inicia-summer-program-cetys-universidad\\\/#respond\"]}]},{\"@type\":\"WebPage\",\"@id\":\"https:\\\/\\\/www.cetys.mx\\\/noticias\\\/inicia-summer-program-cetys-universidad\\\/\",\"url\":\"https:\\\/\\\/www.cetys.mx\\\/noticias\\\/inicia-summer-program-cetys-universidad\\\/\",\"name\":\"Inicia el Summer Program de CETYS Universidad - CETYS\",\"isPartOf\":{\"@id\":\"https:\\\/\\\/www.cetys.mx\\\/noticias\\\/#website\"},\"primaryImageOfPage\":{\"@id\":\"https:\\\/\\\/www.cetys.mx\\\/noticias\\\/inicia-summer-program-cetys-universidad\\\/#primaryimage\"},\"image\":{\"@id\":\"https:\\\/\\\/www.cetys.mx\\\/noticias\\\/inicia-summer-program-cetys-universidad\\\/#primaryimage\"},\"thumbnailUrl\":\"https:\\\/\\\/www.cetys.mx\\\/noticias\\\/wp-content\\\/uploads\\\/2017\\\/07\\\/Untitled-1.jpg\",\"datePublished\":\"2017-07-18T17:04:36+00:00\",\"dateModified\":\"2017-10-11T02:00:19+00:00\",\"author\":{\"@id\":\"https:\\\/\\\/www.cetys.mx\\\/noticias\\\/#\\\/schema\\\/person\\\/1a1a88c0b6586e66a2e9e88e07afc712\"},\"description\":\"Articulo sobre Inicia el Summer Program de CETYS Universidad\",\"breadcrumb\":{\"@id\":\"https:\\\/\\\/www.cetys.mx\\\/noticias\\\/inicia-summer-program-cetys-universidad\\\/#breadcrumb\"},\"inLanguage\":\"es\",\"potentialAction\":[{\"@type\":\"ReadAction\",\"target\":[\"https:\\\/\\\/www.cetys.mx\\\/noticias\\\/inicia-summer-program-cetys-universidad\\\/\"]}]},{\"@type\":\"ImageObject\",\"inLanguage\":\"es\",\"@id\":\"https:\\\/\\\/www.cetys.mx\\\/noticias\\\/inicia-summer-program-cetys-universidad\\\/#primaryimage\",\"url\":\"https:\\\/\\\/www.cetys.mx\\\/noticias\\\/wp-content\\\/uploads\\\/2017\\\/07\\\/Untitled-1.jpg\",\"contentUrl\":\"https:\\\/\\\/www.cetys.mx\\\/noticias\\\/wp-content\\\/uploads\\\/2017\\\/07\\\/Untitled-1.jpg\",\"width\":958,\"height\":637},{\"@type\":\"BreadcrumbList\",\"@id\":\"https:\\\/\\\/www.cetys.mx\\\/noticias\\\/inicia-summer-program-cetys-universidad\\\/#breadcrumb\",\"itemListElement\":[{\"@type\":\"ListItem\",\"position\":1,\"name\":\"Inicio\",\"item\":\"https:\\\/\\\/www.cetys.mx\\\/noticias\\\/\"},{\"@type\":\"ListItem\",\"position\":2,\"name\":\"Inicia el Summer Program de CETYS Universidad\"}]},{\"@type\":\"WebSite\",\"@id\":\"https:\\\/\\\/www.cetys.mx\\\/noticias\\\/#website\",\"url\":\"https:\\\/\\\/www.cetys.mx\\\/noticias\\\/\",\"name\":\"CETYS\",\"description\":\"\",\"potentialAction\":[{\"@type\":\"SearchAction\",\"target\":{\"@type\":\"EntryPoint\",\"urlTemplate\":\"https:\\\/\\\/www.cetys.mx\\\/noticias\\\/?s={search_term_string}\"},\"query-input\":{\"@type\":\"PropertyValueSpecification\",\"valueRequired\":true,\"valueName\":\"search_term_string\"}}],\"inLanguage\":\"es\"},{\"@type\":\"Person\",\"@id\":\"https:\\\/\\\/www.cetys.mx\\\/noticias\\\/#\\\/schema\\\/person\\\/1a1a88c0b6586e66a2e9e88e07afc712\",\"name\":\"Campus Ensenada\",\"url\":\"https:\\\/\\\/www.cetys.mx\\\/noticias\\\/author\\\/campusensenada\\\/\"}]}<\/script>\n<!-- \/ Yoast SEO plugin. -->","yoast_head_json":{"title":"Inicia el Summer Program de CETYS Universidad - CETYS","description":"Articulo sobre Inicia el Summer Program de CETYS Universidad","robots":{"index":"index","follow":"follow","max-snippet":"max-snippet:-1","max-image-preview":"max-image-preview:large","max-video-preview":"max-video-preview:-1"},"canonical":"https:\/\/www.cetys.mx\/noticias\/inicia-summer-program-cetys-universidad\/","og_locale":"es_MX","og_type":"article","og_title":"Inicia el Summer Program de CETYS Universidad - CETYS","og_description":"Articulo sobre Inicia el Summer Program de CETYS Universidad","og_url":"https:\/\/www.cetys.mx\/noticias\/inicia-summer-program-cetys-universidad\/","og_site_name":"CETYS","article_publisher":"https:\/\/www.facebook.com\/cetysuniversidadmxl\/","article_published_time":"2017-07-18T17:04:36+00:00","article_modified_time":"2017-10-11T02:00:19+00:00","og_image":[{"width":958,"height":637,"url":"https:\/\/www.cetys.mx\/noticias\/wp-content\/uploads\/2017\/07\/Untitled-1.jpg","type":"image\/jpeg"}],"author":"Campus Ensenada","twitter_card":"summary_large_image","twitter_creator":"@cetysuni","twitter_site":"@cetysuni","twitter_misc":{"Escrito por":"Campus Ensenada","Tiempo de lectura":"2 minutos"},"schema":{"@context":"https:\/\/schema.org","@graph":[{"@type":"Article","@id":"https:\/\/www.cetys.mx\/noticias\/inicia-summer-program-cetys-universidad\/#article","isPartOf":{"@id":"https:\/\/www.cetys.mx\/noticias\/inicia-summer-program-cetys-universidad\/"},"author":{"name":"Campus Ensenada","@id":"https:\/\/www.cetys.mx\/noticias\/#\/schema\/person\/1a1a88c0b6586e66a2e9e88e07afc712"},"headline":"Inicia el Summer Program de CETYS Universidad","datePublished":"2017-07-18T17:04:36+00:00","dateModified":"2017-10-11T02:00:19+00:00","mainEntityOfPage":{"@id":"https:\/\/www.cetys.mx\/noticias\/inicia-summer-program-cetys-universidad\/"},"wordCount":340,"commentCount":0,"image":{"@id":"https:\/\/www.cetys.mx\/noticias\/inicia-summer-program-cetys-universidad\/#primaryimage"},"thumbnailUrl":"https:\/\/www.cetys.mx\/noticias\/wp-content\/uploads\/2017\/07\/Untitled-1.jpg","articleSection":["Campus Ensenada"],"inLanguage":"es","potentialAction":[{"@type":"CommentAction","name":"Comment","target":["https:\/\/www.cetys.mx\/noticias\/inicia-summer-program-cetys-universidad\/#respond"]}]},{"@type":"WebPage","@id":"https:\/\/www.cetys.mx\/noticias\/inicia-summer-program-cetys-universidad\/","url":"https:\/\/www.cetys.mx\/noticias\/inicia-summer-program-cetys-universidad\/","name":"Inicia el Summer Program de CETYS Universidad - CETYS","isPartOf":{"@id":"https:\/\/www.cetys.mx\/noticias\/#website"},"primaryImageOfPage":{"@id":"https:\/\/www.cetys.mx\/noticias\/inicia-summer-program-cetys-universidad\/#primaryimage"},"image":{"@id":"https:\/\/www.cetys.mx\/noticias\/inicia-summer-program-cetys-universidad\/#primaryimage"},"thumbnailUrl":"https:\/\/www.cetys.mx\/noticias\/wp-content\/uploads\/2017\/07\/Untitled-1.jpg","datePublished":"2017-07-18T17:04:36+00:00","dateModified":"2017-10-11T02:00:19+00:00","author":{"@id":"https:\/\/www.cetys.mx\/noticias\/#\/schema\/person\/1a1a88c0b6586e66a2e9e88e07afc712"},"description":"Articulo sobre Inicia el Summer Program de CETYS Universidad","breadcrumb":{"@id":"https:\/\/www.cetys.mx\/noticias\/inicia-summer-program-cetys-universidad\/#breadcrumb"},"inLanguage":"es","potentialAction":[{"@type":"ReadAction","target":["https:\/\/www.cetys.mx\/noticias\/inicia-summer-program-cetys-universidad\/"]}]},{"@type":"ImageObject","inLanguage":"es","@id":"https:\/\/www.cetys.mx\/noticias\/inicia-summer-program-cetys-universidad\/#primaryimage","url":"https:\/\/www.cetys.mx\/noticias\/wp-content\/uploads\/2017\/07\/Untitled-1.jpg","contentUrl":"https:\/\/www.cetys.mx\/noticias\/wp-content\/uploads\/2017\/07\/Untitled-1.jpg","width":958,"height":637},{"@type":"BreadcrumbList","@id":"https:\/\/www.cetys.mx\/noticias\/inicia-summer-program-cetys-universidad\/#breadcrumb","itemListElement":[{"@type":"ListItem","position":1,"name":"Inicio","item":"https:\/\/www.cetys.mx\/noticias\/"},{"@type":"ListItem","position":2,"name":"Inicia el Summer Program de CETYS Universidad"}]},{"@type":"WebSite","@id":"https:\/\/www.cetys.mx\/noticias\/#website","url":"https:\/\/www.cetys.mx\/noticias\/","name":"CETYS","description":"","potentialAction":[{"@type":"SearchAction","target":{"@type":"EntryPoint","urlTemplate":"https:\/\/www.cetys.mx\/noticias\/?s={search_term_string}"},"query-input":{"@type":"PropertyValueSpecification","valueRequired":true,"valueName":"search_term_string"}}],"inLanguage":"es"},{"@type":"Person","@id":"https:\/\/www.cetys.mx\/noticias\/#\/schema\/person\/1a1a88c0b6586e66a2e9e88e07afc712","name":"Campus Ensenada","url":"https:\/\/www.cetys.mx\/noticias\/author\/campusensenada\/"}]}},"_links":{"self":[{"href":"https:\/\/www.cetys.mx\/noticias\/wp-json\/wp\/v2\/posts\/72925","targetHints":{"allow":["GET"]}}],"collection":[{"href":"https:\/\/www.cetys.mx\/noticias\/wp-json\/wp\/v2\/posts"}],"about":[{"href":"https:\/\/www.cetys.mx\/noticias\/wp-json\/wp\/v2\/types\/post"}],"author":[{"embeddable":true,"href":"https:\/\/www.cetys.mx\/noticias\/wp-json\/wp\/v2\/users\/23"}],"replies":[{"embeddable":true,"href":"https:\/\/www.cetys.mx\/noticias\/wp-json\/wp\/v2\/comments?post=72925"}],"version-history":[{"count":0,"href":"https:\/\/www.cetys.mx\/noticias\/wp-json\/wp\/v2\/posts\/72925\/revisions"}],"wp:featuredmedia":[{"embeddable":true,"href":"https:\/\/www.cetys.mx\/noticias\/wp-json\/wp\/v2\/media\/72928"}],"wp:attachment":[{"href":"https:\/\/www.cetys.mx\/noticias\/wp-json\/wp\/v2\/media?parent=72925"}],"wp:term":[{"taxonomy":"category","embeddable":true,"href":"https:\/\/www.cetys.mx\/noticias\/wp-json\/wp\/v2\/categories?post=72925"},{"taxonomy":"post_tag","embeddable":true,"href":"https:\/\/www.cetys.mx\/noticias\/wp-json\/wp\/v2\/tags?post=72925"}],"curies":[{"name":"wp","href":"https:\/\/api.w.org\/{rel}","templated":true}]}}