{"id":72851,"date":"2017-07-05T18:01:20","date_gmt":"2017-07-06T01:01:20","guid":{"rendered":"http:\/\/www.cetys.mx\/noticias\/?p=72851"},"modified":"2017-07-25T10:03:07","modified_gmt":"2017-07-25T17:03:07","slug":"alumnos-cetys-celebran-clausura-cursos-verano-en-espana","status":"publish","type":"post","link":"https:\/\/www.cetys.mx\/noticias\/alumnos-cetys-celebran-clausura-cursos-verano-en-espana\/","title":{"rendered":"Alumnos de CETYS celebran clausura de cursos de verano en Espa\u00f1a"},"content":{"rendered":"<p><span style=\"font-weight: 400;\">El pasado 4 de julio en la <\/span><a href=\"https:\/\/www.uah.es\/\"><span style=\"font-weight: 400;\">Universidad de Alcal\u00e1 de Henares<\/span><\/a><span style=\"font-weight: 400;\">, Espa\u00f1a se llev\u00f3 a cabo la <a href=\"https:\/\/www.youtube.com\/watch?v=4rH3PoQ9B7I&amp;t=106s\">clausura<\/a> de la 3\u00aa edici\u00f3n de los cursos de verano <\/span><b><i>Global Climate Change: Environment, Health and Behavior<\/i><\/b><span style=\"font-weight: 400;\">; del cual en esta ocasi\u00f3n participaron 20 estudiantes, e <\/span><b><i>International Course on Entrepreneurship: skills and developing opportunities<\/i><\/b><i><span style=\"font-weight: 400;\">; <\/span><\/i><span style=\"font-weight: 400;\">con la participaci\u00f3n de 25 estudiantes<\/span><i><span style=\"font-weight: 400;\">,<\/span><\/i><span style=\"font-weight: 400;\"> y la primera edici\u00f3n del <\/span><b>Seminario <\/b><b><i>Fuentes de Energ\u00edas Renovables<\/i><\/b><i><span style=\"font-weight: 400;\">; <\/span><\/i><span style=\"font-weight: 400;\">con 40 estudiantes. <\/span><\/p>\n<p><span style=\"font-weight: 400;\">Durante la ceremonia estuvieron presentes Los rectores de la UAH, Fernando Galv\u00e1n, el vicerrector de Asuntos Acad\u00e9micos para Programas Internacionales de San Diego State University (SDSU), Alan Sweedler y el Dr. Fernando Le\u00f3n Garc\u00eda, Rector de nuestra Instituci\u00f3n.<\/span><\/p>\n<p><span style=\"font-weight: 400;\">Los cursos de verano forman parte de los proyectos docentes y de investigaci\u00f3n que CETYS y SDSU, llevan a cabo con la Universidad de Alcal\u00e1. <\/span><\/p>\n<p><a href=\"https:\/\/www.cetys.mx\/noticias\/wp-content\/uploads\/2017\/07\/uah.jpg\"><img loading=\"lazy\" decoding=\"async\" class=\"alignnone size-full wp-image-72852\" src=\"https:\/\/www.cetys.mx\/noticias\/wp-content\/uploads\/2017\/07\/uah.jpg\" alt=\"uah\" width=\"600\" height=\"400\" \/><\/a><\/p>\n<p>&nbsp;<\/p>\n<p><a href=\"https:\/\/www.cetys.mx\/noticias\/wp-content\/uploads\/2017\/07\/Clausuracetys-e1501002152179.jpg\"><img loading=\"lazy\" decoding=\"async\" class=\"alignnone size-full wp-image-73105\" src=\"https:\/\/www.cetys.mx\/noticias\/wp-content\/uploads\/2017\/07\/Clausuracetys-e1501002152179.jpg\" alt=\"Clausuracetys\" width=\"600\" height=\"338\" \/><\/a><\/p>\n<p>\u201cLas universidades estamos convencidas y comprometidas por desarrollar una perspectiva global y diversa para nuestros estudiantes; es por eso que estos acuerdos son tan importantes para brindar una educaci\u00f3n competitiva para ellos\u201d. expres\u00f3 el Dr. Fernando Le\u00f3n Garc\u00eda.<\/p>\n<p>M\u00e1s info <a href=\"https:\/\/www.youtube.com\/watch?v=ubdlegkE7po\">aqu\u00ed<\/a><\/p>\n","protected":false},"excerpt":{"rendered":"<p>El pasado 4 de julio en la Universidad de Alcal\u00e1 de Henares, Espa\u00f1a se llev\u00f3 a cabo la clausura de la 3\u00aa&#8230;<\/p>\n","protected":false},"author":26,"featured_media":73104,"comment_status":"open","ping_status":"open","sticky":false,"template":"","format":"video","meta":{"footnotes":""},"categories":[125,1],"tags":[],"class_list":["post-72851","post","type-post","status-publish","format-video","has-post-thumbnail","hentry","category-portada","category-uncategorized","post_format-post-format-video"],"yoast_head":"<!-- This site is optimized with the Yoast SEO plugin v27.4 - https:\/\/yoast.com\/product\/yoast-seo-wordpress\/ -->\n<title>Alumnos de CETYS celebran clausura de cursos de verano en Espa\u00f1a - CETYS<\/title>\n<meta name=\"description\" content=\"Articulo sobre Alumnos de CETYS celebran clausura de cursos de verano en Espa\u00f1a\" \/>\n<meta name=\"robots\" content=\"index, follow, max-snippet:-1, max-image-preview:large, max-video-preview:-1\" \/>\n<link rel=\"canonical\" href=\"https:\/\/www.cetys.mx\/noticias\/alumnos-cetys-celebran-clausura-cursos-verano-en-espana\/\" \/>\n<meta property=\"og:locale\" content=\"es_MX\" \/>\n<meta property=\"og:type\" content=\"article\" \/>\n<meta property=\"og:title\" content=\"Alumnos de CETYS celebran clausura de cursos de verano en Espa\u00f1a - CETYS\" \/>\n<meta property=\"og:description\" content=\"Articulo sobre Alumnos de CETYS celebran clausura de cursos de verano en Espa\u00f1a\" \/>\n<meta property=\"og:url\" content=\"https:\/\/www.cetys.mx\/noticias\/alumnos-cetys-celebran-clausura-cursos-verano-en-espana\/\" \/>\n<meta property=\"og:site_name\" content=\"CETYS\" \/>\n<meta property=\"article:publisher\" content=\"https:\/\/www.facebook.com\/cetysuniversidadmxl\/\" \/>\n<meta property=\"article:published_time\" content=\"2017-07-06T01:01:20+00:00\" \/>\n<meta property=\"article:modified_time\" content=\"2017-07-25T17:03:07+00:00\" \/>\n<meta property=\"og:image\" content=\"https:\/\/www.cetys.mx\/noticias\/wp-content\/uploads\/2017\/07\/clausuracetys2.jpg\" \/>\n\t<meta property=\"og:image:width\" content=\"1280\" \/>\n\t<meta property=\"og:image:height\" content=\"853\" \/>\n\t<meta property=\"og:image:type\" content=\"image\/jpeg\" \/>\n<meta name=\"author\" content=\"CETYS Institucional\" \/>\n<meta name=\"twitter:card\" content=\"summary_large_image\" \/>\n<meta name=\"twitter:creator\" content=\"@cetysuni\" \/>\n<meta name=\"twitter:site\" content=\"@cetysuni\" \/>\n<meta name=\"twitter:label1\" content=\"Escrito por\" \/>\n\t<meta name=\"twitter:data1\" content=\"CETYS Institucional\" \/>\n\t<meta name=\"twitter:label2\" content=\"Tiempo de lectura\" \/>\n\t<meta name=\"twitter:data2\" content=\"1 minuto\" \/>\n<script type=\"application\/ld+json\" class=\"yoast-schema-graph\">{\"@context\":\"https:\\\/\\\/schema.org\",\"@graph\":[{\"@type\":\"Article\",\"@id\":\"https:\\\/\\\/www.cetys.mx\\\/noticias\\\/alumnos-cetys-celebran-clausura-cursos-verano-en-espana\\\/#article\",\"isPartOf\":{\"@id\":\"https:\\\/\\\/www.cetys.mx\\\/noticias\\\/alumnos-cetys-celebran-clausura-cursos-verano-en-espana\\\/\"},\"author\":{\"name\":\"CETYS Institucional\",\"@id\":\"https:\\\/\\\/www.cetys.mx\\\/noticias\\\/#\\\/schema\\\/person\\\/e9d2b35265b64aa454df57a2828eb2ac\"},\"headline\":\"Alumnos de CETYS celebran clausura de cursos de verano en Espa\u00f1a\",\"datePublished\":\"2017-07-06T01:01:20+00:00\",\"dateModified\":\"2017-07-25T17:03:07+00:00\",\"mainEntityOfPage\":{\"@id\":\"https:\\\/\\\/www.cetys.mx\\\/noticias\\\/alumnos-cetys-celebran-clausura-cursos-verano-en-espana\\\/\"},\"wordCount\":199,\"commentCount\":0,\"image\":{\"@id\":\"https:\\\/\\\/www.cetys.mx\\\/noticias\\\/alumnos-cetys-celebran-clausura-cursos-verano-en-espana\\\/#primaryimage\"},\"thumbnailUrl\":\"https:\\\/\\\/www.cetys.mx\\\/noticias\\\/wp-content\\\/uploads\\\/2017\\\/07\\\/clausuracetys2.jpg\",\"articleSection\":[\"Portada\",\"Uncategorized\"],\"inLanguage\":\"es\",\"potentialAction\":[{\"@type\":\"CommentAction\",\"name\":\"Comment\",\"target\":[\"https:\\\/\\\/www.cetys.mx\\\/noticias\\\/alumnos-cetys-celebran-clausura-cursos-verano-en-espana\\\/#respond\"]}]},{\"@type\":\"WebPage\",\"@id\":\"https:\\\/\\\/www.cetys.mx\\\/noticias\\\/alumnos-cetys-celebran-clausura-cursos-verano-en-espana\\\/\",\"url\":\"https:\\\/\\\/www.cetys.mx\\\/noticias\\\/alumnos-cetys-celebran-clausura-cursos-verano-en-espana\\\/\",\"name\":\"Alumnos de CETYS celebran clausura de cursos de verano en Espa\u00f1a - CETYS\",\"isPartOf\":{\"@id\":\"https:\\\/\\\/www.cetys.mx\\\/noticias\\\/#website\"},\"primaryImageOfPage\":{\"@id\":\"https:\\\/\\\/www.cetys.mx\\\/noticias\\\/alumnos-cetys-celebran-clausura-cursos-verano-en-espana\\\/#primaryimage\"},\"image\":{\"@id\":\"https:\\\/\\\/www.cetys.mx\\\/noticias\\\/alumnos-cetys-celebran-clausura-cursos-verano-en-espana\\\/#primaryimage\"},\"thumbnailUrl\":\"https:\\\/\\\/www.cetys.mx\\\/noticias\\\/wp-content\\\/uploads\\\/2017\\\/07\\\/clausuracetys2.jpg\",\"datePublished\":\"2017-07-06T01:01:20+00:00\",\"dateModified\":\"2017-07-25T17:03:07+00:00\",\"author\":{\"@id\":\"https:\\\/\\\/www.cetys.mx\\\/noticias\\\/#\\\/schema\\\/person\\\/e9d2b35265b64aa454df57a2828eb2ac\"},\"description\":\"Articulo sobre Alumnos de CETYS celebran clausura de cursos de verano en Espa\u00f1a\",\"breadcrumb\":{\"@id\":\"https:\\\/\\\/www.cetys.mx\\\/noticias\\\/alumnos-cetys-celebran-clausura-cursos-verano-en-espana\\\/#breadcrumb\"},\"inLanguage\":\"es\",\"potentialAction\":[{\"@type\":\"ReadAction\",\"target\":[\"https:\\\/\\\/www.cetys.mx\\\/noticias\\\/alumnos-cetys-celebran-clausura-cursos-verano-en-espana\\\/\"]}]},{\"@type\":\"ImageObject\",\"inLanguage\":\"es\",\"@id\":\"https:\\\/\\\/www.cetys.mx\\\/noticias\\\/alumnos-cetys-celebran-clausura-cursos-verano-en-espana\\\/#primaryimage\",\"url\":\"https:\\\/\\\/www.cetys.mx\\\/noticias\\\/wp-content\\\/uploads\\\/2017\\\/07\\\/clausuracetys2.jpg\",\"contentUrl\":\"https:\\\/\\\/www.cetys.mx\\\/noticias\\\/wp-content\\\/uploads\\\/2017\\\/07\\\/clausuracetys2.jpg\",\"width\":1280,\"height\":853},{\"@type\":\"BreadcrumbList\",\"@id\":\"https:\\\/\\\/www.cetys.mx\\\/noticias\\\/alumnos-cetys-celebran-clausura-cursos-verano-en-espana\\\/#breadcrumb\",\"itemListElement\":[{\"@type\":\"ListItem\",\"position\":1,\"name\":\"Inicio\",\"item\":\"https:\\\/\\\/www.cetys.mx\\\/noticias\\\/\"},{\"@type\":\"ListItem\",\"position\":2,\"name\":\"Alumnos de CETYS celebran clausura de cursos de verano en Espa\u00f1a\"}]},{\"@type\":\"WebSite\",\"@id\":\"https:\\\/\\\/www.cetys.mx\\\/noticias\\\/#website\",\"url\":\"https:\\\/\\\/www.cetys.mx\\\/noticias\\\/\",\"name\":\"CETYS\",\"description\":\"\",\"potentialAction\":[{\"@type\":\"SearchAction\",\"target\":{\"@type\":\"EntryPoint\",\"urlTemplate\":\"https:\\\/\\\/www.cetys.mx\\\/noticias\\\/?s={search_term_string}\"},\"query-input\":{\"@type\":\"PropertyValueSpecification\",\"valueRequired\":true,\"valueName\":\"search_term_string\"}}],\"inLanguage\":\"es\"},{\"@type\":\"Person\",\"@id\":\"https:\\\/\\\/www.cetys.mx\\\/noticias\\\/#\\\/schema\\\/person\\\/e9d2b35265b64aa454df57a2828eb2ac\",\"name\":\"CETYS Institucional\",\"url\":\"https:\\\/\\\/www.cetys.mx\\\/noticias\\\/author\\\/cetysinstitucional\\\/\"}]}<\/script>\n<!-- \/ Yoast SEO plugin. -->","yoast_head_json":{"title":"Alumnos de CETYS celebran clausura de cursos de verano en Espa\u00f1a - CETYS","description":"Articulo sobre Alumnos de CETYS celebran clausura de cursos de verano en Espa\u00f1a","robots":{"index":"index","follow":"follow","max-snippet":"max-snippet:-1","max-image-preview":"max-image-preview:large","max-video-preview":"max-video-preview:-1"},"canonical":"https:\/\/www.cetys.mx\/noticias\/alumnos-cetys-celebran-clausura-cursos-verano-en-espana\/","og_locale":"es_MX","og_type":"article","og_title":"Alumnos de CETYS celebran clausura de cursos de verano en Espa\u00f1a - CETYS","og_description":"Articulo sobre Alumnos de CETYS celebran clausura de cursos de verano en Espa\u00f1a","og_url":"https:\/\/www.cetys.mx\/noticias\/alumnos-cetys-celebran-clausura-cursos-verano-en-espana\/","og_site_name":"CETYS","article_publisher":"https:\/\/www.facebook.com\/cetysuniversidadmxl\/","article_published_time":"2017-07-06T01:01:20+00:00","article_modified_time":"2017-07-25T17:03:07+00:00","og_image":[{"width":1280,"height":853,"url":"https:\/\/www.cetys.mx\/noticias\/wp-content\/uploads\/2017\/07\/clausuracetys2.jpg","type":"image\/jpeg"}],"author":"CETYS Institucional","twitter_card":"summary_large_image","twitter_creator":"@cetysuni","twitter_site":"@cetysuni","twitter_misc":{"Escrito por":"CETYS Institucional","Tiempo de lectura":"1 minuto"},"schema":{"@context":"https:\/\/schema.org","@graph":[{"@type":"Article","@id":"https:\/\/www.cetys.mx\/noticias\/alumnos-cetys-celebran-clausura-cursos-verano-en-espana\/#article","isPartOf":{"@id":"https:\/\/www.cetys.mx\/noticias\/alumnos-cetys-celebran-clausura-cursos-verano-en-espana\/"},"author":{"name":"CETYS Institucional","@id":"https:\/\/www.cetys.mx\/noticias\/#\/schema\/person\/e9d2b35265b64aa454df57a2828eb2ac"},"headline":"Alumnos de CETYS celebran clausura de cursos de verano en Espa\u00f1a","datePublished":"2017-07-06T01:01:20+00:00","dateModified":"2017-07-25T17:03:07+00:00","mainEntityOfPage":{"@id":"https:\/\/www.cetys.mx\/noticias\/alumnos-cetys-celebran-clausura-cursos-verano-en-espana\/"},"wordCount":199,"commentCount":0,"image":{"@id":"https:\/\/www.cetys.mx\/noticias\/alumnos-cetys-celebran-clausura-cursos-verano-en-espana\/#primaryimage"},"thumbnailUrl":"https:\/\/www.cetys.mx\/noticias\/wp-content\/uploads\/2017\/07\/clausuracetys2.jpg","articleSection":["Portada","Uncategorized"],"inLanguage":"es","potentialAction":[{"@type":"CommentAction","name":"Comment","target":["https:\/\/www.cetys.mx\/noticias\/alumnos-cetys-celebran-clausura-cursos-verano-en-espana\/#respond"]}]},{"@type":"WebPage","@id":"https:\/\/www.cetys.mx\/noticias\/alumnos-cetys-celebran-clausura-cursos-verano-en-espana\/","url":"https:\/\/www.cetys.mx\/noticias\/alumnos-cetys-celebran-clausura-cursos-verano-en-espana\/","name":"Alumnos de CETYS celebran clausura de cursos de verano en Espa\u00f1a - CETYS","isPartOf":{"@id":"https:\/\/www.cetys.mx\/noticias\/#website"},"primaryImageOfPage":{"@id":"https:\/\/www.cetys.mx\/noticias\/alumnos-cetys-celebran-clausura-cursos-verano-en-espana\/#primaryimage"},"image":{"@id":"https:\/\/www.cetys.mx\/noticias\/alumnos-cetys-celebran-clausura-cursos-verano-en-espana\/#primaryimage"},"thumbnailUrl":"https:\/\/www.cetys.mx\/noticias\/wp-content\/uploads\/2017\/07\/clausuracetys2.jpg","datePublished":"2017-07-06T01:01:20+00:00","dateModified":"2017-07-25T17:03:07+00:00","author":{"@id":"https:\/\/www.cetys.mx\/noticias\/#\/schema\/person\/e9d2b35265b64aa454df57a2828eb2ac"},"description":"Articulo sobre Alumnos de CETYS celebran clausura de cursos de verano en Espa\u00f1a","breadcrumb":{"@id":"https:\/\/www.cetys.mx\/noticias\/alumnos-cetys-celebran-clausura-cursos-verano-en-espana\/#breadcrumb"},"inLanguage":"es","potentialAction":[{"@type":"ReadAction","target":["https:\/\/www.cetys.mx\/noticias\/alumnos-cetys-celebran-clausura-cursos-verano-en-espana\/"]}]},{"@type":"ImageObject","inLanguage":"es","@id":"https:\/\/www.cetys.mx\/noticias\/alumnos-cetys-celebran-clausura-cursos-verano-en-espana\/#primaryimage","url":"https:\/\/www.cetys.mx\/noticias\/wp-content\/uploads\/2017\/07\/clausuracetys2.jpg","contentUrl":"https:\/\/www.cetys.mx\/noticias\/wp-content\/uploads\/2017\/07\/clausuracetys2.jpg","width":1280,"height":853},{"@type":"BreadcrumbList","@id":"https:\/\/www.cetys.mx\/noticias\/alumnos-cetys-celebran-clausura-cursos-verano-en-espana\/#breadcrumb","itemListElement":[{"@type":"ListItem","position":1,"name":"Inicio","item":"https:\/\/www.cetys.mx\/noticias\/"},{"@type":"ListItem","position":2,"name":"Alumnos de CETYS celebran clausura de cursos de verano en Espa\u00f1a"}]},{"@type":"WebSite","@id":"https:\/\/www.cetys.mx\/noticias\/#website","url":"https:\/\/www.cetys.mx\/noticias\/","name":"CETYS","description":"","potentialAction":[{"@type":"SearchAction","target":{"@type":"EntryPoint","urlTemplate":"https:\/\/www.cetys.mx\/noticias\/?s={search_term_string}"},"query-input":{"@type":"PropertyValueSpecification","valueRequired":true,"valueName":"search_term_string"}}],"inLanguage":"es"},{"@type":"Person","@id":"https:\/\/www.cetys.mx\/noticias\/#\/schema\/person\/e9d2b35265b64aa454df57a2828eb2ac","name":"CETYS Institucional","url":"https:\/\/www.cetys.mx\/noticias\/author\/cetysinstitucional\/"}]}},"_links":{"self":[{"href":"https:\/\/www.cetys.mx\/noticias\/wp-json\/wp\/v2\/posts\/72851","targetHints":{"allow":["GET"]}}],"collection":[{"href":"https:\/\/www.cetys.mx\/noticias\/wp-json\/wp\/v2\/posts"}],"about":[{"href":"https:\/\/www.cetys.mx\/noticias\/wp-json\/wp\/v2\/types\/post"}],"author":[{"embeddable":true,"href":"https:\/\/www.cetys.mx\/noticias\/wp-json\/wp\/v2\/users\/26"}],"replies":[{"embeddable":true,"href":"https:\/\/www.cetys.mx\/noticias\/wp-json\/wp\/v2\/comments?post=72851"}],"version-history":[{"count":0,"href":"https:\/\/www.cetys.mx\/noticias\/wp-json\/wp\/v2\/posts\/72851\/revisions"}],"wp:featuredmedia":[{"embeddable":true,"href":"https:\/\/www.cetys.mx\/noticias\/wp-json\/wp\/v2\/media\/73104"}],"wp:attachment":[{"href":"https:\/\/www.cetys.mx\/noticias\/wp-json\/wp\/v2\/media?parent=72851"}],"wp:term":[{"taxonomy":"category","embeddable":true,"href":"https:\/\/www.cetys.mx\/noticias\/wp-json\/wp\/v2\/categories?post=72851"},{"taxonomy":"post_tag","embeddable":true,"href":"https:\/\/www.cetys.mx\/noticias\/wp-json\/wp\/v2\/tags?post=72851"}],"curies":[{"name":"wp","href":"https:\/\/api.w.org\/{rel}","templated":true}]}}