{"id":72821,"date":"2017-06-30T12:37:10","date_gmt":"2017-06-30T19:37:10","guid":{"rendered":"http:\/\/www.cetys.mx\/noticias\/?p=72821"},"modified":"2017-06-30T12:37:10","modified_gmt":"2017-06-30T19:37:10","slug":"orgullo-cetys-emprendedor-comprometido-cambio","status":"publish","type":"post","link":"https:\/\/www.cetys.mx\/noticias\/orgullo-cetys-emprendedor-comprometido-cambio\/","title":{"rendered":"Es Orgullo CETYS un &#8220;emprendedor comprometido con el cambio&#8221;."},"content":{"rendered":"<p><b>\u201cPara m\u00ed el haber estudiado en CETYS no significaba tener un buen empleo, sino algo m\u00e1s, el crear tu propio negocio y sumarte a la vida de ser un emprendedor de cambio\u201d<\/b><\/p>\n<p><span style=\"font-weight: 400;\">N\u00e9stor Aar\u00f3n Cabrera Serrano se llama a s\u00ed mismo \u201cun emprendedor\u201d; es <a href=\"https:\/\/www.cetys.mx\/oferta-educativa\/profesional\/licenciatura-en-negocios-internacionales\/\">Lic en Negocios internacionales<\/a> con especialidad en Finanzas Internacionales, egresado de <strong>CETYS Universidad<\/strong> en 2015.<\/span><\/p>\n<p><span style=\"font-weight: 400;\">Actualmente participa en un proyecto llamado<\/span> <a href=\"https:\/\/www.entrepreneur.com\/article\/294912\"><span style=\"font-weight: 400;\">\u201c<\/span><span style=\"font-weight: 400;\">Aqualit\u201d<\/span><\/a><span style=\"font-weight: 400;\">; \u00a0<\/span><i><span style=\"font-weight: 400;\">un sistema aut\u00f3nomo que utiliza los principios de electroqu\u00edmica para analizar en tiempo real los metales pesados presentes en el agua, capaz de generar reportes constantes que permiten actuar r\u00e1pidamente ante irregularidades y tomar mejores decisiones en el sector industrial. <\/span><\/i><span style=\"font-weight: 400;\">El proyecto fue <\/span><span style=\"font-weight: 400;\">seleccionado por Hub iLab, incubadora de negocios ubicada en Xalapa, Veracruz. \u00a0<\/span><\/p>\n<p><span style=\"font-weight: 400;\">Recuerda sus d\u00edas en CETYS como una etapa sumamente importante en su vida pues reconoce que fue de gran influencia tanto en lo profesional como en lo personal. \u00a0<\/span><\/p>\n<p><span style=\"font-weight: 400;\">Durante su estancia en CETYS fue <\/span><span style=\"font-weight: 400;\">merecedor de la <\/span><span style=\"font-weight: 400;\"><strong>Medalla al M\u00e9rito Acad\u00e9mico<\/strong> CETYS (2014-15), particip\u00f3 por <\/span><span style=\"font-weight: 400;\">3 a\u00f1os consecutivos en el comit\u00e9 organizador de CIAN, fue parte del equipo de futbol, particip\u00f3 del Simulador de la Bolsa de Valores, donde se ubic\u00f3 en el top 10 de los mejores del estado de Baja California y form\u00f3 parte del Grupo de J\u00f3venes Industriales Canacintra Ensenada. <\/span><\/p>\n<p><span style=\"font-weight: 400;\">Nos comparte que el estudiar en CETYS lo empuj\u00f3 a despertar su curiosidad por desarrollar sus capacidades y convertirse en un emprendedor. <\/span><\/p>\n<blockquote><p><span style=\"font-weight: 400;\">\u201cRecuerdo mucho sobre a la Dr. Diana Woolfolk y la Mra. Lucia Villegas, quienes fueron siempre las personas que me motivaron a seguir adelante, pero que sobre todo confiaron en mi durante mi carrera profesional\u201d<\/span><\/p><\/blockquote>\n","protected":false},"excerpt":{"rendered":"<p>\u201cPara m\u00ed el haber estudiado en CETYS no significaba tener un buen empleo, sino algo m\u00e1s, el crear tu propio negocio y&#8230;<\/p>\n","protected":false},"author":26,"featured_media":72822,"comment_status":"open","ping_status":"open","sticky":false,"template":"","format":"standard","meta":{"footnotes":""},"categories":[107,313],"tags":[1578],"class_list":["post-72821","post","type-post","status-publish","format-standard","has-post-thumbnail","hentry","category-alumni","category-vocetys-2","tag-vocetys-2017-06-30"],"yoast_head":"<!-- This site is optimized with the Yoast SEO plugin v27.4 - https:\/\/yoast.com\/product\/yoast-seo-wordpress\/ -->\n<title>Es Orgullo CETYS un &quot;emprendedor comprometido con el cambio&quot;. - CETYS<\/title>\n<meta name=\"description\" content=\"Articulo sobre Es Orgullo CETYS un &quot;emprendedor comprometido con el cambio&quot;.\" \/>\n<meta name=\"robots\" content=\"index, follow, max-snippet:-1, max-image-preview:large, max-video-preview:-1\" \/>\n<link rel=\"canonical\" href=\"https:\/\/www.cetys.mx\/noticias\/orgullo-cetys-emprendedor-comprometido-cambio\/\" \/>\n<meta property=\"og:locale\" content=\"es_MX\" \/>\n<meta property=\"og:type\" content=\"article\" \/>\n<meta property=\"og:title\" content=\"Es Orgullo CETYS un &quot;emprendedor comprometido con el cambio&quot;. - CETYS\" \/>\n<meta property=\"og:description\" content=\"Articulo sobre Es Orgullo CETYS un &quot;emprendedor comprometido con el cambio&quot;.\" \/>\n<meta property=\"og:url\" content=\"https:\/\/www.cetys.mx\/noticias\/orgullo-cetys-emprendedor-comprometido-cambio\/\" \/>\n<meta property=\"og:site_name\" content=\"CETYS\" \/>\n<meta property=\"article:publisher\" content=\"https:\/\/www.facebook.com\/cetysuniversidadmxl\/\" \/>\n<meta property=\"article:published_time\" content=\"2017-06-30T19:37:10+00:00\" \/>\n<meta property=\"og:image\" content=\"https:\/\/www.cetys.mx\/noticias\/wp-content\/uploads\/2017\/06\/i\u0301ndice.jpg\" \/>\n\t<meta property=\"og:image:width\" content=\"960\" \/>\n\t<meta property=\"og:image:height\" content=\"960\" \/>\n\t<meta property=\"og:image:type\" content=\"image\/jpeg\" \/>\n<meta name=\"author\" content=\"CETYS Institucional\" \/>\n<meta name=\"twitter:card\" content=\"summary_large_image\" \/>\n<meta name=\"twitter:creator\" content=\"@cetysuni\" \/>\n<meta name=\"twitter:site\" content=\"@cetysuni\" \/>\n<meta name=\"twitter:label1\" content=\"Escrito por\" \/>\n\t<meta name=\"twitter:data1\" content=\"CETYS Institucional\" \/>\n\t<meta name=\"twitter:label2\" content=\"Tiempo de lectura\" \/>\n\t<meta name=\"twitter:data2\" content=\"1 minuto\" \/>\n<script type=\"application\/ld+json\" class=\"yoast-schema-graph\">{\"@context\":\"https:\\\/\\\/schema.org\",\"@graph\":[{\"@type\":\"Article\",\"@id\":\"https:\\\/\\\/www.cetys.mx\\\/noticias\\\/orgullo-cetys-emprendedor-comprometido-cambio\\\/#article\",\"isPartOf\":{\"@id\":\"https:\\\/\\\/www.cetys.mx\\\/noticias\\\/orgullo-cetys-emprendedor-comprometido-cambio\\\/\"},\"author\":{\"name\":\"CETYS Institucional\",\"@id\":\"https:\\\/\\\/www.cetys.mx\\\/noticias\\\/#\\\/schema\\\/person\\\/e9d2b35265b64aa454df57a2828eb2ac\"},\"headline\":\"Es Orgullo CETYS un &#8220;emprendedor comprometido con el cambio&#8221;.\",\"datePublished\":\"2017-06-30T19:37:10+00:00\",\"mainEntityOfPage\":{\"@id\":\"https:\\\/\\\/www.cetys.mx\\\/noticias\\\/orgullo-cetys-emprendedor-comprometido-cambio\\\/\"},\"wordCount\":287,\"commentCount\":0,\"image\":{\"@id\":\"https:\\\/\\\/www.cetys.mx\\\/noticias\\\/orgullo-cetys-emprendedor-comprometido-cambio\\\/#primaryimage\"},\"thumbnailUrl\":\"https:\\\/\\\/www.cetys.mx\\\/noticias\\\/wp-content\\\/uploads\\\/2017\\\/06\\\/i\u0301ndice.jpg\",\"keywords\":[\"vocetys-2017-06-30\"],\"articleSection\":[\"Alumni\",\"VoCETYS\"],\"inLanguage\":\"es\",\"potentialAction\":[{\"@type\":\"CommentAction\",\"name\":\"Comment\",\"target\":[\"https:\\\/\\\/www.cetys.mx\\\/noticias\\\/orgullo-cetys-emprendedor-comprometido-cambio\\\/#respond\"]}]},{\"@type\":\"WebPage\",\"@id\":\"https:\\\/\\\/www.cetys.mx\\\/noticias\\\/orgullo-cetys-emprendedor-comprometido-cambio\\\/\",\"url\":\"https:\\\/\\\/www.cetys.mx\\\/noticias\\\/orgullo-cetys-emprendedor-comprometido-cambio\\\/\",\"name\":\"Es Orgullo CETYS un \\\"emprendedor comprometido con el cambio\\\". - CETYS\",\"isPartOf\":{\"@id\":\"https:\\\/\\\/www.cetys.mx\\\/noticias\\\/#website\"},\"primaryImageOfPage\":{\"@id\":\"https:\\\/\\\/www.cetys.mx\\\/noticias\\\/orgullo-cetys-emprendedor-comprometido-cambio\\\/#primaryimage\"},\"image\":{\"@id\":\"https:\\\/\\\/www.cetys.mx\\\/noticias\\\/orgullo-cetys-emprendedor-comprometido-cambio\\\/#primaryimage\"},\"thumbnailUrl\":\"https:\\\/\\\/www.cetys.mx\\\/noticias\\\/wp-content\\\/uploads\\\/2017\\\/06\\\/i\u0301ndice.jpg\",\"datePublished\":\"2017-06-30T19:37:10+00:00\",\"author\":{\"@id\":\"https:\\\/\\\/www.cetys.mx\\\/noticias\\\/#\\\/schema\\\/person\\\/e9d2b35265b64aa454df57a2828eb2ac\"},\"description\":\"Articulo sobre Es Orgullo CETYS un \\\"emprendedor comprometido con el cambio\\\".\",\"breadcrumb\":{\"@id\":\"https:\\\/\\\/www.cetys.mx\\\/noticias\\\/orgullo-cetys-emprendedor-comprometido-cambio\\\/#breadcrumb\"},\"inLanguage\":\"es\",\"potentialAction\":[{\"@type\":\"ReadAction\",\"target\":[\"https:\\\/\\\/www.cetys.mx\\\/noticias\\\/orgullo-cetys-emprendedor-comprometido-cambio\\\/\"]}]},{\"@type\":\"ImageObject\",\"inLanguage\":\"es\",\"@id\":\"https:\\\/\\\/www.cetys.mx\\\/noticias\\\/orgullo-cetys-emprendedor-comprometido-cambio\\\/#primaryimage\",\"url\":\"https:\\\/\\\/www.cetys.mx\\\/noticias\\\/wp-content\\\/uploads\\\/2017\\\/06\\\/i\u0301ndice.jpg\",\"contentUrl\":\"https:\\\/\\\/www.cetys.mx\\\/noticias\\\/wp-content\\\/uploads\\\/2017\\\/06\\\/i\u0301ndice.jpg\",\"width\":960,\"height\":960},{\"@type\":\"BreadcrumbList\",\"@id\":\"https:\\\/\\\/www.cetys.mx\\\/noticias\\\/orgullo-cetys-emprendedor-comprometido-cambio\\\/#breadcrumb\",\"itemListElement\":[{\"@type\":\"ListItem\",\"position\":1,\"name\":\"Inicio\",\"item\":\"https:\\\/\\\/www.cetys.mx\\\/noticias\\\/\"},{\"@type\":\"ListItem\",\"position\":2,\"name\":\"Es Orgullo CETYS un &#8220;emprendedor comprometido con el cambio&#8221;.\"}]},{\"@type\":\"WebSite\",\"@id\":\"https:\\\/\\\/www.cetys.mx\\\/noticias\\\/#website\",\"url\":\"https:\\\/\\\/www.cetys.mx\\\/noticias\\\/\",\"name\":\"CETYS\",\"description\":\"\",\"potentialAction\":[{\"@type\":\"SearchAction\",\"target\":{\"@type\":\"EntryPoint\",\"urlTemplate\":\"https:\\\/\\\/www.cetys.mx\\\/noticias\\\/?s={search_term_string}\"},\"query-input\":{\"@type\":\"PropertyValueSpecification\",\"valueRequired\":true,\"valueName\":\"search_term_string\"}}],\"inLanguage\":\"es\"},{\"@type\":\"Person\",\"@id\":\"https:\\\/\\\/www.cetys.mx\\\/noticias\\\/#\\\/schema\\\/person\\\/e9d2b35265b64aa454df57a2828eb2ac\",\"name\":\"CETYS Institucional\",\"url\":\"https:\\\/\\\/www.cetys.mx\\\/noticias\\\/author\\\/cetysinstitucional\\\/\"}]}<\/script>\n<!-- \/ Yoast SEO plugin. -->","yoast_head_json":{"title":"Es Orgullo CETYS un \"emprendedor comprometido con el cambio\". - CETYS","description":"Articulo sobre Es Orgullo CETYS un \"emprendedor comprometido con el cambio\".","robots":{"index":"index","follow":"follow","max-snippet":"max-snippet:-1","max-image-preview":"max-image-preview:large","max-video-preview":"max-video-preview:-1"},"canonical":"https:\/\/www.cetys.mx\/noticias\/orgullo-cetys-emprendedor-comprometido-cambio\/","og_locale":"es_MX","og_type":"article","og_title":"Es Orgullo CETYS un \"emprendedor comprometido con el cambio\". - CETYS","og_description":"Articulo sobre Es Orgullo CETYS un \"emprendedor comprometido con el cambio\".","og_url":"https:\/\/www.cetys.mx\/noticias\/orgullo-cetys-emprendedor-comprometido-cambio\/","og_site_name":"CETYS","article_publisher":"https:\/\/www.facebook.com\/cetysuniversidadmxl\/","article_published_time":"2017-06-30T19:37:10+00:00","og_image":[{"width":960,"height":960,"url":"https:\/\/www.cetys.mx\/noticias\/wp-content\/uploads\/2017\/06\/i\u0301ndice.jpg","type":"image\/jpeg"}],"author":"CETYS Institucional","twitter_card":"summary_large_image","twitter_creator":"@cetysuni","twitter_site":"@cetysuni","twitter_misc":{"Escrito por":"CETYS Institucional","Tiempo de lectura":"1 minuto"},"schema":{"@context":"https:\/\/schema.org","@graph":[{"@type":"Article","@id":"https:\/\/www.cetys.mx\/noticias\/orgullo-cetys-emprendedor-comprometido-cambio\/#article","isPartOf":{"@id":"https:\/\/www.cetys.mx\/noticias\/orgullo-cetys-emprendedor-comprometido-cambio\/"},"author":{"name":"CETYS Institucional","@id":"https:\/\/www.cetys.mx\/noticias\/#\/schema\/person\/e9d2b35265b64aa454df57a2828eb2ac"},"headline":"Es Orgullo CETYS un &#8220;emprendedor comprometido con el cambio&#8221;.","datePublished":"2017-06-30T19:37:10+00:00","mainEntityOfPage":{"@id":"https:\/\/www.cetys.mx\/noticias\/orgullo-cetys-emprendedor-comprometido-cambio\/"},"wordCount":287,"commentCount":0,"image":{"@id":"https:\/\/www.cetys.mx\/noticias\/orgullo-cetys-emprendedor-comprometido-cambio\/#primaryimage"},"thumbnailUrl":"https:\/\/www.cetys.mx\/noticias\/wp-content\/uploads\/2017\/06\/i\u0301ndice.jpg","keywords":["vocetys-2017-06-30"],"articleSection":["Alumni","VoCETYS"],"inLanguage":"es","potentialAction":[{"@type":"CommentAction","name":"Comment","target":["https:\/\/www.cetys.mx\/noticias\/orgullo-cetys-emprendedor-comprometido-cambio\/#respond"]}]},{"@type":"WebPage","@id":"https:\/\/www.cetys.mx\/noticias\/orgullo-cetys-emprendedor-comprometido-cambio\/","url":"https:\/\/www.cetys.mx\/noticias\/orgullo-cetys-emprendedor-comprometido-cambio\/","name":"Es Orgullo CETYS un \"emprendedor comprometido con el cambio\". - CETYS","isPartOf":{"@id":"https:\/\/www.cetys.mx\/noticias\/#website"},"primaryImageOfPage":{"@id":"https:\/\/www.cetys.mx\/noticias\/orgullo-cetys-emprendedor-comprometido-cambio\/#primaryimage"},"image":{"@id":"https:\/\/www.cetys.mx\/noticias\/orgullo-cetys-emprendedor-comprometido-cambio\/#primaryimage"},"thumbnailUrl":"https:\/\/www.cetys.mx\/noticias\/wp-content\/uploads\/2017\/06\/i\u0301ndice.jpg","datePublished":"2017-06-30T19:37:10+00:00","author":{"@id":"https:\/\/www.cetys.mx\/noticias\/#\/schema\/person\/e9d2b35265b64aa454df57a2828eb2ac"},"description":"Articulo sobre Es Orgullo CETYS un \"emprendedor comprometido con el cambio\".","breadcrumb":{"@id":"https:\/\/www.cetys.mx\/noticias\/orgullo-cetys-emprendedor-comprometido-cambio\/#breadcrumb"},"inLanguage":"es","potentialAction":[{"@type":"ReadAction","target":["https:\/\/www.cetys.mx\/noticias\/orgullo-cetys-emprendedor-comprometido-cambio\/"]}]},{"@type":"ImageObject","inLanguage":"es","@id":"https:\/\/www.cetys.mx\/noticias\/orgullo-cetys-emprendedor-comprometido-cambio\/#primaryimage","url":"https:\/\/www.cetys.mx\/noticias\/wp-content\/uploads\/2017\/06\/i\u0301ndice.jpg","contentUrl":"https:\/\/www.cetys.mx\/noticias\/wp-content\/uploads\/2017\/06\/i\u0301ndice.jpg","width":960,"height":960},{"@type":"BreadcrumbList","@id":"https:\/\/www.cetys.mx\/noticias\/orgullo-cetys-emprendedor-comprometido-cambio\/#breadcrumb","itemListElement":[{"@type":"ListItem","position":1,"name":"Inicio","item":"https:\/\/www.cetys.mx\/noticias\/"},{"@type":"ListItem","position":2,"name":"Es Orgullo CETYS un &#8220;emprendedor comprometido con el cambio&#8221;."}]},{"@type":"WebSite","@id":"https:\/\/www.cetys.mx\/noticias\/#website","url":"https:\/\/www.cetys.mx\/noticias\/","name":"CETYS","description":"","potentialAction":[{"@type":"SearchAction","target":{"@type":"EntryPoint","urlTemplate":"https:\/\/www.cetys.mx\/noticias\/?s={search_term_string}"},"query-input":{"@type":"PropertyValueSpecification","valueRequired":true,"valueName":"search_term_string"}}],"inLanguage":"es"},{"@type":"Person","@id":"https:\/\/www.cetys.mx\/noticias\/#\/schema\/person\/e9d2b35265b64aa454df57a2828eb2ac","name":"CETYS Institucional","url":"https:\/\/www.cetys.mx\/noticias\/author\/cetysinstitucional\/"}]}},"_links":{"self":[{"href":"https:\/\/www.cetys.mx\/noticias\/wp-json\/wp\/v2\/posts\/72821","targetHints":{"allow":["GET"]}}],"collection":[{"href":"https:\/\/www.cetys.mx\/noticias\/wp-json\/wp\/v2\/posts"}],"about":[{"href":"https:\/\/www.cetys.mx\/noticias\/wp-json\/wp\/v2\/types\/post"}],"author":[{"embeddable":true,"href":"https:\/\/www.cetys.mx\/noticias\/wp-json\/wp\/v2\/users\/26"}],"replies":[{"embeddable":true,"href":"https:\/\/www.cetys.mx\/noticias\/wp-json\/wp\/v2\/comments?post=72821"}],"version-history":[{"count":0,"href":"https:\/\/www.cetys.mx\/noticias\/wp-json\/wp\/v2\/posts\/72821\/revisions"}],"wp:featuredmedia":[{"embeddable":true,"href":"https:\/\/www.cetys.mx\/noticias\/wp-json\/wp\/v2\/media\/72822"}],"wp:attachment":[{"href":"https:\/\/www.cetys.mx\/noticias\/wp-json\/wp\/v2\/media?parent=72821"}],"wp:term":[{"taxonomy":"category","embeddable":true,"href":"https:\/\/www.cetys.mx\/noticias\/wp-json\/wp\/v2\/categories?post=72821"},{"taxonomy":"post_tag","embeddable":true,"href":"https:\/\/www.cetys.mx\/noticias\/wp-json\/wp\/v2\/tags?post=72821"}],"curies":[{"name":"wp","href":"https:\/\/api.w.org\/{rel}","templated":true}]}}