{"id":72408,"date":"2017-06-08T23:10:05","date_gmt":"2017-06-09T06:10:05","guid":{"rendered":"http:\/\/www.cetys.mx\/noticias\/?p=72408"},"modified":"2017-06-08T23:10:05","modified_gmt":"2017-06-09T06:10:05","slug":"academico-cetys-participa-en-panel-internacional","status":"publish","type":"post","link":"https:\/\/www.cetys.mx\/noticias\/academico-cetys-participa-en-panel-internacional\/","title":{"rendered":"Acad\u00e9mico de CETYS participa en panel internacional."},"content":{"rendered":"<p><span style=\"font-weight: 400;\">E<\/span><span style=\"font-weight: 400;\">n el marco de <\/span><span style=\"font-weight: 400;\">la 54\u00aa Conferencia Internacional de Recaudaci\u00f3n de Fondos<\/span><span style=\"font-weight: 400;\"> del <\/span><a href=\"https:\/\/twitter.com\/afpihq\"><span style=\"font-weight: 400;\">Association of Fundraising Professionals<\/span><\/a><span style=\"font-weight: 400;\">, <\/span><span style=\"font-weight: 400;\">celebrada el pasado 24 de mayo en la ciudad de San Francisco, California; <\/span><span style=\"font-weight: 400;\">el maestro Carlos H. Garc\u00eda, profesor del Sistema <\/span><b>CETYS Universidad<\/b><span style=\"font-weight: 400;\"> y Director de Relaciones Institucionales, quien ha estado involucrado en la recaudaci\u00f3n de fondos desde hace 20 a\u00f1os, fue invitado participar en un panel sobre el tema de <\/span><i><span style=\"font-weight: 400;\">Diversidad y Filantrop\u00eda.<\/span><\/i><\/p>\n<p>En tal panel estuvieron presentes Alphonce J Brown Jr \u00a0(Ex-Presidente del Consejo de AFP), Laura Trujillo \u00a0(Colombia), Ray, Lesley \u00a0(Australia), Houssam Chahin (Emiratos \u00c1rabes), Lilya Wagner \u00a0(EU, Estonia),Carlos H. Garcia (M\u00e9xico), representando la experiencia de diferentes pa\u00edses.<\/p>\n<p>&nbsp;<\/p>\n<p><span style=\"font-weight: 400;\">El tema central fue el libro recientemente publicado, <\/span><a href=\"https:\/\/www.diversityandphilanthropy.com\/\"><b>Diversity and Philanthropy<\/b><\/a><span style=\"font-weight: 400;\">, editado por la Dra. Lilya Wagner, autoridad de talla internacional en el \u00e1mbito de la filantrop\u00eda y el allegamiento de recursos. En el mismo, se abordan las perspectivas culturales que matizan la filantrop\u00eda en diferentes puntos del mundo donde <\/span><span style=\"font-weight: 400;\">el maestro Carlos H. Garc\u00eda, fue invitado participar en el cap\u00edtulo alusivo a M\u00e9xico.<\/span><\/p>\n<p>Durante la presentaci\u00f3n sobre la perspectiva Mexicana, el maestro Garc\u00eda tambi\u00e9n difundi\u00f3 hallazgos de su tesis doctoral \u201cPhilanthropic Involvement of CETYS Alumni with their Alma Mater: A Study of Undergraduate Alumni from 1990 to 2010&#8243;.<\/p>\n<p><span style=\"font-weight: 400;\">La Conferencia Internacional de Recaudaci\u00f3n de Fondos es un evento <\/span><span style=\"font-weight: 400;\">de suma importancia para la <\/span><span style=\"font-weight: 400;\">c<\/span><span style=\"font-weight: 400;\">omunidad de principales financiadores y recaudadores de fondos que exploran nuevas estrategias para la innovaci\u00f3n social y el impacto comunitario pues es reconocida mundialmente como el lugar de aprendizaje, establecimiento de redes y establecimiento de normas para los recaudadores de fondos y l\u00edderes sectoriales m\u00e1s eficaces del mundo.<\/span><\/p>\n","protected":false},"excerpt":{"rendered":"<p>En el marco de la 54\u00aa Conferencia Internacional de Recaudaci\u00f3n de Fondos del Association of Fundraising Professionals, celebrada el pasado 24 de&#8230;<\/p>\n","protected":false},"author":26,"featured_media":72410,"comment_status":"open","ping_status":"open","sticky":false,"template":"","format":"standard","meta":{"footnotes":""},"categories":[1],"tags":[],"class_list":["post-72408","post","type-post","status-publish","format-standard","has-post-thumbnail","hentry","category-uncategorized"],"yoast_head":"<!-- This site is optimized with the Yoast SEO plugin v27.4 - https:\/\/yoast.com\/product\/yoast-seo-wordpress\/ -->\n<title>Acad\u00e9mico de CETYS participa en panel internacional. - CETYS<\/title>\n<meta name=\"description\" content=\"Articulo sobre Acad\u00e9mico de CETYS participa en panel internacional.\" \/>\n<meta name=\"robots\" content=\"index, follow, max-snippet:-1, max-image-preview:large, max-video-preview:-1\" \/>\n<link rel=\"canonical\" href=\"https:\/\/www.cetys.mx\/noticias\/academico-cetys-participa-en-panel-internacional\/\" \/>\n<meta property=\"og:locale\" content=\"es_MX\" \/>\n<meta property=\"og:type\" content=\"article\" \/>\n<meta property=\"og:title\" content=\"Acad\u00e9mico de CETYS participa en panel internacional. - CETYS\" \/>\n<meta property=\"og:description\" content=\"Articulo sobre Acad\u00e9mico de CETYS participa en panel internacional.\" \/>\n<meta property=\"og:url\" content=\"https:\/\/www.cetys.mx\/noticias\/academico-cetys-participa-en-panel-internacional\/\" \/>\n<meta property=\"og:site_name\" content=\"CETYS\" \/>\n<meta property=\"article:publisher\" content=\"https:\/\/www.facebook.com\/cetysuniversidadmxl\/\" \/>\n<meta property=\"article:published_time\" content=\"2017-06-09T06:10:05+00:00\" \/>\n<meta property=\"og:image\" content=\"https:\/\/www.cetys.mx\/noticias\/wp-content\/uploads\/2017\/06\/CarlosHGarcia2.jpeg\" \/>\n\t<meta property=\"og:image:width\" content=\"800\" \/>\n\t<meta property=\"og:image:height\" content=\"600\" \/>\n\t<meta property=\"og:image:type\" content=\"image\/jpeg\" \/>\n<meta name=\"author\" content=\"CETYS Institucional\" \/>\n<meta name=\"twitter:card\" content=\"summary_large_image\" \/>\n<meta name=\"twitter:creator\" content=\"@cetysuni\" \/>\n<meta name=\"twitter:site\" content=\"@cetysuni\" \/>\n<meta name=\"twitter:label1\" content=\"Escrito por\" \/>\n\t<meta name=\"twitter:data1\" content=\"CETYS Institucional\" \/>\n\t<meta name=\"twitter:label2\" content=\"Tiempo de lectura\" \/>\n\t<meta name=\"twitter:data2\" content=\"1 minuto\" \/>\n<script type=\"application\/ld+json\" class=\"yoast-schema-graph\">{\"@context\":\"https:\\\/\\\/schema.org\",\"@graph\":[{\"@type\":\"Article\",\"@id\":\"https:\\\/\\\/www.cetys.mx\\\/noticias\\\/academico-cetys-participa-en-panel-internacional\\\/#article\",\"isPartOf\":{\"@id\":\"https:\\\/\\\/www.cetys.mx\\\/noticias\\\/academico-cetys-participa-en-panel-internacional\\\/\"},\"author\":{\"name\":\"CETYS Institucional\",\"@id\":\"https:\\\/\\\/www.cetys.mx\\\/noticias\\\/#\\\/schema\\\/person\\\/e9d2b35265b64aa454df57a2828eb2ac\"},\"headline\":\"Acad\u00e9mico de CETYS participa en panel internacional.\",\"datePublished\":\"2017-06-09T06:10:05+00:00\",\"mainEntityOfPage\":{\"@id\":\"https:\\\/\\\/www.cetys.mx\\\/noticias\\\/academico-cetys-participa-en-panel-internacional\\\/\"},\"wordCount\":296,\"commentCount\":0,\"image\":{\"@id\":\"https:\\\/\\\/www.cetys.mx\\\/noticias\\\/academico-cetys-participa-en-panel-internacional\\\/#primaryimage\"},\"thumbnailUrl\":\"https:\\\/\\\/www.cetys.mx\\\/noticias\\\/wp-content\\\/uploads\\\/2017\\\/06\\\/CarlosHGarcia2.jpeg\",\"articleSection\":[\"Uncategorized\"],\"inLanguage\":\"es\",\"potentialAction\":[{\"@type\":\"CommentAction\",\"name\":\"Comment\",\"target\":[\"https:\\\/\\\/www.cetys.mx\\\/noticias\\\/academico-cetys-participa-en-panel-internacional\\\/#respond\"]}]},{\"@type\":\"WebPage\",\"@id\":\"https:\\\/\\\/www.cetys.mx\\\/noticias\\\/academico-cetys-participa-en-panel-internacional\\\/\",\"url\":\"https:\\\/\\\/www.cetys.mx\\\/noticias\\\/academico-cetys-participa-en-panel-internacional\\\/\",\"name\":\"Acad\u00e9mico de CETYS participa en panel internacional. - CETYS\",\"isPartOf\":{\"@id\":\"https:\\\/\\\/www.cetys.mx\\\/noticias\\\/#website\"},\"primaryImageOfPage\":{\"@id\":\"https:\\\/\\\/www.cetys.mx\\\/noticias\\\/academico-cetys-participa-en-panel-internacional\\\/#primaryimage\"},\"image\":{\"@id\":\"https:\\\/\\\/www.cetys.mx\\\/noticias\\\/academico-cetys-participa-en-panel-internacional\\\/#primaryimage\"},\"thumbnailUrl\":\"https:\\\/\\\/www.cetys.mx\\\/noticias\\\/wp-content\\\/uploads\\\/2017\\\/06\\\/CarlosHGarcia2.jpeg\",\"datePublished\":\"2017-06-09T06:10:05+00:00\",\"author\":{\"@id\":\"https:\\\/\\\/www.cetys.mx\\\/noticias\\\/#\\\/schema\\\/person\\\/e9d2b35265b64aa454df57a2828eb2ac\"},\"description\":\"Articulo sobre Acad\u00e9mico de CETYS participa en panel internacional.\",\"breadcrumb\":{\"@id\":\"https:\\\/\\\/www.cetys.mx\\\/noticias\\\/academico-cetys-participa-en-panel-internacional\\\/#breadcrumb\"},\"inLanguage\":\"es\",\"potentialAction\":[{\"@type\":\"ReadAction\",\"target\":[\"https:\\\/\\\/www.cetys.mx\\\/noticias\\\/academico-cetys-participa-en-panel-internacional\\\/\"]}]},{\"@type\":\"ImageObject\",\"inLanguage\":\"es\",\"@id\":\"https:\\\/\\\/www.cetys.mx\\\/noticias\\\/academico-cetys-participa-en-panel-internacional\\\/#primaryimage\",\"url\":\"https:\\\/\\\/www.cetys.mx\\\/noticias\\\/wp-content\\\/uploads\\\/2017\\\/06\\\/CarlosHGarcia2.jpeg\",\"contentUrl\":\"https:\\\/\\\/www.cetys.mx\\\/noticias\\\/wp-content\\\/uploads\\\/2017\\\/06\\\/CarlosHGarcia2.jpeg\",\"width\":800,\"height\":600},{\"@type\":\"BreadcrumbList\",\"@id\":\"https:\\\/\\\/www.cetys.mx\\\/noticias\\\/academico-cetys-participa-en-panel-internacional\\\/#breadcrumb\",\"itemListElement\":[{\"@type\":\"ListItem\",\"position\":1,\"name\":\"Inicio\",\"item\":\"https:\\\/\\\/www.cetys.mx\\\/noticias\\\/\"},{\"@type\":\"ListItem\",\"position\":2,\"name\":\"Acad\u00e9mico de CETYS participa en panel internacional.\"}]},{\"@type\":\"WebSite\",\"@id\":\"https:\\\/\\\/www.cetys.mx\\\/noticias\\\/#website\",\"url\":\"https:\\\/\\\/www.cetys.mx\\\/noticias\\\/\",\"name\":\"CETYS\",\"description\":\"\",\"potentialAction\":[{\"@type\":\"SearchAction\",\"target\":{\"@type\":\"EntryPoint\",\"urlTemplate\":\"https:\\\/\\\/www.cetys.mx\\\/noticias\\\/?s={search_term_string}\"},\"query-input\":{\"@type\":\"PropertyValueSpecification\",\"valueRequired\":true,\"valueName\":\"search_term_string\"}}],\"inLanguage\":\"es\"},{\"@type\":\"Person\",\"@id\":\"https:\\\/\\\/www.cetys.mx\\\/noticias\\\/#\\\/schema\\\/person\\\/e9d2b35265b64aa454df57a2828eb2ac\",\"name\":\"CETYS Institucional\",\"url\":\"https:\\\/\\\/www.cetys.mx\\\/noticias\\\/author\\\/cetysinstitucional\\\/\"}]}<\/script>\n<!-- \/ Yoast SEO plugin. -->","yoast_head_json":{"title":"Acad\u00e9mico de CETYS participa en panel internacional. - CETYS","description":"Articulo sobre Acad\u00e9mico de CETYS participa en panel internacional.","robots":{"index":"index","follow":"follow","max-snippet":"max-snippet:-1","max-image-preview":"max-image-preview:large","max-video-preview":"max-video-preview:-1"},"canonical":"https:\/\/www.cetys.mx\/noticias\/academico-cetys-participa-en-panel-internacional\/","og_locale":"es_MX","og_type":"article","og_title":"Acad\u00e9mico de CETYS participa en panel internacional. - CETYS","og_description":"Articulo sobre Acad\u00e9mico de CETYS participa en panel internacional.","og_url":"https:\/\/www.cetys.mx\/noticias\/academico-cetys-participa-en-panel-internacional\/","og_site_name":"CETYS","article_publisher":"https:\/\/www.facebook.com\/cetysuniversidadmxl\/","article_published_time":"2017-06-09T06:10:05+00:00","og_image":[{"width":800,"height":600,"url":"https:\/\/www.cetys.mx\/noticias\/wp-content\/uploads\/2017\/06\/CarlosHGarcia2.jpeg","type":"image\/jpeg"}],"author":"CETYS Institucional","twitter_card":"summary_large_image","twitter_creator":"@cetysuni","twitter_site":"@cetysuni","twitter_misc":{"Escrito por":"CETYS Institucional","Tiempo de lectura":"1 minuto"},"schema":{"@context":"https:\/\/schema.org","@graph":[{"@type":"Article","@id":"https:\/\/www.cetys.mx\/noticias\/academico-cetys-participa-en-panel-internacional\/#article","isPartOf":{"@id":"https:\/\/www.cetys.mx\/noticias\/academico-cetys-participa-en-panel-internacional\/"},"author":{"name":"CETYS Institucional","@id":"https:\/\/www.cetys.mx\/noticias\/#\/schema\/person\/e9d2b35265b64aa454df57a2828eb2ac"},"headline":"Acad\u00e9mico de CETYS participa en panel internacional.","datePublished":"2017-06-09T06:10:05+00:00","mainEntityOfPage":{"@id":"https:\/\/www.cetys.mx\/noticias\/academico-cetys-participa-en-panel-internacional\/"},"wordCount":296,"commentCount":0,"image":{"@id":"https:\/\/www.cetys.mx\/noticias\/academico-cetys-participa-en-panel-internacional\/#primaryimage"},"thumbnailUrl":"https:\/\/www.cetys.mx\/noticias\/wp-content\/uploads\/2017\/06\/CarlosHGarcia2.jpeg","articleSection":["Uncategorized"],"inLanguage":"es","potentialAction":[{"@type":"CommentAction","name":"Comment","target":["https:\/\/www.cetys.mx\/noticias\/academico-cetys-participa-en-panel-internacional\/#respond"]}]},{"@type":"WebPage","@id":"https:\/\/www.cetys.mx\/noticias\/academico-cetys-participa-en-panel-internacional\/","url":"https:\/\/www.cetys.mx\/noticias\/academico-cetys-participa-en-panel-internacional\/","name":"Acad\u00e9mico de CETYS participa en panel internacional. - CETYS","isPartOf":{"@id":"https:\/\/www.cetys.mx\/noticias\/#website"},"primaryImageOfPage":{"@id":"https:\/\/www.cetys.mx\/noticias\/academico-cetys-participa-en-panel-internacional\/#primaryimage"},"image":{"@id":"https:\/\/www.cetys.mx\/noticias\/academico-cetys-participa-en-panel-internacional\/#primaryimage"},"thumbnailUrl":"https:\/\/www.cetys.mx\/noticias\/wp-content\/uploads\/2017\/06\/CarlosHGarcia2.jpeg","datePublished":"2017-06-09T06:10:05+00:00","author":{"@id":"https:\/\/www.cetys.mx\/noticias\/#\/schema\/person\/e9d2b35265b64aa454df57a2828eb2ac"},"description":"Articulo sobre Acad\u00e9mico de CETYS participa en panel internacional.","breadcrumb":{"@id":"https:\/\/www.cetys.mx\/noticias\/academico-cetys-participa-en-panel-internacional\/#breadcrumb"},"inLanguage":"es","potentialAction":[{"@type":"ReadAction","target":["https:\/\/www.cetys.mx\/noticias\/academico-cetys-participa-en-panel-internacional\/"]}]},{"@type":"ImageObject","inLanguage":"es","@id":"https:\/\/www.cetys.mx\/noticias\/academico-cetys-participa-en-panel-internacional\/#primaryimage","url":"https:\/\/www.cetys.mx\/noticias\/wp-content\/uploads\/2017\/06\/CarlosHGarcia2.jpeg","contentUrl":"https:\/\/www.cetys.mx\/noticias\/wp-content\/uploads\/2017\/06\/CarlosHGarcia2.jpeg","width":800,"height":600},{"@type":"BreadcrumbList","@id":"https:\/\/www.cetys.mx\/noticias\/academico-cetys-participa-en-panel-internacional\/#breadcrumb","itemListElement":[{"@type":"ListItem","position":1,"name":"Inicio","item":"https:\/\/www.cetys.mx\/noticias\/"},{"@type":"ListItem","position":2,"name":"Acad\u00e9mico de CETYS participa en panel internacional."}]},{"@type":"WebSite","@id":"https:\/\/www.cetys.mx\/noticias\/#website","url":"https:\/\/www.cetys.mx\/noticias\/","name":"CETYS","description":"","potentialAction":[{"@type":"SearchAction","target":{"@type":"EntryPoint","urlTemplate":"https:\/\/www.cetys.mx\/noticias\/?s={search_term_string}"},"query-input":{"@type":"PropertyValueSpecification","valueRequired":true,"valueName":"search_term_string"}}],"inLanguage":"es"},{"@type":"Person","@id":"https:\/\/www.cetys.mx\/noticias\/#\/schema\/person\/e9d2b35265b64aa454df57a2828eb2ac","name":"CETYS Institucional","url":"https:\/\/www.cetys.mx\/noticias\/author\/cetysinstitucional\/"}]}},"_links":{"self":[{"href":"https:\/\/www.cetys.mx\/noticias\/wp-json\/wp\/v2\/posts\/72408","targetHints":{"allow":["GET"]}}],"collection":[{"href":"https:\/\/www.cetys.mx\/noticias\/wp-json\/wp\/v2\/posts"}],"about":[{"href":"https:\/\/www.cetys.mx\/noticias\/wp-json\/wp\/v2\/types\/post"}],"author":[{"embeddable":true,"href":"https:\/\/www.cetys.mx\/noticias\/wp-json\/wp\/v2\/users\/26"}],"replies":[{"embeddable":true,"href":"https:\/\/www.cetys.mx\/noticias\/wp-json\/wp\/v2\/comments?post=72408"}],"version-history":[{"count":0,"href":"https:\/\/www.cetys.mx\/noticias\/wp-json\/wp\/v2\/posts\/72408\/revisions"}],"wp:featuredmedia":[{"embeddable":true,"href":"https:\/\/www.cetys.mx\/noticias\/wp-json\/wp\/v2\/media\/72410"}],"wp:attachment":[{"href":"https:\/\/www.cetys.mx\/noticias\/wp-json\/wp\/v2\/media?parent=72408"}],"wp:term":[{"taxonomy":"category","embeddable":true,"href":"https:\/\/www.cetys.mx\/noticias\/wp-json\/wp\/v2\/categories?post=72408"},{"taxonomy":"post_tag","embeddable":true,"href":"https:\/\/www.cetys.mx\/noticias\/wp-json\/wp\/v2\/tags?post=72408"}],"curies":[{"name":"wp","href":"https:\/\/api.w.org\/{rel}","templated":true}]}}