{"id":72352,"date":"2017-06-08T16:58:08","date_gmt":"2017-06-08T23:58:08","guid":{"rendered":"http:\/\/www.cetys.mx\/noticias\/?p=72352"},"modified":"2018-01-08T11:16:29","modified_gmt":"2018-01-08T19:16:29","slug":"72352-2","status":"publish","type":"post","link":"https:\/\/www.cetys.mx\/noticias\/72352-2\/","title":{"rendered":"Unen esfuerzos por los j\u00f3venes talento de Tijuana"},"content":{"rendered":"<p>Comprometidos con el desarrollo econ\u00f3mico, social y cultural de Baja California, as\u00ed son los miembros de la comunidad <a href=\"https:\/\/www.cetys.mx\/alumni\/\">CETYS Alumni<\/a> que contaron con la oportunidad de asistir al encuentro <strong>\u201cRecon\u00e9ctate con tu Alma Mater\u201d<\/strong>, donde conocieron los avances y retos de la instituci\u00f3n en <a href=\"https:\/\/www.cetys.mx\/quienes-somos\/\">camino al 2020<\/a>.<\/p>\n<p><a href=\"https:\/\/www.cetys.mx\/noticias\/wp-content\/uploads\/2017\/06\/cetys_alumniforjadores2.jpg\"><img loading=\"lazy\" decoding=\"async\" class=\"size-full wp-image-72355 aligncenter\" src=\"https:\/\/www.cetys.mx\/noticias\/wp-content\/uploads\/2017\/06\/cetys_alumniforjadores2.jpg\" alt=\"cetys_alumniforjadores2\" width=\"958\" height=\"637\" \/><\/a><\/p>\n<p>El encuentro presidido por la <strong>Mtra. Jessica Ibarra Ramonet<\/strong>, <em>Directora Zona Costa<\/em>; as\u00ed como por la <strong>Mtra. Dulce Guti\u00e9rrez Caldi\u00f1o<\/strong>, <em>Directora de Avance Institucional en<\/em> <a href=\"https:\/\/www.cetys.mx\/\">Campus Tijuana<\/a>, y el <strong>Lic. Jos\u00e9 Flores Pila<\/strong>, <em>Asociado del Instituto Educativo del Noroeste (IENAC)<\/em>, se presentaron las iniciativas <a href=\"https:\/\/www.cetys.mx\/noticias\/se-suman-egresados-cetys-a-la-transformacion-social\/'\">\u201cForjadores de la Educaci\u00f3n Alumni\u201d y \u201cS\u00famate al CETYS 2020\u201d<\/a>.<\/p>\n<p>Dichos proyectos filantr\u00f3picos vienen a <strong>solventar las necesidades de cientos de j\u00f3venes talentosos con deseos de iniciar una formaci\u00f3n universitaria<\/strong>; sum\u00e1ndose a los esfuerzos encaminados a la visi\u00f3n 2020, donde se buscar <em>ser la mejor instituci\u00f3n en Latinoam\u00e9rica en MBA con enfoque a Emprendimiento y en Ingenier\u00eda con enfoque a Innovaci\u00f3n y Dise\u00f1o<\/em>.<\/p>\n<p><a href=\"https:\/\/www.cetys.mx\/noticias\/wp-content\/uploads\/2017\/06\/cetys_alumniforjadores.jpg\"><img loading=\"lazy\" decoding=\"async\" class=\"size-full wp-image-72354 aligncenter\" src=\"https:\/\/www.cetys.mx\/noticias\/wp-content\/uploads\/2017\/06\/cetys_alumniforjadores.jpg\" alt=\"cetys_alumniforjadores\" width=\"958\" height=\"637\" \/><\/a><\/p>\n<p>En esta ocasi\u00f3n fueron <strong>Jos\u00e9 Oscar Vega Mar\u00edn, Edith Tornero Medina, Bertha Mar\u00eda Guzm\u00e1n, Ricardo Abarca, Fidel Fern\u00e1ndez y Marcela Lav\u00edn<\/strong> quienes dijeron s\u00ed a la cultura de la filantrop\u00eda y reciprocidad, apoyando la formaci\u00f3n de los futuros l\u00edderes de la regi\u00f3n a trav\u00e9s de las ya mencionadas iniciativas.<\/p>\n<hr \/>\n<p>&nbsp;<\/p>\n<p style=\"text-align: left;\">Para m\u00e1s informaci\u00f3n sobre c\u00f3mo apoyar a los j\u00f3venes promesa de Baja California, invitan a comunicarse al <strong>903-1800 Ext.267<\/strong> o escribir a las direcciones\u00a0<a href=\"mailto:paulina.mandujano@cetys.mx\">paulina.mandujano@cetys.mx<\/a> |\u00a0<a href=\"mailto:alan.romero@cetys.mx\">alan.romero@cetys.mx<\/a><\/p>\n","protected":false},"excerpt":{"rendered":"<p>Comprometidos con el desarrollo econ\u00f3mico, social y cultural de Baja California, as\u00ed son los miembros de la comunidad CETYS Alumni que contaron&#8230;<\/p>\n","protected":false},"author":24,"featured_media":72354,"comment_status":"open","ping_status":"open","sticky":false,"template":"","format":"standard","meta":{"footnotes":""},"categories":[107,322,134,112,313],"tags":[328,138,1186,168,424,559,342,176,2065,1564],"class_list":["post-72352","post","type-post","status-publish","format-standard","has-post-thumbnail","hentry","category-alumni","category-avance-institucional","category-campus-tijuana","category-filantropia","category-vocetys-2","tag-campustijuana","tag-cetys","tag-cetys-alumni","tag-cetys-universidad","tag-egresados","tag-filantropia","tag-liderazgo","tag-profesional","tag-todossomosforjadores","tag-vocetys-2017-06-09"],"yoast_head":"<!-- This site is optimized with the Yoast SEO plugin v27.4 - https:\/\/yoast.com\/product\/yoast-seo-wordpress\/ -->\n<title>Unen esfuerzos por los j\u00f3venes talento de Tijuana - CETYS<\/title>\n<meta name=\"description\" content=\"Articulo sobre Unen esfuerzos por los j\u00f3venes talento de Tijuana\" \/>\n<meta name=\"robots\" content=\"index, follow, max-snippet:-1, max-image-preview:large, max-video-preview:-1\" \/>\n<link rel=\"canonical\" href=\"https:\/\/www.cetys.mx\/noticias\/72352-2\/\" \/>\n<meta property=\"og:locale\" content=\"es_MX\" \/>\n<meta property=\"og:type\" content=\"article\" \/>\n<meta property=\"og:title\" content=\"Unen esfuerzos por los j\u00f3venes talento de Tijuana - CETYS\" \/>\n<meta property=\"og:description\" content=\"Articulo sobre Unen esfuerzos por los j\u00f3venes talento de Tijuana\" \/>\n<meta property=\"og:url\" content=\"https:\/\/www.cetys.mx\/noticias\/72352-2\/\" \/>\n<meta property=\"og:site_name\" content=\"CETYS\" \/>\n<meta property=\"article:publisher\" content=\"https:\/\/www.facebook.com\/cetysuniversidadmxl\/\" \/>\n<meta property=\"article:published_time\" content=\"2017-06-08T23:58:08+00:00\" \/>\n<meta property=\"article:modified_time\" content=\"2018-01-08T19:16:29+00:00\" \/>\n<meta property=\"og:image\" content=\"https:\/\/www.cetys.mx\/noticias\/wp-content\/uploads\/2017\/06\/cetys_alumniforjadores.jpg\" \/>\n\t<meta property=\"og:image:width\" content=\"958\" \/>\n\t<meta property=\"og:image:height\" content=\"637\" \/>\n\t<meta property=\"og:image:type\" content=\"image\/jpeg\" \/>\n<meta name=\"author\" content=\"Campus Tijuana\" \/>\n<meta name=\"twitter:card\" content=\"summary_large_image\" \/>\n<meta name=\"twitter:creator\" content=\"@cetysuni\" \/>\n<meta name=\"twitter:site\" content=\"@cetysuni\" \/>\n<meta name=\"twitter:label1\" content=\"Escrito por\" \/>\n\t<meta name=\"twitter:data1\" content=\"Campus Tijuana\" \/>\n\t<meta name=\"twitter:label2\" content=\"Tiempo de lectura\" \/>\n\t<meta name=\"twitter:data2\" content=\"1 minuto\" \/>\n<script type=\"application\/ld+json\" class=\"yoast-schema-graph\">{\"@context\":\"https:\\\/\\\/schema.org\",\"@graph\":[{\"@type\":\"Article\",\"@id\":\"https:\\\/\\\/www.cetys.mx\\\/noticias\\\/72352-2\\\/#article\",\"isPartOf\":{\"@id\":\"https:\\\/\\\/www.cetys.mx\\\/noticias\\\/72352-2\\\/\"},\"author\":{\"name\":\"Campus Tijuana\",\"@id\":\"https:\\\/\\\/www.cetys.mx\\\/noticias\\\/#\\\/schema\\\/person\\\/e790051ce60e18ae47cfa87011c8653f\"},\"headline\":\"Unen esfuerzos por los j\u00f3venes talento de Tijuana\",\"datePublished\":\"2017-06-08T23:58:08+00:00\",\"dateModified\":\"2018-01-08T19:16:29+00:00\",\"mainEntityOfPage\":{\"@id\":\"https:\\\/\\\/www.cetys.mx\\\/noticias\\\/72352-2\\\/\"},\"wordCount\":274,\"commentCount\":0,\"image\":{\"@id\":\"https:\\\/\\\/www.cetys.mx\\\/noticias\\\/72352-2\\\/#primaryimage\"},\"thumbnailUrl\":\"https:\\\/\\\/www.cetys.mx\\\/noticias\\\/wp-content\\\/uploads\\\/2017\\\/06\\\/cetys_alumniforjadores.jpg\",\"keywords\":[\"campustijuana\",\"Cetys\",\"CETYS Alumni\",\"CETYS Universidad\",\"Egresados\",\"filantropia\",\"liderazgo\",\"profesional\",\"TodosSomosForjadores\",\"vocetys-2017-06-09\"],\"articleSection\":[\"Alumni\",\"Avance Institucional\",\"Campus Tijuana\",\"Filantrop\u00eda\",\"VoCETYS\"],\"inLanguage\":\"es\",\"potentialAction\":[{\"@type\":\"CommentAction\",\"name\":\"Comment\",\"target\":[\"https:\\\/\\\/www.cetys.mx\\\/noticias\\\/72352-2\\\/#respond\"]}]},{\"@type\":\"WebPage\",\"@id\":\"https:\\\/\\\/www.cetys.mx\\\/noticias\\\/72352-2\\\/\",\"url\":\"https:\\\/\\\/www.cetys.mx\\\/noticias\\\/72352-2\\\/\",\"name\":\"Unen esfuerzos por los j\u00f3venes talento de Tijuana - CETYS\",\"isPartOf\":{\"@id\":\"https:\\\/\\\/www.cetys.mx\\\/noticias\\\/#website\"},\"primaryImageOfPage\":{\"@id\":\"https:\\\/\\\/www.cetys.mx\\\/noticias\\\/72352-2\\\/#primaryimage\"},\"image\":{\"@id\":\"https:\\\/\\\/www.cetys.mx\\\/noticias\\\/72352-2\\\/#primaryimage\"},\"thumbnailUrl\":\"https:\\\/\\\/www.cetys.mx\\\/noticias\\\/wp-content\\\/uploads\\\/2017\\\/06\\\/cetys_alumniforjadores.jpg\",\"datePublished\":\"2017-06-08T23:58:08+00:00\",\"dateModified\":\"2018-01-08T19:16:29+00:00\",\"author\":{\"@id\":\"https:\\\/\\\/www.cetys.mx\\\/noticias\\\/#\\\/schema\\\/person\\\/e790051ce60e18ae47cfa87011c8653f\"},\"description\":\"Articulo sobre Unen esfuerzos por los j\u00f3venes talento de Tijuana\",\"breadcrumb\":{\"@id\":\"https:\\\/\\\/www.cetys.mx\\\/noticias\\\/72352-2\\\/#breadcrumb\"},\"inLanguage\":\"es\",\"potentialAction\":[{\"@type\":\"ReadAction\",\"target\":[\"https:\\\/\\\/www.cetys.mx\\\/noticias\\\/72352-2\\\/\"]}]},{\"@type\":\"ImageObject\",\"inLanguage\":\"es\",\"@id\":\"https:\\\/\\\/www.cetys.mx\\\/noticias\\\/72352-2\\\/#primaryimage\",\"url\":\"https:\\\/\\\/www.cetys.mx\\\/noticias\\\/wp-content\\\/uploads\\\/2017\\\/06\\\/cetys_alumniforjadores.jpg\",\"contentUrl\":\"https:\\\/\\\/www.cetys.mx\\\/noticias\\\/wp-content\\\/uploads\\\/2017\\\/06\\\/cetys_alumniforjadores.jpg\",\"width\":958,\"height\":637},{\"@type\":\"BreadcrumbList\",\"@id\":\"https:\\\/\\\/www.cetys.mx\\\/noticias\\\/72352-2\\\/#breadcrumb\",\"itemListElement\":[{\"@type\":\"ListItem\",\"position\":1,\"name\":\"Inicio\",\"item\":\"https:\\\/\\\/www.cetys.mx\\\/noticias\\\/\"},{\"@type\":\"ListItem\",\"position\":2,\"name\":\"Unen esfuerzos por los j\u00f3venes talento de Tijuana\"}]},{\"@type\":\"WebSite\",\"@id\":\"https:\\\/\\\/www.cetys.mx\\\/noticias\\\/#website\",\"url\":\"https:\\\/\\\/www.cetys.mx\\\/noticias\\\/\",\"name\":\"CETYS\",\"description\":\"\",\"potentialAction\":[{\"@type\":\"SearchAction\",\"target\":{\"@type\":\"EntryPoint\",\"urlTemplate\":\"https:\\\/\\\/www.cetys.mx\\\/noticias\\\/?s={search_term_string}\"},\"query-input\":{\"@type\":\"PropertyValueSpecification\",\"valueRequired\":true,\"valueName\":\"search_term_string\"}}],\"inLanguage\":\"es\"},{\"@type\":\"Person\",\"@id\":\"https:\\\/\\\/www.cetys.mx\\\/noticias\\\/#\\\/schema\\\/person\\\/e790051ce60e18ae47cfa87011c8653f\",\"name\":\"Campus Tijuana\",\"url\":\"https:\\\/\\\/www.cetys.mx\\\/noticias\\\/author\\\/campustijuana\\\/\"}]}<\/script>\n<!-- \/ Yoast SEO plugin. -->","yoast_head_json":{"title":"Unen esfuerzos por los j\u00f3venes talento de Tijuana - CETYS","description":"Articulo sobre Unen esfuerzos por los j\u00f3venes talento de Tijuana","robots":{"index":"index","follow":"follow","max-snippet":"max-snippet:-1","max-image-preview":"max-image-preview:large","max-video-preview":"max-video-preview:-1"},"canonical":"https:\/\/www.cetys.mx\/noticias\/72352-2\/","og_locale":"es_MX","og_type":"article","og_title":"Unen esfuerzos por los j\u00f3venes talento de Tijuana - CETYS","og_description":"Articulo sobre Unen esfuerzos por los j\u00f3venes talento de Tijuana","og_url":"https:\/\/www.cetys.mx\/noticias\/72352-2\/","og_site_name":"CETYS","article_publisher":"https:\/\/www.facebook.com\/cetysuniversidadmxl\/","article_published_time":"2017-06-08T23:58:08+00:00","article_modified_time":"2018-01-08T19:16:29+00:00","og_image":[{"width":958,"height":637,"url":"https:\/\/www.cetys.mx\/noticias\/wp-content\/uploads\/2017\/06\/cetys_alumniforjadores.jpg","type":"image\/jpeg"}],"author":"Campus Tijuana","twitter_card":"summary_large_image","twitter_creator":"@cetysuni","twitter_site":"@cetysuni","twitter_misc":{"Escrito por":"Campus Tijuana","Tiempo de lectura":"1 minuto"},"schema":{"@context":"https:\/\/schema.org","@graph":[{"@type":"Article","@id":"https:\/\/www.cetys.mx\/noticias\/72352-2\/#article","isPartOf":{"@id":"https:\/\/www.cetys.mx\/noticias\/72352-2\/"},"author":{"name":"Campus Tijuana","@id":"https:\/\/www.cetys.mx\/noticias\/#\/schema\/person\/e790051ce60e18ae47cfa87011c8653f"},"headline":"Unen esfuerzos por los j\u00f3venes talento de Tijuana","datePublished":"2017-06-08T23:58:08+00:00","dateModified":"2018-01-08T19:16:29+00:00","mainEntityOfPage":{"@id":"https:\/\/www.cetys.mx\/noticias\/72352-2\/"},"wordCount":274,"commentCount":0,"image":{"@id":"https:\/\/www.cetys.mx\/noticias\/72352-2\/#primaryimage"},"thumbnailUrl":"https:\/\/www.cetys.mx\/noticias\/wp-content\/uploads\/2017\/06\/cetys_alumniforjadores.jpg","keywords":["campustijuana","Cetys","CETYS Alumni","CETYS Universidad","Egresados","filantropia","liderazgo","profesional","TodosSomosForjadores","vocetys-2017-06-09"],"articleSection":["Alumni","Avance Institucional","Campus Tijuana","Filantrop\u00eda","VoCETYS"],"inLanguage":"es","potentialAction":[{"@type":"CommentAction","name":"Comment","target":["https:\/\/www.cetys.mx\/noticias\/72352-2\/#respond"]}]},{"@type":"WebPage","@id":"https:\/\/www.cetys.mx\/noticias\/72352-2\/","url":"https:\/\/www.cetys.mx\/noticias\/72352-2\/","name":"Unen esfuerzos por los j\u00f3venes talento de Tijuana - CETYS","isPartOf":{"@id":"https:\/\/www.cetys.mx\/noticias\/#website"},"primaryImageOfPage":{"@id":"https:\/\/www.cetys.mx\/noticias\/72352-2\/#primaryimage"},"image":{"@id":"https:\/\/www.cetys.mx\/noticias\/72352-2\/#primaryimage"},"thumbnailUrl":"https:\/\/www.cetys.mx\/noticias\/wp-content\/uploads\/2017\/06\/cetys_alumniforjadores.jpg","datePublished":"2017-06-08T23:58:08+00:00","dateModified":"2018-01-08T19:16:29+00:00","author":{"@id":"https:\/\/www.cetys.mx\/noticias\/#\/schema\/person\/e790051ce60e18ae47cfa87011c8653f"},"description":"Articulo sobre Unen esfuerzos por los j\u00f3venes talento de Tijuana","breadcrumb":{"@id":"https:\/\/www.cetys.mx\/noticias\/72352-2\/#breadcrumb"},"inLanguage":"es","potentialAction":[{"@type":"ReadAction","target":["https:\/\/www.cetys.mx\/noticias\/72352-2\/"]}]},{"@type":"ImageObject","inLanguage":"es","@id":"https:\/\/www.cetys.mx\/noticias\/72352-2\/#primaryimage","url":"https:\/\/www.cetys.mx\/noticias\/wp-content\/uploads\/2017\/06\/cetys_alumniforjadores.jpg","contentUrl":"https:\/\/www.cetys.mx\/noticias\/wp-content\/uploads\/2017\/06\/cetys_alumniforjadores.jpg","width":958,"height":637},{"@type":"BreadcrumbList","@id":"https:\/\/www.cetys.mx\/noticias\/72352-2\/#breadcrumb","itemListElement":[{"@type":"ListItem","position":1,"name":"Inicio","item":"https:\/\/www.cetys.mx\/noticias\/"},{"@type":"ListItem","position":2,"name":"Unen esfuerzos por los j\u00f3venes talento de Tijuana"}]},{"@type":"WebSite","@id":"https:\/\/www.cetys.mx\/noticias\/#website","url":"https:\/\/www.cetys.mx\/noticias\/","name":"CETYS","description":"","potentialAction":[{"@type":"SearchAction","target":{"@type":"EntryPoint","urlTemplate":"https:\/\/www.cetys.mx\/noticias\/?s={search_term_string}"},"query-input":{"@type":"PropertyValueSpecification","valueRequired":true,"valueName":"search_term_string"}}],"inLanguage":"es"},{"@type":"Person","@id":"https:\/\/www.cetys.mx\/noticias\/#\/schema\/person\/e790051ce60e18ae47cfa87011c8653f","name":"Campus Tijuana","url":"https:\/\/www.cetys.mx\/noticias\/author\/campustijuana\/"}]}},"_links":{"self":[{"href":"https:\/\/www.cetys.mx\/noticias\/wp-json\/wp\/v2\/posts\/72352","targetHints":{"allow":["GET"]}}],"collection":[{"href":"https:\/\/www.cetys.mx\/noticias\/wp-json\/wp\/v2\/posts"}],"about":[{"href":"https:\/\/www.cetys.mx\/noticias\/wp-json\/wp\/v2\/types\/post"}],"author":[{"embeddable":true,"href":"https:\/\/www.cetys.mx\/noticias\/wp-json\/wp\/v2\/users\/24"}],"replies":[{"embeddable":true,"href":"https:\/\/www.cetys.mx\/noticias\/wp-json\/wp\/v2\/comments?post=72352"}],"version-history":[{"count":0,"href":"https:\/\/www.cetys.mx\/noticias\/wp-json\/wp\/v2\/posts\/72352\/revisions"}],"wp:featuredmedia":[{"embeddable":true,"href":"https:\/\/www.cetys.mx\/noticias\/wp-json\/wp\/v2\/media\/72354"}],"wp:attachment":[{"href":"https:\/\/www.cetys.mx\/noticias\/wp-json\/wp\/v2\/media?parent=72352"}],"wp:term":[{"taxonomy":"category","embeddable":true,"href":"https:\/\/www.cetys.mx\/noticias\/wp-json\/wp\/v2\/categories?post=72352"},{"taxonomy":"post_tag","embeddable":true,"href":"https:\/\/www.cetys.mx\/noticias\/wp-json\/wp\/v2\/tags?post=72352"}],"curies":[{"name":"wp","href":"https:\/\/api.w.org\/{rel}","templated":true}]}}