{"id":71712,"date":"2017-05-29T17:06:59","date_gmt":"2017-05-30T00:06:59","guid":{"rendered":"http:\/\/www.cetys.mx\/noticias\/?p=71712"},"modified":"2017-05-29T17:06:59","modified_gmt":"2017-05-30T00:06:59","slug":"cetys-alumni-reconocido-chef-internacional","status":"publish","type":"post","link":"https:\/\/www.cetys.mx\/noticias\/cetys-alumni-reconocido-chef-internacional\/","title":{"rendered":"CETYS Alumni; reconocido Chef Internacional"},"content":{"rendered":"<p><span style=\"font-weight: 400;\">Guillermo Gonz\u00e1lez Beristain perteneci\u00f3 a\u00a0la generaci\u00f3n \u201886 del <\/span><b>bachillerato en CETYS; <\/b><span style=\"font-weight: 400;\">posteriormente estudi\u00f3<\/span> <span style=\"font-weight: 400;\">Gastronom\u00eda fuera de M\u00e9xico ya que en aqu\u00e9l momento, no hab\u00eda escuelas en el pa\u00eds. Al terminar la preparatoria se muda a San Diego en donde estudia en la Mesa-College la carrera de\u00a0Administraci\u00f3n de Hoteles y Restaurantes y en 1989 lo aceptan en el \u201cCulinary Institute\u00a0of America\u201d en Hyde Park N.Y, de donde en dos a\u00f1os se grad\u00faa con honores.<\/span><\/p>\n<blockquote><p><b>\u201c<\/b>S<span style=\"font-weight: 400;\">er<\/span><b> egresado de CETYS<\/b><span style=\"font-weight: 400;\"> es un gran orgullo para mi, me siento privilegiado de haber podido estudiar en esta escuela, porque creo que era la mejor opci\u00f3n, iba a la vanguardia, era una escuela exigente y deb\u00edamos esforzarnos bastante para permanecer en la escuela. En d\u00edas pasados tuve la oportunidad de visitar CETYS\u00a0y ver en lo que se ha convertido, realmente es impresionante todo lo que se ha hecho, me siento muy orgulloso y contento de estar aqu\u00ed\u201d nos coment\u00f3.<\/span><\/p><\/blockquote>\n<p><span style=\"font-weight: 400;\">Mencion\u00f3 a sus\u201cgrandes maestros\u201d, que a partir de su estancia en CETYS lo marcaron de por vida; recuerda ense\u00f1anzas, an\u00e9cdotas, y consejos. Nos coment\u00f3 haber disfrutado tomar clases con el Maestro H\u00e9ctor Le\u00f3n, el profesor Pancho, la maestra Lucrecia y el profesor Lanz. \u201cLos recuerdo con mucho cari\u00f1o\u201d, dijo conmovido.<\/span><\/p>\n<p><span style=\"font-weight: 400;\">Actualmente tiene un grupo de restaurantes en Monterrey, ha incursionando en negocios relacionados con la gastronom\u00eda y disfruta del equipo con el que trabaja ya que gracias a este \u00a0le da trabajo a 600 personas cada mes. <\/span><\/p>\n<p><b>Guillermo nos comparti\u00f3 un mensaje para todos los estudiantes que est\u00e1n por egresar:<\/b><\/p>\n<blockquote><p><span style=\"font-weight: 400;\">\u201cNunca claudiquen a sus sue\u00f1os, no tomes no como respuesta, y no dejes de hacer lo que realmente quieres hacer, sea lo que sea. A veces es complicado tomar una decisi\u00f3n tan importante en tu vida a los 18 o 19 a\u00f1os como elegir una carrera, pero b\u00e1sicamente es eso, sigue tus sue\u00f1os, trabaja duro y eventualmente te va a ir muy bien, y haz lo que te gusta.\u201d <\/span><span style=\"font-weight: 400;\"><br \/>\n<\/span><\/p><\/blockquote>\n","protected":false},"excerpt":{"rendered":"<p>Guillermo Gonz\u00e1lez Beristain perteneci\u00f3 a\u00a0la generaci\u00f3n \u201886 del bachillerato en CETYS; posteriormente estudi\u00f3 Gastronom\u00eda fuera de M\u00e9xico ya que en aqu\u00e9l momento,&#8230;<\/p>\n","protected":false},"author":26,"featured_media":71713,"comment_status":"open","ping_status":"open","sticky":false,"template":"","format":"standard","meta":{"footnotes":""},"categories":[313],"tags":[1540],"class_list":["post-71712","post","type-post","status-publish","format-standard","has-post-thumbnail","hentry","category-vocetys-2","tag-vocetys-top-2017-05-29"],"yoast_head":"<!-- This site is optimized with the Yoast SEO plugin v27.4 - https:\/\/yoast.com\/product\/yoast-seo-wordpress\/ -->\n<title>CETYS Alumni; reconocido Chef Internacional - CETYS<\/title>\n<meta name=\"description\" content=\"Articulo sobre CETYS Alumni; reconocido Chef Internacional\" \/>\n<meta name=\"robots\" content=\"index, follow, max-snippet:-1, max-image-preview:large, max-video-preview:-1\" \/>\n<link rel=\"canonical\" href=\"https:\/\/www.cetys.mx\/noticias\/cetys-alumni-reconocido-chef-internacional\/\" \/>\n<meta property=\"og:locale\" content=\"es_MX\" \/>\n<meta property=\"og:type\" content=\"article\" \/>\n<meta property=\"og:title\" content=\"CETYS Alumni; reconocido Chef Internacional - CETYS\" \/>\n<meta property=\"og:description\" content=\"Articulo sobre CETYS Alumni; reconocido Chef Internacional\" \/>\n<meta property=\"og:url\" content=\"https:\/\/www.cetys.mx\/noticias\/cetys-alumni-reconocido-chef-internacional\/\" \/>\n<meta property=\"og:site_name\" content=\"CETYS\" \/>\n<meta property=\"article:publisher\" content=\"https:\/\/www.facebook.com\/cetysuniversidadmxl\/\" \/>\n<meta property=\"article:published_time\" content=\"2017-05-30T00:06:59+00:00\" \/>\n<meta property=\"og:image\" content=\"https:\/\/www.cetys.mx\/noticias\/wp-content\/uploads\/2017\/05\/GuillermoGonzalezBeristain.jpg\" \/>\n\t<meta property=\"og:image:width\" content=\"3932\" \/>\n\t<meta property=\"og:image:height\" content=\"2692\" \/>\n\t<meta property=\"og:image:type\" content=\"image\/jpeg\" \/>\n<meta name=\"author\" content=\"CETYS Institucional\" \/>\n<meta name=\"twitter:card\" content=\"summary_large_image\" \/>\n<meta name=\"twitter:creator\" content=\"@cetysuni\" \/>\n<meta name=\"twitter:site\" content=\"@cetysuni\" \/>\n<meta name=\"twitter:label1\" content=\"Escrito por\" \/>\n\t<meta name=\"twitter:data1\" content=\"CETYS Institucional\" \/>\n\t<meta name=\"twitter:label2\" content=\"Tiempo de lectura\" \/>\n\t<meta name=\"twitter:data2\" content=\"2 minutos\" \/>\n<script type=\"application\/ld+json\" class=\"yoast-schema-graph\">{\"@context\":\"https:\\\/\\\/schema.org\",\"@graph\":[{\"@type\":\"Article\",\"@id\":\"https:\\\/\\\/www.cetys.mx\\\/noticias\\\/cetys-alumni-reconocido-chef-internacional\\\/#article\",\"isPartOf\":{\"@id\":\"https:\\\/\\\/www.cetys.mx\\\/noticias\\\/cetys-alumni-reconocido-chef-internacional\\\/\"},\"author\":{\"name\":\"CETYS Institucional\",\"@id\":\"https:\\\/\\\/www.cetys.mx\\\/noticias\\\/#\\\/schema\\\/person\\\/e9d2b35265b64aa454df57a2828eb2ac\"},\"headline\":\"CETYS Alumni; reconocido Chef Internacional\",\"datePublished\":\"2017-05-30T00:06:59+00:00\",\"mainEntityOfPage\":{\"@id\":\"https:\\\/\\\/www.cetys.mx\\\/noticias\\\/cetys-alumni-reconocido-chef-internacional\\\/\"},\"wordCount\":353,\"commentCount\":0,\"image\":{\"@id\":\"https:\\\/\\\/www.cetys.mx\\\/noticias\\\/cetys-alumni-reconocido-chef-internacional\\\/#primaryimage\"},\"thumbnailUrl\":\"https:\\\/\\\/www.cetys.mx\\\/noticias\\\/wp-content\\\/uploads\\\/2017\\\/05\\\/GuillermoGonzalezBeristain.jpg\",\"keywords\":[\"vocetys-top-2017-05-29\"],\"articleSection\":[\"VoCETYS\"],\"inLanguage\":\"es\",\"potentialAction\":[{\"@type\":\"CommentAction\",\"name\":\"Comment\",\"target\":[\"https:\\\/\\\/www.cetys.mx\\\/noticias\\\/cetys-alumni-reconocido-chef-internacional\\\/#respond\"]}]},{\"@type\":\"WebPage\",\"@id\":\"https:\\\/\\\/www.cetys.mx\\\/noticias\\\/cetys-alumni-reconocido-chef-internacional\\\/\",\"url\":\"https:\\\/\\\/www.cetys.mx\\\/noticias\\\/cetys-alumni-reconocido-chef-internacional\\\/\",\"name\":\"CETYS Alumni; reconocido Chef Internacional - CETYS\",\"isPartOf\":{\"@id\":\"https:\\\/\\\/www.cetys.mx\\\/noticias\\\/#website\"},\"primaryImageOfPage\":{\"@id\":\"https:\\\/\\\/www.cetys.mx\\\/noticias\\\/cetys-alumni-reconocido-chef-internacional\\\/#primaryimage\"},\"image\":{\"@id\":\"https:\\\/\\\/www.cetys.mx\\\/noticias\\\/cetys-alumni-reconocido-chef-internacional\\\/#primaryimage\"},\"thumbnailUrl\":\"https:\\\/\\\/www.cetys.mx\\\/noticias\\\/wp-content\\\/uploads\\\/2017\\\/05\\\/GuillermoGonzalezBeristain.jpg\",\"datePublished\":\"2017-05-30T00:06:59+00:00\",\"author\":{\"@id\":\"https:\\\/\\\/www.cetys.mx\\\/noticias\\\/#\\\/schema\\\/person\\\/e9d2b35265b64aa454df57a2828eb2ac\"},\"description\":\"Articulo sobre CETYS Alumni; reconocido Chef Internacional\",\"breadcrumb\":{\"@id\":\"https:\\\/\\\/www.cetys.mx\\\/noticias\\\/cetys-alumni-reconocido-chef-internacional\\\/#breadcrumb\"},\"inLanguage\":\"es\",\"potentialAction\":[{\"@type\":\"ReadAction\",\"target\":[\"https:\\\/\\\/www.cetys.mx\\\/noticias\\\/cetys-alumni-reconocido-chef-internacional\\\/\"]}]},{\"@type\":\"ImageObject\",\"inLanguage\":\"es\",\"@id\":\"https:\\\/\\\/www.cetys.mx\\\/noticias\\\/cetys-alumni-reconocido-chef-internacional\\\/#primaryimage\",\"url\":\"https:\\\/\\\/www.cetys.mx\\\/noticias\\\/wp-content\\\/uploads\\\/2017\\\/05\\\/GuillermoGonzalezBeristain.jpg\",\"contentUrl\":\"https:\\\/\\\/www.cetys.mx\\\/noticias\\\/wp-content\\\/uploads\\\/2017\\\/05\\\/GuillermoGonzalezBeristain.jpg\",\"width\":3932,\"height\":2692},{\"@type\":\"BreadcrumbList\",\"@id\":\"https:\\\/\\\/www.cetys.mx\\\/noticias\\\/cetys-alumni-reconocido-chef-internacional\\\/#breadcrumb\",\"itemListElement\":[{\"@type\":\"ListItem\",\"position\":1,\"name\":\"Inicio\",\"item\":\"https:\\\/\\\/www.cetys.mx\\\/noticias\\\/\"},{\"@type\":\"ListItem\",\"position\":2,\"name\":\"CETYS Alumni; reconocido Chef Internacional\"}]},{\"@type\":\"WebSite\",\"@id\":\"https:\\\/\\\/www.cetys.mx\\\/noticias\\\/#website\",\"url\":\"https:\\\/\\\/www.cetys.mx\\\/noticias\\\/\",\"name\":\"CETYS\",\"description\":\"\",\"potentialAction\":[{\"@type\":\"SearchAction\",\"target\":{\"@type\":\"EntryPoint\",\"urlTemplate\":\"https:\\\/\\\/www.cetys.mx\\\/noticias\\\/?s={search_term_string}\"},\"query-input\":{\"@type\":\"PropertyValueSpecification\",\"valueRequired\":true,\"valueName\":\"search_term_string\"}}],\"inLanguage\":\"es\"},{\"@type\":\"Person\",\"@id\":\"https:\\\/\\\/www.cetys.mx\\\/noticias\\\/#\\\/schema\\\/person\\\/e9d2b35265b64aa454df57a2828eb2ac\",\"name\":\"CETYS Institucional\",\"url\":\"https:\\\/\\\/www.cetys.mx\\\/noticias\\\/author\\\/cetysinstitucional\\\/\"}]}<\/script>\n<!-- \/ Yoast SEO plugin. -->","yoast_head_json":{"title":"CETYS Alumni; reconocido Chef Internacional - CETYS","description":"Articulo sobre CETYS Alumni; reconocido Chef Internacional","robots":{"index":"index","follow":"follow","max-snippet":"max-snippet:-1","max-image-preview":"max-image-preview:large","max-video-preview":"max-video-preview:-1"},"canonical":"https:\/\/www.cetys.mx\/noticias\/cetys-alumni-reconocido-chef-internacional\/","og_locale":"es_MX","og_type":"article","og_title":"CETYS Alumni; reconocido Chef Internacional - CETYS","og_description":"Articulo sobre CETYS Alumni; reconocido Chef Internacional","og_url":"https:\/\/www.cetys.mx\/noticias\/cetys-alumni-reconocido-chef-internacional\/","og_site_name":"CETYS","article_publisher":"https:\/\/www.facebook.com\/cetysuniversidadmxl\/","article_published_time":"2017-05-30T00:06:59+00:00","og_image":[{"width":3932,"height":2692,"url":"https:\/\/www.cetys.mx\/noticias\/wp-content\/uploads\/2017\/05\/GuillermoGonzalezBeristain.jpg","type":"image\/jpeg"}],"author":"CETYS Institucional","twitter_card":"summary_large_image","twitter_creator":"@cetysuni","twitter_site":"@cetysuni","twitter_misc":{"Escrito por":"CETYS Institucional","Tiempo de lectura":"2 minutos"},"schema":{"@context":"https:\/\/schema.org","@graph":[{"@type":"Article","@id":"https:\/\/www.cetys.mx\/noticias\/cetys-alumni-reconocido-chef-internacional\/#article","isPartOf":{"@id":"https:\/\/www.cetys.mx\/noticias\/cetys-alumni-reconocido-chef-internacional\/"},"author":{"name":"CETYS Institucional","@id":"https:\/\/www.cetys.mx\/noticias\/#\/schema\/person\/e9d2b35265b64aa454df57a2828eb2ac"},"headline":"CETYS Alumni; reconocido Chef Internacional","datePublished":"2017-05-30T00:06:59+00:00","mainEntityOfPage":{"@id":"https:\/\/www.cetys.mx\/noticias\/cetys-alumni-reconocido-chef-internacional\/"},"wordCount":353,"commentCount":0,"image":{"@id":"https:\/\/www.cetys.mx\/noticias\/cetys-alumni-reconocido-chef-internacional\/#primaryimage"},"thumbnailUrl":"https:\/\/www.cetys.mx\/noticias\/wp-content\/uploads\/2017\/05\/GuillermoGonzalezBeristain.jpg","keywords":["vocetys-top-2017-05-29"],"articleSection":["VoCETYS"],"inLanguage":"es","potentialAction":[{"@type":"CommentAction","name":"Comment","target":["https:\/\/www.cetys.mx\/noticias\/cetys-alumni-reconocido-chef-internacional\/#respond"]}]},{"@type":"WebPage","@id":"https:\/\/www.cetys.mx\/noticias\/cetys-alumni-reconocido-chef-internacional\/","url":"https:\/\/www.cetys.mx\/noticias\/cetys-alumni-reconocido-chef-internacional\/","name":"CETYS Alumni; reconocido Chef Internacional - CETYS","isPartOf":{"@id":"https:\/\/www.cetys.mx\/noticias\/#website"},"primaryImageOfPage":{"@id":"https:\/\/www.cetys.mx\/noticias\/cetys-alumni-reconocido-chef-internacional\/#primaryimage"},"image":{"@id":"https:\/\/www.cetys.mx\/noticias\/cetys-alumni-reconocido-chef-internacional\/#primaryimage"},"thumbnailUrl":"https:\/\/www.cetys.mx\/noticias\/wp-content\/uploads\/2017\/05\/GuillermoGonzalezBeristain.jpg","datePublished":"2017-05-30T00:06:59+00:00","author":{"@id":"https:\/\/www.cetys.mx\/noticias\/#\/schema\/person\/e9d2b35265b64aa454df57a2828eb2ac"},"description":"Articulo sobre CETYS Alumni; reconocido Chef Internacional","breadcrumb":{"@id":"https:\/\/www.cetys.mx\/noticias\/cetys-alumni-reconocido-chef-internacional\/#breadcrumb"},"inLanguage":"es","potentialAction":[{"@type":"ReadAction","target":["https:\/\/www.cetys.mx\/noticias\/cetys-alumni-reconocido-chef-internacional\/"]}]},{"@type":"ImageObject","inLanguage":"es","@id":"https:\/\/www.cetys.mx\/noticias\/cetys-alumni-reconocido-chef-internacional\/#primaryimage","url":"https:\/\/www.cetys.mx\/noticias\/wp-content\/uploads\/2017\/05\/GuillermoGonzalezBeristain.jpg","contentUrl":"https:\/\/www.cetys.mx\/noticias\/wp-content\/uploads\/2017\/05\/GuillermoGonzalezBeristain.jpg","width":3932,"height":2692},{"@type":"BreadcrumbList","@id":"https:\/\/www.cetys.mx\/noticias\/cetys-alumni-reconocido-chef-internacional\/#breadcrumb","itemListElement":[{"@type":"ListItem","position":1,"name":"Inicio","item":"https:\/\/www.cetys.mx\/noticias\/"},{"@type":"ListItem","position":2,"name":"CETYS Alumni; reconocido Chef Internacional"}]},{"@type":"WebSite","@id":"https:\/\/www.cetys.mx\/noticias\/#website","url":"https:\/\/www.cetys.mx\/noticias\/","name":"CETYS","description":"","potentialAction":[{"@type":"SearchAction","target":{"@type":"EntryPoint","urlTemplate":"https:\/\/www.cetys.mx\/noticias\/?s={search_term_string}"},"query-input":{"@type":"PropertyValueSpecification","valueRequired":true,"valueName":"search_term_string"}}],"inLanguage":"es"},{"@type":"Person","@id":"https:\/\/www.cetys.mx\/noticias\/#\/schema\/person\/e9d2b35265b64aa454df57a2828eb2ac","name":"CETYS Institucional","url":"https:\/\/www.cetys.mx\/noticias\/author\/cetysinstitucional\/"}]}},"_links":{"self":[{"href":"https:\/\/www.cetys.mx\/noticias\/wp-json\/wp\/v2\/posts\/71712","targetHints":{"allow":["GET"]}}],"collection":[{"href":"https:\/\/www.cetys.mx\/noticias\/wp-json\/wp\/v2\/posts"}],"about":[{"href":"https:\/\/www.cetys.mx\/noticias\/wp-json\/wp\/v2\/types\/post"}],"author":[{"embeddable":true,"href":"https:\/\/www.cetys.mx\/noticias\/wp-json\/wp\/v2\/users\/26"}],"replies":[{"embeddable":true,"href":"https:\/\/www.cetys.mx\/noticias\/wp-json\/wp\/v2\/comments?post=71712"}],"version-history":[{"count":0,"href":"https:\/\/www.cetys.mx\/noticias\/wp-json\/wp\/v2\/posts\/71712\/revisions"}],"wp:featuredmedia":[{"embeddable":true,"href":"https:\/\/www.cetys.mx\/noticias\/wp-json\/wp\/v2\/media\/71713"}],"wp:attachment":[{"href":"https:\/\/www.cetys.mx\/noticias\/wp-json\/wp\/v2\/media?parent=71712"}],"wp:term":[{"taxonomy":"category","embeddable":true,"href":"https:\/\/www.cetys.mx\/noticias\/wp-json\/wp\/v2\/categories?post=71712"},{"taxonomy":"post_tag","embeddable":true,"href":"https:\/\/www.cetys.mx\/noticias\/wp-json\/wp\/v2\/tags?post=71712"}],"curies":[{"name":"wp","href":"https:\/\/api.w.org\/{rel}","templated":true}]}}