{"id":71128,"date":"2017-05-09T10:07:04","date_gmt":"2017-05-09T17:07:04","guid":{"rendered":"http:\/\/www.cetys.mx\/noticias\/?p=71128"},"modified":"2017-05-10T12:04:46","modified_gmt":"2017-05-10T19:04:46","slug":"recibe-beca-lopez-palm","status":"publish","type":"post","link":"https:\/\/www.cetys.mx\/noticias\/recibe-beca-lopez-palm\/","title":{"rendered":"Jocelyn G\u00f3mez recibe la beca &#8220;L\u00f3pez Palm&#8221;"},"content":{"rendered":"<div>\n<p class=\"m_-8490529938282817670gmail-MsoNormal\" style=\"text-align: justify;\" align=\"center\"><strong>Jocelyn Alexandra G\u00f3mez S\u00edono<\/strong> una joven estudiante del primer semestre en ingeniera inscrita en el Campus Mexicali, recibi\u00f3 por parte de la Familia <a href=\"https:\/\/www.cetys.mx\/userfiles\/convocatoria_BecaLopezPalm_01.pdf\" target=\"_blank\">L\u00f3pez Palm<\/a> una beca del 100% lo que motiva a que continu\u00e9 sus estudios profesionales en CETYS\u00a0con ese apoyo econ\u00f3mico.<\/p>\n<p class=\"m_-8490529938282817670gmail-MsoNormal\">Despu\u00e9s de un arduo proceso de selecci\u00f3n, Jocelyn destaco entre las aspirantes por lo que obtuvo el beneficio de la <span class=\"il\">beca<\/span>, por su destacada trayectoria acad\u00e9mica al contar con un promedio de 9, as\u00ed como haber alcanzado un 1250 puntos\u00a0en el examen de admisi\u00f3n del CETYS.<\/p>\n<p class=\"m_-8490529938282817670gmail-MsoNormal\">En el emotivo evento, el Ing. Ra\u00fal Lopez en compa\u00f1\u00eda de su familia y de la de los futuros ingenieros, hizo entrega simb\u00f3lica a Jocelyn\u00a0de la <span class=\"il\">beca<\/span> del 100% de gastos de inscripci\u00f3n y colegiatura durante todo su trayecto en el CETYS.<\/p>\n<p class=\"m_-8490529938282817670gmail-MsoNormal\"><a href=\"https:\/\/www.cetys.mx\/noticias\/wp-content\/uploads\/2017\/05\/06.jpg\"><img loading=\"lazy\" decoding=\"async\" class=\" wp-image-71136 aligncenter\" src=\"https:\/\/www.cetys.mx\/noticias\/wp-content\/uploads\/2017\/05\/06.jpg\" alt=\"\" width=\"641\" height=\"427\" \/><\/a><\/p>\n<blockquote>\n<p class=\"m_-8490529938282817670gmail-MsoNormal\">\u201cQueremos apoyar a que los sue\u00f1os en este caso de Jocelyn sean lo m\u00e1s grande de lo que realmente pueden ser, que ella vuele muy alto y para lograrlo la base ser\u00e1n los estudios de calidad que el CETYS le brindar\u00e1\u201d enfatiz\u00f3.<\/p>\n<\/blockquote>\n<div>\u00a0De igual forma G\u00f3mez se mostr\u00f3 muy emocionada y agradeci\u00f3 por la confianza que se deposito en ella a trav\u00e9s de la beca<\/div>\n<blockquote>\n<p class=\"m_-8490529938282817670gmail-MsoNormal\"><a href=\"https:\/\/www.cetys.mx\/noticias\/wp-content\/uploads\/2017\/05\/DSC_0030.jpg\"><img loading=\"lazy\" decoding=\"async\" class=\" wp-image-71137 alignleft\" src=\"https:\/\/www.cetys.mx\/noticias\/wp-content\/uploads\/2017\/05\/DSC_0030.jpg\" alt=\"\" width=\"204\" height=\"115\" \/><\/a>&#8220;Gracias, muchas gracias por la oportunidad, s\u00e9 que en CETYS me ayudar\u00e1n a ser la ingener\u00eda que yo siempre imagine ser, gracias por darme las herramientas para iniciar con el pie derecho mi \u00a0camino en losestudios profesionales&#8221; expres\u00f3 Jocelyn.<\/p>\n<\/blockquote>\n<div>\u00a0As\u00ed como dicha <span class=\"il\">beca<\/span>, CETYS ofrece otras opciones de apoyos financieros por lo que las personas interesadas en obtener m\u00e1s informaci\u00f3n pueden comunicarse con Mercedes Soo al (686) 567-3700 Ext. 1858 o al\u00a0 e-mail:\u00a0<span lang=\"EN-US\"><a href=\"mailto:mercedes.soo@cetys.mx\" target=\"_blank\"><span lang=\"ES-MX\">mercedes.soo@cetys.mx<\/span><\/a><\/span>, o \u00a0visitar la p\u00e1gina\u00a0<span lang=\"EN-US\"><a href=\"https:\/\/www.cetys.mx\/\" target=\"_blank\" data-saferedirecturl=\"https:\/\/www.google.com\/url?hl=es-419&amp;q=https:\/\/www.cetys.mx\/&amp;source=gmail&amp;ust=1494465074946000&amp;usg=AFQjCNH6VzvIiDBsOPHxljsqw5zCKfnBpw\"><span lang=\"ES-MX\">www.cetys.mx<\/span><\/a><\/span><\/div>\n<\/div>\n<p>&nbsp;<\/p>\n","protected":false},"excerpt":{"rendered":"<p>Jocelyn Alexandra G\u00f3mez S\u00edono una joven estudiante del primer semestre en ingeniera inscrita en el Campus Mexicali, recibi\u00f3 por parte de la&#8230;<\/p>\n","protected":false},"author":20,"featured_media":71129,"comment_status":"open","ping_status":"open","sticky":false,"template":"","format":"standard","meta":{"footnotes":""},"categories":[322,133,125,306,313],"tags":[1505],"class_list":["post-71128","post","type-post","status-publish","format-standard","has-post-thumbnail","hentry","category-avance-institucional","category-campus-mexicali","category-portada","category-profesional","category-vocetys-2","tag-vocetys-2017-05-14"],"yoast_head":"<!-- This site is optimized with the Yoast SEO plugin v27.4 - https:\/\/yoast.com\/product\/yoast-seo-wordpress\/ -->\n<title>Jocelyn G\u00f3mez recibe la beca &quot;L\u00f3pez Palm&quot; - CETYS<\/title>\n<meta name=\"description\" content=\"Articulo sobre Jocelyn G\u00f3mez recibe la beca &quot;L\u00f3pez Palm&quot;\" \/>\n<meta name=\"robots\" content=\"index, follow, max-snippet:-1, max-image-preview:large, max-video-preview:-1\" \/>\n<link rel=\"canonical\" href=\"https:\/\/www.cetys.mx\/noticias\/recibe-beca-lopez-palm\/\" \/>\n<meta property=\"og:locale\" content=\"es_MX\" \/>\n<meta property=\"og:type\" content=\"article\" \/>\n<meta property=\"og:title\" content=\"Jocelyn G\u00f3mez recibe la beca &quot;L\u00f3pez Palm&quot; - CETYS\" \/>\n<meta property=\"og:description\" content=\"Articulo sobre Jocelyn G\u00f3mez recibe la beca &quot;L\u00f3pez Palm&quot;\" \/>\n<meta property=\"og:url\" content=\"https:\/\/www.cetys.mx\/noticias\/recibe-beca-lopez-palm\/\" \/>\n<meta property=\"og:site_name\" content=\"CETYS\" \/>\n<meta property=\"article:publisher\" content=\"https:\/\/www.facebook.com\/cetysuniversidadmxl\/\" \/>\n<meta property=\"article:published_time\" content=\"2017-05-09T17:07:04+00:00\" \/>\n<meta property=\"article:modified_time\" content=\"2017-05-10T19:04:46+00:00\" \/>\n<meta property=\"og:image\" content=\"https:\/\/www.cetys.mx\/noticias\/wp-content\/uploads\/2017\/05\/becalopezpalmportalportada.jpg\" \/>\n\t<meta property=\"og:image:width\" content=\"958\" \/>\n\t<meta property=\"og:image:height\" content=\"637\" \/>\n\t<meta property=\"og:image:type\" content=\"image\/jpeg\" \/>\n<meta name=\"author\" content=\"Campus Mexicali\" \/>\n<meta name=\"twitter:card\" content=\"summary_large_image\" \/>\n<meta name=\"twitter:creator\" content=\"@cetysuni\" \/>\n<meta name=\"twitter:site\" content=\"@cetysuni\" \/>\n<meta name=\"twitter:label1\" content=\"Escrito por\" \/>\n\t<meta name=\"twitter:data1\" content=\"Campus Mexicali\" \/>\n\t<meta name=\"twitter:label2\" content=\"Tiempo de lectura\" \/>\n\t<meta name=\"twitter:data2\" content=\"2 minutos\" \/>\n<script type=\"application\/ld+json\" class=\"yoast-schema-graph\">{\"@context\":\"https:\\\/\\\/schema.org\",\"@graph\":[{\"@type\":\"Article\",\"@id\":\"https:\\\/\\\/www.cetys.mx\\\/noticias\\\/recibe-beca-lopez-palm\\\/#article\",\"isPartOf\":{\"@id\":\"https:\\\/\\\/www.cetys.mx\\\/noticias\\\/recibe-beca-lopez-palm\\\/\"},\"author\":{\"name\":\"Campus Mexicali\",\"@id\":\"https:\\\/\\\/www.cetys.mx\\\/noticias\\\/#\\\/schema\\\/person\\\/79a95c4ac185f3705cf1b9c9340a5f70\"},\"headline\":\"Jocelyn G\u00f3mez recibe la beca &#8220;L\u00f3pez Palm&#8221;\",\"datePublished\":\"2017-05-09T17:07:04+00:00\",\"dateModified\":\"2017-05-10T19:04:46+00:00\",\"mainEntityOfPage\":{\"@id\":\"https:\\\/\\\/www.cetys.mx\\\/noticias\\\/recibe-beca-lopez-palm\\\/\"},\"wordCount\":309,\"commentCount\":0,\"image\":{\"@id\":\"https:\\\/\\\/www.cetys.mx\\\/noticias\\\/recibe-beca-lopez-palm\\\/#primaryimage\"},\"thumbnailUrl\":\"https:\\\/\\\/www.cetys.mx\\\/noticias\\\/wp-content\\\/uploads\\\/2017\\\/05\\\/becalopezpalmportalportada.jpg\",\"keywords\":[\"vocetys-2017-05-14\"],\"articleSection\":[\"Avance Institucional\",\"Campus Mexicali\",\"Portada\",\"Profesional\",\"VoCETYS\"],\"inLanguage\":\"es\",\"potentialAction\":[{\"@type\":\"CommentAction\",\"name\":\"Comment\",\"target\":[\"https:\\\/\\\/www.cetys.mx\\\/noticias\\\/recibe-beca-lopez-palm\\\/#respond\"]}]},{\"@type\":\"WebPage\",\"@id\":\"https:\\\/\\\/www.cetys.mx\\\/noticias\\\/recibe-beca-lopez-palm\\\/\",\"url\":\"https:\\\/\\\/www.cetys.mx\\\/noticias\\\/recibe-beca-lopez-palm\\\/\",\"name\":\"Jocelyn G\u00f3mez recibe la beca \\\"L\u00f3pez Palm\\\" - CETYS\",\"isPartOf\":{\"@id\":\"https:\\\/\\\/www.cetys.mx\\\/noticias\\\/#website\"},\"primaryImageOfPage\":{\"@id\":\"https:\\\/\\\/www.cetys.mx\\\/noticias\\\/recibe-beca-lopez-palm\\\/#primaryimage\"},\"image\":{\"@id\":\"https:\\\/\\\/www.cetys.mx\\\/noticias\\\/recibe-beca-lopez-palm\\\/#primaryimage\"},\"thumbnailUrl\":\"https:\\\/\\\/www.cetys.mx\\\/noticias\\\/wp-content\\\/uploads\\\/2017\\\/05\\\/becalopezpalmportalportada.jpg\",\"datePublished\":\"2017-05-09T17:07:04+00:00\",\"dateModified\":\"2017-05-10T19:04:46+00:00\",\"author\":{\"@id\":\"https:\\\/\\\/www.cetys.mx\\\/noticias\\\/#\\\/schema\\\/person\\\/79a95c4ac185f3705cf1b9c9340a5f70\"},\"description\":\"Articulo sobre Jocelyn G\u00f3mez recibe la beca \\\"L\u00f3pez Palm\\\"\",\"breadcrumb\":{\"@id\":\"https:\\\/\\\/www.cetys.mx\\\/noticias\\\/recibe-beca-lopez-palm\\\/#breadcrumb\"},\"inLanguage\":\"es\",\"potentialAction\":[{\"@type\":\"ReadAction\",\"target\":[\"https:\\\/\\\/www.cetys.mx\\\/noticias\\\/recibe-beca-lopez-palm\\\/\"]}]},{\"@type\":\"ImageObject\",\"inLanguage\":\"es\",\"@id\":\"https:\\\/\\\/www.cetys.mx\\\/noticias\\\/recibe-beca-lopez-palm\\\/#primaryimage\",\"url\":\"https:\\\/\\\/www.cetys.mx\\\/noticias\\\/wp-content\\\/uploads\\\/2017\\\/05\\\/becalopezpalmportalportada.jpg\",\"contentUrl\":\"https:\\\/\\\/www.cetys.mx\\\/noticias\\\/wp-content\\\/uploads\\\/2017\\\/05\\\/becalopezpalmportalportada.jpg\",\"width\":958,\"height\":637},{\"@type\":\"BreadcrumbList\",\"@id\":\"https:\\\/\\\/www.cetys.mx\\\/noticias\\\/recibe-beca-lopez-palm\\\/#breadcrumb\",\"itemListElement\":[{\"@type\":\"ListItem\",\"position\":1,\"name\":\"Inicio\",\"item\":\"https:\\\/\\\/www.cetys.mx\\\/noticias\\\/\"},{\"@type\":\"ListItem\",\"position\":2,\"name\":\"Jocelyn G\u00f3mez recibe la beca &#8220;L\u00f3pez Palm&#8221;\"}]},{\"@type\":\"WebSite\",\"@id\":\"https:\\\/\\\/www.cetys.mx\\\/noticias\\\/#website\",\"url\":\"https:\\\/\\\/www.cetys.mx\\\/noticias\\\/\",\"name\":\"CETYS\",\"description\":\"\",\"potentialAction\":[{\"@type\":\"SearchAction\",\"target\":{\"@type\":\"EntryPoint\",\"urlTemplate\":\"https:\\\/\\\/www.cetys.mx\\\/noticias\\\/?s={search_term_string}\"},\"query-input\":{\"@type\":\"PropertyValueSpecification\",\"valueRequired\":true,\"valueName\":\"search_term_string\"}}],\"inLanguage\":\"es\"},{\"@type\":\"Person\",\"@id\":\"https:\\\/\\\/www.cetys.mx\\\/noticias\\\/#\\\/schema\\\/person\\\/79a95c4ac185f3705cf1b9c9340a5f70\",\"name\":\"Campus Mexicali\",\"url\":\"https:\\\/\\\/www.cetys.mx\\\/noticias\\\/author\\\/campusmexicali\\\/\"}]}<\/script>\n<!-- \/ Yoast SEO plugin. -->","yoast_head_json":{"title":"Jocelyn G\u00f3mez recibe la beca \"L\u00f3pez Palm\" - CETYS","description":"Articulo sobre Jocelyn G\u00f3mez recibe la beca \"L\u00f3pez Palm\"","robots":{"index":"index","follow":"follow","max-snippet":"max-snippet:-1","max-image-preview":"max-image-preview:large","max-video-preview":"max-video-preview:-1"},"canonical":"https:\/\/www.cetys.mx\/noticias\/recibe-beca-lopez-palm\/","og_locale":"es_MX","og_type":"article","og_title":"Jocelyn G\u00f3mez recibe la beca \"L\u00f3pez Palm\" - CETYS","og_description":"Articulo sobre Jocelyn G\u00f3mez recibe la beca \"L\u00f3pez Palm\"","og_url":"https:\/\/www.cetys.mx\/noticias\/recibe-beca-lopez-palm\/","og_site_name":"CETYS","article_publisher":"https:\/\/www.facebook.com\/cetysuniversidadmxl\/","article_published_time":"2017-05-09T17:07:04+00:00","article_modified_time":"2017-05-10T19:04:46+00:00","og_image":[{"width":958,"height":637,"url":"https:\/\/www.cetys.mx\/noticias\/wp-content\/uploads\/2017\/05\/becalopezpalmportalportada.jpg","type":"image\/jpeg"}],"author":"Campus Mexicali","twitter_card":"summary_large_image","twitter_creator":"@cetysuni","twitter_site":"@cetysuni","twitter_misc":{"Escrito por":"Campus Mexicali","Tiempo de lectura":"2 minutos"},"schema":{"@context":"https:\/\/schema.org","@graph":[{"@type":"Article","@id":"https:\/\/www.cetys.mx\/noticias\/recibe-beca-lopez-palm\/#article","isPartOf":{"@id":"https:\/\/www.cetys.mx\/noticias\/recibe-beca-lopez-palm\/"},"author":{"name":"Campus Mexicali","@id":"https:\/\/www.cetys.mx\/noticias\/#\/schema\/person\/79a95c4ac185f3705cf1b9c9340a5f70"},"headline":"Jocelyn G\u00f3mez recibe la beca &#8220;L\u00f3pez Palm&#8221;","datePublished":"2017-05-09T17:07:04+00:00","dateModified":"2017-05-10T19:04:46+00:00","mainEntityOfPage":{"@id":"https:\/\/www.cetys.mx\/noticias\/recibe-beca-lopez-palm\/"},"wordCount":309,"commentCount":0,"image":{"@id":"https:\/\/www.cetys.mx\/noticias\/recibe-beca-lopez-palm\/#primaryimage"},"thumbnailUrl":"https:\/\/www.cetys.mx\/noticias\/wp-content\/uploads\/2017\/05\/becalopezpalmportalportada.jpg","keywords":["vocetys-2017-05-14"],"articleSection":["Avance Institucional","Campus Mexicali","Portada","Profesional","VoCETYS"],"inLanguage":"es","potentialAction":[{"@type":"CommentAction","name":"Comment","target":["https:\/\/www.cetys.mx\/noticias\/recibe-beca-lopez-palm\/#respond"]}]},{"@type":"WebPage","@id":"https:\/\/www.cetys.mx\/noticias\/recibe-beca-lopez-palm\/","url":"https:\/\/www.cetys.mx\/noticias\/recibe-beca-lopez-palm\/","name":"Jocelyn G\u00f3mez recibe la beca \"L\u00f3pez Palm\" - CETYS","isPartOf":{"@id":"https:\/\/www.cetys.mx\/noticias\/#website"},"primaryImageOfPage":{"@id":"https:\/\/www.cetys.mx\/noticias\/recibe-beca-lopez-palm\/#primaryimage"},"image":{"@id":"https:\/\/www.cetys.mx\/noticias\/recibe-beca-lopez-palm\/#primaryimage"},"thumbnailUrl":"https:\/\/www.cetys.mx\/noticias\/wp-content\/uploads\/2017\/05\/becalopezpalmportalportada.jpg","datePublished":"2017-05-09T17:07:04+00:00","dateModified":"2017-05-10T19:04:46+00:00","author":{"@id":"https:\/\/www.cetys.mx\/noticias\/#\/schema\/person\/79a95c4ac185f3705cf1b9c9340a5f70"},"description":"Articulo sobre Jocelyn G\u00f3mez recibe la beca \"L\u00f3pez Palm\"","breadcrumb":{"@id":"https:\/\/www.cetys.mx\/noticias\/recibe-beca-lopez-palm\/#breadcrumb"},"inLanguage":"es","potentialAction":[{"@type":"ReadAction","target":["https:\/\/www.cetys.mx\/noticias\/recibe-beca-lopez-palm\/"]}]},{"@type":"ImageObject","inLanguage":"es","@id":"https:\/\/www.cetys.mx\/noticias\/recibe-beca-lopez-palm\/#primaryimage","url":"https:\/\/www.cetys.mx\/noticias\/wp-content\/uploads\/2017\/05\/becalopezpalmportalportada.jpg","contentUrl":"https:\/\/www.cetys.mx\/noticias\/wp-content\/uploads\/2017\/05\/becalopezpalmportalportada.jpg","width":958,"height":637},{"@type":"BreadcrumbList","@id":"https:\/\/www.cetys.mx\/noticias\/recibe-beca-lopez-palm\/#breadcrumb","itemListElement":[{"@type":"ListItem","position":1,"name":"Inicio","item":"https:\/\/www.cetys.mx\/noticias\/"},{"@type":"ListItem","position":2,"name":"Jocelyn G\u00f3mez recibe la beca &#8220;L\u00f3pez Palm&#8221;"}]},{"@type":"WebSite","@id":"https:\/\/www.cetys.mx\/noticias\/#website","url":"https:\/\/www.cetys.mx\/noticias\/","name":"CETYS","description":"","potentialAction":[{"@type":"SearchAction","target":{"@type":"EntryPoint","urlTemplate":"https:\/\/www.cetys.mx\/noticias\/?s={search_term_string}"},"query-input":{"@type":"PropertyValueSpecification","valueRequired":true,"valueName":"search_term_string"}}],"inLanguage":"es"},{"@type":"Person","@id":"https:\/\/www.cetys.mx\/noticias\/#\/schema\/person\/79a95c4ac185f3705cf1b9c9340a5f70","name":"Campus Mexicali","url":"https:\/\/www.cetys.mx\/noticias\/author\/campusmexicali\/"}]}},"_links":{"self":[{"href":"https:\/\/www.cetys.mx\/noticias\/wp-json\/wp\/v2\/posts\/71128","targetHints":{"allow":["GET"]}}],"collection":[{"href":"https:\/\/www.cetys.mx\/noticias\/wp-json\/wp\/v2\/posts"}],"about":[{"href":"https:\/\/www.cetys.mx\/noticias\/wp-json\/wp\/v2\/types\/post"}],"author":[{"embeddable":true,"href":"https:\/\/www.cetys.mx\/noticias\/wp-json\/wp\/v2\/users\/20"}],"replies":[{"embeddable":true,"href":"https:\/\/www.cetys.mx\/noticias\/wp-json\/wp\/v2\/comments?post=71128"}],"version-history":[{"count":0,"href":"https:\/\/www.cetys.mx\/noticias\/wp-json\/wp\/v2\/posts\/71128\/revisions"}],"wp:featuredmedia":[{"embeddable":true,"href":"https:\/\/www.cetys.mx\/noticias\/wp-json\/wp\/v2\/media\/71129"}],"wp:attachment":[{"href":"https:\/\/www.cetys.mx\/noticias\/wp-json\/wp\/v2\/media?parent=71128"}],"wp:term":[{"taxonomy":"category","embeddable":true,"href":"https:\/\/www.cetys.mx\/noticias\/wp-json\/wp\/v2\/categories?post=71128"},{"taxonomy":"post_tag","embeddable":true,"href":"https:\/\/www.cetys.mx\/noticias\/wp-json\/wp\/v2\/tags?post=71128"}],"curies":[{"name":"wp","href":"https:\/\/api.w.org\/{rel}","templated":true}]}}