{"id":70740,"date":"2017-04-27T09:04:00","date_gmt":"2017-04-27T16:04:00","guid":{"rendered":"http:\/\/www.cetys.mx\/noticias\/?p=70740"},"modified":"2017-04-28T09:53:15","modified_gmt":"2017-04-28T16:53:15","slug":"reconocen-beca-presidencial-a-alumnos-doble-grado","status":"publish","type":"post","link":"https:\/\/www.cetys.mx\/noticias\/reconocen-beca-presidencial-a-alumnos-doble-grado\/","title":{"rendered":"Reconocen con &#8220;Beca Presidencial&#8221; a alumnos de Doble Grado"},"content":{"rendered":"<p align=\"justify\">El deseo de superaci\u00f3n y el inter\u00e9s por una formaci\u00f3n internacional de aquellos estudiantes que participan en el programa de estudios superiores de <strong>Doble Grado<\/strong>, con sede en Estados Unidos, fue que se realiz\u00f3 en Campus Tijuana la ceremonia de entrega de becas de <a href=\"https:\/\/cetys.mx\">CETYS Universidad<\/a> y <a href=\"https:\/\/www.cetys.mx\/141-doble-grado\/\">City University of Seattle<\/a> <strong>\u201cPresidential Scholarship 2017\u201d<\/strong>.<\/p>\n<div id=\"attachment_70742\" style=\"width: 968px\" class=\"wp-caption aligncenter\"><a href=\"https:\/\/www.cetys.mx\/noticias\/wp-content\/uploads\/2017\/04\/cetys_becapresidencial2.jpg\"><img loading=\"lazy\" decoding=\"async\" aria-describedby=\"caption-attachment-70742\" class=\"wp-image-70742 size-full\" src=\"https:\/\/www.cetys.mx\/noticias\/wp-content\/uploads\/2017\/04\/cetys_becapresidencial2.jpg\" alt=\"\" width=\"958\" height=\"637\" \/><\/a><p id=\"caption-attachment-70742\" class=\"wp-caption-text\">Tres universitarios que cursan el programa de Doble Grado entre CETYS Universidad y City University of Seattle fueron acreedores a la Beca Presidencial 2017.<\/p><\/div>\n<p align=\"justify\">Evento donde <strong>Meizhen Li<\/strong>, <em>alumna de Ingenier\u00eda Mec\u00e1nica en Campus Mexicali<\/em>; <strong>Luis Rom\u00e1n Vargas Topete<\/strong>,<em> alumno de Ingenier\u00eda Industrial en Campus Tijuana<\/em>, y <strong>\u00d3scar Alfonso Orozco Inowe<\/strong>, <em>alumno de Ingenier\u00eda en Cibern\u00e9tica Electr\u00f3nica Campus Ensenada<\/em>, recibieron constancia de patrocinio en manos de las m\u00e1ximas autoridades de ambas instituciones, lo que<strong> les permitir\u00e1 finalizar sus estudios profesionales en el extranjero<\/strong>.<\/p>\n<p align=\"justify\">La ceremonia fue presidida por <strong>Randy Firsch<\/strong>, <em>Presidente de City University of Seattle<\/em>, y el <strong>Dr. Fernando Le\u00f3n Garc\u00ed<\/strong>a, <em>Rector del Sistema CETYS Universidad<\/em>, autoridades que costean el apoyo econ\u00f3mico a los tres j\u00f3venes bajacalifornianos; as\u00ed como el <strong>Dr. Alberto G\u00e1rate Rivera<\/strong>, <em>Vicerrector Acad\u00e9mico del Sistema CETYS Universidad<\/em>.<\/p>\n<div id=\"attachment_70743\" style=\"width: 968px\" class=\"wp-caption aligncenter\"><a href=\"https:\/\/www.cetys.mx\/noticias\/wp-content\/uploads\/2017\/04\/cetys_becapresidencial3.jpg\"><img loading=\"lazy\" decoding=\"async\" aria-describedby=\"caption-attachment-70743\" class=\"wp-image-70743\" src=\"https:\/\/www.cetys.mx\/noticias\/wp-content\/uploads\/2017\/04\/cetys_becapresidencial3.jpg\" alt=\"cetys_becapresidencial3\" width=\"958\" height=\"637\" \/><\/a><p id=\"caption-attachment-70743\" class=\"wp-caption-text\">El apoyo que otorga la &#8220;Beca Presidencial, misma que es costeada por las autoridades de CETYS y CityU, apoya la continuidad de los universitarios en el programa de Doble Grado.<\/p><\/div>\n<p align=\"justify\">De acuerdo con el joven <strong>Vargas Topete<\/strong>, quien en representaci\u00f3n de los becados tom\u00f3 la palabra, <em>participar en el programa de Doble Grado le ha permitido fortalecer su formaci\u00f3n profesional desde la perspectiva internacional, adem\u00e1s de obtener nuevas herramientas y desarrollar habilidades que le ser\u00e1n de gran beneficio para su desarrollo profesional<\/em>.<\/p>\n<blockquote>\n<p align=\"justify\">Las autoridades de ambas instituciones destacaron el importante crecimiento del programa de Doble Grado desde el 2005 a la fecha, donde m\u00e1s de 200 egresados han tenido la oportunidad de cursar una carrera profesional y obtener dos grados acad\u00e9micos al egresar (Uno en M\u00e9xico y otro en Estados Unidos).<\/p>\n<\/blockquote>\n<div id=\"attachment_70741\" style=\"width: 968px\" class=\"wp-caption aligncenter\"><a href=\"https:\/\/www.cetys.mx\/noticias\/wp-content\/uploads\/2017\/04\/cetys_becapresidencial1.jpg\"><img loading=\"lazy\" decoding=\"async\" aria-describedby=\"caption-attachment-70741\" class=\"wp-image-70741 size-full\" src=\"https:\/\/www.cetys.mx\/noticias\/wp-content\/uploads\/2017\/04\/cetys_becapresidencial1.jpg\" alt=\"cetys_becapresidencial1\" width=\"958\" height=\"637\" \/><\/a><p id=\"caption-attachment-70741\" class=\"wp-caption-text\">Esta es la s\u00e9ptima ocasi\u00f3n en que se realiza la entrega de la &#8220;Beca Presidencial&#8221;.<\/p><\/div>\n<p align=\"justify\">El programa de<strong> Doble Grado de CETYS Universidad y City University of Seattle<\/strong> fortalece el <em>perfeccionamiento del idioma ingl\u00e9s<\/em> en un ambiente profesional, as\u00ed como una<em> formaci\u00f3n profesional con un amplio panorama internacional<\/em>. Para poder acreeditarlo es necesario <em>cursar 10 materias<\/em> de la licenciatura en City U en distintas modalidades, viajando a Seattle Washington y a campus filiales en Europa.<\/p>\n","protected":false},"excerpt":{"rendered":"<p>El deseo de superaci\u00f3n y el inter\u00e9s por una formaci\u00f3n internacional de aquellos estudiantes que participan en el programa de estudios superiores&#8230;<\/p>\n","protected":false},"author":24,"featured_media":70741,"comment_status":"open","ping_status":"open","sticky":false,"template":"","format":"standard","meta":{"footnotes":""},"categories":[134,319,125,313],"tags":[168,1473,1212,1474,1472],"class_list":["post-70740","post","type-post","status-publish","format-standard","has-post-thumbnail","hentry","category-campus-tijuana","category-p-internacionales","category-portada","category-vocetys-2","tag-cetys-universidad","tag-cityu-of-seattle","tag-doble-grado","tag-programas-internacionales","tag-vocetys-2017-04-28"],"yoast_head":"<!-- This site is optimized with the Yoast SEO plugin v27.4 - https:\/\/yoast.com\/product\/yoast-seo-wordpress\/ -->\n<title>Reconocen con &quot;Beca Presidencial&quot; a alumnos de Doble Grado - CETYS<\/title>\n<meta name=\"description\" content=\"Articulo sobre Reconocen con &quot;Beca Presidencial&quot; a alumnos de Doble Grado\" \/>\n<meta name=\"robots\" content=\"index, follow, max-snippet:-1, max-image-preview:large, max-video-preview:-1\" \/>\n<link rel=\"canonical\" href=\"https:\/\/www.cetys.mx\/noticias\/reconocen-beca-presidencial-a-alumnos-doble-grado\/\" \/>\n<meta property=\"og:locale\" content=\"es_MX\" \/>\n<meta property=\"og:type\" content=\"article\" \/>\n<meta property=\"og:title\" content=\"Reconocen con &quot;Beca Presidencial&quot; a alumnos de Doble Grado - CETYS\" \/>\n<meta property=\"og:description\" content=\"Articulo sobre Reconocen con &quot;Beca Presidencial&quot; a alumnos de Doble Grado\" \/>\n<meta property=\"og:url\" content=\"https:\/\/www.cetys.mx\/noticias\/reconocen-beca-presidencial-a-alumnos-doble-grado\/\" \/>\n<meta property=\"og:site_name\" content=\"CETYS\" \/>\n<meta property=\"article:publisher\" content=\"https:\/\/www.facebook.com\/cetysuniversidadmxl\/\" \/>\n<meta property=\"article:published_time\" content=\"2017-04-27T16:04:00+00:00\" \/>\n<meta property=\"article:modified_time\" content=\"2017-04-28T16:53:15+00:00\" \/>\n<meta property=\"og:image\" content=\"https:\/\/www.cetys.mx\/noticias\/wp-content\/uploads\/2017\/04\/cetys_becapresidencial1.jpg\" \/>\n\t<meta property=\"og:image:width\" content=\"958\" \/>\n\t<meta property=\"og:image:height\" content=\"637\" \/>\n\t<meta property=\"og:image:type\" content=\"image\/jpeg\" \/>\n<meta name=\"author\" content=\"Campus Tijuana\" \/>\n<meta name=\"twitter:card\" content=\"summary_large_image\" \/>\n<meta name=\"twitter:creator\" content=\"@cetysuni\" \/>\n<meta name=\"twitter:site\" content=\"@cetysuni\" \/>\n<meta name=\"twitter:label1\" content=\"Escrito por\" \/>\n\t<meta name=\"twitter:data1\" content=\"Campus Tijuana\" \/>\n\t<meta name=\"twitter:label2\" content=\"Tiempo de lectura\" \/>\n\t<meta name=\"twitter:data2\" content=\"2 minutos\" \/>\n<script type=\"application\/ld+json\" class=\"yoast-schema-graph\">{\"@context\":\"https:\\\/\\\/schema.org\",\"@graph\":[{\"@type\":\"Article\",\"@id\":\"https:\\\/\\\/www.cetys.mx\\\/noticias\\\/reconocen-beca-presidencial-a-alumnos-doble-grado\\\/#article\",\"isPartOf\":{\"@id\":\"https:\\\/\\\/www.cetys.mx\\\/noticias\\\/reconocen-beca-presidencial-a-alumnos-doble-grado\\\/\"},\"author\":{\"name\":\"Campus Tijuana\",\"@id\":\"https:\\\/\\\/www.cetys.mx\\\/noticias\\\/#\\\/schema\\\/person\\\/e790051ce60e18ae47cfa87011c8653f\"},\"headline\":\"Reconocen con &#8220;Beca Presidencial&#8221; a alumnos de Doble Grado\",\"datePublished\":\"2017-04-27T16:04:00+00:00\",\"dateModified\":\"2017-04-28T16:53:15+00:00\",\"mainEntityOfPage\":{\"@id\":\"https:\\\/\\\/www.cetys.mx\\\/noticias\\\/reconocen-beca-presidencial-a-alumnos-doble-grado\\\/\"},\"wordCount\":444,\"commentCount\":0,\"image\":{\"@id\":\"https:\\\/\\\/www.cetys.mx\\\/noticias\\\/reconocen-beca-presidencial-a-alumnos-doble-grado\\\/#primaryimage\"},\"thumbnailUrl\":\"https:\\\/\\\/www.cetys.mx\\\/noticias\\\/wp-content\\\/uploads\\\/2017\\\/04\\\/cetys_becapresidencial1.jpg\",\"keywords\":[\"CETYS Universidad\",\"CItyU of Seattle\",\"Doble Grado\",\"Programas Internacionales\",\"vocetys- 2017-04-28\"],\"articleSection\":[\"Campus Tijuana\",\"P. Internacionales\",\"Portada\",\"VoCETYS\"],\"inLanguage\":\"es\",\"potentialAction\":[{\"@type\":\"CommentAction\",\"name\":\"Comment\",\"target\":[\"https:\\\/\\\/www.cetys.mx\\\/noticias\\\/reconocen-beca-presidencial-a-alumnos-doble-grado\\\/#respond\"]}]},{\"@type\":\"WebPage\",\"@id\":\"https:\\\/\\\/www.cetys.mx\\\/noticias\\\/reconocen-beca-presidencial-a-alumnos-doble-grado\\\/\",\"url\":\"https:\\\/\\\/www.cetys.mx\\\/noticias\\\/reconocen-beca-presidencial-a-alumnos-doble-grado\\\/\",\"name\":\"Reconocen con \\\"Beca Presidencial\\\" a alumnos de Doble Grado - CETYS\",\"isPartOf\":{\"@id\":\"https:\\\/\\\/www.cetys.mx\\\/noticias\\\/#website\"},\"primaryImageOfPage\":{\"@id\":\"https:\\\/\\\/www.cetys.mx\\\/noticias\\\/reconocen-beca-presidencial-a-alumnos-doble-grado\\\/#primaryimage\"},\"image\":{\"@id\":\"https:\\\/\\\/www.cetys.mx\\\/noticias\\\/reconocen-beca-presidencial-a-alumnos-doble-grado\\\/#primaryimage\"},\"thumbnailUrl\":\"https:\\\/\\\/www.cetys.mx\\\/noticias\\\/wp-content\\\/uploads\\\/2017\\\/04\\\/cetys_becapresidencial1.jpg\",\"datePublished\":\"2017-04-27T16:04:00+00:00\",\"dateModified\":\"2017-04-28T16:53:15+00:00\",\"author\":{\"@id\":\"https:\\\/\\\/www.cetys.mx\\\/noticias\\\/#\\\/schema\\\/person\\\/e790051ce60e18ae47cfa87011c8653f\"},\"description\":\"Articulo sobre Reconocen con \\\"Beca Presidencial\\\" a alumnos de Doble Grado\",\"breadcrumb\":{\"@id\":\"https:\\\/\\\/www.cetys.mx\\\/noticias\\\/reconocen-beca-presidencial-a-alumnos-doble-grado\\\/#breadcrumb\"},\"inLanguage\":\"es\",\"potentialAction\":[{\"@type\":\"ReadAction\",\"target\":[\"https:\\\/\\\/www.cetys.mx\\\/noticias\\\/reconocen-beca-presidencial-a-alumnos-doble-grado\\\/\"]}]},{\"@type\":\"ImageObject\",\"inLanguage\":\"es\",\"@id\":\"https:\\\/\\\/www.cetys.mx\\\/noticias\\\/reconocen-beca-presidencial-a-alumnos-doble-grado\\\/#primaryimage\",\"url\":\"https:\\\/\\\/www.cetys.mx\\\/noticias\\\/wp-content\\\/uploads\\\/2017\\\/04\\\/cetys_becapresidencial1.jpg\",\"contentUrl\":\"https:\\\/\\\/www.cetys.mx\\\/noticias\\\/wp-content\\\/uploads\\\/2017\\\/04\\\/cetys_becapresidencial1.jpg\",\"width\":958,\"height\":637},{\"@type\":\"BreadcrumbList\",\"@id\":\"https:\\\/\\\/www.cetys.mx\\\/noticias\\\/reconocen-beca-presidencial-a-alumnos-doble-grado\\\/#breadcrumb\",\"itemListElement\":[{\"@type\":\"ListItem\",\"position\":1,\"name\":\"Inicio\",\"item\":\"https:\\\/\\\/www.cetys.mx\\\/noticias\\\/\"},{\"@type\":\"ListItem\",\"position\":2,\"name\":\"Reconocen con &#8220;Beca Presidencial&#8221; a alumnos de Doble Grado\"}]},{\"@type\":\"WebSite\",\"@id\":\"https:\\\/\\\/www.cetys.mx\\\/noticias\\\/#website\",\"url\":\"https:\\\/\\\/www.cetys.mx\\\/noticias\\\/\",\"name\":\"CETYS\",\"description\":\"\",\"potentialAction\":[{\"@type\":\"SearchAction\",\"target\":{\"@type\":\"EntryPoint\",\"urlTemplate\":\"https:\\\/\\\/www.cetys.mx\\\/noticias\\\/?s={search_term_string}\"},\"query-input\":{\"@type\":\"PropertyValueSpecification\",\"valueRequired\":true,\"valueName\":\"search_term_string\"}}],\"inLanguage\":\"es\"},{\"@type\":\"Person\",\"@id\":\"https:\\\/\\\/www.cetys.mx\\\/noticias\\\/#\\\/schema\\\/person\\\/e790051ce60e18ae47cfa87011c8653f\",\"name\":\"Campus Tijuana\",\"url\":\"https:\\\/\\\/www.cetys.mx\\\/noticias\\\/author\\\/campustijuana\\\/\"}]}<\/script>\n<!-- \/ Yoast SEO plugin. -->","yoast_head_json":{"title":"Reconocen con \"Beca Presidencial\" a alumnos de Doble Grado - CETYS","description":"Articulo sobre Reconocen con \"Beca Presidencial\" a alumnos de Doble Grado","robots":{"index":"index","follow":"follow","max-snippet":"max-snippet:-1","max-image-preview":"max-image-preview:large","max-video-preview":"max-video-preview:-1"},"canonical":"https:\/\/www.cetys.mx\/noticias\/reconocen-beca-presidencial-a-alumnos-doble-grado\/","og_locale":"es_MX","og_type":"article","og_title":"Reconocen con \"Beca Presidencial\" a alumnos de Doble Grado - CETYS","og_description":"Articulo sobre Reconocen con \"Beca Presidencial\" a alumnos de Doble Grado","og_url":"https:\/\/www.cetys.mx\/noticias\/reconocen-beca-presidencial-a-alumnos-doble-grado\/","og_site_name":"CETYS","article_publisher":"https:\/\/www.facebook.com\/cetysuniversidadmxl\/","article_published_time":"2017-04-27T16:04:00+00:00","article_modified_time":"2017-04-28T16:53:15+00:00","og_image":[{"width":958,"height":637,"url":"https:\/\/www.cetys.mx\/noticias\/wp-content\/uploads\/2017\/04\/cetys_becapresidencial1.jpg","type":"image\/jpeg"}],"author":"Campus Tijuana","twitter_card":"summary_large_image","twitter_creator":"@cetysuni","twitter_site":"@cetysuni","twitter_misc":{"Escrito por":"Campus Tijuana","Tiempo de lectura":"2 minutos"},"schema":{"@context":"https:\/\/schema.org","@graph":[{"@type":"Article","@id":"https:\/\/www.cetys.mx\/noticias\/reconocen-beca-presidencial-a-alumnos-doble-grado\/#article","isPartOf":{"@id":"https:\/\/www.cetys.mx\/noticias\/reconocen-beca-presidencial-a-alumnos-doble-grado\/"},"author":{"name":"Campus Tijuana","@id":"https:\/\/www.cetys.mx\/noticias\/#\/schema\/person\/e790051ce60e18ae47cfa87011c8653f"},"headline":"Reconocen con &#8220;Beca Presidencial&#8221; a alumnos de Doble Grado","datePublished":"2017-04-27T16:04:00+00:00","dateModified":"2017-04-28T16:53:15+00:00","mainEntityOfPage":{"@id":"https:\/\/www.cetys.mx\/noticias\/reconocen-beca-presidencial-a-alumnos-doble-grado\/"},"wordCount":444,"commentCount":0,"image":{"@id":"https:\/\/www.cetys.mx\/noticias\/reconocen-beca-presidencial-a-alumnos-doble-grado\/#primaryimage"},"thumbnailUrl":"https:\/\/www.cetys.mx\/noticias\/wp-content\/uploads\/2017\/04\/cetys_becapresidencial1.jpg","keywords":["CETYS Universidad","CItyU of Seattle","Doble Grado","Programas Internacionales","vocetys- 2017-04-28"],"articleSection":["Campus Tijuana","P. Internacionales","Portada","VoCETYS"],"inLanguage":"es","potentialAction":[{"@type":"CommentAction","name":"Comment","target":["https:\/\/www.cetys.mx\/noticias\/reconocen-beca-presidencial-a-alumnos-doble-grado\/#respond"]}]},{"@type":"WebPage","@id":"https:\/\/www.cetys.mx\/noticias\/reconocen-beca-presidencial-a-alumnos-doble-grado\/","url":"https:\/\/www.cetys.mx\/noticias\/reconocen-beca-presidencial-a-alumnos-doble-grado\/","name":"Reconocen con \"Beca Presidencial\" a alumnos de Doble Grado - CETYS","isPartOf":{"@id":"https:\/\/www.cetys.mx\/noticias\/#website"},"primaryImageOfPage":{"@id":"https:\/\/www.cetys.mx\/noticias\/reconocen-beca-presidencial-a-alumnos-doble-grado\/#primaryimage"},"image":{"@id":"https:\/\/www.cetys.mx\/noticias\/reconocen-beca-presidencial-a-alumnos-doble-grado\/#primaryimage"},"thumbnailUrl":"https:\/\/www.cetys.mx\/noticias\/wp-content\/uploads\/2017\/04\/cetys_becapresidencial1.jpg","datePublished":"2017-04-27T16:04:00+00:00","dateModified":"2017-04-28T16:53:15+00:00","author":{"@id":"https:\/\/www.cetys.mx\/noticias\/#\/schema\/person\/e790051ce60e18ae47cfa87011c8653f"},"description":"Articulo sobre Reconocen con \"Beca Presidencial\" a alumnos de Doble Grado","breadcrumb":{"@id":"https:\/\/www.cetys.mx\/noticias\/reconocen-beca-presidencial-a-alumnos-doble-grado\/#breadcrumb"},"inLanguage":"es","potentialAction":[{"@type":"ReadAction","target":["https:\/\/www.cetys.mx\/noticias\/reconocen-beca-presidencial-a-alumnos-doble-grado\/"]}]},{"@type":"ImageObject","inLanguage":"es","@id":"https:\/\/www.cetys.mx\/noticias\/reconocen-beca-presidencial-a-alumnos-doble-grado\/#primaryimage","url":"https:\/\/www.cetys.mx\/noticias\/wp-content\/uploads\/2017\/04\/cetys_becapresidencial1.jpg","contentUrl":"https:\/\/www.cetys.mx\/noticias\/wp-content\/uploads\/2017\/04\/cetys_becapresidencial1.jpg","width":958,"height":637},{"@type":"BreadcrumbList","@id":"https:\/\/www.cetys.mx\/noticias\/reconocen-beca-presidencial-a-alumnos-doble-grado\/#breadcrumb","itemListElement":[{"@type":"ListItem","position":1,"name":"Inicio","item":"https:\/\/www.cetys.mx\/noticias\/"},{"@type":"ListItem","position":2,"name":"Reconocen con &#8220;Beca Presidencial&#8221; a alumnos de Doble Grado"}]},{"@type":"WebSite","@id":"https:\/\/www.cetys.mx\/noticias\/#website","url":"https:\/\/www.cetys.mx\/noticias\/","name":"CETYS","description":"","potentialAction":[{"@type":"SearchAction","target":{"@type":"EntryPoint","urlTemplate":"https:\/\/www.cetys.mx\/noticias\/?s={search_term_string}"},"query-input":{"@type":"PropertyValueSpecification","valueRequired":true,"valueName":"search_term_string"}}],"inLanguage":"es"},{"@type":"Person","@id":"https:\/\/www.cetys.mx\/noticias\/#\/schema\/person\/e790051ce60e18ae47cfa87011c8653f","name":"Campus Tijuana","url":"https:\/\/www.cetys.mx\/noticias\/author\/campustijuana\/"}]}},"_links":{"self":[{"href":"https:\/\/www.cetys.mx\/noticias\/wp-json\/wp\/v2\/posts\/70740","targetHints":{"allow":["GET"]}}],"collection":[{"href":"https:\/\/www.cetys.mx\/noticias\/wp-json\/wp\/v2\/posts"}],"about":[{"href":"https:\/\/www.cetys.mx\/noticias\/wp-json\/wp\/v2\/types\/post"}],"author":[{"embeddable":true,"href":"https:\/\/www.cetys.mx\/noticias\/wp-json\/wp\/v2\/users\/24"}],"replies":[{"embeddable":true,"href":"https:\/\/www.cetys.mx\/noticias\/wp-json\/wp\/v2\/comments?post=70740"}],"version-history":[{"count":0,"href":"https:\/\/www.cetys.mx\/noticias\/wp-json\/wp\/v2\/posts\/70740\/revisions"}],"wp:featuredmedia":[{"embeddable":true,"href":"https:\/\/www.cetys.mx\/noticias\/wp-json\/wp\/v2\/media\/70741"}],"wp:attachment":[{"href":"https:\/\/www.cetys.mx\/noticias\/wp-json\/wp\/v2\/media?parent=70740"}],"wp:term":[{"taxonomy":"category","embeddable":true,"href":"https:\/\/www.cetys.mx\/noticias\/wp-json\/wp\/v2\/categories?post=70740"},{"taxonomy":"post_tag","embeddable":true,"href":"https:\/\/www.cetys.mx\/noticias\/wp-json\/wp\/v2\/tags?post=70740"}],"curies":[{"name":"wp","href":"https:\/\/api.w.org\/{rel}","templated":true}]}}