{"id":70532,"date":"2017-04-20T08:36:19","date_gmt":"2017-04-20T15:36:19","guid":{"rendered":"http:\/\/www.cetys.mx\/noticias\/?p=70532"},"modified":"2017-10-10T19:00:39","modified_gmt":"2017-10-11T02:00:39","slug":"reconocen-a-asociacion-civil-auspicia-a-cetys-liderazgo-internacional-3","status":"publish","type":"post","link":"https:\/\/www.cetys.mx\/noticias\/reconocen-a-asociacion-civil-auspicia-a-cetys-liderazgo-internacional-3\/","title":{"rendered":"Reconocen a asociaci\u00f3n civil que auspicia a CETYS por liderazgo internacional"},"content":{"rendered":"<p><strong>Ensenada B.C., a 11 de marzo de 2017.<\/strong> La Asociaci\u00f3n de \u00d3rganos de Gobierno de Universidades con base en Estados Unidos, Association of Governing Boards of Universities and Colleges (AGB por sus siglas en ingl\u00e9s), distingui\u00f3 al Consejo Directivo del CETYS Universidad (IENAC), por su innovaci\u00f3n y liderazgo ejemplar otorg\u00e1ndoles el premio &#8221; John W. Nason al Liderazgo de los Consejos 2016\u201d.<\/p>\n<p>El IENAC es el primer Consejo Educativo fuera de EUA en ser galardonado el pasado 2 de abril durante la Conferencia Nacional de AGB celebrada en Dallas, Texas. Fue reconocido por su impacto transformador, su capacidad para conducir efectivamente cambios estructurales y su compromiso por seguirse fortaleciendo, para poder as\u00ed lograr apoyar al CETYS en el logro de sus aspiraciones hacia el 2020.<\/p>\n<p>Tras el terremoto del 2010, el IENAC aprovech\u00f3 la oportunidad para no s\u00f3lo reconstruir espacios de CETYS Universidad sino crear una nueva identidad a nivel Sistema, adoptando un nuevo modelo de gobierno unificado, en contraste con su estructura anterior dividida por cap\u00edtulos regionales. El Consejo revis\u00f3, actualiz\u00f3 y adopt\u00f3 un compromiso retador de impulsar al CETYS para llegar a ser la mejor instituci\u00f3n de Latinoam\u00e9rica en Emprendimiento y en\u00a0 Dise\u00f1o e Innovaci\u00f3n.<\/p>\n<p>Consejos de instituciones p\u00fablicas y privadas fueron nominados por demostrar iniciativa y liderazgo excepciona; valor y determinaci\u00f3n inusual ante circunstancias dif\u00edciles, y\/o logros significativos que benefician a su instituci\u00f3n educativa. En total, s\u00f3lo cinco fueron premiados.<\/p>\n<p>\u201cLos Consejos de las Universidades son el eje del \u00e9xito institucional y confiamos en que, honrando a\u00a0 estas instituciones, otros buscar\u00e1n mejorar a base del ejemplo. Las historias de estos Consejos destacaron en un clima de gran cambio en la educaci\u00f3n superior. Estamos impresionados por su compromiso con la gobernabilidad consecuente\u201d, mencion\u00f3 Richard D. Legon, Presidente de la AGB.<\/p>\n<p>Ser Consejero de una instituci\u00f3n educativa es un honor y una distinci\u00f3n. Somos depositarios de la confianza de la comunidad. Nuestras familias, nuestros hijos, las acreditadas como WASC, todos ellos han puesto su confianza en este \u00f3rgano de Gobierno y esperan que hagamos nuestro mejor esfuerzo a favor de la tarea con la que nos hemos comprometidos. Ser parte de este Consejo es m\u00e1s que una responsabilidad, es un llamado&#8230;. es una distinci\u00f3n que inspira y que nos motiva a continuar buscando el logro de nuestra visi\u00f3n, sin cejar en el esfuerzo. Expres\u00f3 el Lic. Juan Ignacio Guajardo Araiza, Presidente del IENAC.<\/p>\n<p>Por su parte, el Dr. Fernando Le\u00f3n Garc\u00eda, Rector de CETYS Universidad, congratul\u00f3 al IENAC y subray\u00f3 la importancia del respaldo de l\u00edderes visionarios comprometidos con la calidad, en beneficio de la instituci\u00f3n y de la regi\u00f3n.<\/p>\n<p>El Instituto Educativo del Noroeste, es la Asociaci\u00f3n Civil que auspicia al CETYS Universidad desde 1961 y constituye el \u00f3rgano de gobierno de la instituci\u00f3n. Como tal, es el m\u00e1ximo responsable de la sustentabilidad organizacional, as\u00ed como del cumplimiento de su Misi\u00f3n. Provee un respaldo financiero significativo por medio de aportaciones y gestiones, el cual se traduce en becas, inversiones a favor de la calidad y respaldo a los proyectos claves del CETYS.<\/p>\n","protected":false},"excerpt":{"rendered":"<p>Ensenada B.C., a 11 de marzo de 2017. La Asociaci\u00f3n de \u00d3rganos de Gobierno de Universidades con base en Estados Unidos, Association&#8230;<\/p>\n","protected":false},"author":23,"featured_media":70533,"comment_status":"open","ping_status":"open","sticky":false,"template":"","format":"standard","meta":{"footnotes":""},"categories":[132],"tags":[],"class_list":["post-70532","post","type-post","status-publish","format-standard","has-post-thumbnail","hentry","category-campus-ensenada"],"yoast_head":"<!-- This site is optimized with the Yoast SEO plugin v27.4 - https:\/\/yoast.com\/product\/yoast-seo-wordpress\/ -->\n<title>Reconocen a asociaci\u00f3n civil que auspicia a CETYS por liderazgo internacional - CETYS<\/title>\n<meta name=\"description\" content=\"Articulo sobre Reconocen a asociaci\u00f3n civil que auspicia a CETYS por liderazgo internacional\" \/>\n<meta name=\"robots\" content=\"index, follow, max-snippet:-1, max-image-preview:large, max-video-preview:-1\" \/>\n<link rel=\"canonical\" href=\"https:\/\/www.cetys.mx\/noticias\/reconocen-a-asociacion-civil-auspicia-a-cetys-liderazgo-internacional-3\/\" \/>\n<meta property=\"og:locale\" content=\"es_MX\" \/>\n<meta property=\"og:type\" content=\"article\" \/>\n<meta property=\"og:title\" content=\"Reconocen a asociaci\u00f3n civil que auspicia a CETYS por liderazgo internacional - CETYS\" \/>\n<meta property=\"og:description\" content=\"Articulo sobre Reconocen a asociaci\u00f3n civil que auspicia a CETYS por liderazgo internacional\" \/>\n<meta property=\"og:url\" content=\"https:\/\/www.cetys.mx\/noticias\/reconocen-a-asociacion-civil-auspicia-a-cetys-liderazgo-internacional-3\/\" \/>\n<meta property=\"og:site_name\" content=\"CETYS\" \/>\n<meta property=\"article:publisher\" content=\"https:\/\/www.facebook.com\/cetysuniversidadmxl\/\" \/>\n<meta property=\"article:published_time\" content=\"2017-04-20T15:36:19+00:00\" \/>\n<meta property=\"article:modified_time\" content=\"2017-10-11T02:00:39+00:00\" \/>\n<meta property=\"og:image\" content=\"https:\/\/www.cetys.mx\/noticias\/wp-content\/uploads\/2017\/04\/AGB1.jpg\" \/>\n\t<meta property=\"og:image:width\" content=\"2016\" \/>\n\t<meta property=\"og:image:height\" content=\"1164\" \/>\n\t<meta property=\"og:image:type\" content=\"image\/jpeg\" \/>\n<meta name=\"author\" content=\"Campus Ensenada\" \/>\n<meta name=\"twitter:card\" content=\"summary_large_image\" \/>\n<meta name=\"twitter:creator\" content=\"@cetysuni\" \/>\n<meta name=\"twitter:site\" content=\"@cetysuni\" \/>\n<meta name=\"twitter:label1\" content=\"Escrito por\" \/>\n\t<meta name=\"twitter:data1\" content=\"Campus Ensenada\" \/>\n\t<meta name=\"twitter:label2\" content=\"Tiempo de lectura\" \/>\n\t<meta name=\"twitter:data2\" content=\"3 minutos\" \/>\n<script type=\"application\/ld+json\" class=\"yoast-schema-graph\">{\"@context\":\"https:\\\/\\\/schema.org\",\"@graph\":[{\"@type\":\"Article\",\"@id\":\"https:\\\/\\\/www.cetys.mx\\\/noticias\\\/reconocen-a-asociacion-civil-auspicia-a-cetys-liderazgo-internacional-3\\\/#article\",\"isPartOf\":{\"@id\":\"https:\\\/\\\/www.cetys.mx\\\/noticias\\\/reconocen-a-asociacion-civil-auspicia-a-cetys-liderazgo-internacional-3\\\/\"},\"author\":{\"name\":\"Campus Ensenada\",\"@id\":\"https:\\\/\\\/www.cetys.mx\\\/noticias\\\/#\\\/schema\\\/person\\\/1a1a88c0b6586e66a2e9e88e07afc712\"},\"headline\":\"Reconocen a asociaci\u00f3n civil que auspicia a CETYS por liderazgo internacional\",\"datePublished\":\"2017-04-20T15:36:19+00:00\",\"dateModified\":\"2017-10-11T02:00:39+00:00\",\"mainEntityOfPage\":{\"@id\":\"https:\\\/\\\/www.cetys.mx\\\/noticias\\\/reconocen-a-asociacion-civil-auspicia-a-cetys-liderazgo-internacional-3\\\/\"},\"wordCount\":541,\"commentCount\":0,\"image\":{\"@id\":\"https:\\\/\\\/www.cetys.mx\\\/noticias\\\/reconocen-a-asociacion-civil-auspicia-a-cetys-liderazgo-internacional-3\\\/#primaryimage\"},\"thumbnailUrl\":\"https:\\\/\\\/www.cetys.mx\\\/noticias\\\/wp-content\\\/uploads\\\/2017\\\/04\\\/AGB1.jpg\",\"articleSection\":[\"Campus Ensenada\"],\"inLanguage\":\"es\",\"potentialAction\":[{\"@type\":\"CommentAction\",\"name\":\"Comment\",\"target\":[\"https:\\\/\\\/www.cetys.mx\\\/noticias\\\/reconocen-a-asociacion-civil-auspicia-a-cetys-liderazgo-internacional-3\\\/#respond\"]}]},{\"@type\":\"WebPage\",\"@id\":\"https:\\\/\\\/www.cetys.mx\\\/noticias\\\/reconocen-a-asociacion-civil-auspicia-a-cetys-liderazgo-internacional-3\\\/\",\"url\":\"https:\\\/\\\/www.cetys.mx\\\/noticias\\\/reconocen-a-asociacion-civil-auspicia-a-cetys-liderazgo-internacional-3\\\/\",\"name\":\"Reconocen a asociaci\u00f3n civil que auspicia a CETYS por liderazgo internacional - CETYS\",\"isPartOf\":{\"@id\":\"https:\\\/\\\/www.cetys.mx\\\/noticias\\\/#website\"},\"primaryImageOfPage\":{\"@id\":\"https:\\\/\\\/www.cetys.mx\\\/noticias\\\/reconocen-a-asociacion-civil-auspicia-a-cetys-liderazgo-internacional-3\\\/#primaryimage\"},\"image\":{\"@id\":\"https:\\\/\\\/www.cetys.mx\\\/noticias\\\/reconocen-a-asociacion-civil-auspicia-a-cetys-liderazgo-internacional-3\\\/#primaryimage\"},\"thumbnailUrl\":\"https:\\\/\\\/www.cetys.mx\\\/noticias\\\/wp-content\\\/uploads\\\/2017\\\/04\\\/AGB1.jpg\",\"datePublished\":\"2017-04-20T15:36:19+00:00\",\"dateModified\":\"2017-10-11T02:00:39+00:00\",\"author\":{\"@id\":\"https:\\\/\\\/www.cetys.mx\\\/noticias\\\/#\\\/schema\\\/person\\\/1a1a88c0b6586e66a2e9e88e07afc712\"},\"description\":\"Articulo sobre Reconocen a asociaci\u00f3n civil que auspicia a CETYS por liderazgo internacional\",\"breadcrumb\":{\"@id\":\"https:\\\/\\\/www.cetys.mx\\\/noticias\\\/reconocen-a-asociacion-civil-auspicia-a-cetys-liderazgo-internacional-3\\\/#breadcrumb\"},\"inLanguage\":\"es\",\"potentialAction\":[{\"@type\":\"ReadAction\",\"target\":[\"https:\\\/\\\/www.cetys.mx\\\/noticias\\\/reconocen-a-asociacion-civil-auspicia-a-cetys-liderazgo-internacional-3\\\/\"]}]},{\"@type\":\"ImageObject\",\"inLanguage\":\"es\",\"@id\":\"https:\\\/\\\/www.cetys.mx\\\/noticias\\\/reconocen-a-asociacion-civil-auspicia-a-cetys-liderazgo-internacional-3\\\/#primaryimage\",\"url\":\"https:\\\/\\\/www.cetys.mx\\\/noticias\\\/wp-content\\\/uploads\\\/2017\\\/04\\\/AGB1.jpg\",\"contentUrl\":\"https:\\\/\\\/www.cetys.mx\\\/noticias\\\/wp-content\\\/uploads\\\/2017\\\/04\\\/AGB1.jpg\",\"width\":2016,\"height\":1164},{\"@type\":\"BreadcrumbList\",\"@id\":\"https:\\\/\\\/www.cetys.mx\\\/noticias\\\/reconocen-a-asociacion-civil-auspicia-a-cetys-liderazgo-internacional-3\\\/#breadcrumb\",\"itemListElement\":[{\"@type\":\"ListItem\",\"position\":1,\"name\":\"Inicio\",\"item\":\"https:\\\/\\\/www.cetys.mx\\\/noticias\\\/\"},{\"@type\":\"ListItem\",\"position\":2,\"name\":\"Reconocen a asociaci\u00f3n civil que auspicia a CETYS por liderazgo internacional\"}]},{\"@type\":\"WebSite\",\"@id\":\"https:\\\/\\\/www.cetys.mx\\\/noticias\\\/#website\",\"url\":\"https:\\\/\\\/www.cetys.mx\\\/noticias\\\/\",\"name\":\"CETYS\",\"description\":\"\",\"potentialAction\":[{\"@type\":\"SearchAction\",\"target\":{\"@type\":\"EntryPoint\",\"urlTemplate\":\"https:\\\/\\\/www.cetys.mx\\\/noticias\\\/?s={search_term_string}\"},\"query-input\":{\"@type\":\"PropertyValueSpecification\",\"valueRequired\":true,\"valueName\":\"search_term_string\"}}],\"inLanguage\":\"es\"},{\"@type\":\"Person\",\"@id\":\"https:\\\/\\\/www.cetys.mx\\\/noticias\\\/#\\\/schema\\\/person\\\/1a1a88c0b6586e66a2e9e88e07afc712\",\"name\":\"Campus Ensenada\",\"url\":\"https:\\\/\\\/www.cetys.mx\\\/noticias\\\/author\\\/campusensenada\\\/\"}]}<\/script>\n<!-- \/ Yoast SEO plugin. -->","yoast_head_json":{"title":"Reconocen a asociaci\u00f3n civil que auspicia a CETYS por liderazgo internacional - CETYS","description":"Articulo sobre Reconocen a asociaci\u00f3n civil que auspicia a CETYS por liderazgo internacional","robots":{"index":"index","follow":"follow","max-snippet":"max-snippet:-1","max-image-preview":"max-image-preview:large","max-video-preview":"max-video-preview:-1"},"canonical":"https:\/\/www.cetys.mx\/noticias\/reconocen-a-asociacion-civil-auspicia-a-cetys-liderazgo-internacional-3\/","og_locale":"es_MX","og_type":"article","og_title":"Reconocen a asociaci\u00f3n civil que auspicia a CETYS por liderazgo internacional - CETYS","og_description":"Articulo sobre Reconocen a asociaci\u00f3n civil que auspicia a CETYS por liderazgo internacional","og_url":"https:\/\/www.cetys.mx\/noticias\/reconocen-a-asociacion-civil-auspicia-a-cetys-liderazgo-internacional-3\/","og_site_name":"CETYS","article_publisher":"https:\/\/www.facebook.com\/cetysuniversidadmxl\/","article_published_time":"2017-04-20T15:36:19+00:00","article_modified_time":"2017-10-11T02:00:39+00:00","og_image":[{"width":2016,"height":1164,"url":"https:\/\/www.cetys.mx\/noticias\/wp-content\/uploads\/2017\/04\/AGB1.jpg","type":"image\/jpeg"}],"author":"Campus Ensenada","twitter_card":"summary_large_image","twitter_creator":"@cetysuni","twitter_site":"@cetysuni","twitter_misc":{"Escrito por":"Campus Ensenada","Tiempo de lectura":"3 minutos"},"schema":{"@context":"https:\/\/schema.org","@graph":[{"@type":"Article","@id":"https:\/\/www.cetys.mx\/noticias\/reconocen-a-asociacion-civil-auspicia-a-cetys-liderazgo-internacional-3\/#article","isPartOf":{"@id":"https:\/\/www.cetys.mx\/noticias\/reconocen-a-asociacion-civil-auspicia-a-cetys-liderazgo-internacional-3\/"},"author":{"name":"Campus Ensenada","@id":"https:\/\/www.cetys.mx\/noticias\/#\/schema\/person\/1a1a88c0b6586e66a2e9e88e07afc712"},"headline":"Reconocen a asociaci\u00f3n civil que auspicia a CETYS por liderazgo internacional","datePublished":"2017-04-20T15:36:19+00:00","dateModified":"2017-10-11T02:00:39+00:00","mainEntityOfPage":{"@id":"https:\/\/www.cetys.mx\/noticias\/reconocen-a-asociacion-civil-auspicia-a-cetys-liderazgo-internacional-3\/"},"wordCount":541,"commentCount":0,"image":{"@id":"https:\/\/www.cetys.mx\/noticias\/reconocen-a-asociacion-civil-auspicia-a-cetys-liderazgo-internacional-3\/#primaryimage"},"thumbnailUrl":"https:\/\/www.cetys.mx\/noticias\/wp-content\/uploads\/2017\/04\/AGB1.jpg","articleSection":["Campus Ensenada"],"inLanguage":"es","potentialAction":[{"@type":"CommentAction","name":"Comment","target":["https:\/\/www.cetys.mx\/noticias\/reconocen-a-asociacion-civil-auspicia-a-cetys-liderazgo-internacional-3\/#respond"]}]},{"@type":"WebPage","@id":"https:\/\/www.cetys.mx\/noticias\/reconocen-a-asociacion-civil-auspicia-a-cetys-liderazgo-internacional-3\/","url":"https:\/\/www.cetys.mx\/noticias\/reconocen-a-asociacion-civil-auspicia-a-cetys-liderazgo-internacional-3\/","name":"Reconocen a asociaci\u00f3n civil que auspicia a CETYS por liderazgo internacional - CETYS","isPartOf":{"@id":"https:\/\/www.cetys.mx\/noticias\/#website"},"primaryImageOfPage":{"@id":"https:\/\/www.cetys.mx\/noticias\/reconocen-a-asociacion-civil-auspicia-a-cetys-liderazgo-internacional-3\/#primaryimage"},"image":{"@id":"https:\/\/www.cetys.mx\/noticias\/reconocen-a-asociacion-civil-auspicia-a-cetys-liderazgo-internacional-3\/#primaryimage"},"thumbnailUrl":"https:\/\/www.cetys.mx\/noticias\/wp-content\/uploads\/2017\/04\/AGB1.jpg","datePublished":"2017-04-20T15:36:19+00:00","dateModified":"2017-10-11T02:00:39+00:00","author":{"@id":"https:\/\/www.cetys.mx\/noticias\/#\/schema\/person\/1a1a88c0b6586e66a2e9e88e07afc712"},"description":"Articulo sobre Reconocen a asociaci\u00f3n civil que auspicia a CETYS por liderazgo internacional","breadcrumb":{"@id":"https:\/\/www.cetys.mx\/noticias\/reconocen-a-asociacion-civil-auspicia-a-cetys-liderazgo-internacional-3\/#breadcrumb"},"inLanguage":"es","potentialAction":[{"@type":"ReadAction","target":["https:\/\/www.cetys.mx\/noticias\/reconocen-a-asociacion-civil-auspicia-a-cetys-liderazgo-internacional-3\/"]}]},{"@type":"ImageObject","inLanguage":"es","@id":"https:\/\/www.cetys.mx\/noticias\/reconocen-a-asociacion-civil-auspicia-a-cetys-liderazgo-internacional-3\/#primaryimage","url":"https:\/\/www.cetys.mx\/noticias\/wp-content\/uploads\/2017\/04\/AGB1.jpg","contentUrl":"https:\/\/www.cetys.mx\/noticias\/wp-content\/uploads\/2017\/04\/AGB1.jpg","width":2016,"height":1164},{"@type":"BreadcrumbList","@id":"https:\/\/www.cetys.mx\/noticias\/reconocen-a-asociacion-civil-auspicia-a-cetys-liderazgo-internacional-3\/#breadcrumb","itemListElement":[{"@type":"ListItem","position":1,"name":"Inicio","item":"https:\/\/www.cetys.mx\/noticias\/"},{"@type":"ListItem","position":2,"name":"Reconocen a asociaci\u00f3n civil que auspicia a CETYS por liderazgo internacional"}]},{"@type":"WebSite","@id":"https:\/\/www.cetys.mx\/noticias\/#website","url":"https:\/\/www.cetys.mx\/noticias\/","name":"CETYS","description":"","potentialAction":[{"@type":"SearchAction","target":{"@type":"EntryPoint","urlTemplate":"https:\/\/www.cetys.mx\/noticias\/?s={search_term_string}"},"query-input":{"@type":"PropertyValueSpecification","valueRequired":true,"valueName":"search_term_string"}}],"inLanguage":"es"},{"@type":"Person","@id":"https:\/\/www.cetys.mx\/noticias\/#\/schema\/person\/1a1a88c0b6586e66a2e9e88e07afc712","name":"Campus Ensenada","url":"https:\/\/www.cetys.mx\/noticias\/author\/campusensenada\/"}]}},"_links":{"self":[{"href":"https:\/\/www.cetys.mx\/noticias\/wp-json\/wp\/v2\/posts\/70532","targetHints":{"allow":["GET"]}}],"collection":[{"href":"https:\/\/www.cetys.mx\/noticias\/wp-json\/wp\/v2\/posts"}],"about":[{"href":"https:\/\/www.cetys.mx\/noticias\/wp-json\/wp\/v2\/types\/post"}],"author":[{"embeddable":true,"href":"https:\/\/www.cetys.mx\/noticias\/wp-json\/wp\/v2\/users\/23"}],"replies":[{"embeddable":true,"href":"https:\/\/www.cetys.mx\/noticias\/wp-json\/wp\/v2\/comments?post=70532"}],"version-history":[{"count":0,"href":"https:\/\/www.cetys.mx\/noticias\/wp-json\/wp\/v2\/posts\/70532\/revisions"}],"wp:featuredmedia":[{"embeddable":true,"href":"https:\/\/www.cetys.mx\/noticias\/wp-json\/wp\/v2\/media\/70533"}],"wp:attachment":[{"href":"https:\/\/www.cetys.mx\/noticias\/wp-json\/wp\/v2\/media?parent=70532"}],"wp:term":[{"taxonomy":"category","embeddable":true,"href":"https:\/\/www.cetys.mx\/noticias\/wp-json\/wp\/v2\/categories?post=70532"},{"taxonomy":"post_tag","embeddable":true,"href":"https:\/\/www.cetys.mx\/noticias\/wp-json\/wp\/v2\/tags?post=70532"}],"curies":[{"name":"wp","href":"https:\/\/api.w.org\/{rel}","templated":true}]}}