{"id":70079,"date":"2017-03-30T11:06:54","date_gmt":"2017-03-30T18:06:54","guid":{"rendered":"http:\/\/www.cetys.mx\/noticias\/?p=70079"},"modified":"2017-03-30T11:06:54","modified_gmt":"2017-03-30T18:06:54","slug":"promueven-emprendimiento-gastronomico-en-ayn","status":"publish","type":"post","link":"https:\/\/www.cetys.mx\/noticias\/promueven-emprendimiento-gastronomico-en-ayn\/","title":{"rendered":"Promueven emprendimiento gastron\u00f3mico en AyN"},"content":{"rendered":"<p align=\"justify\">El campo laboral actual ha comenzado a demandar una <strong>nueva generaci\u00f3n de profesionistas capaces de incursionar en la gesti\u00f3n y desarrollo de proyectos multidisciplinarios<\/strong>, donde a favor de resultados <strong>converjan diversas \u00e1reas del conocimiento<\/strong>. Consciente de dichas necesidades, <a href=\"https:\/\/www.cetys.mx\/\">CETYS Universidad<\/a> ha venido promovi\u00e9ndolo a trav\u00e9s de elementos distintivos como el<strong> emprendimiento e innovaci\u00f3n, la vinculaci\u00f3n y la cultura de la informaci\u00f3n<\/strong>.<\/p>\n<div id=\"attachment_70086\" style=\"width: 968px\" class=\"wp-caption aligncenter\"><a href=\"https:\/\/www.cetys.mx\/noticias\/wp-content\/uploads\/2017\/03\/Foro_Gastron\u00f3mico1.jpg\"><img loading=\"lazy\" decoding=\"async\" aria-describedby=\"caption-attachment-70086\" class=\"wp-image-70086 size-full\" src=\"https:\/\/www.cetys.mx\/noticias\/wp-content\/uploads\/2017\/03\/Foro_Gastron\u00f3mico1.jpg\" alt=\"Foro_Gastron\u00f3mico1\" width=\"958\" height=\"637\" \/><\/a><p id=\"caption-attachment-70086\" class=\"wp-caption-text\">El Primer Foro Gastron\u00f3mico, organizador por la comunidad de la Escuela de Administraci\u00f3n y Negocios, cont\u00f3 con la participaci\u00f3n de distinguidos empresarios de la ciudad.<\/p><\/div>\n<p align=\"justify\">En dicho sentido, y con el inter\u00e9s de su comunidad estudiantil, la Escuela de Administraci\u00f3n y Negocios a trav\u00e9s de su Consejo Estudiantil (conocido como CEAN) organiz\u00f3 la primera edici\u00f3n del <strong><span class=\"il\">Foro<\/span> <span class=\"il\">Gastron\u00f3mico<\/span>\u201cSabor, Saz\u00f3n y Negocio\u201d<\/strong> en las instalaciones de Campus Tijuana, con el objetivo de abrir el panorama y mostrar <strong>m\u00e1s opciones de intervenci\u00f3n para los administradores, mercad\u00f3logos, contadores, internacionalistas y m\u00e1s que aqu\u00ed se forman<\/strong>.<\/p>\n<div id=\"attachment_70089\" style=\"width: 968px\" class=\"wp-caption aligncenter\"><a href=\"https:\/\/www.cetys.mx\/noticias\/wp-content\/uploads\/2017\/03\/Foro_Gastron\u00f3mico3.jpg\"><img loading=\"lazy\" decoding=\"async\" aria-describedby=\"caption-attachment-70089\" class=\"wp-image-70089 size-full\" src=\"https:\/\/www.cetys.mx\/noticias\/wp-content\/uploads\/2017\/03\/Foro_Gastron\u00f3mico3.jpg\" alt=\"Foro_Gastron\u00f3mico3\" width=\"958\" height=\"637\" \/><\/a><p id=\"caption-attachment-70089\" class=\"wp-caption-text\">Uno a uno los ponentes comparti\u00f3 su experiencia en el \u00e1mbito y la visi\u00f3n de futuro para la regi\u00f3n en el tema.<\/p><\/div>\n<p align=\"justify\">De acuerdo con la <strong>Dra. Guadalupe S\u00e1nchez V\u00e9lez<\/strong>, <em>Directora de la Escuela de Administraci\u00f3n y Negocios de CETYS Tijuana,<\/em> a trav\u00e9s de encuentros como este es que se busca abordar el tema de <strong>los negocios en un ambiente totalmente diferente<\/strong>, que adem\u00e1s ha mostrado una gran versatilidad y que <strong>en los \u00faltimos a\u00f1os ha generado en el estado un incremento en el turismo regional, nacional, e internacional<\/strong>, un notable cambio de percepci\u00f3n y, por ende, una importante derrama econ\u00f3mica.<\/p>\n<p align=\"justify\">El <span class=\"il\">Foro<\/span> <span class=\"il\">Gastron\u00f3mico<\/span> cont\u00f3 con la participaci\u00f3n de <strong>Judith Medrano Rayas<\/strong>, <em>Precursora del movimiento Baja Med<\/em>, as\u00ed como por <strong>Ana Laura Mart\u00ednez Gardoqui<\/strong> y <strong>Javier Gonz\u00e1lez Vizca\u00edno<\/strong>, <em>Directores del Culinary Art School<\/em>, quienes abordaron los factores que han determinado a Baja California como el nuevo cl\u00faster culinario, la aparici\u00f3n de negocios emergentes, as\u00ed como sus procesos de log\u00edstica y administraci\u00f3n.<\/p>\n<div id=\"attachment_70088\" style=\"width: 968px\" class=\"wp-caption aligncenter\"><a href=\"https:\/\/www.cetys.mx\/noticias\/wp-content\/uploads\/2017\/03\/Foro_Gastron\u00f3mico2.jpg\"><img loading=\"lazy\" decoding=\"async\" aria-describedby=\"caption-attachment-70088\" class=\"wp-image-70088 size-full\" src=\"https:\/\/www.cetys.mx\/noticias\/wp-content\/uploads\/2017\/03\/Foro_Gastron\u00f3mico2.jpg\" alt=\"Foro_Gastron\u00f3mico2\" width=\"958\" height=\"637\" \/><\/a><p id=\"caption-attachment-70088\" class=\"wp-caption-text\">La actividad de preguntas y respuestas fue moderada por la Mtra. Lorena Santana, Coordinadora de la Licenciatura en Negocios Internacionales del Campus Tijuana.<\/p><\/div>\n<p align=\"justify\"><strong>\u201cSabor, Saz\u00f3n y Negocio\u201d<\/strong>\u00a0fue un espacio abierto a la comunidad universitaria para que expusiera sus dudas e intereses en el tema de los negocios del giro <span class=\"il\">gastron\u00f3mico<\/span>, se desarroll\u00f3 en las instalaciones del Auditorio \u201cCorporaci\u00f3n del Fuerte\u201d, Edificio de Posgrado \u201cJos\u00e9 Fimbres Moreno\u201d de CETYS Universidad, Campus Tijuana, y se espera poder continuar promoviendo encuentros de dicho tipo.<\/p>\n","protected":false},"excerpt":{"rendered":"<p>El campo laboral actual ha comenzado a demandar una nueva generaci\u00f3n de profesionistas capaces de incursionar en la gesti\u00f3n y desarrollo de&#8230;<\/p>\n","protected":false},"author":24,"featured_media":70086,"comment_status":"open","ping_status":"open","sticky":false,"template":"","format":"standard","meta":{"footnotes":""},"categories":[134,306,313],"tags":[373,1295,285,328,168,284,269,342,176,1423],"class_list":["post-70079","post","type-post","status-publish","format-standard","has-post-thumbnail","hentry","category-campus-tijuana","category-profesional","category-vocetys-2","tag-administracion","tag-administracion-y-negocios","tag-alumnos","tag-campustijuana","tag-cetys-universidad","tag-emprendimiento","tag-innovacion","tag-liderazgo","tag-profesional","tag-vocetys-2017-03-31"],"yoast_head":"<!-- This site is optimized with the Yoast SEO plugin v27.4 - https:\/\/yoast.com\/product\/yoast-seo-wordpress\/ -->\n<title>Promueven emprendimiento gastron\u00f3mico en AyN - CETYS<\/title>\n<meta name=\"description\" content=\"Articulo sobre Promueven emprendimiento gastron\u00f3mico en AyN\" \/>\n<meta name=\"robots\" content=\"index, follow, max-snippet:-1, max-image-preview:large, max-video-preview:-1\" \/>\n<link rel=\"canonical\" href=\"https:\/\/www.cetys.mx\/noticias\/promueven-emprendimiento-gastronomico-en-ayn\/\" \/>\n<meta property=\"og:locale\" content=\"es_MX\" \/>\n<meta property=\"og:type\" content=\"article\" \/>\n<meta property=\"og:title\" content=\"Promueven emprendimiento gastron\u00f3mico en AyN - CETYS\" \/>\n<meta property=\"og:description\" content=\"Articulo sobre Promueven emprendimiento gastron\u00f3mico en AyN\" \/>\n<meta property=\"og:url\" content=\"https:\/\/www.cetys.mx\/noticias\/promueven-emprendimiento-gastronomico-en-ayn\/\" \/>\n<meta property=\"og:site_name\" content=\"CETYS\" \/>\n<meta property=\"article:publisher\" content=\"https:\/\/www.facebook.com\/cetysuniversidadmxl\/\" \/>\n<meta property=\"article:published_time\" content=\"2017-03-30T18:06:54+00:00\" \/>\n<meta property=\"og:image\" content=\"https:\/\/www.cetys.mx\/noticias\/wp-content\/uploads\/2017\/03\/Foro_Gastron\u00f3mico1.jpg\" \/>\n\t<meta property=\"og:image:width\" content=\"958\" \/>\n\t<meta property=\"og:image:height\" content=\"637\" \/>\n\t<meta property=\"og:image:type\" content=\"image\/jpeg\" \/>\n<meta name=\"author\" content=\"Campus Tijuana\" \/>\n<meta name=\"twitter:card\" content=\"summary_large_image\" \/>\n<meta name=\"twitter:creator\" content=\"@cetysuni\" \/>\n<meta name=\"twitter:site\" content=\"@cetysuni\" \/>\n<meta name=\"twitter:label1\" content=\"Escrito por\" \/>\n\t<meta name=\"twitter:data1\" content=\"Campus Tijuana\" \/>\n\t<meta name=\"twitter:label2\" content=\"Tiempo de lectura\" \/>\n\t<meta name=\"twitter:data2\" content=\"2 minutos\" \/>\n<script type=\"application\/ld+json\" class=\"yoast-schema-graph\">{\"@context\":\"https:\\\/\\\/schema.org\",\"@graph\":[{\"@type\":\"Article\",\"@id\":\"https:\\\/\\\/www.cetys.mx\\\/noticias\\\/promueven-emprendimiento-gastronomico-en-ayn\\\/#article\",\"isPartOf\":{\"@id\":\"https:\\\/\\\/www.cetys.mx\\\/noticias\\\/promueven-emprendimiento-gastronomico-en-ayn\\\/\"},\"author\":{\"name\":\"Campus Tijuana\",\"@id\":\"https:\\\/\\\/www.cetys.mx\\\/noticias\\\/#\\\/schema\\\/person\\\/e790051ce60e18ae47cfa87011c8653f\"},\"headline\":\"Promueven emprendimiento gastron\u00f3mico en AyN\",\"datePublished\":\"2017-03-30T18:06:54+00:00\",\"mainEntityOfPage\":{\"@id\":\"https:\\\/\\\/www.cetys.mx\\\/noticias\\\/promueven-emprendimiento-gastronomico-en-ayn\\\/\"},\"wordCount\":466,\"commentCount\":0,\"image\":{\"@id\":\"https:\\\/\\\/www.cetys.mx\\\/noticias\\\/promueven-emprendimiento-gastronomico-en-ayn\\\/#primaryimage\"},\"thumbnailUrl\":\"https:\\\/\\\/www.cetys.mx\\\/noticias\\\/wp-content\\\/uploads\\\/2017\\\/03\\\/Foro_Gastron\u00f3mico1.jpg\",\"keywords\":[\"Administraci\u00f3n\",\"Administraci\u00f3n y Negocios\",\"Alumnos\",\"campustijuana\",\"CETYS Universidad\",\"Emprendimiento\",\"Innovaci\u00f3n\",\"liderazgo\",\"profesional\",\"vocetys-2017-03-31\"],\"articleSection\":[\"Campus Tijuana\",\"Profesional\",\"VoCETYS\"],\"inLanguage\":\"es\",\"potentialAction\":[{\"@type\":\"CommentAction\",\"name\":\"Comment\",\"target\":[\"https:\\\/\\\/www.cetys.mx\\\/noticias\\\/promueven-emprendimiento-gastronomico-en-ayn\\\/#respond\"]}]},{\"@type\":\"WebPage\",\"@id\":\"https:\\\/\\\/www.cetys.mx\\\/noticias\\\/promueven-emprendimiento-gastronomico-en-ayn\\\/\",\"url\":\"https:\\\/\\\/www.cetys.mx\\\/noticias\\\/promueven-emprendimiento-gastronomico-en-ayn\\\/\",\"name\":\"Promueven emprendimiento gastron\u00f3mico en AyN - CETYS\",\"isPartOf\":{\"@id\":\"https:\\\/\\\/www.cetys.mx\\\/noticias\\\/#website\"},\"primaryImageOfPage\":{\"@id\":\"https:\\\/\\\/www.cetys.mx\\\/noticias\\\/promueven-emprendimiento-gastronomico-en-ayn\\\/#primaryimage\"},\"image\":{\"@id\":\"https:\\\/\\\/www.cetys.mx\\\/noticias\\\/promueven-emprendimiento-gastronomico-en-ayn\\\/#primaryimage\"},\"thumbnailUrl\":\"https:\\\/\\\/www.cetys.mx\\\/noticias\\\/wp-content\\\/uploads\\\/2017\\\/03\\\/Foro_Gastron\u00f3mico1.jpg\",\"datePublished\":\"2017-03-30T18:06:54+00:00\",\"author\":{\"@id\":\"https:\\\/\\\/www.cetys.mx\\\/noticias\\\/#\\\/schema\\\/person\\\/e790051ce60e18ae47cfa87011c8653f\"},\"description\":\"Articulo sobre Promueven emprendimiento gastron\u00f3mico en AyN\",\"breadcrumb\":{\"@id\":\"https:\\\/\\\/www.cetys.mx\\\/noticias\\\/promueven-emprendimiento-gastronomico-en-ayn\\\/#breadcrumb\"},\"inLanguage\":\"es\",\"potentialAction\":[{\"@type\":\"ReadAction\",\"target\":[\"https:\\\/\\\/www.cetys.mx\\\/noticias\\\/promueven-emprendimiento-gastronomico-en-ayn\\\/\"]}]},{\"@type\":\"ImageObject\",\"inLanguage\":\"es\",\"@id\":\"https:\\\/\\\/www.cetys.mx\\\/noticias\\\/promueven-emprendimiento-gastronomico-en-ayn\\\/#primaryimage\",\"url\":\"https:\\\/\\\/www.cetys.mx\\\/noticias\\\/wp-content\\\/uploads\\\/2017\\\/03\\\/Foro_Gastron\u00f3mico1.jpg\",\"contentUrl\":\"https:\\\/\\\/www.cetys.mx\\\/noticias\\\/wp-content\\\/uploads\\\/2017\\\/03\\\/Foro_Gastron\u00f3mico1.jpg\",\"width\":958,\"height\":637},{\"@type\":\"BreadcrumbList\",\"@id\":\"https:\\\/\\\/www.cetys.mx\\\/noticias\\\/promueven-emprendimiento-gastronomico-en-ayn\\\/#breadcrumb\",\"itemListElement\":[{\"@type\":\"ListItem\",\"position\":1,\"name\":\"Inicio\",\"item\":\"https:\\\/\\\/www.cetys.mx\\\/noticias\\\/\"},{\"@type\":\"ListItem\",\"position\":2,\"name\":\"Promueven emprendimiento gastron\u00f3mico en AyN\"}]},{\"@type\":\"WebSite\",\"@id\":\"https:\\\/\\\/www.cetys.mx\\\/noticias\\\/#website\",\"url\":\"https:\\\/\\\/www.cetys.mx\\\/noticias\\\/\",\"name\":\"CETYS\",\"description\":\"\",\"potentialAction\":[{\"@type\":\"SearchAction\",\"target\":{\"@type\":\"EntryPoint\",\"urlTemplate\":\"https:\\\/\\\/www.cetys.mx\\\/noticias\\\/?s={search_term_string}\"},\"query-input\":{\"@type\":\"PropertyValueSpecification\",\"valueRequired\":true,\"valueName\":\"search_term_string\"}}],\"inLanguage\":\"es\"},{\"@type\":\"Person\",\"@id\":\"https:\\\/\\\/www.cetys.mx\\\/noticias\\\/#\\\/schema\\\/person\\\/e790051ce60e18ae47cfa87011c8653f\",\"name\":\"Campus Tijuana\",\"url\":\"https:\\\/\\\/www.cetys.mx\\\/noticias\\\/author\\\/campustijuana\\\/\"}]}<\/script>\n<!-- \/ Yoast SEO plugin. -->","yoast_head_json":{"title":"Promueven emprendimiento gastron\u00f3mico en AyN - CETYS","description":"Articulo sobre Promueven emprendimiento gastron\u00f3mico en AyN","robots":{"index":"index","follow":"follow","max-snippet":"max-snippet:-1","max-image-preview":"max-image-preview:large","max-video-preview":"max-video-preview:-1"},"canonical":"https:\/\/www.cetys.mx\/noticias\/promueven-emprendimiento-gastronomico-en-ayn\/","og_locale":"es_MX","og_type":"article","og_title":"Promueven emprendimiento gastron\u00f3mico en AyN - CETYS","og_description":"Articulo sobre Promueven emprendimiento gastron\u00f3mico en AyN","og_url":"https:\/\/www.cetys.mx\/noticias\/promueven-emprendimiento-gastronomico-en-ayn\/","og_site_name":"CETYS","article_publisher":"https:\/\/www.facebook.com\/cetysuniversidadmxl\/","article_published_time":"2017-03-30T18:06:54+00:00","og_image":[{"width":958,"height":637,"url":"https:\/\/www.cetys.mx\/noticias\/wp-content\/uploads\/2017\/03\/Foro_Gastron\u00f3mico1.jpg","type":"image\/jpeg"}],"author":"Campus Tijuana","twitter_card":"summary_large_image","twitter_creator":"@cetysuni","twitter_site":"@cetysuni","twitter_misc":{"Escrito por":"Campus Tijuana","Tiempo de lectura":"2 minutos"},"schema":{"@context":"https:\/\/schema.org","@graph":[{"@type":"Article","@id":"https:\/\/www.cetys.mx\/noticias\/promueven-emprendimiento-gastronomico-en-ayn\/#article","isPartOf":{"@id":"https:\/\/www.cetys.mx\/noticias\/promueven-emprendimiento-gastronomico-en-ayn\/"},"author":{"name":"Campus Tijuana","@id":"https:\/\/www.cetys.mx\/noticias\/#\/schema\/person\/e790051ce60e18ae47cfa87011c8653f"},"headline":"Promueven emprendimiento gastron\u00f3mico en AyN","datePublished":"2017-03-30T18:06:54+00:00","mainEntityOfPage":{"@id":"https:\/\/www.cetys.mx\/noticias\/promueven-emprendimiento-gastronomico-en-ayn\/"},"wordCount":466,"commentCount":0,"image":{"@id":"https:\/\/www.cetys.mx\/noticias\/promueven-emprendimiento-gastronomico-en-ayn\/#primaryimage"},"thumbnailUrl":"https:\/\/www.cetys.mx\/noticias\/wp-content\/uploads\/2017\/03\/Foro_Gastron\u00f3mico1.jpg","keywords":["Administraci\u00f3n","Administraci\u00f3n y Negocios","Alumnos","campustijuana","CETYS Universidad","Emprendimiento","Innovaci\u00f3n","liderazgo","profesional","vocetys-2017-03-31"],"articleSection":["Campus Tijuana","Profesional","VoCETYS"],"inLanguage":"es","potentialAction":[{"@type":"CommentAction","name":"Comment","target":["https:\/\/www.cetys.mx\/noticias\/promueven-emprendimiento-gastronomico-en-ayn\/#respond"]}]},{"@type":"WebPage","@id":"https:\/\/www.cetys.mx\/noticias\/promueven-emprendimiento-gastronomico-en-ayn\/","url":"https:\/\/www.cetys.mx\/noticias\/promueven-emprendimiento-gastronomico-en-ayn\/","name":"Promueven emprendimiento gastron\u00f3mico en AyN - CETYS","isPartOf":{"@id":"https:\/\/www.cetys.mx\/noticias\/#website"},"primaryImageOfPage":{"@id":"https:\/\/www.cetys.mx\/noticias\/promueven-emprendimiento-gastronomico-en-ayn\/#primaryimage"},"image":{"@id":"https:\/\/www.cetys.mx\/noticias\/promueven-emprendimiento-gastronomico-en-ayn\/#primaryimage"},"thumbnailUrl":"https:\/\/www.cetys.mx\/noticias\/wp-content\/uploads\/2017\/03\/Foro_Gastron\u00f3mico1.jpg","datePublished":"2017-03-30T18:06:54+00:00","author":{"@id":"https:\/\/www.cetys.mx\/noticias\/#\/schema\/person\/e790051ce60e18ae47cfa87011c8653f"},"description":"Articulo sobre Promueven emprendimiento gastron\u00f3mico en AyN","breadcrumb":{"@id":"https:\/\/www.cetys.mx\/noticias\/promueven-emprendimiento-gastronomico-en-ayn\/#breadcrumb"},"inLanguage":"es","potentialAction":[{"@type":"ReadAction","target":["https:\/\/www.cetys.mx\/noticias\/promueven-emprendimiento-gastronomico-en-ayn\/"]}]},{"@type":"ImageObject","inLanguage":"es","@id":"https:\/\/www.cetys.mx\/noticias\/promueven-emprendimiento-gastronomico-en-ayn\/#primaryimage","url":"https:\/\/www.cetys.mx\/noticias\/wp-content\/uploads\/2017\/03\/Foro_Gastron\u00f3mico1.jpg","contentUrl":"https:\/\/www.cetys.mx\/noticias\/wp-content\/uploads\/2017\/03\/Foro_Gastron\u00f3mico1.jpg","width":958,"height":637},{"@type":"BreadcrumbList","@id":"https:\/\/www.cetys.mx\/noticias\/promueven-emprendimiento-gastronomico-en-ayn\/#breadcrumb","itemListElement":[{"@type":"ListItem","position":1,"name":"Inicio","item":"https:\/\/www.cetys.mx\/noticias\/"},{"@type":"ListItem","position":2,"name":"Promueven emprendimiento gastron\u00f3mico en AyN"}]},{"@type":"WebSite","@id":"https:\/\/www.cetys.mx\/noticias\/#website","url":"https:\/\/www.cetys.mx\/noticias\/","name":"CETYS","description":"","potentialAction":[{"@type":"SearchAction","target":{"@type":"EntryPoint","urlTemplate":"https:\/\/www.cetys.mx\/noticias\/?s={search_term_string}"},"query-input":{"@type":"PropertyValueSpecification","valueRequired":true,"valueName":"search_term_string"}}],"inLanguage":"es"},{"@type":"Person","@id":"https:\/\/www.cetys.mx\/noticias\/#\/schema\/person\/e790051ce60e18ae47cfa87011c8653f","name":"Campus Tijuana","url":"https:\/\/www.cetys.mx\/noticias\/author\/campustijuana\/"}]}},"_links":{"self":[{"href":"https:\/\/www.cetys.mx\/noticias\/wp-json\/wp\/v2\/posts\/70079","targetHints":{"allow":["GET"]}}],"collection":[{"href":"https:\/\/www.cetys.mx\/noticias\/wp-json\/wp\/v2\/posts"}],"about":[{"href":"https:\/\/www.cetys.mx\/noticias\/wp-json\/wp\/v2\/types\/post"}],"author":[{"embeddable":true,"href":"https:\/\/www.cetys.mx\/noticias\/wp-json\/wp\/v2\/users\/24"}],"replies":[{"embeddable":true,"href":"https:\/\/www.cetys.mx\/noticias\/wp-json\/wp\/v2\/comments?post=70079"}],"version-history":[{"count":0,"href":"https:\/\/www.cetys.mx\/noticias\/wp-json\/wp\/v2\/posts\/70079\/revisions"}],"wp:featuredmedia":[{"embeddable":true,"href":"https:\/\/www.cetys.mx\/noticias\/wp-json\/wp\/v2\/media\/70086"}],"wp:attachment":[{"href":"https:\/\/www.cetys.mx\/noticias\/wp-json\/wp\/v2\/media?parent=70079"}],"wp:term":[{"taxonomy":"category","embeddable":true,"href":"https:\/\/www.cetys.mx\/noticias\/wp-json\/wp\/v2\/categories?post=70079"},{"taxonomy":"post_tag","embeddable":true,"href":"https:\/\/www.cetys.mx\/noticias\/wp-json\/wp\/v2\/tags?post=70079"}],"curies":[{"name":"wp","href":"https:\/\/api.w.org\/{rel}","templated":true}]}}