{"id":70046,"date":"2017-03-29T12:57:08","date_gmt":"2017-03-29T19:57:08","guid":{"rendered":"http:\/\/www.cetys.mx\/noticias\/?p=70046"},"modified":"2017-03-29T12:57:08","modified_gmt":"2017-03-29T19:57:08","slug":"comparten-bachilleres-experiencia-internacional","status":"publish","type":"post","link":"https:\/\/www.cetys.mx\/noticias\/comparten-bachilleres-experiencia-internacional\/","title":{"rendered":"Comparten bachilleres experiencia internacional"},"content":{"rendered":"<p style=\"text-align: justify;\">Los alumnos de 2do y 4to semestre de <strong><a href=\"https:\/\/www.cetys.mx\/331-bachillerato-internacional\/\" target=\"_blank\">Bachillerato Internacional (BI)<\/a><\/strong> en CETYS, han estado participando activamente dentro del programa<a href=\"https:\/\/generation.global\/\" target=\"_blank\"><strong> Generation Global<\/strong> <\/a>a trav\u00e9s de videoconferencias internacionales con otros colegios.<\/p>\n<p style=\"text-align: justify;\">Recientemente se enlazaron a Indonesia con la escuela\u00a0MAN 3 Malang, as\u00ed como con Estados Unidos con West Potomac High School, contando como invitada especial a la Dra. Basma Habib de Iraq.<\/p>\n<p style=\"text-align: justify;\"><a href=\"https:\/\/www.cetys.mx\/noticias\/wp-content\/uploads\/2017\/03\/IMG_0406.jpg\"><img loading=\"lazy\" decoding=\"async\" class=\" wp-image-70048 alignleft\" src=\"https:\/\/www.cetys.mx\/noticias\/wp-content\/uploads\/2017\/03\/IMG_0406.jpg\" alt=\"internacional\" width=\"313\" height=\"235\" \/><\/a>En esta priemara intervenci\u00f3n, los j\u00f3venes dialogaron sobre los derechos de la mujer en el marco del D\u00eda Internacional de la Mujer celebrado el pasado 8 de marzo a nivel mundial. Ah\u00ed, la Dra. Habib expuso sus experiencias en diferentes \u00e1mbitos en defensa de los derechos de la mujer y realizo recomendaciones a los j\u00f3venes para valorar el papel que desempe\u00f1an las mujeres en su comunidad.<\/p>\n<p style=\"text-align: justify;\">La maestra Alicia Hermosillo, coordinadora de la actividad dijo que este tipo de experiencias permite a los estudiantes la oportunidad de formarse como ciudadanos del mundo, atendiendo cuestiones de cultura, tradiciones y valores.<\/p>\n<blockquote>\n<p style=\"text-align: justify;\">&#8220;Las videoconferencias sumergen a los estudiantes en una experiencia totalmente nueva ya que se conectan aulas en todo el mundo, permitiendo a los estudiantes a explorar, articular y desarrollar sus propios puntos de vista, al tiempo que toman en cuenta las opiniones de los dem\u00e1s&#8221;, dijo.<\/p>\n<\/blockquote>\n<p style=\"text-align: justify;\">En otra videoconferencia, con el tema: &#8220;Libertad de dialogo: tradiciones&#8221;, los alumnos del BI se enlazaron con los colegios Loyola Academy , Estados Unidos y Maria Ausiliatrice, Italia.<\/p>\n<p style=\"text-align: justify;\"><a href=\"https:\/\/www.cetys.mx\/noticias\/wp-content\/uploads\/2017\/03\/IMG_0403.jpg\"><img loading=\"lazy\" decoding=\"async\" class=\"alignnone size-full wp-image-70049\" src=\"https:\/\/www.cetys.mx\/noticias\/wp-content\/uploads\/2017\/03\/IMG_0403.jpg\" alt=\"internacional\" width=\"640\" height=\"480\" \/><\/a><\/p>\n<p style=\"text-align: justify;\">La actividad agreg\u00f3 Hermosillo, fue muy enriquecedora puesto que los estudiantes dialogaron sobre las principales tradiciones de su pa\u00eds y los valores que estos representan para ellos; igualmente plantearon preguntas sobre aspectos de cada una de las culturas participantes.<\/p>\n<blockquote>\n<p style=\"text-align: justify;\">&#8220;Se mostr\u00f3 especial inter\u00e9s en la vestimenta t\u00edpica y los alimentos que se preparaban para cada una de las festividades nacionales. Al termino de la videoconferencia, dos alumnos de cada colegio expresaron el significado que tuvo para ellos el haber participado de esta actividad&#8221;, concluy\u00f3.<\/p>\n<\/blockquote>\n<p>&nbsp;<\/p>\n<p>&nbsp;<\/p>\n","protected":false},"excerpt":{"rendered":"<p>Los alumnos de 2do y 4to semestre de Bachillerato Internacional (BI) en CETYS, han estado participando activamente dentro del programa Generation Global&#8230;<\/p>\n","protected":false},"author":20,"featured_media":70047,"comment_status":"open","ping_status":"open","sticky":false,"template":"","format":"standard","meta":{"footnotes":""},"categories":[133,318],"tags":[1416,922,923,384,1418,1417,809,92],"class_list":["post-70046","post","type-post","status-publish","format-standard","has-post-thumbnail","hentry","category-campus-mexicali","category-preparatoria","tag-alicia-hermosillo","tag-bachillerato-internacional","tag-bi","tag-estados-unidos","tag-indonesia","tag-italia","tag-prepa","tag-preparatoria"],"yoast_head":"<!-- This site is optimized with the Yoast SEO plugin v27.4 - https:\/\/yoast.com\/product\/yoast-seo-wordpress\/ -->\n<title>Comparten bachilleres del CETYS experiencia internacional<\/title>\n<meta name=\"description\" content=\"Alumnos de Bachillerato Internacional han estado participando activamente dentro del programa Generation Global a trav\u00e9s de videoconferencias con colegios.\" \/>\n<meta name=\"robots\" content=\"index, follow, max-snippet:-1, max-image-preview:large, max-video-preview:-1\" \/>\n<link rel=\"canonical\" href=\"https:\/\/www.cetys.mx\/noticias\/comparten-bachilleres-experiencia-internacional\/\" \/>\n<meta property=\"og:locale\" content=\"es_MX\" \/>\n<meta property=\"og:type\" content=\"article\" \/>\n<meta property=\"og:title\" content=\"Comparten bachilleres del CETYS experiencia internacional\" \/>\n<meta property=\"og:description\" content=\"Alumnos de Bachillerato Internacional han estado participando activamente dentro del programa Generation Global a trav\u00e9s de videoconferencias con colegios.\" \/>\n<meta property=\"og:url\" content=\"https:\/\/www.cetys.mx\/noticias\/comparten-bachilleres-experiencia-internacional\/\" \/>\n<meta property=\"og:site_name\" content=\"CETYS\" \/>\n<meta property=\"article:publisher\" content=\"https:\/\/www.facebook.com\/cetysuniversidadmxl\/\" \/>\n<meta property=\"article:published_time\" content=\"2017-03-29T19:57:08+00:00\" \/>\n<meta property=\"og:image\" content=\"https:\/\/www.cetys.mx\/noticias\/wp-content\/uploads\/2017\/03\/portada3.jpg\" \/>\n\t<meta property=\"og:image:width\" content=\"960\" \/>\n\t<meta property=\"og:image:height\" content=\"639\" \/>\n\t<meta property=\"og:image:type\" content=\"image\/jpeg\" \/>\n<meta name=\"author\" content=\"Campus Mexicali\" \/>\n<meta name=\"twitter:card\" content=\"summary_large_image\" \/>\n<meta name=\"twitter:creator\" content=\"@cetysuni\" \/>\n<meta name=\"twitter:site\" content=\"@cetysuni\" \/>\n<meta name=\"twitter:label1\" content=\"Escrito por\" \/>\n\t<meta name=\"twitter:data1\" content=\"Campus Mexicali\" \/>\n\t<meta name=\"twitter:label2\" content=\"Tiempo de lectura\" \/>\n\t<meta name=\"twitter:data2\" content=\"2 minutos\" \/>\n<script type=\"application\/ld+json\" class=\"yoast-schema-graph\">{\"@context\":\"https:\\\/\\\/schema.org\",\"@graph\":[{\"@type\":\"Article\",\"@id\":\"https:\\\/\\\/www.cetys.mx\\\/noticias\\\/comparten-bachilleres-experiencia-internacional\\\/#article\",\"isPartOf\":{\"@id\":\"https:\\\/\\\/www.cetys.mx\\\/noticias\\\/comparten-bachilleres-experiencia-internacional\\\/\"},\"author\":{\"name\":\"Campus Mexicali\",\"@id\":\"https:\\\/\\\/www.cetys.mx\\\/noticias\\\/#\\\/schema\\\/person\\\/79a95c4ac185f3705cf1b9c9340a5f70\"},\"headline\":\"Comparten bachilleres experiencia internacional\",\"datePublished\":\"2017-03-29T19:57:08+00:00\",\"mainEntityOfPage\":{\"@id\":\"https:\\\/\\\/www.cetys.mx\\\/noticias\\\/comparten-bachilleres-experiencia-internacional\\\/\"},\"wordCount\":332,\"commentCount\":0,\"image\":{\"@id\":\"https:\\\/\\\/www.cetys.mx\\\/noticias\\\/comparten-bachilleres-experiencia-internacional\\\/#primaryimage\"},\"thumbnailUrl\":\"https:\\\/\\\/www.cetys.mx\\\/noticias\\\/wp-content\\\/uploads\\\/2017\\\/03\\\/portada3.jpg\",\"keywords\":[\"Alicia Hermosillo\",\"Bachillerato Internacional\",\"BI\",\"Estados Unidos\",\"Indonesia\",\"Italia\",\"Prepa\",\"Preparatoria\"],\"articleSection\":[\"Campus Mexicali\",\"Preparatoria\"],\"inLanguage\":\"es\",\"potentialAction\":[{\"@type\":\"CommentAction\",\"name\":\"Comment\",\"target\":[\"https:\\\/\\\/www.cetys.mx\\\/noticias\\\/comparten-bachilleres-experiencia-internacional\\\/#respond\"]}]},{\"@type\":\"WebPage\",\"@id\":\"https:\\\/\\\/www.cetys.mx\\\/noticias\\\/comparten-bachilleres-experiencia-internacional\\\/\",\"url\":\"https:\\\/\\\/www.cetys.mx\\\/noticias\\\/comparten-bachilleres-experiencia-internacional\\\/\",\"name\":\"Comparten bachilleres del CETYS experiencia internacional\",\"isPartOf\":{\"@id\":\"https:\\\/\\\/www.cetys.mx\\\/noticias\\\/#website\"},\"primaryImageOfPage\":{\"@id\":\"https:\\\/\\\/www.cetys.mx\\\/noticias\\\/comparten-bachilleres-experiencia-internacional\\\/#primaryimage\"},\"image\":{\"@id\":\"https:\\\/\\\/www.cetys.mx\\\/noticias\\\/comparten-bachilleres-experiencia-internacional\\\/#primaryimage\"},\"thumbnailUrl\":\"https:\\\/\\\/www.cetys.mx\\\/noticias\\\/wp-content\\\/uploads\\\/2017\\\/03\\\/portada3.jpg\",\"datePublished\":\"2017-03-29T19:57:08+00:00\",\"author\":{\"@id\":\"https:\\\/\\\/www.cetys.mx\\\/noticias\\\/#\\\/schema\\\/person\\\/79a95c4ac185f3705cf1b9c9340a5f70\"},\"description\":\"Alumnos de Bachillerato Internacional han estado participando activamente dentro del programa Generation Global a trav\u00e9s de videoconferencias con colegios.\",\"breadcrumb\":{\"@id\":\"https:\\\/\\\/www.cetys.mx\\\/noticias\\\/comparten-bachilleres-experiencia-internacional\\\/#breadcrumb\"},\"inLanguage\":\"es\",\"potentialAction\":[{\"@type\":\"ReadAction\",\"target\":[\"https:\\\/\\\/www.cetys.mx\\\/noticias\\\/comparten-bachilleres-experiencia-internacional\\\/\"]}]},{\"@type\":\"ImageObject\",\"inLanguage\":\"es\",\"@id\":\"https:\\\/\\\/www.cetys.mx\\\/noticias\\\/comparten-bachilleres-experiencia-internacional\\\/#primaryimage\",\"url\":\"https:\\\/\\\/www.cetys.mx\\\/noticias\\\/wp-content\\\/uploads\\\/2017\\\/03\\\/portada3.jpg\",\"contentUrl\":\"https:\\\/\\\/www.cetys.mx\\\/noticias\\\/wp-content\\\/uploads\\\/2017\\\/03\\\/portada3.jpg\",\"width\":960,\"height\":639,\"caption\":\"internacional\"},{\"@type\":\"BreadcrumbList\",\"@id\":\"https:\\\/\\\/www.cetys.mx\\\/noticias\\\/comparten-bachilleres-experiencia-internacional\\\/#breadcrumb\",\"itemListElement\":[{\"@type\":\"ListItem\",\"position\":1,\"name\":\"Inicio\",\"item\":\"https:\\\/\\\/www.cetys.mx\\\/noticias\\\/\"},{\"@type\":\"ListItem\",\"position\":2,\"name\":\"Comparten bachilleres experiencia internacional\"}]},{\"@type\":\"WebSite\",\"@id\":\"https:\\\/\\\/www.cetys.mx\\\/noticias\\\/#website\",\"url\":\"https:\\\/\\\/www.cetys.mx\\\/noticias\\\/\",\"name\":\"CETYS\",\"description\":\"\",\"potentialAction\":[{\"@type\":\"SearchAction\",\"target\":{\"@type\":\"EntryPoint\",\"urlTemplate\":\"https:\\\/\\\/www.cetys.mx\\\/noticias\\\/?s={search_term_string}\"},\"query-input\":{\"@type\":\"PropertyValueSpecification\",\"valueRequired\":true,\"valueName\":\"search_term_string\"}}],\"inLanguage\":\"es\"},{\"@type\":\"Person\",\"@id\":\"https:\\\/\\\/www.cetys.mx\\\/noticias\\\/#\\\/schema\\\/person\\\/79a95c4ac185f3705cf1b9c9340a5f70\",\"name\":\"Campus Mexicali\",\"url\":\"https:\\\/\\\/www.cetys.mx\\\/noticias\\\/author\\\/campusmexicali\\\/\"}]}<\/script>\n<!-- \/ Yoast SEO plugin. -->","yoast_head_json":{"title":"Comparten bachilleres del CETYS experiencia internacional","description":"Alumnos de Bachillerato Internacional han estado participando activamente dentro del programa Generation Global a trav\u00e9s de videoconferencias con colegios.","robots":{"index":"index","follow":"follow","max-snippet":"max-snippet:-1","max-image-preview":"max-image-preview:large","max-video-preview":"max-video-preview:-1"},"canonical":"https:\/\/www.cetys.mx\/noticias\/comparten-bachilleres-experiencia-internacional\/","og_locale":"es_MX","og_type":"article","og_title":"Comparten bachilleres del CETYS experiencia internacional","og_description":"Alumnos de Bachillerato Internacional han estado participando activamente dentro del programa Generation Global a trav\u00e9s de videoconferencias con colegios.","og_url":"https:\/\/www.cetys.mx\/noticias\/comparten-bachilleres-experiencia-internacional\/","og_site_name":"CETYS","article_publisher":"https:\/\/www.facebook.com\/cetysuniversidadmxl\/","article_published_time":"2017-03-29T19:57:08+00:00","og_image":[{"width":960,"height":639,"url":"https:\/\/www.cetys.mx\/noticias\/wp-content\/uploads\/2017\/03\/portada3.jpg","type":"image\/jpeg"}],"author":"Campus Mexicali","twitter_card":"summary_large_image","twitter_creator":"@cetysuni","twitter_site":"@cetysuni","twitter_misc":{"Escrito por":"Campus Mexicali","Tiempo de lectura":"2 minutos"},"schema":{"@context":"https:\/\/schema.org","@graph":[{"@type":"Article","@id":"https:\/\/www.cetys.mx\/noticias\/comparten-bachilleres-experiencia-internacional\/#article","isPartOf":{"@id":"https:\/\/www.cetys.mx\/noticias\/comparten-bachilleres-experiencia-internacional\/"},"author":{"name":"Campus Mexicali","@id":"https:\/\/www.cetys.mx\/noticias\/#\/schema\/person\/79a95c4ac185f3705cf1b9c9340a5f70"},"headline":"Comparten bachilleres experiencia internacional","datePublished":"2017-03-29T19:57:08+00:00","mainEntityOfPage":{"@id":"https:\/\/www.cetys.mx\/noticias\/comparten-bachilleres-experiencia-internacional\/"},"wordCount":332,"commentCount":0,"image":{"@id":"https:\/\/www.cetys.mx\/noticias\/comparten-bachilleres-experiencia-internacional\/#primaryimage"},"thumbnailUrl":"https:\/\/www.cetys.mx\/noticias\/wp-content\/uploads\/2017\/03\/portada3.jpg","keywords":["Alicia Hermosillo","Bachillerato Internacional","BI","Estados Unidos","Indonesia","Italia","Prepa","Preparatoria"],"articleSection":["Campus Mexicali","Preparatoria"],"inLanguage":"es","potentialAction":[{"@type":"CommentAction","name":"Comment","target":["https:\/\/www.cetys.mx\/noticias\/comparten-bachilleres-experiencia-internacional\/#respond"]}]},{"@type":"WebPage","@id":"https:\/\/www.cetys.mx\/noticias\/comparten-bachilleres-experiencia-internacional\/","url":"https:\/\/www.cetys.mx\/noticias\/comparten-bachilleres-experiencia-internacional\/","name":"Comparten bachilleres del CETYS experiencia internacional","isPartOf":{"@id":"https:\/\/www.cetys.mx\/noticias\/#website"},"primaryImageOfPage":{"@id":"https:\/\/www.cetys.mx\/noticias\/comparten-bachilleres-experiencia-internacional\/#primaryimage"},"image":{"@id":"https:\/\/www.cetys.mx\/noticias\/comparten-bachilleres-experiencia-internacional\/#primaryimage"},"thumbnailUrl":"https:\/\/www.cetys.mx\/noticias\/wp-content\/uploads\/2017\/03\/portada3.jpg","datePublished":"2017-03-29T19:57:08+00:00","author":{"@id":"https:\/\/www.cetys.mx\/noticias\/#\/schema\/person\/79a95c4ac185f3705cf1b9c9340a5f70"},"description":"Alumnos de Bachillerato Internacional han estado participando activamente dentro del programa Generation Global a trav\u00e9s de videoconferencias con colegios.","breadcrumb":{"@id":"https:\/\/www.cetys.mx\/noticias\/comparten-bachilleres-experiencia-internacional\/#breadcrumb"},"inLanguage":"es","potentialAction":[{"@type":"ReadAction","target":["https:\/\/www.cetys.mx\/noticias\/comparten-bachilleres-experiencia-internacional\/"]}]},{"@type":"ImageObject","inLanguage":"es","@id":"https:\/\/www.cetys.mx\/noticias\/comparten-bachilleres-experiencia-internacional\/#primaryimage","url":"https:\/\/www.cetys.mx\/noticias\/wp-content\/uploads\/2017\/03\/portada3.jpg","contentUrl":"https:\/\/www.cetys.mx\/noticias\/wp-content\/uploads\/2017\/03\/portada3.jpg","width":960,"height":639,"caption":"internacional"},{"@type":"BreadcrumbList","@id":"https:\/\/www.cetys.mx\/noticias\/comparten-bachilleres-experiencia-internacional\/#breadcrumb","itemListElement":[{"@type":"ListItem","position":1,"name":"Inicio","item":"https:\/\/www.cetys.mx\/noticias\/"},{"@type":"ListItem","position":2,"name":"Comparten bachilleres experiencia internacional"}]},{"@type":"WebSite","@id":"https:\/\/www.cetys.mx\/noticias\/#website","url":"https:\/\/www.cetys.mx\/noticias\/","name":"CETYS","description":"","potentialAction":[{"@type":"SearchAction","target":{"@type":"EntryPoint","urlTemplate":"https:\/\/www.cetys.mx\/noticias\/?s={search_term_string}"},"query-input":{"@type":"PropertyValueSpecification","valueRequired":true,"valueName":"search_term_string"}}],"inLanguage":"es"},{"@type":"Person","@id":"https:\/\/www.cetys.mx\/noticias\/#\/schema\/person\/79a95c4ac185f3705cf1b9c9340a5f70","name":"Campus Mexicali","url":"https:\/\/www.cetys.mx\/noticias\/author\/campusmexicali\/"}]}},"_links":{"self":[{"href":"https:\/\/www.cetys.mx\/noticias\/wp-json\/wp\/v2\/posts\/70046","targetHints":{"allow":["GET"]}}],"collection":[{"href":"https:\/\/www.cetys.mx\/noticias\/wp-json\/wp\/v2\/posts"}],"about":[{"href":"https:\/\/www.cetys.mx\/noticias\/wp-json\/wp\/v2\/types\/post"}],"author":[{"embeddable":true,"href":"https:\/\/www.cetys.mx\/noticias\/wp-json\/wp\/v2\/users\/20"}],"replies":[{"embeddable":true,"href":"https:\/\/www.cetys.mx\/noticias\/wp-json\/wp\/v2\/comments?post=70046"}],"version-history":[{"count":0,"href":"https:\/\/www.cetys.mx\/noticias\/wp-json\/wp\/v2\/posts\/70046\/revisions"}],"wp:featuredmedia":[{"embeddable":true,"href":"https:\/\/www.cetys.mx\/noticias\/wp-json\/wp\/v2\/media\/70047"}],"wp:attachment":[{"href":"https:\/\/www.cetys.mx\/noticias\/wp-json\/wp\/v2\/media?parent=70046"}],"wp:term":[{"taxonomy":"category","embeddable":true,"href":"https:\/\/www.cetys.mx\/noticias\/wp-json\/wp\/v2\/categories?post=70046"},{"taxonomy":"post_tag","embeddable":true,"href":"https:\/\/www.cetys.mx\/noticias\/wp-json\/wp\/v2\/tags?post=70046"}],"curies":[{"name":"wp","href":"https:\/\/api.w.org\/{rel}","templated":true}]}}