{"id":69712,"date":"2017-03-15T17:40:10","date_gmt":"2017-03-16T00:40:10","guid":{"rendered":"http:\/\/www.cetys.mx\/noticias\/?p=69712"},"modified":"2017-03-21T18:03:46","modified_gmt":"2017-03-22T01:03:46","slug":"juntos-la-excelencia-academica-internacional-wasc","status":"publish","type":"post","link":"https:\/\/www.cetys.mx\/noticias\/juntos-la-excelencia-academica-internacional-wasc\/","title":{"rendered":"Juntos por la excelencia acad\u00e9mica internacional WASC"},"content":{"rendered":"<p><strong>Despu\u00e9s de 5 a\u00f1os<\/strong> de la obtenci\u00f3n de la acreditaci\u00f3n por parte de la <a href=\"https:\/\/www.wscuc.org\/\">Western Association of Schools and Colleges (WASC)<\/a>, <strong>CETYS buscar\u00e1 refrendar su alta calidad acad\u00e9mica<\/strong> con el proceso de re-acreditaci\u00f3n ante este organismo estadounidense, as\u00ed lo inform\u00f3 el<strong> Dr. Fernando Le\u00f3n Garc\u00eda<\/strong>, <em>Rector del Sistema CETYS Universidad<\/em>.<\/p>\n<div id=\"attachment_69716\" style=\"width: 968px\" class=\"wp-caption alignnone\"><a href=\"https:\/\/www.cetys.mx\/noticias\/wp-content\/uploads\/2017\/03\/IMG_0188.jpg\"><img loading=\"lazy\" decoding=\"async\" aria-describedby=\"caption-attachment-69716\" class=\"wp-image-69716 size-full\" src=\"https:\/\/www.cetys.mx\/noticias\/wp-content\/uploads\/2017\/03\/IMG_0188.jpg\" alt=\"IMG_0188\" width=\"958\" height=\"637\" \/><\/a><p id=\"caption-attachment-69716\" class=\"wp-caption-text\">El Sistema CETYS Universidad es la primera fuera de Estados Unidos en ser acreditada por WASC.<\/p><\/div>\n<blockquote><p>\u201cEn el marco de nuestra Misi\u00f3n institucional y el compromiso con la calidad, me complace compartirles que un equipo evaluador de la agencia WASC, estar\u00e1 visitando del 15 al 17 de marzo al Sistema CETYS\u201d explic\u00f3 Le\u00f3n Garc\u00eda.<\/p><\/blockquote>\n<p>La visita tiene el objetivo de <strong>ratificar la excelencia en su profesorado y programas acad\u00e9micos, as\u00ed como el aprendizaje, desempe\u00f1o y experiencia del alumnado<\/strong>. El equipo de <strong>WASC<\/strong> estar\u00e1 analizando estos avances y a la vez se\u00f1alando \u00e1reas de oportunidad para la mejora continua.<\/p>\n<div id=\"attachment_69717\" style=\"width: 968px\" class=\"wp-caption alignnone\"><a href=\"https:\/\/www.cetys.mx\/noticias\/wp-content\/uploads\/2017\/03\/8V3A7993.jpg\"><img loading=\"lazy\" decoding=\"async\" aria-describedby=\"caption-attachment-69717\" class=\"wp-image-69717 size-full\" src=\"https:\/\/www.cetys.mx\/noticias\/wp-content\/uploads\/2017\/03\/8V3A7993.jpg\" alt=\"8V3A7993\" width=\"958\" height=\"637\" \/><\/a><p id=\"caption-attachment-69717\" class=\"wp-caption-text\">WASC evaluar\u00e1 el aprendizaje, desempe\u00f1o y experiencia del alumnado.<\/p><\/div>\n<p>El Sistema <strong>CETYS Universidad se convirti\u00f3 en 2012 en la primera universidad fuera de Estados Unidos en ser acreditada por WASC<\/strong>, organizaci\u00f3n que acredita a m\u00e1s de 190 universidades p\u00fablicas y privadas de California. Con esta distinci\u00f3n,<strong> CETYS se convirti\u00f3 en la 5\u00aa universidad en M\u00e9xico y la 7\u00aa en Latinoam\u00e9rica en ser acreditada por una entidad estadounidense<\/strong>, por lo que el refrendo mantendr\u00e1 a CETYS a\u00fan como la \u00fanica en M\u00e9xico acreditada por WASC. Solamente <strong>existen aproximadamente 40 instituciones en el mundo fuera de EUA que cuentan con acreditaci\u00f3n institucional de EUA<\/strong>.<\/p>\n<div id=\"attachment_69718\" style=\"width: 968px\" class=\"wp-caption alignnone\"><a href=\"https:\/\/www.cetys.mx\/noticias\/wp-content\/uploads\/2017\/03\/8V3A8361.jpg\"><img loading=\"lazy\" decoding=\"async\" aria-describedby=\"caption-attachment-69718\" class=\"wp-image-69718 size-full\" src=\"https:\/\/www.cetys.mx\/noticias\/wp-content\/uploads\/2017\/03\/8V3A8361.jpg\" alt=\"8V3A8361\" width=\"958\" height=\"637\" \/><\/a><p id=\"caption-attachment-69718\" class=\"wp-caption-text\">La visita de los evaluadores de WASC se realiza del 15 al 17 de marzo en los tres campus de CETYS.<\/p><\/div>\n<blockquote><p>\u201cLa acreditaci\u00f3n con WASC ha sido un instrumento importante para mejorar continuamente nuestra calidad educativa, fomentando una cultura de evidencia y resultados, no s\u00f3lo en un contexto local, sino global. As\u00ed tambi\u00e9n, CETYS Universidad contin\u00faa impulsando la optimizaci\u00f3n de las nuevas tecnolog\u00edas de informaci\u00f3n, el aprendizaje, la mejora y el desarrollo de una cultura de investigaci\u00f3n\u201d, puntualiz\u00f3 Le\u00f3n Garc\u00eda.<\/p><\/blockquote>\n<p>M\u00e1s informaci\u00f3n <a href=\"https:\/\/www.cetys.mx\/377-acreditacion-internacional\/\" data-saferedirecturl=\"https:\/\/www.google.com\/url?hl=es&amp;q=https:\/\/www.cetys.mx\/377-acreditacion-internacional\/&amp;source=gmail&amp;ust=1489710140618000&amp;usg=AFQjCNEayablCSCXDeA_5Pe4i63UU2y5wA\">https:\/\/www.cetys.mx\/377-acreditacion-internacional\/<\/a><\/p>\n","protected":false},"excerpt":{"rendered":"<p>Despu\u00e9s de 5 a\u00f1os de la obtenci\u00f3n de la acreditaci\u00f3n por parte de la Western Association of Schools and Colleges (WASC), CETYS&#8230;<\/p>\n","protected":false},"author":26,"featured_media":69874,"comment_status":"open","ping_status":"open","sticky":false,"template":"","format":"standard","meta":{"footnotes":""},"categories":[209,313],"tags":[168,430,284,342,216,92,176,1400],"class_list":["post-69712","post","type-post","status-publish","format-standard","has-post-thumbnail","hentry","category-institucional","category-vocetys-2","tag-cetys-universidad","tag-educacion","tag-emprendimiento","tag-liderazgo","tag-posgrado","tag-preparatoria","tag-profesional","tag-vocetys-top-2017-03-20"],"yoast_head":"<!-- This site is optimized with the Yoast SEO plugin v27.4 - https:\/\/yoast.com\/product\/yoast-seo-wordpress\/ -->\n<title>Juntos por la excelencia acad\u00e9mica internacional WASC - CETYS<\/title>\n<meta name=\"description\" content=\"Articulo sobre Juntos por la excelencia acad\u00e9mica internacional WASC\" \/>\n<meta name=\"robots\" content=\"index, follow, max-snippet:-1, max-image-preview:large, max-video-preview:-1\" \/>\n<link rel=\"canonical\" href=\"https:\/\/www.cetys.mx\/noticias\/juntos-la-excelencia-academica-internacional-wasc\/\" \/>\n<meta property=\"og:locale\" content=\"es_MX\" \/>\n<meta property=\"og:type\" content=\"article\" \/>\n<meta property=\"og:title\" content=\"Juntos por la excelencia acad\u00e9mica internacional WASC - CETYS\" \/>\n<meta property=\"og:description\" content=\"Articulo sobre Juntos por la excelencia acad\u00e9mica internacional WASC\" \/>\n<meta property=\"og:url\" content=\"https:\/\/www.cetys.mx\/noticias\/juntos-la-excelencia-academica-internacional-wasc\/\" \/>\n<meta property=\"og:site_name\" content=\"CETYS\" \/>\n<meta property=\"article:publisher\" content=\"https:\/\/www.facebook.com\/cetysuniversidadmxl\/\" \/>\n<meta property=\"article:published_time\" content=\"2017-03-16T00:40:10+00:00\" \/>\n<meta property=\"article:modified_time\" content=\"2017-03-22T01:03:46+00:00\" \/>\n<meta property=\"og:image\" content=\"https:\/\/www.cetys.mx\/noticias\/wp-content\/uploads\/2017\/03\/portada1.jpg\" \/>\n\t<meta property=\"og:image:width\" content=\"958\" \/>\n\t<meta property=\"og:image:height\" content=\"637\" \/>\n\t<meta property=\"og:image:type\" content=\"image\/jpeg\" \/>\n<meta name=\"author\" content=\"CETYS Institucional\" \/>\n<meta name=\"twitter:card\" content=\"summary_large_image\" \/>\n<meta name=\"twitter:creator\" content=\"@cetysuni\" \/>\n<meta name=\"twitter:site\" content=\"@cetysuni\" \/>\n<meta name=\"twitter:label1\" content=\"Escrito por\" \/>\n\t<meta name=\"twitter:data1\" content=\"CETYS Institucional\" \/>\n\t<meta name=\"twitter:label2\" content=\"Tiempo de lectura\" \/>\n\t<meta name=\"twitter:data2\" content=\"2 minutos\" \/>\n<script type=\"application\/ld+json\" class=\"yoast-schema-graph\">{\"@context\":\"https:\\\/\\\/schema.org\",\"@graph\":[{\"@type\":\"Article\",\"@id\":\"https:\\\/\\\/www.cetys.mx\\\/noticias\\\/juntos-la-excelencia-academica-internacional-wasc\\\/#article\",\"isPartOf\":{\"@id\":\"https:\\\/\\\/www.cetys.mx\\\/noticias\\\/juntos-la-excelencia-academica-internacional-wasc\\\/\"},\"author\":{\"name\":\"CETYS Institucional\",\"@id\":\"https:\\\/\\\/www.cetys.mx\\\/noticias\\\/#\\\/schema\\\/person\\\/e9d2b35265b64aa454df57a2828eb2ac\"},\"headline\":\"Juntos por la excelencia acad\u00e9mica internacional WASC\",\"datePublished\":\"2017-03-16T00:40:10+00:00\",\"dateModified\":\"2017-03-22T01:03:46+00:00\",\"mainEntityOfPage\":{\"@id\":\"https:\\\/\\\/www.cetys.mx\\\/noticias\\\/juntos-la-excelencia-academica-internacional-wasc\\\/\"},\"wordCount\":392,\"commentCount\":0,\"image\":{\"@id\":\"https:\\\/\\\/www.cetys.mx\\\/noticias\\\/juntos-la-excelencia-academica-internacional-wasc\\\/#primaryimage\"},\"thumbnailUrl\":\"https:\\\/\\\/www.cetys.mx\\\/noticias\\\/wp-content\\\/uploads\\\/2017\\\/03\\\/portada1.jpg\",\"keywords\":[\"CETYS Universidad\",\"Educaci\u00f3n\",\"Emprendimiento\",\"liderazgo\",\"posgrado\",\"Preparatoria\",\"profesional\",\"vocetys-top-2017-03-20\"],\"articleSection\":[\"Institucional\",\"VoCETYS\"],\"inLanguage\":\"es\",\"potentialAction\":[{\"@type\":\"CommentAction\",\"name\":\"Comment\",\"target\":[\"https:\\\/\\\/www.cetys.mx\\\/noticias\\\/juntos-la-excelencia-academica-internacional-wasc\\\/#respond\"]}]},{\"@type\":\"WebPage\",\"@id\":\"https:\\\/\\\/www.cetys.mx\\\/noticias\\\/juntos-la-excelencia-academica-internacional-wasc\\\/\",\"url\":\"https:\\\/\\\/www.cetys.mx\\\/noticias\\\/juntos-la-excelencia-academica-internacional-wasc\\\/\",\"name\":\"Juntos por la excelencia acad\u00e9mica internacional WASC - CETYS\",\"isPartOf\":{\"@id\":\"https:\\\/\\\/www.cetys.mx\\\/noticias\\\/#website\"},\"primaryImageOfPage\":{\"@id\":\"https:\\\/\\\/www.cetys.mx\\\/noticias\\\/juntos-la-excelencia-academica-internacional-wasc\\\/#primaryimage\"},\"image\":{\"@id\":\"https:\\\/\\\/www.cetys.mx\\\/noticias\\\/juntos-la-excelencia-academica-internacional-wasc\\\/#primaryimage\"},\"thumbnailUrl\":\"https:\\\/\\\/www.cetys.mx\\\/noticias\\\/wp-content\\\/uploads\\\/2017\\\/03\\\/portada1.jpg\",\"datePublished\":\"2017-03-16T00:40:10+00:00\",\"dateModified\":\"2017-03-22T01:03:46+00:00\",\"author\":{\"@id\":\"https:\\\/\\\/www.cetys.mx\\\/noticias\\\/#\\\/schema\\\/person\\\/e9d2b35265b64aa454df57a2828eb2ac\"},\"description\":\"Articulo sobre Juntos por la excelencia acad\u00e9mica internacional WASC\",\"breadcrumb\":{\"@id\":\"https:\\\/\\\/www.cetys.mx\\\/noticias\\\/juntos-la-excelencia-academica-internacional-wasc\\\/#breadcrumb\"},\"inLanguage\":\"es\",\"potentialAction\":[{\"@type\":\"ReadAction\",\"target\":[\"https:\\\/\\\/www.cetys.mx\\\/noticias\\\/juntos-la-excelencia-academica-internacional-wasc\\\/\"]}]},{\"@type\":\"ImageObject\",\"inLanguage\":\"es\",\"@id\":\"https:\\\/\\\/www.cetys.mx\\\/noticias\\\/juntos-la-excelencia-academica-internacional-wasc\\\/#primaryimage\",\"url\":\"https:\\\/\\\/www.cetys.mx\\\/noticias\\\/wp-content\\\/uploads\\\/2017\\\/03\\\/portada1.jpg\",\"contentUrl\":\"https:\\\/\\\/www.cetys.mx\\\/noticias\\\/wp-content\\\/uploads\\\/2017\\\/03\\\/portada1.jpg\",\"width\":958,\"height\":637},{\"@type\":\"BreadcrumbList\",\"@id\":\"https:\\\/\\\/www.cetys.mx\\\/noticias\\\/juntos-la-excelencia-academica-internacional-wasc\\\/#breadcrumb\",\"itemListElement\":[{\"@type\":\"ListItem\",\"position\":1,\"name\":\"Inicio\",\"item\":\"https:\\\/\\\/www.cetys.mx\\\/noticias\\\/\"},{\"@type\":\"ListItem\",\"position\":2,\"name\":\"Juntos por la excelencia acad\u00e9mica internacional WASC\"}]},{\"@type\":\"WebSite\",\"@id\":\"https:\\\/\\\/www.cetys.mx\\\/noticias\\\/#website\",\"url\":\"https:\\\/\\\/www.cetys.mx\\\/noticias\\\/\",\"name\":\"CETYS\",\"description\":\"\",\"potentialAction\":[{\"@type\":\"SearchAction\",\"target\":{\"@type\":\"EntryPoint\",\"urlTemplate\":\"https:\\\/\\\/www.cetys.mx\\\/noticias\\\/?s={search_term_string}\"},\"query-input\":{\"@type\":\"PropertyValueSpecification\",\"valueRequired\":true,\"valueName\":\"search_term_string\"}}],\"inLanguage\":\"es\"},{\"@type\":\"Person\",\"@id\":\"https:\\\/\\\/www.cetys.mx\\\/noticias\\\/#\\\/schema\\\/person\\\/e9d2b35265b64aa454df57a2828eb2ac\",\"name\":\"CETYS Institucional\",\"url\":\"https:\\\/\\\/www.cetys.mx\\\/noticias\\\/author\\\/cetysinstitucional\\\/\"}]}<\/script>\n<!-- \/ Yoast SEO plugin. -->","yoast_head_json":{"title":"Juntos por la excelencia acad\u00e9mica internacional WASC - CETYS","description":"Articulo sobre Juntos por la excelencia acad\u00e9mica internacional WASC","robots":{"index":"index","follow":"follow","max-snippet":"max-snippet:-1","max-image-preview":"max-image-preview:large","max-video-preview":"max-video-preview:-1"},"canonical":"https:\/\/www.cetys.mx\/noticias\/juntos-la-excelencia-academica-internacional-wasc\/","og_locale":"es_MX","og_type":"article","og_title":"Juntos por la excelencia acad\u00e9mica internacional WASC - CETYS","og_description":"Articulo sobre Juntos por la excelencia acad\u00e9mica internacional WASC","og_url":"https:\/\/www.cetys.mx\/noticias\/juntos-la-excelencia-academica-internacional-wasc\/","og_site_name":"CETYS","article_publisher":"https:\/\/www.facebook.com\/cetysuniversidadmxl\/","article_published_time":"2017-03-16T00:40:10+00:00","article_modified_time":"2017-03-22T01:03:46+00:00","og_image":[{"width":958,"height":637,"url":"https:\/\/www.cetys.mx\/noticias\/wp-content\/uploads\/2017\/03\/portada1.jpg","type":"image\/jpeg"}],"author":"CETYS Institucional","twitter_card":"summary_large_image","twitter_creator":"@cetysuni","twitter_site":"@cetysuni","twitter_misc":{"Escrito por":"CETYS Institucional","Tiempo de lectura":"2 minutos"},"schema":{"@context":"https:\/\/schema.org","@graph":[{"@type":"Article","@id":"https:\/\/www.cetys.mx\/noticias\/juntos-la-excelencia-academica-internacional-wasc\/#article","isPartOf":{"@id":"https:\/\/www.cetys.mx\/noticias\/juntos-la-excelencia-academica-internacional-wasc\/"},"author":{"name":"CETYS Institucional","@id":"https:\/\/www.cetys.mx\/noticias\/#\/schema\/person\/e9d2b35265b64aa454df57a2828eb2ac"},"headline":"Juntos por la excelencia acad\u00e9mica internacional WASC","datePublished":"2017-03-16T00:40:10+00:00","dateModified":"2017-03-22T01:03:46+00:00","mainEntityOfPage":{"@id":"https:\/\/www.cetys.mx\/noticias\/juntos-la-excelencia-academica-internacional-wasc\/"},"wordCount":392,"commentCount":0,"image":{"@id":"https:\/\/www.cetys.mx\/noticias\/juntos-la-excelencia-academica-internacional-wasc\/#primaryimage"},"thumbnailUrl":"https:\/\/www.cetys.mx\/noticias\/wp-content\/uploads\/2017\/03\/portada1.jpg","keywords":["CETYS Universidad","Educaci\u00f3n","Emprendimiento","liderazgo","posgrado","Preparatoria","profesional","vocetys-top-2017-03-20"],"articleSection":["Institucional","VoCETYS"],"inLanguage":"es","potentialAction":[{"@type":"CommentAction","name":"Comment","target":["https:\/\/www.cetys.mx\/noticias\/juntos-la-excelencia-academica-internacional-wasc\/#respond"]}]},{"@type":"WebPage","@id":"https:\/\/www.cetys.mx\/noticias\/juntos-la-excelencia-academica-internacional-wasc\/","url":"https:\/\/www.cetys.mx\/noticias\/juntos-la-excelencia-academica-internacional-wasc\/","name":"Juntos por la excelencia acad\u00e9mica internacional WASC - CETYS","isPartOf":{"@id":"https:\/\/www.cetys.mx\/noticias\/#website"},"primaryImageOfPage":{"@id":"https:\/\/www.cetys.mx\/noticias\/juntos-la-excelencia-academica-internacional-wasc\/#primaryimage"},"image":{"@id":"https:\/\/www.cetys.mx\/noticias\/juntos-la-excelencia-academica-internacional-wasc\/#primaryimage"},"thumbnailUrl":"https:\/\/www.cetys.mx\/noticias\/wp-content\/uploads\/2017\/03\/portada1.jpg","datePublished":"2017-03-16T00:40:10+00:00","dateModified":"2017-03-22T01:03:46+00:00","author":{"@id":"https:\/\/www.cetys.mx\/noticias\/#\/schema\/person\/e9d2b35265b64aa454df57a2828eb2ac"},"description":"Articulo sobre Juntos por la excelencia acad\u00e9mica internacional WASC","breadcrumb":{"@id":"https:\/\/www.cetys.mx\/noticias\/juntos-la-excelencia-academica-internacional-wasc\/#breadcrumb"},"inLanguage":"es","potentialAction":[{"@type":"ReadAction","target":["https:\/\/www.cetys.mx\/noticias\/juntos-la-excelencia-academica-internacional-wasc\/"]}]},{"@type":"ImageObject","inLanguage":"es","@id":"https:\/\/www.cetys.mx\/noticias\/juntos-la-excelencia-academica-internacional-wasc\/#primaryimage","url":"https:\/\/www.cetys.mx\/noticias\/wp-content\/uploads\/2017\/03\/portada1.jpg","contentUrl":"https:\/\/www.cetys.mx\/noticias\/wp-content\/uploads\/2017\/03\/portada1.jpg","width":958,"height":637},{"@type":"BreadcrumbList","@id":"https:\/\/www.cetys.mx\/noticias\/juntos-la-excelencia-academica-internacional-wasc\/#breadcrumb","itemListElement":[{"@type":"ListItem","position":1,"name":"Inicio","item":"https:\/\/www.cetys.mx\/noticias\/"},{"@type":"ListItem","position":2,"name":"Juntos por la excelencia acad\u00e9mica internacional WASC"}]},{"@type":"WebSite","@id":"https:\/\/www.cetys.mx\/noticias\/#website","url":"https:\/\/www.cetys.mx\/noticias\/","name":"CETYS","description":"","potentialAction":[{"@type":"SearchAction","target":{"@type":"EntryPoint","urlTemplate":"https:\/\/www.cetys.mx\/noticias\/?s={search_term_string}"},"query-input":{"@type":"PropertyValueSpecification","valueRequired":true,"valueName":"search_term_string"}}],"inLanguage":"es"},{"@type":"Person","@id":"https:\/\/www.cetys.mx\/noticias\/#\/schema\/person\/e9d2b35265b64aa454df57a2828eb2ac","name":"CETYS Institucional","url":"https:\/\/www.cetys.mx\/noticias\/author\/cetysinstitucional\/"}]}},"_links":{"self":[{"href":"https:\/\/www.cetys.mx\/noticias\/wp-json\/wp\/v2\/posts\/69712","targetHints":{"allow":["GET"]}}],"collection":[{"href":"https:\/\/www.cetys.mx\/noticias\/wp-json\/wp\/v2\/posts"}],"about":[{"href":"https:\/\/www.cetys.mx\/noticias\/wp-json\/wp\/v2\/types\/post"}],"author":[{"embeddable":true,"href":"https:\/\/www.cetys.mx\/noticias\/wp-json\/wp\/v2\/users\/26"}],"replies":[{"embeddable":true,"href":"https:\/\/www.cetys.mx\/noticias\/wp-json\/wp\/v2\/comments?post=69712"}],"version-history":[{"count":0,"href":"https:\/\/www.cetys.mx\/noticias\/wp-json\/wp\/v2\/posts\/69712\/revisions"}],"wp:featuredmedia":[{"embeddable":true,"href":"https:\/\/www.cetys.mx\/noticias\/wp-json\/wp\/v2\/media\/69874"}],"wp:attachment":[{"href":"https:\/\/www.cetys.mx\/noticias\/wp-json\/wp\/v2\/media?parent=69712"}],"wp:term":[{"taxonomy":"category","embeddable":true,"href":"https:\/\/www.cetys.mx\/noticias\/wp-json\/wp\/v2\/categories?post=69712"},{"taxonomy":"post_tag","embeddable":true,"href":"https:\/\/www.cetys.mx\/noticias\/wp-json\/wp\/v2\/tags?post=69712"}],"curies":[{"name":"wp","href":"https:\/\/api.w.org\/{rel}","templated":true}]}}