{"id":69225,"date":"2017-02-23T08:51:56","date_gmt":"2017-02-23T16:51:56","guid":{"rendered":"http:\/\/www.cetys.mx\/noticias\/?p=69225"},"modified":"2017-02-23T08:51:56","modified_gmt":"2017-02-23T16:51:56","slug":"mexico-retraso-10-anos-en-la-especializacion-abogados","status":"publish","type":"post","link":"https:\/\/www.cetys.mx\/noticias\/mexico-retraso-10-anos-en-la-especializacion-abogados\/","title":{"rendered":"Tiene M\u00e9xico un retraso de 10 a\u00f1os en la especializaci\u00f3n de abogados"},"content":{"rendered":"<p align=\"justify\">Dadas las continuas modificaciones a la ley, los conflictos sociales actuales y su incremento, as\u00ed como el uso de las nuevas tecnolog\u00edas es que <strong>M\u00e9xico necesita una nueva generaci\u00f3n de especialistas en el ejercicio del Derecho<\/strong>, as\u00ed lo dieron a conocer acad\u00e9micos y autoridades de CETYS Universidad Campus Tijuana durante la presentaci\u00f3n del<a href=\"https:\/\/www.posgrado.cetys.mx\/index.php\/derecho-corporativo-e-internacional\/maestria-en-derecho-plan-2015\"> nuevo programa de Maestr\u00eda en Derecho<\/a> que se impartir\u00e1 a partir de este verano.<\/p>\n<div id=\"attachment_69227\" style=\"width: 968px\" class=\"wp-caption aligncenter\"><a href=\"https:\/\/www.cetys.mx\/noticias\/wp-content\/uploads\/2017\/02\/cetys_derecho17-1.jpg\"><img loading=\"lazy\" decoding=\"async\" aria-describedby=\"caption-attachment-69227\" class=\"wp-image-69227 size-full\" src=\"https:\/\/www.cetys.mx\/noticias\/wp-content\/uploads\/2017\/02\/cetys_derecho17-1.jpg\" alt=\"cetys_derecho17-1\" width=\"958\" height=\"637\" srcset=\"https:\/\/www.cetys.mx\/noticias\/wp-content\/uploads\/2017\/02\/cetys_derecho17-1.jpg 958w, https:\/\/www.cetys.mx\/noticias\/wp-content\/uploads\/2017\/02\/cetys_derecho17-1-202x134.jpg 202w\" sizes=\"auto, (max-width: 958px) 100vw, 958px\" \/><\/a><p id=\"caption-attachment-69227\" class=\"wp-caption-text\">Acad\u00e9micos de CETYS Universidad compartieron con l\u00edderes de opini\u00f3n y medios de comunicaci\u00f3n la necesidad de profesionalizar a los abogados de Baja California.<\/p><\/div>\n<p align=\"justify\">Ante la presencia de l\u00edderes y representantes de instituciones encargadas de impartir justicia en Baja California, el <strong>Mtro. Alfredo Estrada Caravantes<\/strong>, <em>Coordinador de la Escuela de Derecho en CETYS Tijuana<\/em>, as\u00ed como el <strong>Mtro. Sergio Cuen Sandoval<\/strong>, <em>tambi\u00e9n Acad\u00e9mico en la Escuela de Derecho<\/em>, resaltaron que dicho programa viene a dar respuesta a las necesidades actuales en dos grandes rubros: <strong>Derecho Constitucional y Amparo, as\u00ed como Derecho Corporativo Internacional<\/strong>.<\/p>\n<p align=\"justify\">De acuerdo con el Mtro. Estrada, esta nueva Maestr\u00eda en Derecho tiene como \u00fanico fin <strong>ampliar los conocimientos de los juristas para una clara y objetiva impartici\u00f3n de justicia en Baja California<\/strong>, as\u00ed como el resto del pa\u00eds, esto en relaci\u00f3n a los procesos de actualizaci\u00f3n que implica el \u00e1rea respecto a las actuales reformas que est\u00e1 viviendo el pa\u00eds.<\/p>\n<div id=\"attachment_69228\" style=\"width: 968px\" class=\"wp-caption aligncenter\"><a href=\"https:\/\/www.cetys.mx\/noticias\/wp-content\/uploads\/2017\/02\/cetys_derecho17-3.jpg\"><img loading=\"lazy\" decoding=\"async\" aria-describedby=\"caption-attachment-69228\" class=\"wp-image-69228 size-full\" src=\"https:\/\/www.cetys.mx\/noticias\/wp-content\/uploads\/2017\/02\/cetys_derecho17-3.jpg\" alt=\"cetys_derecho17-3\" width=\"958\" height=\"637\" srcset=\"https:\/\/www.cetys.mx\/noticias\/wp-content\/uploads\/2017\/02\/cetys_derecho17-3.jpg 958w, https:\/\/www.cetys.mx\/noticias\/wp-content\/uploads\/2017\/02\/cetys_derecho17-3-202x134.jpg 202w\" sizes=\"auto, (max-width: 958px) 100vw, 958px\" \/><\/a><p id=\"caption-attachment-69228\" class=\"wp-caption-text\">La presentaci\u00f3n cont\u00f3 con la asistencia de miembros de reconocidas instituciones del ejercicio de la Justicia en Baja California.<\/p><\/div>\n<p align=\"justify\">En relaci\u00f3n a ello, el Mtro. Cuen puntualiz\u00f3 que este programa <strong>es un gran esfuerzo en respuesta a eliminar la brecha de poco m\u00e1s de 10 a\u00f1os en la falta de especializaci\u00f3n en Derecho<\/strong>, pues durante dicho tiempo <em>habilidades como el razonamiento l\u00f3gico y las habilidades de <span class=\"il\">comunicaci\u00f3n<\/span><\/em> a la hora de litigar pasaron a un segundo plano, situaci\u00f3n que hoy el Nuevo Sistema de Justicia Penal exige.<\/p>\n<div id=\"attachment_69229\" style=\"width: 968px\" class=\"wp-caption aligncenter\"><a href=\"https:\/\/www.cetys.mx\/noticias\/wp-content\/uploads\/2017\/02\/cetys_derecho17-2.jpg\"><img loading=\"lazy\" decoding=\"async\" aria-describedby=\"caption-attachment-69229\" class=\"wp-image-69229\" src=\"https:\/\/www.cetys.mx\/noticias\/wp-content\/uploads\/2017\/02\/cetys_derecho17-2.jpg\" alt=\"cetys_derecho17-2\" width=\"958\" height=\"639\" srcset=\"https:\/\/www.cetys.mx\/noticias\/wp-content\/uploads\/2017\/02\/cetys_derecho17-2.jpg 2000w, https:\/\/www.cetys.mx\/noticias\/wp-content\/uploads\/2017\/02\/cetys_derecho17-2-202x134.jpg 202w\" sizes=\"auto, (max-width: 958px) 100vw, 958px\" \/><\/a><p id=\"caption-attachment-69229\" class=\"wp-caption-text\">De acuerdo con las autoridades de CETYS, el programa de Maestr\u00eda en Derecho iniciar\u00e1 actividades el verano de este a\u00f1o.<\/p><\/div>\n<p align=\"justify\">Por su parte la Mtra. Yanina Rubio Boj\u00f3rquez, Directora de Desarrollo y Promoci\u00f3n Acad\u00e9mica del Sistema CETYS Universidad, y la Mtra. Guillermina Urrea Garc\u00eda, Directora de Desarrollo y Promoci\u00f3n Acad\u00e9mica en Campus Tijuana, compartieron que el programa curricular consta de 14 materias en formato trimestral con una duraci\u00f3n de dos a\u00f1os, adem\u00e1s de dos \u00e1reas de concentraci\u00f3n: Derecho Constitucional y Amparo, as\u00ed como Derecho Corporativo Internacional.<\/p>\n<hr \/>\n<p align=\"justify\">\n<p align=\"justify\">Para mayores informes invitan a visitar las instalaciones de CETYS Universidad en Campus Tijuana, comunicarse al n\u00famero telef\u00f3nico 903-1800 Ext. 129 o 281, o bien visitar la p\u00e1gina <a href=\"https:\/\/posgrado.cetys.mx\" target=\"_blank\" data-saferedirecturl=\"https:\/\/www.google.com\/url?hl=es&amp;q=https:\/\/r20.rs6.net\/tn.jsp?e%3D001TBlXmdGSvLzmO4zPXlgZF79cuyQenpWBmYGEoUdVA0J-KEydX6nsckAz5E28VjNJpmReGyeyggwLSGMnzLsK8VxwWiBbEmOONA6OmDc-ixtjdwUfNWUnhw%3D%3D&amp;source=gmail&amp;ust=1487953935175000&amp;usg=AFQjCNFOFAJjKwccFos5bodGtyBENCVdtg\">www.posgrado.cetys.mx<\/a><\/p>\n","protected":false},"excerpt":{"rendered":"<p>Dadas las continuas modificaciones a la ley, los conflictos sociales actuales y su incremento, as\u00ed como el uso de las nuevas tecnolog\u00edas&#8230;<\/p>\n","protected":false},"author":24,"featured_media":69227,"comment_status":"open","ping_status":"open","sticky":false,"template":"","format":"standard","meta":{"footnotes":""},"categories":[110,134,313],"tags":[122,328,138,168,247,269,342,216,226,1358],"class_list":["post-69225","post","type-post","status-publish","format-standard","has-post-thumbnail","hentry","category-academia","category-campus-tijuana","category-vocetys-2","tag-academia","tag-campustijuana","tag-cetys","tag-cetys-universidad","tag-derecho","tag-innovacion","tag-liderazgo","tag-posgrado","tag-tijuana","tag-vocetys-2017-02-24"],"yoast_head":"<!-- This site is optimized with the Yoast SEO plugin v27.4 - https:\/\/yoast.com\/product\/yoast-seo-wordpress\/ -->\n<title>Tiene M\u00e9xico un retraso de 10 a\u00f1os en la especializaci\u00f3n de abogados - CETYS<\/title>\n<meta name=\"description\" content=\"Articulo sobre Tiene M\u00e9xico un retraso de 10 a\u00f1os en la especializaci\u00f3n de abogados\" \/>\n<meta name=\"robots\" content=\"index, follow, max-snippet:-1, max-image-preview:large, max-video-preview:-1\" \/>\n<link rel=\"canonical\" href=\"https:\/\/www.cetys.mx\/noticias\/mexico-retraso-10-anos-en-la-especializacion-abogados\/\" \/>\n<meta property=\"og:locale\" content=\"es_MX\" \/>\n<meta property=\"og:type\" content=\"article\" \/>\n<meta property=\"og:title\" content=\"Tiene M\u00e9xico un retraso de 10 a\u00f1os en la especializaci\u00f3n de abogados - CETYS\" \/>\n<meta property=\"og:description\" content=\"Articulo sobre Tiene M\u00e9xico un retraso de 10 a\u00f1os en la especializaci\u00f3n de abogados\" \/>\n<meta property=\"og:url\" content=\"https:\/\/www.cetys.mx\/noticias\/mexico-retraso-10-anos-en-la-especializacion-abogados\/\" \/>\n<meta property=\"og:site_name\" content=\"CETYS\" \/>\n<meta property=\"article:publisher\" content=\"https:\/\/www.facebook.com\/cetysuniversidadmxl\/\" \/>\n<meta property=\"article:published_time\" content=\"2017-02-23T16:51:56+00:00\" \/>\n<meta property=\"og:image\" content=\"https:\/\/www.cetys.mx\/noticias\/wp-content\/uploads\/2017\/02\/cetys_derecho17-1.jpg\" \/>\n\t<meta property=\"og:image:width\" content=\"958\" \/>\n\t<meta property=\"og:image:height\" content=\"637\" \/>\n\t<meta property=\"og:image:type\" content=\"image\/jpeg\" \/>\n<meta name=\"author\" content=\"Campus Tijuana\" \/>\n<meta name=\"twitter:card\" content=\"summary_large_image\" \/>\n<meta name=\"twitter:creator\" content=\"@cetysuni\" \/>\n<meta name=\"twitter:site\" content=\"@cetysuni\" \/>\n<meta name=\"twitter:label1\" content=\"Escrito por\" \/>\n\t<meta name=\"twitter:data1\" content=\"Campus Tijuana\" \/>\n\t<meta name=\"twitter:label2\" content=\"Tiempo de lectura\" \/>\n\t<meta name=\"twitter:data2\" content=\"2 minutos\" \/>\n<script type=\"application\/ld+json\" class=\"yoast-schema-graph\">{\"@context\":\"https:\\\/\\\/schema.org\",\"@graph\":[{\"@type\":\"Article\",\"@id\":\"https:\\\/\\\/www.cetys.mx\\\/noticias\\\/mexico-retraso-10-anos-en-la-especializacion-abogados\\\/#article\",\"isPartOf\":{\"@id\":\"https:\\\/\\\/www.cetys.mx\\\/noticias\\\/mexico-retraso-10-anos-en-la-especializacion-abogados\\\/\"},\"author\":{\"name\":\"Campus Tijuana\",\"@id\":\"https:\\\/\\\/www.cetys.mx\\\/noticias\\\/#\\\/schema\\\/person\\\/e790051ce60e18ae47cfa87011c8653f\"},\"headline\":\"Tiene M\u00e9xico un retraso de 10 a\u00f1os en la especializaci\u00f3n de abogados\",\"datePublished\":\"2017-02-23T16:51:56+00:00\",\"mainEntityOfPage\":{\"@id\":\"https:\\\/\\\/www.cetys.mx\\\/noticias\\\/mexico-retraso-10-anos-en-la-especializacion-abogados\\\/\"},\"wordCount\":497,\"commentCount\":0,\"image\":{\"@id\":\"https:\\\/\\\/www.cetys.mx\\\/noticias\\\/mexico-retraso-10-anos-en-la-especializacion-abogados\\\/#primaryimage\"},\"thumbnailUrl\":\"https:\\\/\\\/www.cetys.mx\\\/noticias\\\/wp-content\\\/uploads\\\/2017\\\/02\\\/cetys_derecho17-1.jpg\",\"keywords\":[\"Academia\",\"campustijuana\",\"Cetys\",\"CETYS Universidad\",\"Derecho\",\"Innovaci\u00f3n\",\"liderazgo\",\"posgrado\",\"tijuana\",\"vocetys-2017-02-24\"],\"articleSection\":[\"Academia\",\"Campus Tijuana\",\"VoCETYS\"],\"inLanguage\":\"es\",\"potentialAction\":[{\"@type\":\"CommentAction\",\"name\":\"Comment\",\"target\":[\"https:\\\/\\\/www.cetys.mx\\\/noticias\\\/mexico-retraso-10-anos-en-la-especializacion-abogados\\\/#respond\"]}]},{\"@type\":\"WebPage\",\"@id\":\"https:\\\/\\\/www.cetys.mx\\\/noticias\\\/mexico-retraso-10-anos-en-la-especializacion-abogados\\\/\",\"url\":\"https:\\\/\\\/www.cetys.mx\\\/noticias\\\/mexico-retraso-10-anos-en-la-especializacion-abogados\\\/\",\"name\":\"Tiene M\u00e9xico un retraso de 10 a\u00f1os en la especializaci\u00f3n de abogados - CETYS\",\"isPartOf\":{\"@id\":\"https:\\\/\\\/www.cetys.mx\\\/noticias\\\/#website\"},\"primaryImageOfPage\":{\"@id\":\"https:\\\/\\\/www.cetys.mx\\\/noticias\\\/mexico-retraso-10-anos-en-la-especializacion-abogados\\\/#primaryimage\"},\"image\":{\"@id\":\"https:\\\/\\\/www.cetys.mx\\\/noticias\\\/mexico-retraso-10-anos-en-la-especializacion-abogados\\\/#primaryimage\"},\"thumbnailUrl\":\"https:\\\/\\\/www.cetys.mx\\\/noticias\\\/wp-content\\\/uploads\\\/2017\\\/02\\\/cetys_derecho17-1.jpg\",\"datePublished\":\"2017-02-23T16:51:56+00:00\",\"author\":{\"@id\":\"https:\\\/\\\/www.cetys.mx\\\/noticias\\\/#\\\/schema\\\/person\\\/e790051ce60e18ae47cfa87011c8653f\"},\"description\":\"Articulo sobre Tiene M\u00e9xico un retraso de 10 a\u00f1os en la especializaci\u00f3n de abogados\",\"breadcrumb\":{\"@id\":\"https:\\\/\\\/www.cetys.mx\\\/noticias\\\/mexico-retraso-10-anos-en-la-especializacion-abogados\\\/#breadcrumb\"},\"inLanguage\":\"es\",\"potentialAction\":[{\"@type\":\"ReadAction\",\"target\":[\"https:\\\/\\\/www.cetys.mx\\\/noticias\\\/mexico-retraso-10-anos-en-la-especializacion-abogados\\\/\"]}]},{\"@type\":\"ImageObject\",\"inLanguage\":\"es\",\"@id\":\"https:\\\/\\\/www.cetys.mx\\\/noticias\\\/mexico-retraso-10-anos-en-la-especializacion-abogados\\\/#primaryimage\",\"url\":\"https:\\\/\\\/www.cetys.mx\\\/noticias\\\/wp-content\\\/uploads\\\/2017\\\/02\\\/cetys_derecho17-1.jpg\",\"contentUrl\":\"https:\\\/\\\/www.cetys.mx\\\/noticias\\\/wp-content\\\/uploads\\\/2017\\\/02\\\/cetys_derecho17-1.jpg\",\"width\":958,\"height\":637},{\"@type\":\"BreadcrumbList\",\"@id\":\"https:\\\/\\\/www.cetys.mx\\\/noticias\\\/mexico-retraso-10-anos-en-la-especializacion-abogados\\\/#breadcrumb\",\"itemListElement\":[{\"@type\":\"ListItem\",\"position\":1,\"name\":\"Inicio\",\"item\":\"https:\\\/\\\/www.cetys.mx\\\/noticias\\\/\"},{\"@type\":\"ListItem\",\"position\":2,\"name\":\"Tiene M\u00e9xico un retraso de 10 a\u00f1os en la especializaci\u00f3n de abogados\"}]},{\"@type\":\"WebSite\",\"@id\":\"https:\\\/\\\/www.cetys.mx\\\/noticias\\\/#website\",\"url\":\"https:\\\/\\\/www.cetys.mx\\\/noticias\\\/\",\"name\":\"CETYS\",\"description\":\"\",\"potentialAction\":[{\"@type\":\"SearchAction\",\"target\":{\"@type\":\"EntryPoint\",\"urlTemplate\":\"https:\\\/\\\/www.cetys.mx\\\/noticias\\\/?s={search_term_string}\"},\"query-input\":{\"@type\":\"PropertyValueSpecification\",\"valueRequired\":true,\"valueName\":\"search_term_string\"}}],\"inLanguage\":\"es\"},{\"@type\":\"Person\",\"@id\":\"https:\\\/\\\/www.cetys.mx\\\/noticias\\\/#\\\/schema\\\/person\\\/e790051ce60e18ae47cfa87011c8653f\",\"name\":\"Campus Tijuana\",\"url\":\"https:\\\/\\\/www.cetys.mx\\\/noticias\\\/author\\\/campustijuana\\\/\"}]}<\/script>\n<!-- \/ Yoast SEO plugin. -->","yoast_head_json":{"title":"Tiene M\u00e9xico un retraso de 10 a\u00f1os en la especializaci\u00f3n de abogados - CETYS","description":"Articulo sobre Tiene M\u00e9xico un retraso de 10 a\u00f1os en la especializaci\u00f3n de abogados","robots":{"index":"index","follow":"follow","max-snippet":"max-snippet:-1","max-image-preview":"max-image-preview:large","max-video-preview":"max-video-preview:-1"},"canonical":"https:\/\/www.cetys.mx\/noticias\/mexico-retraso-10-anos-en-la-especializacion-abogados\/","og_locale":"es_MX","og_type":"article","og_title":"Tiene M\u00e9xico un retraso de 10 a\u00f1os en la especializaci\u00f3n de abogados - CETYS","og_description":"Articulo sobre Tiene M\u00e9xico un retraso de 10 a\u00f1os en la especializaci\u00f3n de abogados","og_url":"https:\/\/www.cetys.mx\/noticias\/mexico-retraso-10-anos-en-la-especializacion-abogados\/","og_site_name":"CETYS","article_publisher":"https:\/\/www.facebook.com\/cetysuniversidadmxl\/","article_published_time":"2017-02-23T16:51:56+00:00","og_image":[{"width":958,"height":637,"url":"https:\/\/www.cetys.mx\/noticias\/wp-content\/uploads\/2017\/02\/cetys_derecho17-1.jpg","type":"image\/jpeg"}],"author":"Campus Tijuana","twitter_card":"summary_large_image","twitter_creator":"@cetysuni","twitter_site":"@cetysuni","twitter_misc":{"Escrito por":"Campus Tijuana","Tiempo de lectura":"2 minutos"},"schema":{"@context":"https:\/\/schema.org","@graph":[{"@type":"Article","@id":"https:\/\/www.cetys.mx\/noticias\/mexico-retraso-10-anos-en-la-especializacion-abogados\/#article","isPartOf":{"@id":"https:\/\/www.cetys.mx\/noticias\/mexico-retraso-10-anos-en-la-especializacion-abogados\/"},"author":{"name":"Campus Tijuana","@id":"https:\/\/www.cetys.mx\/noticias\/#\/schema\/person\/e790051ce60e18ae47cfa87011c8653f"},"headline":"Tiene M\u00e9xico un retraso de 10 a\u00f1os en la especializaci\u00f3n de abogados","datePublished":"2017-02-23T16:51:56+00:00","mainEntityOfPage":{"@id":"https:\/\/www.cetys.mx\/noticias\/mexico-retraso-10-anos-en-la-especializacion-abogados\/"},"wordCount":497,"commentCount":0,"image":{"@id":"https:\/\/www.cetys.mx\/noticias\/mexico-retraso-10-anos-en-la-especializacion-abogados\/#primaryimage"},"thumbnailUrl":"https:\/\/www.cetys.mx\/noticias\/wp-content\/uploads\/2017\/02\/cetys_derecho17-1.jpg","keywords":["Academia","campustijuana","Cetys","CETYS Universidad","Derecho","Innovaci\u00f3n","liderazgo","posgrado","tijuana","vocetys-2017-02-24"],"articleSection":["Academia","Campus Tijuana","VoCETYS"],"inLanguage":"es","potentialAction":[{"@type":"CommentAction","name":"Comment","target":["https:\/\/www.cetys.mx\/noticias\/mexico-retraso-10-anos-en-la-especializacion-abogados\/#respond"]}]},{"@type":"WebPage","@id":"https:\/\/www.cetys.mx\/noticias\/mexico-retraso-10-anos-en-la-especializacion-abogados\/","url":"https:\/\/www.cetys.mx\/noticias\/mexico-retraso-10-anos-en-la-especializacion-abogados\/","name":"Tiene M\u00e9xico un retraso de 10 a\u00f1os en la especializaci\u00f3n de abogados - CETYS","isPartOf":{"@id":"https:\/\/www.cetys.mx\/noticias\/#website"},"primaryImageOfPage":{"@id":"https:\/\/www.cetys.mx\/noticias\/mexico-retraso-10-anos-en-la-especializacion-abogados\/#primaryimage"},"image":{"@id":"https:\/\/www.cetys.mx\/noticias\/mexico-retraso-10-anos-en-la-especializacion-abogados\/#primaryimage"},"thumbnailUrl":"https:\/\/www.cetys.mx\/noticias\/wp-content\/uploads\/2017\/02\/cetys_derecho17-1.jpg","datePublished":"2017-02-23T16:51:56+00:00","author":{"@id":"https:\/\/www.cetys.mx\/noticias\/#\/schema\/person\/e790051ce60e18ae47cfa87011c8653f"},"description":"Articulo sobre Tiene M\u00e9xico un retraso de 10 a\u00f1os en la especializaci\u00f3n de abogados","breadcrumb":{"@id":"https:\/\/www.cetys.mx\/noticias\/mexico-retraso-10-anos-en-la-especializacion-abogados\/#breadcrumb"},"inLanguage":"es","potentialAction":[{"@type":"ReadAction","target":["https:\/\/www.cetys.mx\/noticias\/mexico-retraso-10-anos-en-la-especializacion-abogados\/"]}]},{"@type":"ImageObject","inLanguage":"es","@id":"https:\/\/www.cetys.mx\/noticias\/mexico-retraso-10-anos-en-la-especializacion-abogados\/#primaryimage","url":"https:\/\/www.cetys.mx\/noticias\/wp-content\/uploads\/2017\/02\/cetys_derecho17-1.jpg","contentUrl":"https:\/\/www.cetys.mx\/noticias\/wp-content\/uploads\/2017\/02\/cetys_derecho17-1.jpg","width":958,"height":637},{"@type":"BreadcrumbList","@id":"https:\/\/www.cetys.mx\/noticias\/mexico-retraso-10-anos-en-la-especializacion-abogados\/#breadcrumb","itemListElement":[{"@type":"ListItem","position":1,"name":"Inicio","item":"https:\/\/www.cetys.mx\/noticias\/"},{"@type":"ListItem","position":2,"name":"Tiene M\u00e9xico un retraso de 10 a\u00f1os en la especializaci\u00f3n de abogados"}]},{"@type":"WebSite","@id":"https:\/\/www.cetys.mx\/noticias\/#website","url":"https:\/\/www.cetys.mx\/noticias\/","name":"CETYS","description":"","potentialAction":[{"@type":"SearchAction","target":{"@type":"EntryPoint","urlTemplate":"https:\/\/www.cetys.mx\/noticias\/?s={search_term_string}"},"query-input":{"@type":"PropertyValueSpecification","valueRequired":true,"valueName":"search_term_string"}}],"inLanguage":"es"},{"@type":"Person","@id":"https:\/\/www.cetys.mx\/noticias\/#\/schema\/person\/e790051ce60e18ae47cfa87011c8653f","name":"Campus Tijuana","url":"https:\/\/www.cetys.mx\/noticias\/author\/campustijuana\/"}]}},"_links":{"self":[{"href":"https:\/\/www.cetys.mx\/noticias\/wp-json\/wp\/v2\/posts\/69225","targetHints":{"allow":["GET"]}}],"collection":[{"href":"https:\/\/www.cetys.mx\/noticias\/wp-json\/wp\/v2\/posts"}],"about":[{"href":"https:\/\/www.cetys.mx\/noticias\/wp-json\/wp\/v2\/types\/post"}],"author":[{"embeddable":true,"href":"https:\/\/www.cetys.mx\/noticias\/wp-json\/wp\/v2\/users\/24"}],"replies":[{"embeddable":true,"href":"https:\/\/www.cetys.mx\/noticias\/wp-json\/wp\/v2\/comments?post=69225"}],"version-history":[{"count":0,"href":"https:\/\/www.cetys.mx\/noticias\/wp-json\/wp\/v2\/posts\/69225\/revisions"}],"wp:featuredmedia":[{"embeddable":true,"href":"https:\/\/www.cetys.mx\/noticias\/wp-json\/wp\/v2\/media\/69227"}],"wp:attachment":[{"href":"https:\/\/www.cetys.mx\/noticias\/wp-json\/wp\/v2\/media?parent=69225"}],"wp:term":[{"taxonomy":"category","embeddable":true,"href":"https:\/\/www.cetys.mx\/noticias\/wp-json\/wp\/v2\/categories?post=69225"},{"taxonomy":"post_tag","embeddable":true,"href":"https:\/\/www.cetys.mx\/noticias\/wp-json\/wp\/v2\/tags?post=69225"}],"curies":[{"name":"wp","href":"https:\/\/api.w.org\/{rel}","templated":true}]}}