{"id":69124,"date":"2017-02-21T16:19:41","date_gmt":"2017-02-22T00:19:41","guid":{"rendered":"http:\/\/www.cetys.mx\/noticias\/?p=69124"},"modified":"2017-03-08T09:28:37","modified_gmt":"2017-03-08T17:28:37","slug":"nombran-a-cetys-lider-del-sector-educativo-en-bc","status":"publish","type":"post","link":"https:\/\/www.cetys.mx\/noticias\/nombran-a-cetys-lider-del-sector-educativo-en-bc\/","title":{"rendered":"Nombran a CETYS como l\u00edder del sector educativo en BC"},"content":{"rendered":"<p style=\"text-align: justify;\">Recientemente la <a href=\"https:\/\/revistacampestre.com.mx\/\">Revista Campestre<\/a>, publicaci\u00f3n que en su trabajo period\u00edstico aborda los temas de liderazgo, poder y negocios en el estado, se encarg\u00f3 de enlistar a los m\u00e1s destacados <strong>\u201cL\u00edderes de Baja California\u201d<\/strong>, <em>personajes e instituciones que gracias a su trabajo, determinaci\u00f3n, coraje y creatividad enaltecieron al estado durante el \u00faltimo a\u00f1o<\/em>.<\/p>\n<div id=\"attachment_69172\" style=\"width: 315px\" class=\"wp-caption alignleft\"><a href=\"https:\/\/www.cetys.mx\/noticias\/wp-content\/uploads\/2017\/02\/WhatsApp-Image-2017-02-21-at-16.23.55.jpeg\"><img loading=\"lazy\" decoding=\"async\" aria-describedby=\"caption-attachment-69172\" class=\"wp-image-69172 \" src=\"https:\/\/www.cetys.mx\/noticias\/wp-content\/uploads\/2017\/02\/WhatsApp-Image-2017-02-21-at-16.23.55.jpeg\" alt=\"\" width=\"305\" height=\"406\" \/><\/a><p id=\"caption-attachment-69172\" class=\"wp-caption-text\">El Dr. Le\u00f3n Garc\u00eda recibi\u00f3 el reconocimiento en nombre de la comunidad CETYS Universidad.<\/p><\/div>\n<p style=\"text-align: justify;\">De esta forma fue que tras <em>ofrecer una nueva perspectiva en su \u00e1rea, as\u00ed como en sus esfuerzos por contribuir a generar un ambiente de innovaci\u00f3n y esperanza en la entidad<\/em>, el Sistema <strong>CETYS Universidad fue nombrado como el l\u00edder del sector educativo<\/strong>, esto tras 55 a\u00f1os de compromiso con la formaci\u00f3n de profesionistas en un marco de alta calidad, internacionalizaci\u00f3n y emprendimiento.<\/p>\n<p style=\"text-align: justify;\">Durante la ceremonia de entrega de galard\u00f3n, el <strong>Dr. Fernando Le\u00f3n Garc\u00eda<\/strong>, Rector del Sistema CETYS Universidad, comparti\u00f3 que \u201c<em>Un reconocimiento de esta naturaleza siempre lleva un significado muy profundo, es un reconocimiento a todo el equipo y comunidad acad\u00e9mica que desde 1961 se ha estado enfocando en ofrecer una educaci\u00f3n de alta calidad para los j\u00f3venes bajacalifornianos y sus alrededores<\/em>\u201d.<\/p>\n<blockquote>\n<p style=\"text-align: justify;\">\u201cAcepto este reconocimiento en representaci\u00f3n de todos los que est\u00e1n detr\u00e1s de CETYS Universidad, los l\u00edderes visiones que fundaron CETYS hace 55 a\u00f1os, a los 3 campus: Mexicali, Tijuana y Ensenada, as\u00ed como a los 7,500 alumnos inscritos, adem\u00e1s de 33 mil egresados trabajando en 26 pa\u00edses, continuaremos ofreciendo una educaci\u00f3n de calidad con relevancia local, en busca de un alcance global\u201d, puntualiz\u00f3 la M\u00e1xima Autoridad de CETYS Universidad.<\/p>\n<\/blockquote>\n<div style=\"text-align: justify;\" align=\"center\"><iframe loading=\"lazy\" src=\"https:\/\/www.youtube.com\/embed\/skcTeWJtXFc?rel=0\" width=\"560\" height=\"315\" frameborder=\"0\" allowfullscreen=\"allowfullscreen\"><\/iframe><\/div>\n<p style=\"text-align: justify;\"><strong>Este tipo de distinciones vienen a estimular el crecimiento y compromiso de la instituci\u00f3n<\/strong> para con la comunidad, as\u00ed como el desarrollo de profesionales mayormente capaces y con una formaci\u00f3n en valores, as\u00ed como un mayor enfoque a continuar creando v\u00ednculos y sinergias con las diversas industrias de la regi\u00f3n a favor de <strong>elevar la competitividad a trav\u00e9s de la gesti\u00f3n del talento que CETYS Universidad forma<\/strong>.<\/p>\n<hr \/>\n<p style=\"text-align: justify;\">Te invitamos a leer la <strong>nota y la lista completa<\/strong> de reconocidos dando <a href=\"https:\/\/revistacampestre.com.mx\/lideres-de-baja-california-2016-por-revista-campestre\/\">clic aqu\u00ed\u00a0<\/a>.<\/p>\n","protected":false},"excerpt":{"rendered":"<p>Recientemente la Revista Campestre, publicaci\u00f3n que en su trabajo period\u00edstico aborda los temas de liderazgo, poder y negocios en el estado, se&#8230;<\/p>\n","protected":false},"author":26,"featured_media":69170,"comment_status":"open","ping_status":"open","sticky":false,"template":"","format":"standard","meta":{"footnotes":""},"categories":[209,313],"tags":[122,285,665,138,168,284,269,221,92,176,1373],"class_list":["post-69124","post","type-post","status-publish","format-standard","has-post-thumbnail","hentry","category-institucional","category-vocetys-2","tag-academia","tag-alumnos","tag-bachilleres","tag-cetys","tag-cetys-universidad","tag-emprendimiento","tag-innovacion","tag-internacional","tag-preparatoria","tag-profesional","tag-vocetys-2017-03-04"],"yoast_head":"<!-- This site is optimized with the Yoast SEO plugin v27.4 - https:\/\/yoast.com\/product\/yoast-seo-wordpress\/ -->\n<title>Nombran a CETYS como l\u00edder del sector educativo en BC - CETYS<\/title>\n<meta name=\"description\" content=\"Articulo sobre Nombran a CETYS como l\u00edder del sector educativo en BC\" \/>\n<meta name=\"robots\" content=\"index, follow, max-snippet:-1, max-image-preview:large, max-video-preview:-1\" \/>\n<link rel=\"canonical\" href=\"https:\/\/www.cetys.mx\/noticias\/nombran-a-cetys-lider-del-sector-educativo-en-bc\/\" \/>\n<meta property=\"og:locale\" content=\"es_MX\" \/>\n<meta property=\"og:type\" content=\"article\" \/>\n<meta property=\"og:title\" content=\"Nombran a CETYS como l\u00edder del sector educativo en BC - CETYS\" \/>\n<meta property=\"og:description\" content=\"Articulo sobre Nombran a CETYS como l\u00edder del sector educativo en BC\" \/>\n<meta property=\"og:url\" content=\"https:\/\/www.cetys.mx\/noticias\/nombran-a-cetys-lider-del-sector-educativo-en-bc\/\" \/>\n<meta property=\"og:site_name\" content=\"CETYS\" \/>\n<meta property=\"article:publisher\" content=\"https:\/\/www.facebook.com\/cetysuniversidadmxl\/\" \/>\n<meta property=\"article:published_time\" content=\"2017-02-22T00:19:41+00:00\" \/>\n<meta property=\"article:modified_time\" content=\"2017-03-08T17:28:37+00:00\" \/>\n<meta property=\"og:image\" content=\"https:\/\/www.cetys.mx\/noticias\/wp-content\/uploads\/2017\/02\/cetys_portadalider.jpg\" \/>\n\t<meta property=\"og:image:width\" content=\"958\" \/>\n\t<meta property=\"og:image:height\" content=\"637\" \/>\n\t<meta property=\"og:image:type\" content=\"image\/jpeg\" \/>\n<meta name=\"author\" content=\"CETYS Institucional\" \/>\n<meta name=\"twitter:card\" content=\"summary_large_image\" \/>\n<meta name=\"twitter:creator\" content=\"@cetysuni\" \/>\n<meta name=\"twitter:site\" content=\"@cetysuni\" \/>\n<meta name=\"twitter:label1\" content=\"Escrito por\" \/>\n\t<meta name=\"twitter:data1\" content=\"CETYS Institucional\" \/>\n\t<meta name=\"twitter:label2\" content=\"Tiempo de lectura\" \/>\n\t<meta name=\"twitter:data2\" content=\"2 minutos\" \/>\n<script type=\"application\/ld+json\" class=\"yoast-schema-graph\">{\"@context\":\"https:\\\/\\\/schema.org\",\"@graph\":[{\"@type\":\"Article\",\"@id\":\"https:\\\/\\\/www.cetys.mx\\\/noticias\\\/nombran-a-cetys-lider-del-sector-educativo-en-bc\\\/#article\",\"isPartOf\":{\"@id\":\"https:\\\/\\\/www.cetys.mx\\\/noticias\\\/nombran-a-cetys-lider-del-sector-educativo-en-bc\\\/\"},\"author\":{\"name\":\"CETYS Institucional\",\"@id\":\"https:\\\/\\\/www.cetys.mx\\\/noticias\\\/#\\\/schema\\\/person\\\/e9d2b35265b64aa454df57a2828eb2ac\"},\"headline\":\"Nombran a CETYS como l\u00edder del sector educativo en BC\",\"datePublished\":\"2017-02-22T00:19:41+00:00\",\"dateModified\":\"2017-03-08T17:28:37+00:00\",\"mainEntityOfPage\":{\"@id\":\"https:\\\/\\\/www.cetys.mx\\\/noticias\\\/nombran-a-cetys-lider-del-sector-educativo-en-bc\\\/\"},\"wordCount\":386,\"commentCount\":0,\"image\":{\"@id\":\"https:\\\/\\\/www.cetys.mx\\\/noticias\\\/nombran-a-cetys-lider-del-sector-educativo-en-bc\\\/#primaryimage\"},\"thumbnailUrl\":\"https:\\\/\\\/www.cetys.mx\\\/noticias\\\/wp-content\\\/uploads\\\/2017\\\/02\\\/cetys_portadalider.jpg\",\"keywords\":[\"Academia\",\"Alumnos\",\"Bachilleres\",\"Cetys\",\"CETYS Universidad\",\"Emprendimiento\",\"Innovaci\u00f3n\",\"internacional\",\"Preparatoria\",\"profesional\",\"vocetys-2017-03-04\"],\"articleSection\":[\"Institucional\",\"VoCETYS\"],\"inLanguage\":\"es\",\"potentialAction\":[{\"@type\":\"CommentAction\",\"name\":\"Comment\",\"target\":[\"https:\\\/\\\/www.cetys.mx\\\/noticias\\\/nombran-a-cetys-lider-del-sector-educativo-en-bc\\\/#respond\"]}]},{\"@type\":\"WebPage\",\"@id\":\"https:\\\/\\\/www.cetys.mx\\\/noticias\\\/nombran-a-cetys-lider-del-sector-educativo-en-bc\\\/\",\"url\":\"https:\\\/\\\/www.cetys.mx\\\/noticias\\\/nombran-a-cetys-lider-del-sector-educativo-en-bc\\\/\",\"name\":\"Nombran a CETYS como l\u00edder del sector educativo en BC - CETYS\",\"isPartOf\":{\"@id\":\"https:\\\/\\\/www.cetys.mx\\\/noticias\\\/#website\"},\"primaryImageOfPage\":{\"@id\":\"https:\\\/\\\/www.cetys.mx\\\/noticias\\\/nombran-a-cetys-lider-del-sector-educativo-en-bc\\\/#primaryimage\"},\"image\":{\"@id\":\"https:\\\/\\\/www.cetys.mx\\\/noticias\\\/nombran-a-cetys-lider-del-sector-educativo-en-bc\\\/#primaryimage\"},\"thumbnailUrl\":\"https:\\\/\\\/www.cetys.mx\\\/noticias\\\/wp-content\\\/uploads\\\/2017\\\/02\\\/cetys_portadalider.jpg\",\"datePublished\":\"2017-02-22T00:19:41+00:00\",\"dateModified\":\"2017-03-08T17:28:37+00:00\",\"author\":{\"@id\":\"https:\\\/\\\/www.cetys.mx\\\/noticias\\\/#\\\/schema\\\/person\\\/e9d2b35265b64aa454df57a2828eb2ac\"},\"description\":\"Articulo sobre Nombran a CETYS como l\u00edder del sector educativo en BC\",\"breadcrumb\":{\"@id\":\"https:\\\/\\\/www.cetys.mx\\\/noticias\\\/nombran-a-cetys-lider-del-sector-educativo-en-bc\\\/#breadcrumb\"},\"inLanguage\":\"es\",\"potentialAction\":[{\"@type\":\"ReadAction\",\"target\":[\"https:\\\/\\\/www.cetys.mx\\\/noticias\\\/nombran-a-cetys-lider-del-sector-educativo-en-bc\\\/\"]}]},{\"@type\":\"ImageObject\",\"inLanguage\":\"es\",\"@id\":\"https:\\\/\\\/www.cetys.mx\\\/noticias\\\/nombran-a-cetys-lider-del-sector-educativo-en-bc\\\/#primaryimage\",\"url\":\"https:\\\/\\\/www.cetys.mx\\\/noticias\\\/wp-content\\\/uploads\\\/2017\\\/02\\\/cetys_portadalider.jpg\",\"contentUrl\":\"https:\\\/\\\/www.cetys.mx\\\/noticias\\\/wp-content\\\/uploads\\\/2017\\\/02\\\/cetys_portadalider.jpg\",\"width\":958,\"height\":637},{\"@type\":\"BreadcrumbList\",\"@id\":\"https:\\\/\\\/www.cetys.mx\\\/noticias\\\/nombran-a-cetys-lider-del-sector-educativo-en-bc\\\/#breadcrumb\",\"itemListElement\":[{\"@type\":\"ListItem\",\"position\":1,\"name\":\"Inicio\",\"item\":\"https:\\\/\\\/www.cetys.mx\\\/noticias\\\/\"},{\"@type\":\"ListItem\",\"position\":2,\"name\":\"Nombran a CETYS como l\u00edder del sector educativo en BC\"}]},{\"@type\":\"WebSite\",\"@id\":\"https:\\\/\\\/www.cetys.mx\\\/noticias\\\/#website\",\"url\":\"https:\\\/\\\/www.cetys.mx\\\/noticias\\\/\",\"name\":\"CETYS\",\"description\":\"\",\"potentialAction\":[{\"@type\":\"SearchAction\",\"target\":{\"@type\":\"EntryPoint\",\"urlTemplate\":\"https:\\\/\\\/www.cetys.mx\\\/noticias\\\/?s={search_term_string}\"},\"query-input\":{\"@type\":\"PropertyValueSpecification\",\"valueRequired\":true,\"valueName\":\"search_term_string\"}}],\"inLanguage\":\"es\"},{\"@type\":\"Person\",\"@id\":\"https:\\\/\\\/www.cetys.mx\\\/noticias\\\/#\\\/schema\\\/person\\\/e9d2b35265b64aa454df57a2828eb2ac\",\"name\":\"CETYS Institucional\",\"url\":\"https:\\\/\\\/www.cetys.mx\\\/noticias\\\/author\\\/cetysinstitucional\\\/\"}]}<\/script>\n<!-- \/ Yoast SEO plugin. -->","yoast_head_json":{"title":"Nombran a CETYS como l\u00edder del sector educativo en BC - CETYS","description":"Articulo sobre Nombran a CETYS como l\u00edder del sector educativo en BC","robots":{"index":"index","follow":"follow","max-snippet":"max-snippet:-1","max-image-preview":"max-image-preview:large","max-video-preview":"max-video-preview:-1"},"canonical":"https:\/\/www.cetys.mx\/noticias\/nombran-a-cetys-lider-del-sector-educativo-en-bc\/","og_locale":"es_MX","og_type":"article","og_title":"Nombran a CETYS como l\u00edder del sector educativo en BC - CETYS","og_description":"Articulo sobre Nombran a CETYS como l\u00edder del sector educativo en BC","og_url":"https:\/\/www.cetys.mx\/noticias\/nombran-a-cetys-lider-del-sector-educativo-en-bc\/","og_site_name":"CETYS","article_publisher":"https:\/\/www.facebook.com\/cetysuniversidadmxl\/","article_published_time":"2017-02-22T00:19:41+00:00","article_modified_time":"2017-03-08T17:28:37+00:00","og_image":[{"width":958,"height":637,"url":"https:\/\/www.cetys.mx\/noticias\/wp-content\/uploads\/2017\/02\/cetys_portadalider.jpg","type":"image\/jpeg"}],"author":"CETYS Institucional","twitter_card":"summary_large_image","twitter_creator":"@cetysuni","twitter_site":"@cetysuni","twitter_misc":{"Escrito por":"CETYS Institucional","Tiempo de lectura":"2 minutos"},"schema":{"@context":"https:\/\/schema.org","@graph":[{"@type":"Article","@id":"https:\/\/www.cetys.mx\/noticias\/nombran-a-cetys-lider-del-sector-educativo-en-bc\/#article","isPartOf":{"@id":"https:\/\/www.cetys.mx\/noticias\/nombran-a-cetys-lider-del-sector-educativo-en-bc\/"},"author":{"name":"CETYS Institucional","@id":"https:\/\/www.cetys.mx\/noticias\/#\/schema\/person\/e9d2b35265b64aa454df57a2828eb2ac"},"headline":"Nombran a CETYS como l\u00edder del sector educativo en BC","datePublished":"2017-02-22T00:19:41+00:00","dateModified":"2017-03-08T17:28:37+00:00","mainEntityOfPage":{"@id":"https:\/\/www.cetys.mx\/noticias\/nombran-a-cetys-lider-del-sector-educativo-en-bc\/"},"wordCount":386,"commentCount":0,"image":{"@id":"https:\/\/www.cetys.mx\/noticias\/nombran-a-cetys-lider-del-sector-educativo-en-bc\/#primaryimage"},"thumbnailUrl":"https:\/\/www.cetys.mx\/noticias\/wp-content\/uploads\/2017\/02\/cetys_portadalider.jpg","keywords":["Academia","Alumnos","Bachilleres","Cetys","CETYS Universidad","Emprendimiento","Innovaci\u00f3n","internacional","Preparatoria","profesional","vocetys-2017-03-04"],"articleSection":["Institucional","VoCETYS"],"inLanguage":"es","potentialAction":[{"@type":"CommentAction","name":"Comment","target":["https:\/\/www.cetys.mx\/noticias\/nombran-a-cetys-lider-del-sector-educativo-en-bc\/#respond"]}]},{"@type":"WebPage","@id":"https:\/\/www.cetys.mx\/noticias\/nombran-a-cetys-lider-del-sector-educativo-en-bc\/","url":"https:\/\/www.cetys.mx\/noticias\/nombran-a-cetys-lider-del-sector-educativo-en-bc\/","name":"Nombran a CETYS como l\u00edder del sector educativo en BC - CETYS","isPartOf":{"@id":"https:\/\/www.cetys.mx\/noticias\/#website"},"primaryImageOfPage":{"@id":"https:\/\/www.cetys.mx\/noticias\/nombran-a-cetys-lider-del-sector-educativo-en-bc\/#primaryimage"},"image":{"@id":"https:\/\/www.cetys.mx\/noticias\/nombran-a-cetys-lider-del-sector-educativo-en-bc\/#primaryimage"},"thumbnailUrl":"https:\/\/www.cetys.mx\/noticias\/wp-content\/uploads\/2017\/02\/cetys_portadalider.jpg","datePublished":"2017-02-22T00:19:41+00:00","dateModified":"2017-03-08T17:28:37+00:00","author":{"@id":"https:\/\/www.cetys.mx\/noticias\/#\/schema\/person\/e9d2b35265b64aa454df57a2828eb2ac"},"description":"Articulo sobre Nombran a CETYS como l\u00edder del sector educativo en BC","breadcrumb":{"@id":"https:\/\/www.cetys.mx\/noticias\/nombran-a-cetys-lider-del-sector-educativo-en-bc\/#breadcrumb"},"inLanguage":"es","potentialAction":[{"@type":"ReadAction","target":["https:\/\/www.cetys.mx\/noticias\/nombran-a-cetys-lider-del-sector-educativo-en-bc\/"]}]},{"@type":"ImageObject","inLanguage":"es","@id":"https:\/\/www.cetys.mx\/noticias\/nombran-a-cetys-lider-del-sector-educativo-en-bc\/#primaryimage","url":"https:\/\/www.cetys.mx\/noticias\/wp-content\/uploads\/2017\/02\/cetys_portadalider.jpg","contentUrl":"https:\/\/www.cetys.mx\/noticias\/wp-content\/uploads\/2017\/02\/cetys_portadalider.jpg","width":958,"height":637},{"@type":"BreadcrumbList","@id":"https:\/\/www.cetys.mx\/noticias\/nombran-a-cetys-lider-del-sector-educativo-en-bc\/#breadcrumb","itemListElement":[{"@type":"ListItem","position":1,"name":"Inicio","item":"https:\/\/www.cetys.mx\/noticias\/"},{"@type":"ListItem","position":2,"name":"Nombran a CETYS como l\u00edder del sector educativo en BC"}]},{"@type":"WebSite","@id":"https:\/\/www.cetys.mx\/noticias\/#website","url":"https:\/\/www.cetys.mx\/noticias\/","name":"CETYS","description":"","potentialAction":[{"@type":"SearchAction","target":{"@type":"EntryPoint","urlTemplate":"https:\/\/www.cetys.mx\/noticias\/?s={search_term_string}"},"query-input":{"@type":"PropertyValueSpecification","valueRequired":true,"valueName":"search_term_string"}}],"inLanguage":"es"},{"@type":"Person","@id":"https:\/\/www.cetys.mx\/noticias\/#\/schema\/person\/e9d2b35265b64aa454df57a2828eb2ac","name":"CETYS Institucional","url":"https:\/\/www.cetys.mx\/noticias\/author\/cetysinstitucional\/"}]}},"_links":{"self":[{"href":"https:\/\/www.cetys.mx\/noticias\/wp-json\/wp\/v2\/posts\/69124","targetHints":{"allow":["GET"]}}],"collection":[{"href":"https:\/\/www.cetys.mx\/noticias\/wp-json\/wp\/v2\/posts"}],"about":[{"href":"https:\/\/www.cetys.mx\/noticias\/wp-json\/wp\/v2\/types\/post"}],"author":[{"embeddable":true,"href":"https:\/\/www.cetys.mx\/noticias\/wp-json\/wp\/v2\/users\/26"}],"replies":[{"embeddable":true,"href":"https:\/\/www.cetys.mx\/noticias\/wp-json\/wp\/v2\/comments?post=69124"}],"version-history":[{"count":0,"href":"https:\/\/www.cetys.mx\/noticias\/wp-json\/wp\/v2\/posts\/69124\/revisions"}],"wp:featuredmedia":[{"embeddable":true,"href":"https:\/\/www.cetys.mx\/noticias\/wp-json\/wp\/v2\/media\/69170"}],"wp:attachment":[{"href":"https:\/\/www.cetys.mx\/noticias\/wp-json\/wp\/v2\/media?parent=69124"}],"wp:term":[{"taxonomy":"category","embeddable":true,"href":"https:\/\/www.cetys.mx\/noticias\/wp-json\/wp\/v2\/categories?post=69124"},{"taxonomy":"post_tag","embeddable":true,"href":"https:\/\/www.cetys.mx\/noticias\/wp-json\/wp\/v2\/tags?post=69124"}],"curies":[{"name":"wp","href":"https:\/\/api.w.org\/{rel}","templated":true}]}}