{"id":69035,"date":"2017-02-16T15:26:09","date_gmt":"2017-02-16T23:26:09","guid":{"rendered":"http:\/\/www.cetys.mx\/noticias\/?p=69035"},"modified":"2017-02-17T08:41:07","modified_gmt":"2017-02-17T16:41:07","slug":"exigen-universidades-mayor-numero-academicos-doctorado","status":"publish","type":"post","link":"https:\/\/www.cetys.mx\/noticias\/exigen-universidades-mayor-numero-academicos-doctorado\/","title":{"rendered":"Exigen universidades mayor n\u00famero de acad\u00e9micos con doctorado"},"content":{"rendered":"<p align=\"justify\">El Sistema <strong>CETYS Universidad ya tiene fecha de arranque para el programa de su nuevo Doctorado en Educaci\u00f3n<\/strong>, ser\u00e1 el pr\u00f3ximo s\u00e1bado <strong>5 de agosto<\/strong> y esperan una primera generaci\u00f3n conformada por <strong>estudiantes selectos con una visi\u00f3n capaz de dar soluci\u00f3n a las problem\u00e1ticas del sector y un alto inter\u00e9s en el desarrollo de investigaci\u00f3n<\/strong>; as\u00ed lo dieron a conocer las autoridades universitarias ante l\u00edderes educativos y medios de <span class=\"il\">comunicaci\u00f3n<\/span>.<\/p>\n<div id=\"attachment_69036\" style=\"width: 968px\" class=\"wp-caption aligncenter\"><a href=\"https:\/\/www.cetys.mx\/noticias\/wp-content\/uploads\/2017\/02\/cetys_doctoradoeducacion1.jpg\"><img loading=\"lazy\" decoding=\"async\" aria-describedby=\"caption-attachment-69036\" class=\"wp-image-69036 size-full\" src=\"https:\/\/www.cetys.mx\/noticias\/wp-content\/uploads\/2017\/02\/cetys_doctoradoeducacion1.jpg\" alt=\"cetys_doctoradoeducacion1\" width=\"958\" height=\"637\" srcset=\"https:\/\/www.cetys.mx\/noticias\/wp-content\/uploads\/2017\/02\/cetys_doctoradoeducacion1.jpg 958w, https:\/\/www.cetys.mx\/noticias\/wp-content\/uploads\/2017\/02\/cetys_doctoradoeducacion1-202x134.jpg 202w\" sizes=\"auto, (max-width: 958px) 100vw, 958px\" \/><\/a><p id=\"caption-attachment-69036\" class=\"wp-caption-text\">El Dr. G\u00e1rate Rivera explic\u00f3 a los l\u00edderes de opini\u00f3n que la relevancia del Doctor en Educaci\u00f3n incide en esfuerzos para la mejora del sector en el pa\u00eds.<\/p><\/div>\n<p align=\"justify\"><em>\u201cNos encontramos en un punto en el que ya no se trata de qu\u00e9 tanto conoces de tu profesi\u00f3n, sino de que tanto has producido en investigaci\u00f3n\u201d<\/em>, puntualiz\u00f3 el <strong>Dr. Alberto G\u00e1rate Rivera<\/strong>, <em>Vicerrector Acad\u00e9mico de CETYS Universidad<\/em>, en referencia a las exigencias actuales de las universidades de M\u00e9xico y el resto del mundo al momento de conformar su planta docente. Destac\u00f3 que adem\u00e1s de la experiencia docente y laboral, <strong>ahora es necesario el manejo de dos idiomas, la producci\u00f3n de conocimiento y contar con el grado acad\u00e9mico de doctorado<\/strong>.<\/p>\n<div id=\"attachment_69037\" style=\"width: 968px\" class=\"wp-caption aligncenter\"><a href=\"https:\/\/www.cetys.mx\/noticias\/wp-content\/uploads\/2017\/02\/cetys_doctoradoeducacion2.jpg\"><img loading=\"lazy\" decoding=\"async\" aria-describedby=\"caption-attachment-69037\" class=\"wp-image-69037 size-full\" src=\"https:\/\/www.cetys.mx\/noticias\/wp-content\/uploads\/2017\/02\/cetys_doctoradoeducacion2.jpg\" alt=\"cetys_doctoradoeducacion2\" width=\"958\" height=\"637\" srcset=\"https:\/\/www.cetys.mx\/noticias\/wp-content\/uploads\/2017\/02\/cetys_doctoradoeducacion2.jpg 958w, https:\/\/www.cetys.mx\/noticias\/wp-content\/uploads\/2017\/02\/cetys_doctoradoeducacion2-202x134.jpg 202w\" sizes=\"auto, (max-width: 958px) 100vw, 958px\" \/><\/a><p id=\"caption-attachment-69037\" class=\"wp-caption-text\">Puntualiz\u00f3 que ahora ya no basta con que los profesionistas cuentan con el conocimiento, sino que trabajen en su creaci\u00f3n.<\/p><\/div>\n<p align=\"justify\">De ah\u00ed que la instituci\u00f3n bajacaliforniana lance el Doctorado un Educaci\u00f3n, un <strong>programa que busca formar especialistas en el \u00e1rea con la capacidad de dise\u00f1ar, desarrollo, aplicar y evaluar proyectos de investigaci\u00f3n o gesti\u00f3n<\/strong>. Distinguido por el sello de CETYS Universidad, donde los estudiantes contar\u00e1n con tutores acordes a sus respectivas l\u00edneas de investigaci\u00f3n y cursos de verano en la Universidad de Alcal\u00e1 de Henares o la Universidad de Murcia, Espa\u00f1a, esto con el objetivo de <strong>desarrollar proyectos m\u00e1s concretos y visi\u00f3n global<\/strong>.<\/p>\n<p align=\"justify\"><em>\u201cNo buscamos masificar el programa, sino concentrarnos en la excelencia y formar a nuestros pr\u00f3ximos doctores en \u00e1reas concretas: educaci\u00f3n y valores, as\u00ed como gesti\u00f3n educativa\u201d,<\/em> coment\u00f3 la <strong>Dra. Cecilia Osuna Lever<\/strong>, Directora del Colegio de Ciencias Sociales y Humanidades del Sistema CETYS Universidad; esperando que al egresar los especialistas sean capaces de llevar a la pr\u00e1ctica la generaci\u00f3n de conocimientos, hacer uso de la innovaci\u00f3n para la resoluci\u00f3n de problemas y la formulaci\u00f3n de programas.<\/p>\n<div id=\"attachment_69038\" style=\"width: 968px\" class=\"wp-caption aligncenter\"><a href=\"https:\/\/www.cetys.mx\/noticias\/wp-content\/uploads\/2017\/02\/cetys_doctoradoeducacion3.jpg\"><img loading=\"lazy\" decoding=\"async\" aria-describedby=\"caption-attachment-69038\" class=\"wp-image-69038 size-full\" src=\"https:\/\/www.cetys.mx\/noticias\/wp-content\/uploads\/2017\/02\/cetys_doctoradoeducacion3.jpg\" alt=\"cetys_doctoradoeducacion3\" width=\"958\" height=\"637\" srcset=\"https:\/\/www.cetys.mx\/noticias\/wp-content\/uploads\/2017\/02\/cetys_doctoradoeducacion3.jpg 958w, https:\/\/www.cetys.mx\/noticias\/wp-content\/uploads\/2017\/02\/cetys_doctoradoeducacion3-202x134.jpg 202w\" sizes=\"auto, (max-width: 958px) 100vw, 958px\" \/><\/a><p id=\"caption-attachment-69038\" class=\"wp-caption-text\">El C. Dr. Bonilla Esquivel comparti\u00f3 que la convoctoria para pertenecer a la primer generaci\u00f3n cierra el pr\u00f3ximo viernes 29 de mayo.<\/p><\/div>\n<p align=\"justify\">Por su parte, el <strong>C. Dr. Jos\u00e9 Luis Bonilla Esquivel<\/strong>, <em>Coordinador del Doctorado en Educaci\u00f3n, Campus Tijuana<\/em>, destac\u00f3 que el proceso de solicitud de ingreso se realizar\u00e1 exclusivamente cada dos a\u00f1os y que <strong>la convocatoria actual concluye el pr\u00f3ximo viernes 19 de mayo<\/strong>. La admisi\u00f3n incluye desde la presentaci\u00f3n de un ante proyecto hasta entrevistas con acad\u00e9micos, para m\u00e1s informaci\u00f3n invitan a visitar <a href=\"https:\/\/www.posgrado.cetys.mx\/\" target=\"_blank\" data-saferedirecturl=\"https:\/\/www.google.com\/url?hl=es&amp;q=https:\/\/r20.rs6.net\/tn.jsp?f%3D001juFYNvDx-AiLA1QedPZTei68rj0DrRhNmuGW_rm-MkSbuWoo0ipA0sRip27kHEiiX1JjUY7zyu2QuNcKdY74KrdvX8juXBmo38_6CZaPkcn6Q4hkFdOtFw9t9aN8fckNlm9__U5_BTmSN_2-3SoPveG7vDKq5qOdOxnbJDXgi--djhKkYNJlUA%3D%3D%26c%3DIhHwWJpGDUr_curXxJ_VjKBGFa-I8Nsfj7pGf_4ZgAPZGkXfXZ8Mrw%3D%3D%26ch%3D9_AcYsvosZx08Mc2bnkgdV-ni_gORxGGTrCQi-S8eJJWyhp8e0gmIA%3D%3D&amp;source=gmail&amp;ust=1487371503369000&amp;usg=AFQjCNEXLaAR02IdWUnMAtuixsxZ2lIOKQ\">www.posgrado.cetys.mx<\/a><\/p>\n","protected":false},"excerpt":{"rendered":"<p>El Sistema CETYS Universidad ya tiene fecha de arranque para el programa de su nuevo Doctorado en Educaci\u00f3n, ser\u00e1 el pr\u00f3ximo s\u00e1bado&#8230;<\/p>\n","protected":false},"author":24,"featured_media":69036,"comment_status":"open","ping_status":"open","sticky":false,"template":"","format":"standard","meta":{"footnotes":""},"categories":[134,309,313],"tags":[122,285,328,168,178,216,226,1348],"class_list":["post-69035","post","type-post","status-publish","format-standard","has-post-thumbnail","hentry","category-campus-tijuana","category-posgrado","category-vocetys-2","tag-academia","tag-alumnos","tag-campustijuana","tag-cetys-universidad","tag-investigacion","tag-posgrado","tag-tijuana","tag-vocetys-2017-02-17"],"yoast_head":"<!-- This site is optimized with the Yoast SEO plugin v27.4 - https:\/\/yoast.com\/product\/yoast-seo-wordpress\/ -->\n<title>Exigen universidades mayor n\u00famero de acad\u00e9micos con doctorado - CETYS<\/title>\n<meta name=\"description\" content=\"Articulo sobre Exigen universidades mayor n\u00famero de acad\u00e9micos con doctorado\" \/>\n<meta name=\"robots\" content=\"index, follow, max-snippet:-1, max-image-preview:large, max-video-preview:-1\" \/>\n<link rel=\"canonical\" href=\"https:\/\/www.cetys.mx\/noticias\/exigen-universidades-mayor-numero-academicos-doctorado\/\" \/>\n<meta property=\"og:locale\" content=\"es_MX\" \/>\n<meta property=\"og:type\" content=\"article\" \/>\n<meta property=\"og:title\" content=\"Exigen universidades mayor n\u00famero de acad\u00e9micos con doctorado - CETYS\" \/>\n<meta property=\"og:description\" content=\"Articulo sobre Exigen universidades mayor n\u00famero de acad\u00e9micos con doctorado\" \/>\n<meta property=\"og:url\" content=\"https:\/\/www.cetys.mx\/noticias\/exigen-universidades-mayor-numero-academicos-doctorado\/\" \/>\n<meta property=\"og:site_name\" content=\"CETYS\" \/>\n<meta property=\"article:publisher\" content=\"https:\/\/www.facebook.com\/cetysuniversidadmxl\/\" \/>\n<meta property=\"article:published_time\" content=\"2017-02-16T23:26:09+00:00\" \/>\n<meta property=\"article:modified_time\" content=\"2017-02-17T16:41:07+00:00\" \/>\n<meta property=\"og:image\" content=\"https:\/\/www.cetys.mx\/noticias\/wp-content\/uploads\/2017\/02\/cetys_doctoradoeducacion1.jpg\" \/>\n\t<meta property=\"og:image:width\" content=\"958\" \/>\n\t<meta property=\"og:image:height\" content=\"637\" \/>\n\t<meta property=\"og:image:type\" content=\"image\/jpeg\" \/>\n<meta name=\"author\" content=\"Campus Tijuana\" \/>\n<meta name=\"twitter:card\" content=\"summary_large_image\" \/>\n<meta name=\"twitter:creator\" content=\"@cetysuni\" \/>\n<meta name=\"twitter:site\" content=\"@cetysuni\" \/>\n<meta name=\"twitter:label1\" content=\"Escrito por\" \/>\n\t<meta name=\"twitter:data1\" content=\"Campus Tijuana\" \/>\n\t<meta name=\"twitter:label2\" content=\"Tiempo de lectura\" \/>\n\t<meta name=\"twitter:data2\" content=\"3 minutos\" \/>\n<script type=\"application\/ld+json\" class=\"yoast-schema-graph\">{\"@context\":\"https:\\\/\\\/schema.org\",\"@graph\":[{\"@type\":\"Article\",\"@id\":\"https:\\\/\\\/www.cetys.mx\\\/noticias\\\/exigen-universidades-mayor-numero-academicos-doctorado\\\/#article\",\"isPartOf\":{\"@id\":\"https:\\\/\\\/www.cetys.mx\\\/noticias\\\/exigen-universidades-mayor-numero-academicos-doctorado\\\/\"},\"author\":{\"name\":\"Campus Tijuana\",\"@id\":\"https:\\\/\\\/www.cetys.mx\\\/noticias\\\/#\\\/schema\\\/person\\\/e790051ce60e18ae47cfa87011c8653f\"},\"headline\":\"Exigen universidades mayor n\u00famero de acad\u00e9micos con doctorado\",\"datePublished\":\"2017-02-16T23:26:09+00:00\",\"dateModified\":\"2017-02-17T16:41:07+00:00\",\"mainEntityOfPage\":{\"@id\":\"https:\\\/\\\/www.cetys.mx\\\/noticias\\\/exigen-universidades-mayor-numero-academicos-doctorado\\\/\"},\"wordCount\":538,\"commentCount\":0,\"image\":{\"@id\":\"https:\\\/\\\/www.cetys.mx\\\/noticias\\\/exigen-universidades-mayor-numero-academicos-doctorado\\\/#primaryimage\"},\"thumbnailUrl\":\"https:\\\/\\\/www.cetys.mx\\\/noticias\\\/wp-content\\\/uploads\\\/2017\\\/02\\\/cetys_doctoradoeducacion1.jpg\",\"keywords\":[\"Academia\",\"Alumnos\",\"campustijuana\",\"CETYS Universidad\",\"investigaci\u00f3n\",\"posgrado\",\"tijuana\",\"vocetys-2017-02-17\"],\"articleSection\":[\"Campus Tijuana\",\"Posgrado\",\"VoCETYS\"],\"inLanguage\":\"es\",\"potentialAction\":[{\"@type\":\"CommentAction\",\"name\":\"Comment\",\"target\":[\"https:\\\/\\\/www.cetys.mx\\\/noticias\\\/exigen-universidades-mayor-numero-academicos-doctorado\\\/#respond\"]}]},{\"@type\":\"WebPage\",\"@id\":\"https:\\\/\\\/www.cetys.mx\\\/noticias\\\/exigen-universidades-mayor-numero-academicos-doctorado\\\/\",\"url\":\"https:\\\/\\\/www.cetys.mx\\\/noticias\\\/exigen-universidades-mayor-numero-academicos-doctorado\\\/\",\"name\":\"Exigen universidades mayor n\u00famero de acad\u00e9micos con doctorado - CETYS\",\"isPartOf\":{\"@id\":\"https:\\\/\\\/www.cetys.mx\\\/noticias\\\/#website\"},\"primaryImageOfPage\":{\"@id\":\"https:\\\/\\\/www.cetys.mx\\\/noticias\\\/exigen-universidades-mayor-numero-academicos-doctorado\\\/#primaryimage\"},\"image\":{\"@id\":\"https:\\\/\\\/www.cetys.mx\\\/noticias\\\/exigen-universidades-mayor-numero-academicos-doctorado\\\/#primaryimage\"},\"thumbnailUrl\":\"https:\\\/\\\/www.cetys.mx\\\/noticias\\\/wp-content\\\/uploads\\\/2017\\\/02\\\/cetys_doctoradoeducacion1.jpg\",\"datePublished\":\"2017-02-16T23:26:09+00:00\",\"dateModified\":\"2017-02-17T16:41:07+00:00\",\"author\":{\"@id\":\"https:\\\/\\\/www.cetys.mx\\\/noticias\\\/#\\\/schema\\\/person\\\/e790051ce60e18ae47cfa87011c8653f\"},\"description\":\"Articulo sobre Exigen universidades mayor n\u00famero de acad\u00e9micos con doctorado\",\"breadcrumb\":{\"@id\":\"https:\\\/\\\/www.cetys.mx\\\/noticias\\\/exigen-universidades-mayor-numero-academicos-doctorado\\\/#breadcrumb\"},\"inLanguage\":\"es\",\"potentialAction\":[{\"@type\":\"ReadAction\",\"target\":[\"https:\\\/\\\/www.cetys.mx\\\/noticias\\\/exigen-universidades-mayor-numero-academicos-doctorado\\\/\"]}]},{\"@type\":\"ImageObject\",\"inLanguage\":\"es\",\"@id\":\"https:\\\/\\\/www.cetys.mx\\\/noticias\\\/exigen-universidades-mayor-numero-academicos-doctorado\\\/#primaryimage\",\"url\":\"https:\\\/\\\/www.cetys.mx\\\/noticias\\\/wp-content\\\/uploads\\\/2017\\\/02\\\/cetys_doctoradoeducacion1.jpg\",\"contentUrl\":\"https:\\\/\\\/www.cetys.mx\\\/noticias\\\/wp-content\\\/uploads\\\/2017\\\/02\\\/cetys_doctoradoeducacion1.jpg\",\"width\":958,\"height\":637},{\"@type\":\"BreadcrumbList\",\"@id\":\"https:\\\/\\\/www.cetys.mx\\\/noticias\\\/exigen-universidades-mayor-numero-academicos-doctorado\\\/#breadcrumb\",\"itemListElement\":[{\"@type\":\"ListItem\",\"position\":1,\"name\":\"Inicio\",\"item\":\"https:\\\/\\\/www.cetys.mx\\\/noticias\\\/\"},{\"@type\":\"ListItem\",\"position\":2,\"name\":\"Exigen universidades mayor n\u00famero de acad\u00e9micos con doctorado\"}]},{\"@type\":\"WebSite\",\"@id\":\"https:\\\/\\\/www.cetys.mx\\\/noticias\\\/#website\",\"url\":\"https:\\\/\\\/www.cetys.mx\\\/noticias\\\/\",\"name\":\"CETYS\",\"description\":\"\",\"potentialAction\":[{\"@type\":\"SearchAction\",\"target\":{\"@type\":\"EntryPoint\",\"urlTemplate\":\"https:\\\/\\\/www.cetys.mx\\\/noticias\\\/?s={search_term_string}\"},\"query-input\":{\"@type\":\"PropertyValueSpecification\",\"valueRequired\":true,\"valueName\":\"search_term_string\"}}],\"inLanguage\":\"es\"},{\"@type\":\"Person\",\"@id\":\"https:\\\/\\\/www.cetys.mx\\\/noticias\\\/#\\\/schema\\\/person\\\/e790051ce60e18ae47cfa87011c8653f\",\"name\":\"Campus Tijuana\",\"url\":\"https:\\\/\\\/www.cetys.mx\\\/noticias\\\/author\\\/campustijuana\\\/\"}]}<\/script>\n<!-- \/ Yoast SEO plugin. -->","yoast_head_json":{"title":"Exigen universidades mayor n\u00famero de acad\u00e9micos con doctorado - CETYS","description":"Articulo sobre Exigen universidades mayor n\u00famero de acad\u00e9micos con doctorado","robots":{"index":"index","follow":"follow","max-snippet":"max-snippet:-1","max-image-preview":"max-image-preview:large","max-video-preview":"max-video-preview:-1"},"canonical":"https:\/\/www.cetys.mx\/noticias\/exigen-universidades-mayor-numero-academicos-doctorado\/","og_locale":"es_MX","og_type":"article","og_title":"Exigen universidades mayor n\u00famero de acad\u00e9micos con doctorado - CETYS","og_description":"Articulo sobre Exigen universidades mayor n\u00famero de acad\u00e9micos con doctorado","og_url":"https:\/\/www.cetys.mx\/noticias\/exigen-universidades-mayor-numero-academicos-doctorado\/","og_site_name":"CETYS","article_publisher":"https:\/\/www.facebook.com\/cetysuniversidadmxl\/","article_published_time":"2017-02-16T23:26:09+00:00","article_modified_time":"2017-02-17T16:41:07+00:00","og_image":[{"width":958,"height":637,"url":"https:\/\/www.cetys.mx\/noticias\/wp-content\/uploads\/2017\/02\/cetys_doctoradoeducacion1.jpg","type":"image\/jpeg"}],"author":"Campus Tijuana","twitter_card":"summary_large_image","twitter_creator":"@cetysuni","twitter_site":"@cetysuni","twitter_misc":{"Escrito por":"Campus Tijuana","Tiempo de lectura":"3 minutos"},"schema":{"@context":"https:\/\/schema.org","@graph":[{"@type":"Article","@id":"https:\/\/www.cetys.mx\/noticias\/exigen-universidades-mayor-numero-academicos-doctorado\/#article","isPartOf":{"@id":"https:\/\/www.cetys.mx\/noticias\/exigen-universidades-mayor-numero-academicos-doctorado\/"},"author":{"name":"Campus Tijuana","@id":"https:\/\/www.cetys.mx\/noticias\/#\/schema\/person\/e790051ce60e18ae47cfa87011c8653f"},"headline":"Exigen universidades mayor n\u00famero de acad\u00e9micos con doctorado","datePublished":"2017-02-16T23:26:09+00:00","dateModified":"2017-02-17T16:41:07+00:00","mainEntityOfPage":{"@id":"https:\/\/www.cetys.mx\/noticias\/exigen-universidades-mayor-numero-academicos-doctorado\/"},"wordCount":538,"commentCount":0,"image":{"@id":"https:\/\/www.cetys.mx\/noticias\/exigen-universidades-mayor-numero-academicos-doctorado\/#primaryimage"},"thumbnailUrl":"https:\/\/www.cetys.mx\/noticias\/wp-content\/uploads\/2017\/02\/cetys_doctoradoeducacion1.jpg","keywords":["Academia","Alumnos","campustijuana","CETYS Universidad","investigaci\u00f3n","posgrado","tijuana","vocetys-2017-02-17"],"articleSection":["Campus Tijuana","Posgrado","VoCETYS"],"inLanguage":"es","potentialAction":[{"@type":"CommentAction","name":"Comment","target":["https:\/\/www.cetys.mx\/noticias\/exigen-universidades-mayor-numero-academicos-doctorado\/#respond"]}]},{"@type":"WebPage","@id":"https:\/\/www.cetys.mx\/noticias\/exigen-universidades-mayor-numero-academicos-doctorado\/","url":"https:\/\/www.cetys.mx\/noticias\/exigen-universidades-mayor-numero-academicos-doctorado\/","name":"Exigen universidades mayor n\u00famero de acad\u00e9micos con doctorado - CETYS","isPartOf":{"@id":"https:\/\/www.cetys.mx\/noticias\/#website"},"primaryImageOfPage":{"@id":"https:\/\/www.cetys.mx\/noticias\/exigen-universidades-mayor-numero-academicos-doctorado\/#primaryimage"},"image":{"@id":"https:\/\/www.cetys.mx\/noticias\/exigen-universidades-mayor-numero-academicos-doctorado\/#primaryimage"},"thumbnailUrl":"https:\/\/www.cetys.mx\/noticias\/wp-content\/uploads\/2017\/02\/cetys_doctoradoeducacion1.jpg","datePublished":"2017-02-16T23:26:09+00:00","dateModified":"2017-02-17T16:41:07+00:00","author":{"@id":"https:\/\/www.cetys.mx\/noticias\/#\/schema\/person\/e790051ce60e18ae47cfa87011c8653f"},"description":"Articulo sobre Exigen universidades mayor n\u00famero de acad\u00e9micos con doctorado","breadcrumb":{"@id":"https:\/\/www.cetys.mx\/noticias\/exigen-universidades-mayor-numero-academicos-doctorado\/#breadcrumb"},"inLanguage":"es","potentialAction":[{"@type":"ReadAction","target":["https:\/\/www.cetys.mx\/noticias\/exigen-universidades-mayor-numero-academicos-doctorado\/"]}]},{"@type":"ImageObject","inLanguage":"es","@id":"https:\/\/www.cetys.mx\/noticias\/exigen-universidades-mayor-numero-academicos-doctorado\/#primaryimage","url":"https:\/\/www.cetys.mx\/noticias\/wp-content\/uploads\/2017\/02\/cetys_doctoradoeducacion1.jpg","contentUrl":"https:\/\/www.cetys.mx\/noticias\/wp-content\/uploads\/2017\/02\/cetys_doctoradoeducacion1.jpg","width":958,"height":637},{"@type":"BreadcrumbList","@id":"https:\/\/www.cetys.mx\/noticias\/exigen-universidades-mayor-numero-academicos-doctorado\/#breadcrumb","itemListElement":[{"@type":"ListItem","position":1,"name":"Inicio","item":"https:\/\/www.cetys.mx\/noticias\/"},{"@type":"ListItem","position":2,"name":"Exigen universidades mayor n\u00famero de acad\u00e9micos con doctorado"}]},{"@type":"WebSite","@id":"https:\/\/www.cetys.mx\/noticias\/#website","url":"https:\/\/www.cetys.mx\/noticias\/","name":"CETYS","description":"","potentialAction":[{"@type":"SearchAction","target":{"@type":"EntryPoint","urlTemplate":"https:\/\/www.cetys.mx\/noticias\/?s={search_term_string}"},"query-input":{"@type":"PropertyValueSpecification","valueRequired":true,"valueName":"search_term_string"}}],"inLanguage":"es"},{"@type":"Person","@id":"https:\/\/www.cetys.mx\/noticias\/#\/schema\/person\/e790051ce60e18ae47cfa87011c8653f","name":"Campus Tijuana","url":"https:\/\/www.cetys.mx\/noticias\/author\/campustijuana\/"}]}},"_links":{"self":[{"href":"https:\/\/www.cetys.mx\/noticias\/wp-json\/wp\/v2\/posts\/69035","targetHints":{"allow":["GET"]}}],"collection":[{"href":"https:\/\/www.cetys.mx\/noticias\/wp-json\/wp\/v2\/posts"}],"about":[{"href":"https:\/\/www.cetys.mx\/noticias\/wp-json\/wp\/v2\/types\/post"}],"author":[{"embeddable":true,"href":"https:\/\/www.cetys.mx\/noticias\/wp-json\/wp\/v2\/users\/24"}],"replies":[{"embeddable":true,"href":"https:\/\/www.cetys.mx\/noticias\/wp-json\/wp\/v2\/comments?post=69035"}],"version-history":[{"count":0,"href":"https:\/\/www.cetys.mx\/noticias\/wp-json\/wp\/v2\/posts\/69035\/revisions"}],"wp:featuredmedia":[{"embeddable":true,"href":"https:\/\/www.cetys.mx\/noticias\/wp-json\/wp\/v2\/media\/69036"}],"wp:attachment":[{"href":"https:\/\/www.cetys.mx\/noticias\/wp-json\/wp\/v2\/media?parent=69035"}],"wp:term":[{"taxonomy":"category","embeddable":true,"href":"https:\/\/www.cetys.mx\/noticias\/wp-json\/wp\/v2\/categories?post=69035"},{"taxonomy":"post_tag","embeddable":true,"href":"https:\/\/www.cetys.mx\/noticias\/wp-json\/wp\/v2\/tags?post=69035"}],"curies":[{"name":"wp","href":"https:\/\/api.w.org\/{rel}","templated":true}]}}