{"id":68893,"date":"2017-02-08T17:14:46","date_gmt":"2017-02-09T01:14:46","guid":{"rendered":"http:\/\/www.cetys.mx\/noticias\/?p=68893"},"modified":"2017-02-08T17:14:46","modified_gmt":"2017-02-09T01:14:46","slug":"desarrolla-modelo-evaluacion-profesionistas","status":"publish","type":"post","link":"https:\/\/www.cetys.mx\/noticias\/desarrolla-modelo-evaluacion-profesionistas\/","title":{"rendered":"Desarrolla modelo de evaluaci\u00f3n para profesionistas"},"content":{"rendered":"<div id=\"attachment_68895\" style=\"width: 333px\" class=\"wp-caption alignleft\"><a href=\"https:\/\/www.cetys.mx\/noticias\/wp-content\/uploads\/2017\/02\/IMG_3672.jpg\"><img loading=\"lazy\" decoding=\"async\" aria-describedby=\"caption-attachment-68895\" class=\"wp-image-68895\" src=\"https:\/\/www.cetys.mx\/noticias\/wp-content\/uploads\/2017\/02\/IMG_3672.jpg\" alt=\"IMG_3672\" width=\"323\" height=\"485\" \/><\/a><p id=\"caption-attachment-68895\" class=\"wp-caption-text\">El proyecto de investigaci\u00f3n desarrollado por el Dr. Mercader fue selecci\u00f3n para publicarse en una reconocida revista indexada.<\/p><\/div>\n<p align=\"justify\">La importancia de la investigaci\u00f3n en<a href=\"https:\/\/www.cetys.mx\/\"> CETYS Universidad <\/a>radica en el impulso a una planta acad\u00e9mica de alto nivel, el reforzamiento de la excelencia docente, as\u00ed como su aplicaci\u00f3n y vinculaci\u00f3n con el desarrollo econ\u00f3mico y social, <strong>impulsando as\u00ed los objetivos estrat\u00e9gicos de la instituci\u00f3n bajacaliforniana en camino al cumplimiento de la misi\u00f3n y visi\u00f3n 2020<\/strong>.<\/p>\n<p align=\"justify\">Uno de los proyectos m\u00e1s recientes es el desarrollado por el Dr. V\u00edctor Mercader Pomar\u00f3n, Acad\u00e9mico de Posgrado en Campus Tijuana, denominado<strong> \u201cModelo de evaluaci\u00f3n para la educaci\u00f3n empresarial con visi\u00f3n internacional\u201d<\/strong>, art\u00edculo arbitrado seleccionado y publicado en la m\u00e1s reciente edici\u00f3n de la Revista Global de Negocios, publicaci\u00f3n indexada en Ulrich\u2019s Periodical Directory; presente en las bases de informaci\u00f3n acad\u00e9mica m\u00e1s importantes y visitadas.<\/p>\n<blockquote>\n<p align=\"justify\">\u201cEl proyecto desarrollado contiene una an\u00e1lisis de la educaci\u00f3n empresarial con visi\u00f3n internacional como base de investigaci\u00f3n que origina un modelo de evaluaci\u00f3n y autoevaluaci\u00f3n de desarrollo del estudiante o profesional con perspectiva internacional\u201d, comparti\u00f3 el Dr. Mercader.<\/p>\n<\/blockquote>\n<p align=\"justify\">De acuerdo con el acad\u00e9mico <strong>el m\u00e9todo es aplicable a educadores y diferentes tipos de profesionales, as\u00ed como adaptable a todo nivel y a diferentes regiones del mundo<\/strong>. A\u00f1adi\u00f3 que se basa en tres dimensiones fundamentales que siempre deben considerarse por todo estudiante y profesional tanto en el sector educacional, laboral-empresarial e institucional que son conocimientos, capacidades gerenciales y la \u00e9tica.<\/p>\n<blockquote>\n<p align=\"justify\">\u201cLa gran adaptabilidad de este m\u00e9todo o modelo aplicable a cualquier pa\u00eds, nos ayuda a identificar las variables fundamentales del desempe\u00f1o del trabajo de cualquier individuo, equipo de trabajo u organizaci\u00f3n, con una visi\u00f3n amplia e internacional con el fin de poder corregir, generar cambios y consecuentemente, obtener mejoras y un mayor desarrollo\u201d, a\u00f1adi\u00f3.<\/p>\n<\/blockquote>\n<p>&nbsp;<\/p>\n","protected":false},"excerpt":{"rendered":"<p>La importancia de la investigaci\u00f3n en CETYS Universidad radica en el impulso a una planta acad\u00e9mica de alto nivel, el reforzamiento de&#8230;<\/p>\n","protected":false},"author":24,"featured_media":68894,"comment_status":"open","ping_status":"open","sticky":false,"template":"","format":"standard","meta":{"footnotes":""},"categories":[110,134,313],"tags":[122,328,138,168,284,269,221,178,342,1340],"class_list":["post-68893","post","type-post","status-publish","format-standard","has-post-thumbnail","hentry","category-academia","category-campus-tijuana","category-vocetys-2","tag-academia","tag-campustijuana","tag-cetys","tag-cetys-universidad","tag-emprendimiento","tag-innovacion","tag-internacional","tag-investigacion","tag-liderazgo","tag-vocetys-2017-02-10"],"yoast_head":"<!-- This site is optimized with the Yoast SEO plugin v27.4 - https:\/\/yoast.com\/product\/yoast-seo-wordpress\/ -->\n<title>Desarrolla modelo de evaluaci\u00f3n para profesionistas - CETYS<\/title>\n<meta name=\"description\" content=\"Articulo sobre Desarrolla modelo de evaluaci\u00f3n para profesionistas\" \/>\n<meta name=\"robots\" content=\"index, follow, max-snippet:-1, max-image-preview:large, max-video-preview:-1\" \/>\n<link rel=\"canonical\" href=\"https:\/\/www.cetys.mx\/noticias\/desarrolla-modelo-evaluacion-profesionistas\/\" \/>\n<meta property=\"og:locale\" content=\"es_MX\" \/>\n<meta property=\"og:type\" content=\"article\" \/>\n<meta property=\"og:title\" content=\"Desarrolla modelo de evaluaci\u00f3n para profesionistas - CETYS\" \/>\n<meta property=\"og:description\" content=\"Articulo sobre Desarrolla modelo de evaluaci\u00f3n para profesionistas\" \/>\n<meta property=\"og:url\" content=\"https:\/\/www.cetys.mx\/noticias\/desarrolla-modelo-evaluacion-profesionistas\/\" \/>\n<meta property=\"og:site_name\" content=\"CETYS\" \/>\n<meta property=\"article:publisher\" content=\"https:\/\/www.facebook.com\/cetysuniversidadmxl\/\" \/>\n<meta property=\"article:published_time\" content=\"2017-02-09T01:14:46+00:00\" \/>\n<meta property=\"og:image\" content=\"https:\/\/www.cetys.mx\/noticias\/wp-content\/uploads\/2017\/02\/cetys_mercader1.jpg\" \/>\n\t<meta property=\"og:image:width\" content=\"958\" \/>\n\t<meta property=\"og:image:height\" content=\"637\" \/>\n\t<meta property=\"og:image:type\" content=\"image\/jpeg\" \/>\n<meta name=\"author\" content=\"Campus Tijuana\" \/>\n<meta name=\"twitter:card\" content=\"summary_large_image\" \/>\n<meta name=\"twitter:creator\" content=\"@cetysuni\" \/>\n<meta name=\"twitter:site\" content=\"@cetysuni\" \/>\n<meta name=\"twitter:label1\" content=\"Escrito por\" \/>\n\t<meta name=\"twitter:data1\" content=\"Campus Tijuana\" \/>\n\t<meta name=\"twitter:label2\" content=\"Tiempo de lectura\" \/>\n\t<meta name=\"twitter:data2\" content=\"2 minutos\" \/>\n<script type=\"application\/ld+json\" class=\"yoast-schema-graph\">{\"@context\":\"https:\\\/\\\/schema.org\",\"@graph\":[{\"@type\":\"Article\",\"@id\":\"https:\\\/\\\/www.cetys.mx\\\/noticias\\\/desarrolla-modelo-evaluacion-profesionistas\\\/#article\",\"isPartOf\":{\"@id\":\"https:\\\/\\\/www.cetys.mx\\\/noticias\\\/desarrolla-modelo-evaluacion-profesionistas\\\/\"},\"author\":{\"name\":\"Campus Tijuana\",\"@id\":\"https:\\\/\\\/www.cetys.mx\\\/noticias\\\/#\\\/schema\\\/person\\\/e790051ce60e18ae47cfa87011c8653f\"},\"headline\":\"Desarrolla modelo de evaluaci\u00f3n para profesionistas\",\"datePublished\":\"2017-02-09T01:14:46+00:00\",\"mainEntityOfPage\":{\"@id\":\"https:\\\/\\\/www.cetys.mx\\\/noticias\\\/desarrolla-modelo-evaluacion-profesionistas\\\/\"},\"wordCount\":347,\"commentCount\":0,\"image\":{\"@id\":\"https:\\\/\\\/www.cetys.mx\\\/noticias\\\/desarrolla-modelo-evaluacion-profesionistas\\\/#primaryimage\"},\"thumbnailUrl\":\"https:\\\/\\\/www.cetys.mx\\\/noticias\\\/wp-content\\\/uploads\\\/2017\\\/02\\\/cetys_mercader1.jpg\",\"keywords\":[\"Academia\",\"campustijuana\",\"Cetys\",\"CETYS Universidad\",\"Emprendimiento\",\"Innovaci\u00f3n\",\"internacional\",\"investigaci\u00f3n\",\"liderazgo\",\"vocetys-2017-02-10\"],\"articleSection\":[\"Academia\",\"Campus Tijuana\",\"VoCETYS\"],\"inLanguage\":\"es\",\"potentialAction\":[{\"@type\":\"CommentAction\",\"name\":\"Comment\",\"target\":[\"https:\\\/\\\/www.cetys.mx\\\/noticias\\\/desarrolla-modelo-evaluacion-profesionistas\\\/#respond\"]}]},{\"@type\":\"WebPage\",\"@id\":\"https:\\\/\\\/www.cetys.mx\\\/noticias\\\/desarrolla-modelo-evaluacion-profesionistas\\\/\",\"url\":\"https:\\\/\\\/www.cetys.mx\\\/noticias\\\/desarrolla-modelo-evaluacion-profesionistas\\\/\",\"name\":\"Desarrolla modelo de evaluaci\u00f3n para profesionistas - CETYS\",\"isPartOf\":{\"@id\":\"https:\\\/\\\/www.cetys.mx\\\/noticias\\\/#website\"},\"primaryImageOfPage\":{\"@id\":\"https:\\\/\\\/www.cetys.mx\\\/noticias\\\/desarrolla-modelo-evaluacion-profesionistas\\\/#primaryimage\"},\"image\":{\"@id\":\"https:\\\/\\\/www.cetys.mx\\\/noticias\\\/desarrolla-modelo-evaluacion-profesionistas\\\/#primaryimage\"},\"thumbnailUrl\":\"https:\\\/\\\/www.cetys.mx\\\/noticias\\\/wp-content\\\/uploads\\\/2017\\\/02\\\/cetys_mercader1.jpg\",\"datePublished\":\"2017-02-09T01:14:46+00:00\",\"author\":{\"@id\":\"https:\\\/\\\/www.cetys.mx\\\/noticias\\\/#\\\/schema\\\/person\\\/e790051ce60e18ae47cfa87011c8653f\"},\"description\":\"Articulo sobre Desarrolla modelo de evaluaci\u00f3n para profesionistas\",\"breadcrumb\":{\"@id\":\"https:\\\/\\\/www.cetys.mx\\\/noticias\\\/desarrolla-modelo-evaluacion-profesionistas\\\/#breadcrumb\"},\"inLanguage\":\"es\",\"potentialAction\":[{\"@type\":\"ReadAction\",\"target\":[\"https:\\\/\\\/www.cetys.mx\\\/noticias\\\/desarrolla-modelo-evaluacion-profesionistas\\\/\"]}]},{\"@type\":\"ImageObject\",\"inLanguage\":\"es\",\"@id\":\"https:\\\/\\\/www.cetys.mx\\\/noticias\\\/desarrolla-modelo-evaluacion-profesionistas\\\/#primaryimage\",\"url\":\"https:\\\/\\\/www.cetys.mx\\\/noticias\\\/wp-content\\\/uploads\\\/2017\\\/02\\\/cetys_mercader1.jpg\",\"contentUrl\":\"https:\\\/\\\/www.cetys.mx\\\/noticias\\\/wp-content\\\/uploads\\\/2017\\\/02\\\/cetys_mercader1.jpg\",\"width\":958,\"height\":637},{\"@type\":\"BreadcrumbList\",\"@id\":\"https:\\\/\\\/www.cetys.mx\\\/noticias\\\/desarrolla-modelo-evaluacion-profesionistas\\\/#breadcrumb\",\"itemListElement\":[{\"@type\":\"ListItem\",\"position\":1,\"name\":\"Inicio\",\"item\":\"https:\\\/\\\/www.cetys.mx\\\/noticias\\\/\"},{\"@type\":\"ListItem\",\"position\":2,\"name\":\"Desarrolla modelo de evaluaci\u00f3n para profesionistas\"}]},{\"@type\":\"WebSite\",\"@id\":\"https:\\\/\\\/www.cetys.mx\\\/noticias\\\/#website\",\"url\":\"https:\\\/\\\/www.cetys.mx\\\/noticias\\\/\",\"name\":\"CETYS\",\"description\":\"\",\"potentialAction\":[{\"@type\":\"SearchAction\",\"target\":{\"@type\":\"EntryPoint\",\"urlTemplate\":\"https:\\\/\\\/www.cetys.mx\\\/noticias\\\/?s={search_term_string}\"},\"query-input\":{\"@type\":\"PropertyValueSpecification\",\"valueRequired\":true,\"valueName\":\"search_term_string\"}}],\"inLanguage\":\"es\"},{\"@type\":\"Person\",\"@id\":\"https:\\\/\\\/www.cetys.mx\\\/noticias\\\/#\\\/schema\\\/person\\\/e790051ce60e18ae47cfa87011c8653f\",\"name\":\"Campus Tijuana\",\"url\":\"https:\\\/\\\/www.cetys.mx\\\/noticias\\\/author\\\/campustijuana\\\/\"}]}<\/script>\n<!-- \/ Yoast SEO plugin. -->","yoast_head_json":{"title":"Desarrolla modelo de evaluaci\u00f3n para profesionistas - CETYS","description":"Articulo sobre Desarrolla modelo de evaluaci\u00f3n para profesionistas","robots":{"index":"index","follow":"follow","max-snippet":"max-snippet:-1","max-image-preview":"max-image-preview:large","max-video-preview":"max-video-preview:-1"},"canonical":"https:\/\/www.cetys.mx\/noticias\/desarrolla-modelo-evaluacion-profesionistas\/","og_locale":"es_MX","og_type":"article","og_title":"Desarrolla modelo de evaluaci\u00f3n para profesionistas - CETYS","og_description":"Articulo sobre Desarrolla modelo de evaluaci\u00f3n para profesionistas","og_url":"https:\/\/www.cetys.mx\/noticias\/desarrolla-modelo-evaluacion-profesionistas\/","og_site_name":"CETYS","article_publisher":"https:\/\/www.facebook.com\/cetysuniversidadmxl\/","article_published_time":"2017-02-09T01:14:46+00:00","og_image":[{"width":958,"height":637,"url":"https:\/\/www.cetys.mx\/noticias\/wp-content\/uploads\/2017\/02\/cetys_mercader1.jpg","type":"image\/jpeg"}],"author":"Campus Tijuana","twitter_card":"summary_large_image","twitter_creator":"@cetysuni","twitter_site":"@cetysuni","twitter_misc":{"Escrito por":"Campus Tijuana","Tiempo de lectura":"2 minutos"},"schema":{"@context":"https:\/\/schema.org","@graph":[{"@type":"Article","@id":"https:\/\/www.cetys.mx\/noticias\/desarrolla-modelo-evaluacion-profesionistas\/#article","isPartOf":{"@id":"https:\/\/www.cetys.mx\/noticias\/desarrolla-modelo-evaluacion-profesionistas\/"},"author":{"name":"Campus Tijuana","@id":"https:\/\/www.cetys.mx\/noticias\/#\/schema\/person\/e790051ce60e18ae47cfa87011c8653f"},"headline":"Desarrolla modelo de evaluaci\u00f3n para profesionistas","datePublished":"2017-02-09T01:14:46+00:00","mainEntityOfPage":{"@id":"https:\/\/www.cetys.mx\/noticias\/desarrolla-modelo-evaluacion-profesionistas\/"},"wordCount":347,"commentCount":0,"image":{"@id":"https:\/\/www.cetys.mx\/noticias\/desarrolla-modelo-evaluacion-profesionistas\/#primaryimage"},"thumbnailUrl":"https:\/\/www.cetys.mx\/noticias\/wp-content\/uploads\/2017\/02\/cetys_mercader1.jpg","keywords":["Academia","campustijuana","Cetys","CETYS Universidad","Emprendimiento","Innovaci\u00f3n","internacional","investigaci\u00f3n","liderazgo","vocetys-2017-02-10"],"articleSection":["Academia","Campus Tijuana","VoCETYS"],"inLanguage":"es","potentialAction":[{"@type":"CommentAction","name":"Comment","target":["https:\/\/www.cetys.mx\/noticias\/desarrolla-modelo-evaluacion-profesionistas\/#respond"]}]},{"@type":"WebPage","@id":"https:\/\/www.cetys.mx\/noticias\/desarrolla-modelo-evaluacion-profesionistas\/","url":"https:\/\/www.cetys.mx\/noticias\/desarrolla-modelo-evaluacion-profesionistas\/","name":"Desarrolla modelo de evaluaci\u00f3n para profesionistas - CETYS","isPartOf":{"@id":"https:\/\/www.cetys.mx\/noticias\/#website"},"primaryImageOfPage":{"@id":"https:\/\/www.cetys.mx\/noticias\/desarrolla-modelo-evaluacion-profesionistas\/#primaryimage"},"image":{"@id":"https:\/\/www.cetys.mx\/noticias\/desarrolla-modelo-evaluacion-profesionistas\/#primaryimage"},"thumbnailUrl":"https:\/\/www.cetys.mx\/noticias\/wp-content\/uploads\/2017\/02\/cetys_mercader1.jpg","datePublished":"2017-02-09T01:14:46+00:00","author":{"@id":"https:\/\/www.cetys.mx\/noticias\/#\/schema\/person\/e790051ce60e18ae47cfa87011c8653f"},"description":"Articulo sobre Desarrolla modelo de evaluaci\u00f3n para profesionistas","breadcrumb":{"@id":"https:\/\/www.cetys.mx\/noticias\/desarrolla-modelo-evaluacion-profesionistas\/#breadcrumb"},"inLanguage":"es","potentialAction":[{"@type":"ReadAction","target":["https:\/\/www.cetys.mx\/noticias\/desarrolla-modelo-evaluacion-profesionistas\/"]}]},{"@type":"ImageObject","inLanguage":"es","@id":"https:\/\/www.cetys.mx\/noticias\/desarrolla-modelo-evaluacion-profesionistas\/#primaryimage","url":"https:\/\/www.cetys.mx\/noticias\/wp-content\/uploads\/2017\/02\/cetys_mercader1.jpg","contentUrl":"https:\/\/www.cetys.mx\/noticias\/wp-content\/uploads\/2017\/02\/cetys_mercader1.jpg","width":958,"height":637},{"@type":"BreadcrumbList","@id":"https:\/\/www.cetys.mx\/noticias\/desarrolla-modelo-evaluacion-profesionistas\/#breadcrumb","itemListElement":[{"@type":"ListItem","position":1,"name":"Inicio","item":"https:\/\/www.cetys.mx\/noticias\/"},{"@type":"ListItem","position":2,"name":"Desarrolla modelo de evaluaci\u00f3n para profesionistas"}]},{"@type":"WebSite","@id":"https:\/\/www.cetys.mx\/noticias\/#website","url":"https:\/\/www.cetys.mx\/noticias\/","name":"CETYS","description":"","potentialAction":[{"@type":"SearchAction","target":{"@type":"EntryPoint","urlTemplate":"https:\/\/www.cetys.mx\/noticias\/?s={search_term_string}"},"query-input":{"@type":"PropertyValueSpecification","valueRequired":true,"valueName":"search_term_string"}}],"inLanguage":"es"},{"@type":"Person","@id":"https:\/\/www.cetys.mx\/noticias\/#\/schema\/person\/e790051ce60e18ae47cfa87011c8653f","name":"Campus Tijuana","url":"https:\/\/www.cetys.mx\/noticias\/author\/campustijuana\/"}]}},"_links":{"self":[{"href":"https:\/\/www.cetys.mx\/noticias\/wp-json\/wp\/v2\/posts\/68893","targetHints":{"allow":["GET"]}}],"collection":[{"href":"https:\/\/www.cetys.mx\/noticias\/wp-json\/wp\/v2\/posts"}],"about":[{"href":"https:\/\/www.cetys.mx\/noticias\/wp-json\/wp\/v2\/types\/post"}],"author":[{"embeddable":true,"href":"https:\/\/www.cetys.mx\/noticias\/wp-json\/wp\/v2\/users\/24"}],"replies":[{"embeddable":true,"href":"https:\/\/www.cetys.mx\/noticias\/wp-json\/wp\/v2\/comments?post=68893"}],"version-history":[{"count":0,"href":"https:\/\/www.cetys.mx\/noticias\/wp-json\/wp\/v2\/posts\/68893\/revisions"}],"wp:featuredmedia":[{"embeddable":true,"href":"https:\/\/www.cetys.mx\/noticias\/wp-json\/wp\/v2\/media\/68894"}],"wp:attachment":[{"href":"https:\/\/www.cetys.mx\/noticias\/wp-json\/wp\/v2\/media?parent=68893"}],"wp:term":[{"taxonomy":"category","embeddable":true,"href":"https:\/\/www.cetys.mx\/noticias\/wp-json\/wp\/v2\/categories?post=68893"},{"taxonomy":"post_tag","embeddable":true,"href":"https:\/\/www.cetys.mx\/noticias\/wp-json\/wp\/v2\/tags?post=68893"}],"curies":[{"name":"wp","href":"https:\/\/api.w.org\/{rel}","templated":true}]}}