{"id":68701,"date":"2017-01-31T13:30:11","date_gmt":"2017-01-31T21:30:11","guid":{"rendered":"http:\/\/www.cetys.mx\/noticias\/?p=68701"},"modified":"2017-06-01T12:22:13","modified_gmt":"2017-06-01T19:22:13","slug":"amplia-oferta-cultural-en-cetys","status":"publish","type":"post","link":"https:\/\/www.cetys.mx\/noticias\/amplia-oferta-cultural-en-cetys\/","title":{"rendered":"Amplia oferta cultural en CETYS"},"content":{"rendered":"<p style=\"text-align: justify;\">Las inscripciones para los <strong><a href=\"https:\/\/www.facebook.com\/cetyscultura\/?fref=ts\" target=\"_blank\">Talleres Culturales de CETYS Universidad<\/a><\/strong>, Campus Mexicali, en el per\u00edodo Enero-Junio, se encuentran abiertas, tanto para integrantes de la comunidad en general, como para estudiantes de la instituci\u00f3n, inform\u00f3 la Mtra. Natalia Silva Paz, Coordinadora de Difusi\u00f3n Cultural.<\/p>\n<p style=\"text-align: justify;\">La oferta cultural este semestre ser\u00e1n los talleres de: Danza Jazz, Canto y Vocalizaci\u00f3n, Teatro, M\u00fasica Formal, Creaci\u00f3n del C\u00f3mic, Fotograf\u00eda, Habilidades Musicales, Producci\u00f3n de Video, indic\u00f3 la Mtra. Silva Paz, quien adem\u00e1s destac\u00f3 que se incorporaron los nuevos de restauraci\u00f3n del mueble y t\u00e9cnicas de papel mache.<\/p>\n<p style=\"text-align: justify;\">Silva explic\u00f3 tambi\u00e9n, que los talleres de Artes pl\u00e1sticas y Danza Jazz, est\u00e1n disponibles tambi\u00e9n para ni\u00f1os. El resto de los talleres son para j\u00f3venes y adultos, as\u00ed como para los estudiantes y empleados de CETYS Universidad quienes tambi\u00e9n podr\u00e1n solicitar audici\u00f3n para ser parte de los Grupos Representativos: Orquesta Contratiempo, Danza Jazz &#8220;Entre la C&#8221;, Grupo de Teatro &#8220;Arist\u00f3fanes&#8221;, Grupo de Canto &#8220;Solsticio&#8221;, Orquesta de C\u00e1mara, Rondalla, Danza Folkl\u00f3rica y Grupo Fotogr\u00e1fico.<\/p>\n<p style=\"text-align: justify;\">La actividad de los Talleres Culturales arranc\u00f3 el lunes 30 de enero en distintos horarios, tanto matutinos como vespertinos, sin embargo, la Mtra. Natalia Silva, enfatiz\u00f3 que las inscripciones siguen abiertas por el resto de la semana e invit\u00f3 a la comunidad a formar parte de los diferentes modos de expresi\u00f3n art\u00edstica que el CETYS ofrece.<\/p>\n<p style=\"text-align: justify;\">Cabe destacar que en el caso de los talleres se brindan de manera gratuita a la poblaci\u00f3n estudiantil del CETYS de nivel Medio Superior y Superior, y tienen un costo accesible a la comunidad en general.<\/p>\n<p style=\"text-align: left;\">Para mayores informes, comunicarse al tel\u00e9fono (686) 567 37 14, o bien, a los correos\u00a0<a href=\"mailto:natalia.silva@cetys.mx\">natalia.silva@cetys.mx<\/a>,\u00a0<a href=\"mailto:david.bernal@cetys.mx\">david.bernal@cetys.mx<\/a><\/p>\n","protected":false},"excerpt":{"rendered":"<p>Las inscripciones para los Talleres Culturales de CETYS Universidad, Campus Mexicali, en el per\u00edodo Enero-Junio, se encuentran abiertas, tanto para integrantes de&#8230;<\/p>\n","protected":false},"author":20,"featured_media":68702,"comment_status":"open","ping_status":"open","sticky":false,"template":"","format":"standard","meta":{"footnotes":""},"categories":[133,323,125,105,313],"tags":[419,791,101,721,1330],"class_list":["post-68701","post","type-post","status-publish","format-standard","has-post-thumbnail","hentry","category-campus-mexicali","category-difusion-cultural","category-portada","category-vida-estudiantil","category-vocetys-2","tag-cultural","tag-difusion-cultural","tag-talleres","tag-vida-estudiantil","tag-vocetys-2017-01-31"],"yoast_head":"<!-- This site is optimized with the Yoast SEO plugin v27.4 - https:\/\/yoast.com\/product\/yoast-seo-wordpress\/ -->\n<title>Amplia oferta cultural en CETYS - CETYS<\/title>\n<meta name=\"description\" content=\"El departamento de Difusi\u00f3n Cultural del Campus Mexicali cuenta con varios talleres que iniciar\u00e1n esta semana.\" \/>\n<meta name=\"robots\" content=\"index, follow, max-snippet:-1, max-image-preview:large, max-video-preview:-1\" \/>\n<link rel=\"canonical\" href=\"https:\/\/www.cetys.mx\/noticias\/amplia-oferta-cultural-en-cetys\/\" \/>\n<meta property=\"og:locale\" content=\"es_MX\" \/>\n<meta property=\"og:type\" content=\"article\" \/>\n<meta property=\"og:title\" content=\"Amplia oferta cultural en CETYS - CETYS\" \/>\n<meta property=\"og:description\" content=\"El departamento de Difusi\u00f3n Cultural del Campus Mexicali cuenta con varios talleres que iniciar\u00e1n esta semana.\" \/>\n<meta property=\"og:url\" content=\"https:\/\/www.cetys.mx\/noticias\/amplia-oferta-cultural-en-cetys\/\" \/>\n<meta property=\"og:site_name\" content=\"CETYS\" \/>\n<meta property=\"article:publisher\" content=\"https:\/\/www.facebook.com\/cetysuniversidadmxl\/\" \/>\n<meta property=\"article:published_time\" content=\"2017-01-31T21:30:11+00:00\" \/>\n<meta property=\"article:modified_time\" content=\"2017-06-01T19:22:13+00:00\" \/>\n<meta property=\"og:image\" content=\"https:\/\/www.cetys.mx\/noticias\/wp-content\/uploads\/2017\/01\/TC1_portada_portal.jpg\" \/>\n\t<meta property=\"og:image:width\" content=\"958\" \/>\n\t<meta property=\"og:image:height\" content=\"637\" \/>\n\t<meta property=\"og:image:type\" content=\"image\/jpeg\" \/>\n<meta name=\"author\" content=\"Campus Mexicali\" \/>\n<meta name=\"twitter:card\" content=\"summary_large_image\" \/>\n<meta name=\"twitter:creator\" content=\"@cetysuni\" \/>\n<meta name=\"twitter:site\" content=\"@cetysuni\" \/>\n<meta name=\"twitter:label1\" content=\"Escrito por\" \/>\n\t<meta name=\"twitter:data1\" content=\"Campus Mexicali\" \/>\n\t<meta name=\"twitter:label2\" content=\"Tiempo de lectura\" \/>\n\t<meta name=\"twitter:data2\" content=\"2 minutos\" \/>\n<script type=\"application\/ld+json\" class=\"yoast-schema-graph\">{\"@context\":\"https:\\\/\\\/schema.org\",\"@graph\":[{\"@type\":\"Article\",\"@id\":\"https:\\\/\\\/www.cetys.mx\\\/noticias\\\/amplia-oferta-cultural-en-cetys\\\/#article\",\"isPartOf\":{\"@id\":\"https:\\\/\\\/www.cetys.mx\\\/noticias\\\/amplia-oferta-cultural-en-cetys\\\/\"},\"author\":{\"name\":\"Campus Mexicali\",\"@id\":\"https:\\\/\\\/www.cetys.mx\\\/noticias\\\/#\\\/schema\\\/person\\\/79a95c4ac185f3705cf1b9c9340a5f70\"},\"headline\":\"Amplia oferta cultural en CETYS\",\"datePublished\":\"2017-01-31T21:30:11+00:00\",\"dateModified\":\"2017-06-01T19:22:13+00:00\",\"mainEntityOfPage\":{\"@id\":\"https:\\\/\\\/www.cetys.mx\\\/noticias\\\/amplia-oferta-cultural-en-cetys\\\/\"},\"wordCount\":308,\"commentCount\":0,\"image\":{\"@id\":\"https:\\\/\\\/www.cetys.mx\\\/noticias\\\/amplia-oferta-cultural-en-cetys\\\/#primaryimage\"},\"thumbnailUrl\":\"https:\\\/\\\/www.cetys.mx\\\/noticias\\\/wp-content\\\/uploads\\\/2017\\\/01\\\/TC1_portada_portal.jpg\",\"keywords\":[\"Cultural\",\"Difusi\u00f3n Cultural\",\"talleres\",\"Vida Estudiantil\",\"vocetys-2017-01-31\"],\"articleSection\":[\"Campus Mexicali\",\"Difusion cultural\",\"Portada\",\"Vida Estudiantil\",\"VoCETYS\"],\"inLanguage\":\"es\",\"potentialAction\":[{\"@type\":\"CommentAction\",\"name\":\"Comment\",\"target\":[\"https:\\\/\\\/www.cetys.mx\\\/noticias\\\/amplia-oferta-cultural-en-cetys\\\/#respond\"]}]},{\"@type\":\"WebPage\",\"@id\":\"https:\\\/\\\/www.cetys.mx\\\/noticias\\\/amplia-oferta-cultural-en-cetys\\\/\",\"url\":\"https:\\\/\\\/www.cetys.mx\\\/noticias\\\/amplia-oferta-cultural-en-cetys\\\/\",\"name\":\"Amplia oferta cultural en CETYS - CETYS\",\"isPartOf\":{\"@id\":\"https:\\\/\\\/www.cetys.mx\\\/noticias\\\/#website\"},\"primaryImageOfPage\":{\"@id\":\"https:\\\/\\\/www.cetys.mx\\\/noticias\\\/amplia-oferta-cultural-en-cetys\\\/#primaryimage\"},\"image\":{\"@id\":\"https:\\\/\\\/www.cetys.mx\\\/noticias\\\/amplia-oferta-cultural-en-cetys\\\/#primaryimage\"},\"thumbnailUrl\":\"https:\\\/\\\/www.cetys.mx\\\/noticias\\\/wp-content\\\/uploads\\\/2017\\\/01\\\/TC1_portada_portal.jpg\",\"datePublished\":\"2017-01-31T21:30:11+00:00\",\"dateModified\":\"2017-06-01T19:22:13+00:00\",\"author\":{\"@id\":\"https:\\\/\\\/www.cetys.mx\\\/noticias\\\/#\\\/schema\\\/person\\\/79a95c4ac185f3705cf1b9c9340a5f70\"},\"description\":\"El departamento de Difusi\u00f3n Cultural del Campus Mexicali cuenta con varios talleres que iniciar\u00e1n esta semana.\",\"breadcrumb\":{\"@id\":\"https:\\\/\\\/www.cetys.mx\\\/noticias\\\/amplia-oferta-cultural-en-cetys\\\/#breadcrumb\"},\"inLanguage\":\"es\",\"potentialAction\":[{\"@type\":\"ReadAction\",\"target\":[\"https:\\\/\\\/www.cetys.mx\\\/noticias\\\/amplia-oferta-cultural-en-cetys\\\/\"]}]},{\"@type\":\"ImageObject\",\"inLanguage\":\"es\",\"@id\":\"https:\\\/\\\/www.cetys.mx\\\/noticias\\\/amplia-oferta-cultural-en-cetys\\\/#primaryimage\",\"url\":\"https:\\\/\\\/www.cetys.mx\\\/noticias\\\/wp-content\\\/uploads\\\/2017\\\/01\\\/TC1_portada_portal.jpg\",\"contentUrl\":\"https:\\\/\\\/www.cetys.mx\\\/noticias\\\/wp-content\\\/uploads\\\/2017\\\/01\\\/TC1_portada_portal.jpg\",\"width\":958,\"height\":637},{\"@type\":\"BreadcrumbList\",\"@id\":\"https:\\\/\\\/www.cetys.mx\\\/noticias\\\/amplia-oferta-cultural-en-cetys\\\/#breadcrumb\",\"itemListElement\":[{\"@type\":\"ListItem\",\"position\":1,\"name\":\"Inicio\",\"item\":\"https:\\\/\\\/www.cetys.mx\\\/noticias\\\/\"},{\"@type\":\"ListItem\",\"position\":2,\"name\":\"Amplia oferta cultural en CETYS\"}]},{\"@type\":\"WebSite\",\"@id\":\"https:\\\/\\\/www.cetys.mx\\\/noticias\\\/#website\",\"url\":\"https:\\\/\\\/www.cetys.mx\\\/noticias\\\/\",\"name\":\"CETYS\",\"description\":\"\",\"potentialAction\":[{\"@type\":\"SearchAction\",\"target\":{\"@type\":\"EntryPoint\",\"urlTemplate\":\"https:\\\/\\\/www.cetys.mx\\\/noticias\\\/?s={search_term_string}\"},\"query-input\":{\"@type\":\"PropertyValueSpecification\",\"valueRequired\":true,\"valueName\":\"search_term_string\"}}],\"inLanguage\":\"es\"},{\"@type\":\"Person\",\"@id\":\"https:\\\/\\\/www.cetys.mx\\\/noticias\\\/#\\\/schema\\\/person\\\/79a95c4ac185f3705cf1b9c9340a5f70\",\"name\":\"Campus Mexicali\",\"url\":\"https:\\\/\\\/www.cetys.mx\\\/noticias\\\/author\\\/campusmexicali\\\/\"}]}<\/script>\n<!-- \/ Yoast SEO plugin. -->","yoast_head_json":{"title":"Amplia oferta cultural en CETYS - CETYS","description":"El departamento de Difusi\u00f3n Cultural del Campus Mexicali cuenta con varios talleres que iniciar\u00e1n esta semana.","robots":{"index":"index","follow":"follow","max-snippet":"max-snippet:-1","max-image-preview":"max-image-preview:large","max-video-preview":"max-video-preview:-1"},"canonical":"https:\/\/www.cetys.mx\/noticias\/amplia-oferta-cultural-en-cetys\/","og_locale":"es_MX","og_type":"article","og_title":"Amplia oferta cultural en CETYS - CETYS","og_description":"El departamento de Difusi\u00f3n Cultural del Campus Mexicali cuenta con varios talleres que iniciar\u00e1n esta semana.","og_url":"https:\/\/www.cetys.mx\/noticias\/amplia-oferta-cultural-en-cetys\/","og_site_name":"CETYS","article_publisher":"https:\/\/www.facebook.com\/cetysuniversidadmxl\/","article_published_time":"2017-01-31T21:30:11+00:00","article_modified_time":"2017-06-01T19:22:13+00:00","og_image":[{"width":958,"height":637,"url":"https:\/\/www.cetys.mx\/noticias\/wp-content\/uploads\/2017\/01\/TC1_portada_portal.jpg","type":"image\/jpeg"}],"author":"Campus Mexicali","twitter_card":"summary_large_image","twitter_creator":"@cetysuni","twitter_site":"@cetysuni","twitter_misc":{"Escrito por":"Campus Mexicali","Tiempo de lectura":"2 minutos"},"schema":{"@context":"https:\/\/schema.org","@graph":[{"@type":"Article","@id":"https:\/\/www.cetys.mx\/noticias\/amplia-oferta-cultural-en-cetys\/#article","isPartOf":{"@id":"https:\/\/www.cetys.mx\/noticias\/amplia-oferta-cultural-en-cetys\/"},"author":{"name":"Campus Mexicali","@id":"https:\/\/www.cetys.mx\/noticias\/#\/schema\/person\/79a95c4ac185f3705cf1b9c9340a5f70"},"headline":"Amplia oferta cultural en CETYS","datePublished":"2017-01-31T21:30:11+00:00","dateModified":"2017-06-01T19:22:13+00:00","mainEntityOfPage":{"@id":"https:\/\/www.cetys.mx\/noticias\/amplia-oferta-cultural-en-cetys\/"},"wordCount":308,"commentCount":0,"image":{"@id":"https:\/\/www.cetys.mx\/noticias\/amplia-oferta-cultural-en-cetys\/#primaryimage"},"thumbnailUrl":"https:\/\/www.cetys.mx\/noticias\/wp-content\/uploads\/2017\/01\/TC1_portada_portal.jpg","keywords":["Cultural","Difusi\u00f3n Cultural","talleres","Vida Estudiantil","vocetys-2017-01-31"],"articleSection":["Campus Mexicali","Difusion cultural","Portada","Vida Estudiantil","VoCETYS"],"inLanguage":"es","potentialAction":[{"@type":"CommentAction","name":"Comment","target":["https:\/\/www.cetys.mx\/noticias\/amplia-oferta-cultural-en-cetys\/#respond"]}]},{"@type":"WebPage","@id":"https:\/\/www.cetys.mx\/noticias\/amplia-oferta-cultural-en-cetys\/","url":"https:\/\/www.cetys.mx\/noticias\/amplia-oferta-cultural-en-cetys\/","name":"Amplia oferta cultural en CETYS - CETYS","isPartOf":{"@id":"https:\/\/www.cetys.mx\/noticias\/#website"},"primaryImageOfPage":{"@id":"https:\/\/www.cetys.mx\/noticias\/amplia-oferta-cultural-en-cetys\/#primaryimage"},"image":{"@id":"https:\/\/www.cetys.mx\/noticias\/amplia-oferta-cultural-en-cetys\/#primaryimage"},"thumbnailUrl":"https:\/\/www.cetys.mx\/noticias\/wp-content\/uploads\/2017\/01\/TC1_portada_portal.jpg","datePublished":"2017-01-31T21:30:11+00:00","dateModified":"2017-06-01T19:22:13+00:00","author":{"@id":"https:\/\/www.cetys.mx\/noticias\/#\/schema\/person\/79a95c4ac185f3705cf1b9c9340a5f70"},"description":"El departamento de Difusi\u00f3n Cultural del Campus Mexicali cuenta con varios talleres que iniciar\u00e1n esta semana.","breadcrumb":{"@id":"https:\/\/www.cetys.mx\/noticias\/amplia-oferta-cultural-en-cetys\/#breadcrumb"},"inLanguage":"es","potentialAction":[{"@type":"ReadAction","target":["https:\/\/www.cetys.mx\/noticias\/amplia-oferta-cultural-en-cetys\/"]}]},{"@type":"ImageObject","inLanguage":"es","@id":"https:\/\/www.cetys.mx\/noticias\/amplia-oferta-cultural-en-cetys\/#primaryimage","url":"https:\/\/www.cetys.mx\/noticias\/wp-content\/uploads\/2017\/01\/TC1_portada_portal.jpg","contentUrl":"https:\/\/www.cetys.mx\/noticias\/wp-content\/uploads\/2017\/01\/TC1_portada_portal.jpg","width":958,"height":637},{"@type":"BreadcrumbList","@id":"https:\/\/www.cetys.mx\/noticias\/amplia-oferta-cultural-en-cetys\/#breadcrumb","itemListElement":[{"@type":"ListItem","position":1,"name":"Inicio","item":"https:\/\/www.cetys.mx\/noticias\/"},{"@type":"ListItem","position":2,"name":"Amplia oferta cultural en CETYS"}]},{"@type":"WebSite","@id":"https:\/\/www.cetys.mx\/noticias\/#website","url":"https:\/\/www.cetys.mx\/noticias\/","name":"CETYS","description":"","potentialAction":[{"@type":"SearchAction","target":{"@type":"EntryPoint","urlTemplate":"https:\/\/www.cetys.mx\/noticias\/?s={search_term_string}"},"query-input":{"@type":"PropertyValueSpecification","valueRequired":true,"valueName":"search_term_string"}}],"inLanguage":"es"},{"@type":"Person","@id":"https:\/\/www.cetys.mx\/noticias\/#\/schema\/person\/79a95c4ac185f3705cf1b9c9340a5f70","name":"Campus Mexicali","url":"https:\/\/www.cetys.mx\/noticias\/author\/campusmexicali\/"}]}},"_links":{"self":[{"href":"https:\/\/www.cetys.mx\/noticias\/wp-json\/wp\/v2\/posts\/68701","targetHints":{"allow":["GET"]}}],"collection":[{"href":"https:\/\/www.cetys.mx\/noticias\/wp-json\/wp\/v2\/posts"}],"about":[{"href":"https:\/\/www.cetys.mx\/noticias\/wp-json\/wp\/v2\/types\/post"}],"author":[{"embeddable":true,"href":"https:\/\/www.cetys.mx\/noticias\/wp-json\/wp\/v2\/users\/20"}],"replies":[{"embeddable":true,"href":"https:\/\/www.cetys.mx\/noticias\/wp-json\/wp\/v2\/comments?post=68701"}],"version-history":[{"count":0,"href":"https:\/\/www.cetys.mx\/noticias\/wp-json\/wp\/v2\/posts\/68701\/revisions"}],"wp:featuredmedia":[{"embeddable":true,"href":"https:\/\/www.cetys.mx\/noticias\/wp-json\/wp\/v2\/media\/68702"}],"wp:attachment":[{"href":"https:\/\/www.cetys.mx\/noticias\/wp-json\/wp\/v2\/media?parent=68701"}],"wp:term":[{"taxonomy":"category","embeddable":true,"href":"https:\/\/www.cetys.mx\/noticias\/wp-json\/wp\/v2\/categories?post=68701"},{"taxonomy":"post_tag","embeddable":true,"href":"https:\/\/www.cetys.mx\/noticias\/wp-json\/wp\/v2\/tags?post=68701"}],"curies":[{"name":"wp","href":"https:\/\/api.w.org\/{rel}","templated":true}]}}