{"id":68657,"date":"2017-02-02T17:25:43","date_gmt":"2017-02-03T01:25:43","guid":{"rendered":"http:\/\/www.cetys.mx\/noticias\/?p=68657"},"modified":"2017-02-08T16:54:32","modified_gmt":"2017-02-09T00:54:32","slug":"preocupa-a-bachilleres-desigualdad-genero","status":"publish","type":"post","link":"https:\/\/www.cetys.mx\/noticias\/preocupa-a-bachilleres-desigualdad-genero\/","title":{"rendered":"Preocupa a bachilleres desigualdad de g\u00e9nero"},"content":{"rendered":"<p align=\"justify\">Un destacado grupo de estudiantes de la <a href=\"https:\/\/www.cetys.mx\/5-preparatoria\/\">Preparatoria de CETYS Universidad Campus Tijuana<\/a> fueron parte de los poco m\u00e1s de 700 j\u00f3venes de <strong>Tijuana \u2013 San Diego<\/strong> que participaron en la edici\u00f3n 2017 de la <strong>\u201cJunta regional anual de j\u00f3venes\u201d<\/strong>, con sede en la vecina ciudad americana, dedicada este a\u00f1o al an\u00e1lisis de <strong>\u201cEl impacto de la desigualdad de g\u00e9nero\u201d<\/strong>.<\/p>\n<div id=\"attachment_68816\" style=\"width: 383px\" class=\"wp-caption alignleft\"><a href=\"https:\/\/www.cetys.mx\/noticias\/wp-content\/uploads\/2017\/01\/IMG_02561.jpg\"><img loading=\"lazy\" decoding=\"async\" aria-describedby=\"caption-attachment-68816\" class=\"wp-image-68816 \" src=\"https:\/\/www.cetys.mx\/noticias\/wp-content\/uploads\/2017\/01\/IMG_02561.jpg\" alt=\"IMG_0256\" width=\"373\" height=\"280\" \/><\/a><p id=\"caption-attachment-68816\" class=\"wp-caption-text\">Bachilleres de CETYS Tijuana se mostraron contentos e interesados en reflexionar sobre la igualdad de g\u00e9nero.<\/p><\/div>\n<p align=\"justify\">Durante el evento, organizado por el Instituto \u201cJoan B. Kroc\u201d de Paz y Justicia perteneciente a la Escuela de Estudios de Paz \u201cJoan B. Kroc\u201d de la Universidad de San Diego, los bachilleres tijuanenses tuvieron la oportunidad de abordar el tema desde los enfoques de paz y seguridad, liderazgo y participaci\u00f3n, desarrollo sustentable, comprensi\u00f3n de g\u00e9nero y violencia basada en g\u00e9nero.<\/p>\n<p align=\"justify\">El objetivo de dicho encuentro es <strong>crear un espacio para que los j\u00f3venes se sientan con la libertad y el poder de opinar y cuestionar a expertos acerca de las problem\u00e1ticas globales actuales<\/strong> que inciden en su contexto. As\u00ed como a inspirarlos para que tomen una postura ante los problemas que ata\u00f1en a la comunidad global y se conviertan en agentes de cambio desde sus contextos locales.<\/p>\n<p align=\"justify\">El encuentro cont\u00f3 con <strong>m\u00e1s de treinta expositores expertos<\/strong> y <strong>un keynote speaker<\/strong>, Jeff Perera, miembro de la organizaci\u00f3n Next Gen Men, quien habl\u00f3 acerca de la necesidad de educar y empoderar a los hombres y ni\u00f1os a ser parte del cambio y luchar contra la violencia de g\u00e9nero; presentaciones a las cuales acudieron los <strong>30 j\u00f3venes que representaron a CETYS Universidad<\/strong>, as\u00ed como los acad\u00e9micos Carlos Manuel Casta\u00f1eda Mart\u00ednez y Yolanda Robles Rodr\u00edguez.<\/p>\n<p align=\"justify\">Asimismo, este a\u00f1o se cont\u00f3 con la participaci\u00f3n de la alumna de sexto semestre Bachillerato Internacional, Sof\u00eda Victoria Ram\u00edrez Sandoval, quien fue moderadora de la sesi\u00f3n <strong>\u201cLeadership Tools for Conscious, Inclusive Decision Making\u201d<\/strong> dirigida por Bo Bae, Taylor Harrel y Sonya Mohamed, estudiantes de maestr\u00eda de la Universidad de San Diego.<\/p>\n<blockquote>\n<p align=\"justify\">\u201cMe di cuenta de que quiero hacer un cambio y crear un impacto positivo en mi entorno, que para ello tengo que ser valiente, tomar riesgos y probar nuevas experiencias. Ser moderadora fue una excelente oportunidad para probar algo diferente, desarrollar nuevas habilidades y conocer gente con la que pueda participar en conversaciones intelectuales.\u201d, comparti\u00f3 Ram\u00edrez Sandoval.<\/p>\n<\/blockquote>\n","protected":false},"excerpt":{"rendered":"<p>Un destacado grupo de estudiantes de la Preparatoria de CETYS Universidad Campus Tijuana fueron parte de los poco m\u00e1s de 700 j\u00f3venes&#8230;<\/p>\n","protected":false},"author":24,"featured_media":68813,"comment_status":"open","ping_status":"open","sticky":false,"template":"","format":"standard","meta":{"footnotes":""},"categories":[134,318,313],"tags":[285,665,328,168,221,342,92,226,1340],"class_list":["post-68657","post","type-post","status-publish","format-standard","has-post-thumbnail","hentry","category-campus-tijuana","category-preparatoria","category-vocetys-2","tag-alumnos","tag-bachilleres","tag-campustijuana","tag-cetys-universidad","tag-internacional","tag-liderazgo","tag-preparatoria","tag-tijuana","tag-vocetys-2017-02-10"],"yoast_head":"<!-- This site is optimized with the Yoast SEO plugin v27.4 - https:\/\/yoast.com\/product\/yoast-seo-wordpress\/ -->\n<title>Preocupa a bachilleres desigualdad de g\u00e9nero - CETYS<\/title>\n<meta name=\"description\" content=\"Articulo sobre Preocupa a bachilleres desigualdad de g\u00e9nero\" \/>\n<meta name=\"robots\" content=\"index, follow, max-snippet:-1, max-image-preview:large, max-video-preview:-1\" \/>\n<link rel=\"canonical\" href=\"https:\/\/www.cetys.mx\/noticias\/preocupa-a-bachilleres-desigualdad-genero\/\" \/>\n<meta property=\"og:locale\" content=\"es_MX\" \/>\n<meta property=\"og:type\" content=\"article\" \/>\n<meta property=\"og:title\" content=\"Preocupa a bachilleres desigualdad de g\u00e9nero - CETYS\" \/>\n<meta property=\"og:description\" content=\"Articulo sobre Preocupa a bachilleres desigualdad de g\u00e9nero\" \/>\n<meta property=\"og:url\" content=\"https:\/\/www.cetys.mx\/noticias\/preocupa-a-bachilleres-desigualdad-genero\/\" \/>\n<meta property=\"og:site_name\" content=\"CETYS\" \/>\n<meta property=\"article:publisher\" content=\"https:\/\/www.facebook.com\/cetysuniversidadmxl\/\" \/>\n<meta property=\"article:published_time\" content=\"2017-02-03T01:25:43+00:00\" \/>\n<meta property=\"article:modified_time\" content=\"2017-02-09T00:54:32+00:00\" \/>\n<meta property=\"og:image\" content=\"https:\/\/www.cetys.mx\/noticias\/wp-content\/uploads\/2017\/01\/cetys_prepa2017-1.jpg\" \/>\n\t<meta property=\"og:image:width\" content=\"958\" \/>\n\t<meta property=\"og:image:height\" content=\"637\" \/>\n\t<meta property=\"og:image:type\" content=\"image\/jpeg\" \/>\n<meta name=\"author\" content=\"Campus Tijuana\" \/>\n<meta name=\"twitter:card\" content=\"summary_large_image\" \/>\n<meta name=\"twitter:creator\" content=\"@cetysuni\" \/>\n<meta name=\"twitter:site\" content=\"@cetysuni\" \/>\n<meta name=\"twitter:label1\" content=\"Escrito por\" \/>\n\t<meta name=\"twitter:data1\" content=\"Campus Tijuana\" \/>\n\t<meta name=\"twitter:label2\" content=\"Tiempo de lectura\" \/>\n\t<meta name=\"twitter:data2\" content=\"2 minutos\" \/>\n<script type=\"application\/ld+json\" class=\"yoast-schema-graph\">{\"@context\":\"https:\\\/\\\/schema.org\",\"@graph\":[{\"@type\":\"Article\",\"@id\":\"https:\\\/\\\/www.cetys.mx\\\/noticias\\\/preocupa-a-bachilleres-desigualdad-genero\\\/#article\",\"isPartOf\":{\"@id\":\"https:\\\/\\\/www.cetys.mx\\\/noticias\\\/preocupa-a-bachilleres-desigualdad-genero\\\/\"},\"author\":{\"name\":\"Campus Tijuana\",\"@id\":\"https:\\\/\\\/www.cetys.mx\\\/noticias\\\/#\\\/schema\\\/person\\\/e790051ce60e18ae47cfa87011c8653f\"},\"headline\":\"Preocupa a bachilleres desigualdad de g\u00e9nero\",\"datePublished\":\"2017-02-03T01:25:43+00:00\",\"dateModified\":\"2017-02-09T00:54:32+00:00\",\"mainEntityOfPage\":{\"@id\":\"https:\\\/\\\/www.cetys.mx\\\/noticias\\\/preocupa-a-bachilleres-desigualdad-genero\\\/\"},\"wordCount\":427,\"commentCount\":0,\"image\":{\"@id\":\"https:\\\/\\\/www.cetys.mx\\\/noticias\\\/preocupa-a-bachilleres-desigualdad-genero\\\/#primaryimage\"},\"thumbnailUrl\":\"https:\\\/\\\/www.cetys.mx\\\/noticias\\\/wp-content\\\/uploads\\\/2017\\\/01\\\/cetys_prepa2017-1.jpg\",\"keywords\":[\"Alumnos\",\"Bachilleres\",\"campustijuana\",\"CETYS Universidad\",\"internacional\",\"liderazgo\",\"Preparatoria\",\"tijuana\",\"vocetys-2017-02-10\"],\"articleSection\":[\"Campus Tijuana\",\"Preparatoria\",\"VoCETYS\"],\"inLanguage\":\"es\",\"potentialAction\":[{\"@type\":\"CommentAction\",\"name\":\"Comment\",\"target\":[\"https:\\\/\\\/www.cetys.mx\\\/noticias\\\/preocupa-a-bachilleres-desigualdad-genero\\\/#respond\"]}]},{\"@type\":\"WebPage\",\"@id\":\"https:\\\/\\\/www.cetys.mx\\\/noticias\\\/preocupa-a-bachilleres-desigualdad-genero\\\/\",\"url\":\"https:\\\/\\\/www.cetys.mx\\\/noticias\\\/preocupa-a-bachilleres-desigualdad-genero\\\/\",\"name\":\"Preocupa a bachilleres desigualdad de g\u00e9nero - CETYS\",\"isPartOf\":{\"@id\":\"https:\\\/\\\/www.cetys.mx\\\/noticias\\\/#website\"},\"primaryImageOfPage\":{\"@id\":\"https:\\\/\\\/www.cetys.mx\\\/noticias\\\/preocupa-a-bachilleres-desigualdad-genero\\\/#primaryimage\"},\"image\":{\"@id\":\"https:\\\/\\\/www.cetys.mx\\\/noticias\\\/preocupa-a-bachilleres-desigualdad-genero\\\/#primaryimage\"},\"thumbnailUrl\":\"https:\\\/\\\/www.cetys.mx\\\/noticias\\\/wp-content\\\/uploads\\\/2017\\\/01\\\/cetys_prepa2017-1.jpg\",\"datePublished\":\"2017-02-03T01:25:43+00:00\",\"dateModified\":\"2017-02-09T00:54:32+00:00\",\"author\":{\"@id\":\"https:\\\/\\\/www.cetys.mx\\\/noticias\\\/#\\\/schema\\\/person\\\/e790051ce60e18ae47cfa87011c8653f\"},\"description\":\"Articulo sobre Preocupa a bachilleres desigualdad de g\u00e9nero\",\"breadcrumb\":{\"@id\":\"https:\\\/\\\/www.cetys.mx\\\/noticias\\\/preocupa-a-bachilleres-desigualdad-genero\\\/#breadcrumb\"},\"inLanguage\":\"es\",\"potentialAction\":[{\"@type\":\"ReadAction\",\"target\":[\"https:\\\/\\\/www.cetys.mx\\\/noticias\\\/preocupa-a-bachilleres-desigualdad-genero\\\/\"]}]},{\"@type\":\"ImageObject\",\"inLanguage\":\"es\",\"@id\":\"https:\\\/\\\/www.cetys.mx\\\/noticias\\\/preocupa-a-bachilleres-desigualdad-genero\\\/#primaryimage\",\"url\":\"https:\\\/\\\/www.cetys.mx\\\/noticias\\\/wp-content\\\/uploads\\\/2017\\\/01\\\/cetys_prepa2017-1.jpg\",\"contentUrl\":\"https:\\\/\\\/www.cetys.mx\\\/noticias\\\/wp-content\\\/uploads\\\/2017\\\/01\\\/cetys_prepa2017-1.jpg\",\"width\":958,\"height\":637},{\"@type\":\"BreadcrumbList\",\"@id\":\"https:\\\/\\\/www.cetys.mx\\\/noticias\\\/preocupa-a-bachilleres-desigualdad-genero\\\/#breadcrumb\",\"itemListElement\":[{\"@type\":\"ListItem\",\"position\":1,\"name\":\"Inicio\",\"item\":\"https:\\\/\\\/www.cetys.mx\\\/noticias\\\/\"},{\"@type\":\"ListItem\",\"position\":2,\"name\":\"Preocupa a bachilleres desigualdad de g\u00e9nero\"}]},{\"@type\":\"WebSite\",\"@id\":\"https:\\\/\\\/www.cetys.mx\\\/noticias\\\/#website\",\"url\":\"https:\\\/\\\/www.cetys.mx\\\/noticias\\\/\",\"name\":\"CETYS\",\"description\":\"\",\"potentialAction\":[{\"@type\":\"SearchAction\",\"target\":{\"@type\":\"EntryPoint\",\"urlTemplate\":\"https:\\\/\\\/www.cetys.mx\\\/noticias\\\/?s={search_term_string}\"},\"query-input\":{\"@type\":\"PropertyValueSpecification\",\"valueRequired\":true,\"valueName\":\"search_term_string\"}}],\"inLanguage\":\"es\"},{\"@type\":\"Person\",\"@id\":\"https:\\\/\\\/www.cetys.mx\\\/noticias\\\/#\\\/schema\\\/person\\\/e790051ce60e18ae47cfa87011c8653f\",\"name\":\"Campus Tijuana\",\"url\":\"https:\\\/\\\/www.cetys.mx\\\/noticias\\\/author\\\/campustijuana\\\/\"}]}<\/script>\n<!-- \/ Yoast SEO plugin. -->","yoast_head_json":{"title":"Preocupa a bachilleres desigualdad de g\u00e9nero - CETYS","description":"Articulo sobre Preocupa a bachilleres desigualdad de g\u00e9nero","robots":{"index":"index","follow":"follow","max-snippet":"max-snippet:-1","max-image-preview":"max-image-preview:large","max-video-preview":"max-video-preview:-1"},"canonical":"https:\/\/www.cetys.mx\/noticias\/preocupa-a-bachilleres-desigualdad-genero\/","og_locale":"es_MX","og_type":"article","og_title":"Preocupa a bachilleres desigualdad de g\u00e9nero - CETYS","og_description":"Articulo sobre Preocupa a bachilleres desigualdad de g\u00e9nero","og_url":"https:\/\/www.cetys.mx\/noticias\/preocupa-a-bachilleres-desigualdad-genero\/","og_site_name":"CETYS","article_publisher":"https:\/\/www.facebook.com\/cetysuniversidadmxl\/","article_published_time":"2017-02-03T01:25:43+00:00","article_modified_time":"2017-02-09T00:54:32+00:00","og_image":[{"width":958,"height":637,"url":"https:\/\/www.cetys.mx\/noticias\/wp-content\/uploads\/2017\/01\/cetys_prepa2017-1.jpg","type":"image\/jpeg"}],"author":"Campus Tijuana","twitter_card":"summary_large_image","twitter_creator":"@cetysuni","twitter_site":"@cetysuni","twitter_misc":{"Escrito por":"Campus Tijuana","Tiempo de lectura":"2 minutos"},"schema":{"@context":"https:\/\/schema.org","@graph":[{"@type":"Article","@id":"https:\/\/www.cetys.mx\/noticias\/preocupa-a-bachilleres-desigualdad-genero\/#article","isPartOf":{"@id":"https:\/\/www.cetys.mx\/noticias\/preocupa-a-bachilleres-desigualdad-genero\/"},"author":{"name":"Campus Tijuana","@id":"https:\/\/www.cetys.mx\/noticias\/#\/schema\/person\/e790051ce60e18ae47cfa87011c8653f"},"headline":"Preocupa a bachilleres desigualdad de g\u00e9nero","datePublished":"2017-02-03T01:25:43+00:00","dateModified":"2017-02-09T00:54:32+00:00","mainEntityOfPage":{"@id":"https:\/\/www.cetys.mx\/noticias\/preocupa-a-bachilleres-desigualdad-genero\/"},"wordCount":427,"commentCount":0,"image":{"@id":"https:\/\/www.cetys.mx\/noticias\/preocupa-a-bachilleres-desigualdad-genero\/#primaryimage"},"thumbnailUrl":"https:\/\/www.cetys.mx\/noticias\/wp-content\/uploads\/2017\/01\/cetys_prepa2017-1.jpg","keywords":["Alumnos","Bachilleres","campustijuana","CETYS Universidad","internacional","liderazgo","Preparatoria","tijuana","vocetys-2017-02-10"],"articleSection":["Campus Tijuana","Preparatoria","VoCETYS"],"inLanguage":"es","potentialAction":[{"@type":"CommentAction","name":"Comment","target":["https:\/\/www.cetys.mx\/noticias\/preocupa-a-bachilleres-desigualdad-genero\/#respond"]}]},{"@type":"WebPage","@id":"https:\/\/www.cetys.mx\/noticias\/preocupa-a-bachilleres-desigualdad-genero\/","url":"https:\/\/www.cetys.mx\/noticias\/preocupa-a-bachilleres-desigualdad-genero\/","name":"Preocupa a bachilleres desigualdad de g\u00e9nero - CETYS","isPartOf":{"@id":"https:\/\/www.cetys.mx\/noticias\/#website"},"primaryImageOfPage":{"@id":"https:\/\/www.cetys.mx\/noticias\/preocupa-a-bachilleres-desigualdad-genero\/#primaryimage"},"image":{"@id":"https:\/\/www.cetys.mx\/noticias\/preocupa-a-bachilleres-desigualdad-genero\/#primaryimage"},"thumbnailUrl":"https:\/\/www.cetys.mx\/noticias\/wp-content\/uploads\/2017\/01\/cetys_prepa2017-1.jpg","datePublished":"2017-02-03T01:25:43+00:00","dateModified":"2017-02-09T00:54:32+00:00","author":{"@id":"https:\/\/www.cetys.mx\/noticias\/#\/schema\/person\/e790051ce60e18ae47cfa87011c8653f"},"description":"Articulo sobre Preocupa a bachilleres desigualdad de g\u00e9nero","breadcrumb":{"@id":"https:\/\/www.cetys.mx\/noticias\/preocupa-a-bachilleres-desigualdad-genero\/#breadcrumb"},"inLanguage":"es","potentialAction":[{"@type":"ReadAction","target":["https:\/\/www.cetys.mx\/noticias\/preocupa-a-bachilleres-desigualdad-genero\/"]}]},{"@type":"ImageObject","inLanguage":"es","@id":"https:\/\/www.cetys.mx\/noticias\/preocupa-a-bachilleres-desigualdad-genero\/#primaryimage","url":"https:\/\/www.cetys.mx\/noticias\/wp-content\/uploads\/2017\/01\/cetys_prepa2017-1.jpg","contentUrl":"https:\/\/www.cetys.mx\/noticias\/wp-content\/uploads\/2017\/01\/cetys_prepa2017-1.jpg","width":958,"height":637},{"@type":"BreadcrumbList","@id":"https:\/\/www.cetys.mx\/noticias\/preocupa-a-bachilleres-desigualdad-genero\/#breadcrumb","itemListElement":[{"@type":"ListItem","position":1,"name":"Inicio","item":"https:\/\/www.cetys.mx\/noticias\/"},{"@type":"ListItem","position":2,"name":"Preocupa a bachilleres desigualdad de g\u00e9nero"}]},{"@type":"WebSite","@id":"https:\/\/www.cetys.mx\/noticias\/#website","url":"https:\/\/www.cetys.mx\/noticias\/","name":"CETYS","description":"","potentialAction":[{"@type":"SearchAction","target":{"@type":"EntryPoint","urlTemplate":"https:\/\/www.cetys.mx\/noticias\/?s={search_term_string}"},"query-input":{"@type":"PropertyValueSpecification","valueRequired":true,"valueName":"search_term_string"}}],"inLanguage":"es"},{"@type":"Person","@id":"https:\/\/www.cetys.mx\/noticias\/#\/schema\/person\/e790051ce60e18ae47cfa87011c8653f","name":"Campus Tijuana","url":"https:\/\/www.cetys.mx\/noticias\/author\/campustijuana\/"}]}},"_links":{"self":[{"href":"https:\/\/www.cetys.mx\/noticias\/wp-json\/wp\/v2\/posts\/68657","targetHints":{"allow":["GET"]}}],"collection":[{"href":"https:\/\/www.cetys.mx\/noticias\/wp-json\/wp\/v2\/posts"}],"about":[{"href":"https:\/\/www.cetys.mx\/noticias\/wp-json\/wp\/v2\/types\/post"}],"author":[{"embeddable":true,"href":"https:\/\/www.cetys.mx\/noticias\/wp-json\/wp\/v2\/users\/24"}],"replies":[{"embeddable":true,"href":"https:\/\/www.cetys.mx\/noticias\/wp-json\/wp\/v2\/comments?post=68657"}],"version-history":[{"count":0,"href":"https:\/\/www.cetys.mx\/noticias\/wp-json\/wp\/v2\/posts\/68657\/revisions"}],"wp:featuredmedia":[{"embeddable":true,"href":"https:\/\/www.cetys.mx\/noticias\/wp-json\/wp\/v2\/media\/68813"}],"wp:attachment":[{"href":"https:\/\/www.cetys.mx\/noticias\/wp-json\/wp\/v2\/media?parent=68657"}],"wp:term":[{"taxonomy":"category","embeddable":true,"href":"https:\/\/www.cetys.mx\/noticias\/wp-json\/wp\/v2\/categories?post=68657"},{"taxonomy":"post_tag","embeddable":true,"href":"https:\/\/www.cetys.mx\/noticias\/wp-json\/wp\/v2\/tags?post=68657"}],"curies":[{"name":"wp","href":"https:\/\/api.w.org\/{rel}","templated":true}]}}