{"id":68114,"date":"2016-12-15T10:30:13","date_gmt":"2016-12-15T18:30:13","guid":{"rendered":"http:\/\/www.cetys.mx\/noticias\/?p=68114"},"modified":"2017-10-10T18:27:01","modified_gmt":"2017-10-11T01:27:01","slug":"cetys-tendra-doctorado-en-educacion","status":"publish","type":"post","link":"https:\/\/www.cetys.mx\/noticias\/cetys-tendra-doctorado-en-educacion\/","title":{"rendered":"CETYS tendr\u00e1 doctorado en Educaci\u00f3n"},"content":{"rendered":"<p>El Sistema CETYS Universidad contar\u00e1 con el nuevo programa de Doctorado en Educaci\u00f3n, \u201cTransformando la realidad educativa\u201d en 2017, as\u00ed se anunci\u00f3 en una rueda de prensa por parte de la instituci\u00f3n.<\/p>\n<p>El evento fue presidido por el Dr. Alberto G\u00e1rate Rivera, Vicerrector Acad\u00e9mico del Sistema CETYS Universidad, la Dra. Cecilia Osuna Lever, Directora del Colegio de Ciencias Sociales y Humanidades del CETYS y la Mtra. Jessica Ibarra Ramonet, Directora Zona Costa de CETYS Universidad.<\/p>\n<p>Por su parte el Dr. G\u00e1rate Rivera, explic\u00f3 que la instituci\u00f3n est\u00e1 respondiendo a los retos de la globalizaci\u00f3n, la tecnolog\u00eda, la inteligencia cultural y habilidades internacionales formando profesionistas m\u00e1s competitivos globalmente en \u00e1reas como la ingenier\u00eda, la administraci\u00f3n y el emprendimiento\u00a0y la educaci\u00f3n.<\/p>\n<p>\u201cParte de esta innovaci\u00f3n se encuentra en la oferta educativa y los planes de estudios, por ello CETYS Universidad Ensenada en 2017 tendr\u00e1 un Doctorado\u201d, argument\u00f3 el Vicerrector Acad\u00e9mico.<\/p>\n<p>La Dra. Cecilia Osuna Lever, coment\u00f3 que el Doctorado en Educaci\u00f3n est\u00e1 dirigido a especialistas en el campo de la educaci\u00f3n que sean capaces de: dise\u00f1ar, desarrollar, aplicar y evaluar, proyectos de investigaci\u00f3n y de gesti\u00f3n en el campo educativo<\/p>\n<p>\u201cBuscamos personas que sean capaces de generar conocimientos aplicables en los \u00e1mbitos sociales, educativos, culturales, y empresariales, tanto en la regi\u00f3n, como en el pa\u00eds y a nivel internacional\u201d dijo.<\/p>\n<p>Jessica Ibarra Ramonet, resalt\u00f3 que la apertura de nuevos programas para 2017, como lo es el Doctora en Educaci\u00f3n, vendr\u00e1 a generar resultados positivos de profesionalizaci\u00f3n, as\u00ed como el mejoramiento del nivel educativo en Baja California gracias al desarrollo de proyectos enfocados en dicho sector.<\/p>\n<p>Este nuevo programa cuenta con dos concentraciones: Educaci\u00f3n y Valores o Gesti\u00f3n Educativa.<\/p>\n<ul>\n<li><em>Modalidad semestral (3 a\u00f1os) <\/em><\/li>\n<li><em>Materias: 12<\/em><\/li>\n<li><em>C\u00e1tedras distinguidas <\/em><\/li>\n<li><em>Maestros y curso de verano en Espa\u00f1a<\/em><\/li>\n<\/ul>\n<p>La primera sesi\u00f3n informativa ser\u00e1 el jueves 19 de enero de 2017 y el examen de admisi\u00f3n el s\u00e1bado 28 de enero del mismo a\u00f1o, para m\u00e1s informaci\u00f3n comunicarse al tel\u00e9fono 222 23 00 ext. 128 o al correo karla.ornelas@cetys.mx<\/p>\n","protected":false},"excerpt":{"rendered":"<p>El Sistema CETYS Universidad contar\u00e1 con el nuevo programa de Doctorado en Educaci\u00f3n, \u201cTransformando la realidad educativa\u201d en 2017, as\u00ed se anunci\u00f3&#8230;<\/p>\n","protected":false},"author":23,"featured_media":68115,"comment_status":"open","ping_status":"open","sticky":false,"template":"","format":"standard","meta":{"footnotes":""},"categories":[132,309,313],"tags":[1274],"class_list":["post-68114","post","type-post","status-publish","format-standard","has-post-thumbnail","hentry","category-campus-ensenada","category-posgrado","category-vocetys-2","tag-vocetys-top-2016-12-15"],"yoast_head":"<!-- This site is optimized with the Yoast SEO plugin v27.4 - https:\/\/yoast.com\/product\/yoast-seo-wordpress\/ -->\n<title>CETYS tendr\u00e1 doctorado en Educaci\u00f3n - CETYS<\/title>\n<meta name=\"description\" content=\"Articulo sobre CETYS tendr\u00e1 doctorado en Educaci\u00f3n\" \/>\n<meta name=\"robots\" content=\"index, follow, max-snippet:-1, max-image-preview:large, max-video-preview:-1\" \/>\n<link rel=\"canonical\" href=\"https:\/\/www.cetys.mx\/noticias\/cetys-tendra-doctorado-en-educacion\/\" \/>\n<meta property=\"og:locale\" content=\"es_MX\" \/>\n<meta property=\"og:type\" content=\"article\" \/>\n<meta property=\"og:title\" content=\"CETYS tendr\u00e1 doctorado en Educaci\u00f3n - CETYS\" \/>\n<meta property=\"og:description\" content=\"Articulo sobre CETYS tendr\u00e1 doctorado en Educaci\u00f3n\" \/>\n<meta property=\"og:url\" content=\"https:\/\/www.cetys.mx\/noticias\/cetys-tendra-doctorado-en-educacion\/\" \/>\n<meta property=\"og:site_name\" content=\"CETYS\" \/>\n<meta property=\"article:publisher\" content=\"https:\/\/www.facebook.com\/cetysuniversidadmxl\/\" \/>\n<meta property=\"article:published_time\" content=\"2016-12-15T18:30:13+00:00\" \/>\n<meta property=\"article:modified_time\" content=\"2017-10-11T01:27:01+00:00\" \/>\n<meta property=\"og:image\" content=\"https:\/\/www.cetys.mx\/noticias\/wp-content\/uploads\/2016\/12\/doctorado-en-educacion.jpg\" \/>\n\t<meta property=\"og:image:width\" content=\"958\" \/>\n\t<meta property=\"og:image:height\" content=\"637\" \/>\n\t<meta property=\"og:image:type\" content=\"image\/jpeg\" \/>\n<meta name=\"author\" content=\"Campus Ensenada\" \/>\n<meta name=\"twitter:card\" content=\"summary_large_image\" \/>\n<meta name=\"twitter:creator\" content=\"@cetysuni\" \/>\n<meta name=\"twitter:site\" content=\"@cetysuni\" \/>\n<meta name=\"twitter:label1\" content=\"Escrito por\" \/>\n\t<meta name=\"twitter:data1\" content=\"Campus Ensenada\" \/>\n\t<meta name=\"twitter:label2\" content=\"Tiempo de lectura\" \/>\n\t<meta name=\"twitter:data2\" content=\"2 minutos\" \/>\n<script type=\"application\/ld+json\" class=\"yoast-schema-graph\">{\"@context\":\"https:\\\/\\\/schema.org\",\"@graph\":[{\"@type\":\"Article\",\"@id\":\"https:\\\/\\\/www.cetys.mx\\\/noticias\\\/cetys-tendra-doctorado-en-educacion\\\/#article\",\"isPartOf\":{\"@id\":\"https:\\\/\\\/www.cetys.mx\\\/noticias\\\/cetys-tendra-doctorado-en-educacion\\\/\"},\"author\":{\"name\":\"Campus Ensenada\",\"@id\":\"https:\\\/\\\/www.cetys.mx\\\/noticias\\\/#\\\/schema\\\/person\\\/1a1a88c0b6586e66a2e9e88e07afc712\"},\"headline\":\"CETYS tendr\u00e1 doctorado en Educaci\u00f3n\",\"datePublished\":\"2016-12-15T18:30:13+00:00\",\"dateModified\":\"2017-10-11T01:27:01+00:00\",\"mainEntityOfPage\":{\"@id\":\"https:\\\/\\\/www.cetys.mx\\\/noticias\\\/cetys-tendra-doctorado-en-educacion\\\/\"},\"wordCount\":364,\"commentCount\":0,\"image\":{\"@id\":\"https:\\\/\\\/www.cetys.mx\\\/noticias\\\/cetys-tendra-doctorado-en-educacion\\\/#primaryimage\"},\"thumbnailUrl\":\"https:\\\/\\\/www.cetys.mx\\\/noticias\\\/wp-content\\\/uploads\\\/2016\\\/12\\\/doctorado-en-educacion.jpg\",\"keywords\":[\"vocetys-top-2016-12-15\"],\"articleSection\":[\"Campus Ensenada\",\"Posgrado\",\"VoCETYS\"],\"inLanguage\":\"es\",\"potentialAction\":[{\"@type\":\"CommentAction\",\"name\":\"Comment\",\"target\":[\"https:\\\/\\\/www.cetys.mx\\\/noticias\\\/cetys-tendra-doctorado-en-educacion\\\/#respond\"]}]},{\"@type\":\"WebPage\",\"@id\":\"https:\\\/\\\/www.cetys.mx\\\/noticias\\\/cetys-tendra-doctorado-en-educacion\\\/\",\"url\":\"https:\\\/\\\/www.cetys.mx\\\/noticias\\\/cetys-tendra-doctorado-en-educacion\\\/\",\"name\":\"CETYS tendr\u00e1 doctorado en Educaci\u00f3n - CETYS\",\"isPartOf\":{\"@id\":\"https:\\\/\\\/www.cetys.mx\\\/noticias\\\/#website\"},\"primaryImageOfPage\":{\"@id\":\"https:\\\/\\\/www.cetys.mx\\\/noticias\\\/cetys-tendra-doctorado-en-educacion\\\/#primaryimage\"},\"image\":{\"@id\":\"https:\\\/\\\/www.cetys.mx\\\/noticias\\\/cetys-tendra-doctorado-en-educacion\\\/#primaryimage\"},\"thumbnailUrl\":\"https:\\\/\\\/www.cetys.mx\\\/noticias\\\/wp-content\\\/uploads\\\/2016\\\/12\\\/doctorado-en-educacion.jpg\",\"datePublished\":\"2016-12-15T18:30:13+00:00\",\"dateModified\":\"2017-10-11T01:27:01+00:00\",\"author\":{\"@id\":\"https:\\\/\\\/www.cetys.mx\\\/noticias\\\/#\\\/schema\\\/person\\\/1a1a88c0b6586e66a2e9e88e07afc712\"},\"description\":\"Articulo sobre CETYS tendr\u00e1 doctorado en Educaci\u00f3n\",\"breadcrumb\":{\"@id\":\"https:\\\/\\\/www.cetys.mx\\\/noticias\\\/cetys-tendra-doctorado-en-educacion\\\/#breadcrumb\"},\"inLanguage\":\"es\",\"potentialAction\":[{\"@type\":\"ReadAction\",\"target\":[\"https:\\\/\\\/www.cetys.mx\\\/noticias\\\/cetys-tendra-doctorado-en-educacion\\\/\"]}]},{\"@type\":\"ImageObject\",\"inLanguage\":\"es\",\"@id\":\"https:\\\/\\\/www.cetys.mx\\\/noticias\\\/cetys-tendra-doctorado-en-educacion\\\/#primaryimage\",\"url\":\"https:\\\/\\\/www.cetys.mx\\\/noticias\\\/wp-content\\\/uploads\\\/2016\\\/12\\\/doctorado-en-educacion.jpg\",\"contentUrl\":\"https:\\\/\\\/www.cetys.mx\\\/noticias\\\/wp-content\\\/uploads\\\/2016\\\/12\\\/doctorado-en-educacion.jpg\",\"width\":958,\"height\":637},{\"@type\":\"BreadcrumbList\",\"@id\":\"https:\\\/\\\/www.cetys.mx\\\/noticias\\\/cetys-tendra-doctorado-en-educacion\\\/#breadcrumb\",\"itemListElement\":[{\"@type\":\"ListItem\",\"position\":1,\"name\":\"Inicio\",\"item\":\"https:\\\/\\\/www.cetys.mx\\\/noticias\\\/\"},{\"@type\":\"ListItem\",\"position\":2,\"name\":\"CETYS tendr\u00e1 doctorado en Educaci\u00f3n\"}]},{\"@type\":\"WebSite\",\"@id\":\"https:\\\/\\\/www.cetys.mx\\\/noticias\\\/#website\",\"url\":\"https:\\\/\\\/www.cetys.mx\\\/noticias\\\/\",\"name\":\"CETYS\",\"description\":\"\",\"potentialAction\":[{\"@type\":\"SearchAction\",\"target\":{\"@type\":\"EntryPoint\",\"urlTemplate\":\"https:\\\/\\\/www.cetys.mx\\\/noticias\\\/?s={search_term_string}\"},\"query-input\":{\"@type\":\"PropertyValueSpecification\",\"valueRequired\":true,\"valueName\":\"search_term_string\"}}],\"inLanguage\":\"es\"},{\"@type\":\"Person\",\"@id\":\"https:\\\/\\\/www.cetys.mx\\\/noticias\\\/#\\\/schema\\\/person\\\/1a1a88c0b6586e66a2e9e88e07afc712\",\"name\":\"Campus Ensenada\",\"url\":\"https:\\\/\\\/www.cetys.mx\\\/noticias\\\/author\\\/campusensenada\\\/\"}]}<\/script>\n<!-- \/ Yoast SEO plugin. -->","yoast_head_json":{"title":"CETYS tendr\u00e1 doctorado en Educaci\u00f3n - CETYS","description":"Articulo sobre CETYS tendr\u00e1 doctorado en Educaci\u00f3n","robots":{"index":"index","follow":"follow","max-snippet":"max-snippet:-1","max-image-preview":"max-image-preview:large","max-video-preview":"max-video-preview:-1"},"canonical":"https:\/\/www.cetys.mx\/noticias\/cetys-tendra-doctorado-en-educacion\/","og_locale":"es_MX","og_type":"article","og_title":"CETYS tendr\u00e1 doctorado en Educaci\u00f3n - CETYS","og_description":"Articulo sobre CETYS tendr\u00e1 doctorado en Educaci\u00f3n","og_url":"https:\/\/www.cetys.mx\/noticias\/cetys-tendra-doctorado-en-educacion\/","og_site_name":"CETYS","article_publisher":"https:\/\/www.facebook.com\/cetysuniversidadmxl\/","article_published_time":"2016-12-15T18:30:13+00:00","article_modified_time":"2017-10-11T01:27:01+00:00","og_image":[{"width":958,"height":637,"url":"https:\/\/www.cetys.mx\/noticias\/wp-content\/uploads\/2016\/12\/doctorado-en-educacion.jpg","type":"image\/jpeg"}],"author":"Campus Ensenada","twitter_card":"summary_large_image","twitter_creator":"@cetysuni","twitter_site":"@cetysuni","twitter_misc":{"Escrito por":"Campus Ensenada","Tiempo de lectura":"2 minutos"},"schema":{"@context":"https:\/\/schema.org","@graph":[{"@type":"Article","@id":"https:\/\/www.cetys.mx\/noticias\/cetys-tendra-doctorado-en-educacion\/#article","isPartOf":{"@id":"https:\/\/www.cetys.mx\/noticias\/cetys-tendra-doctorado-en-educacion\/"},"author":{"name":"Campus Ensenada","@id":"https:\/\/www.cetys.mx\/noticias\/#\/schema\/person\/1a1a88c0b6586e66a2e9e88e07afc712"},"headline":"CETYS tendr\u00e1 doctorado en Educaci\u00f3n","datePublished":"2016-12-15T18:30:13+00:00","dateModified":"2017-10-11T01:27:01+00:00","mainEntityOfPage":{"@id":"https:\/\/www.cetys.mx\/noticias\/cetys-tendra-doctorado-en-educacion\/"},"wordCount":364,"commentCount":0,"image":{"@id":"https:\/\/www.cetys.mx\/noticias\/cetys-tendra-doctorado-en-educacion\/#primaryimage"},"thumbnailUrl":"https:\/\/www.cetys.mx\/noticias\/wp-content\/uploads\/2016\/12\/doctorado-en-educacion.jpg","keywords":["vocetys-top-2016-12-15"],"articleSection":["Campus Ensenada","Posgrado","VoCETYS"],"inLanguage":"es","potentialAction":[{"@type":"CommentAction","name":"Comment","target":["https:\/\/www.cetys.mx\/noticias\/cetys-tendra-doctorado-en-educacion\/#respond"]}]},{"@type":"WebPage","@id":"https:\/\/www.cetys.mx\/noticias\/cetys-tendra-doctorado-en-educacion\/","url":"https:\/\/www.cetys.mx\/noticias\/cetys-tendra-doctorado-en-educacion\/","name":"CETYS tendr\u00e1 doctorado en Educaci\u00f3n - CETYS","isPartOf":{"@id":"https:\/\/www.cetys.mx\/noticias\/#website"},"primaryImageOfPage":{"@id":"https:\/\/www.cetys.mx\/noticias\/cetys-tendra-doctorado-en-educacion\/#primaryimage"},"image":{"@id":"https:\/\/www.cetys.mx\/noticias\/cetys-tendra-doctorado-en-educacion\/#primaryimage"},"thumbnailUrl":"https:\/\/www.cetys.mx\/noticias\/wp-content\/uploads\/2016\/12\/doctorado-en-educacion.jpg","datePublished":"2016-12-15T18:30:13+00:00","dateModified":"2017-10-11T01:27:01+00:00","author":{"@id":"https:\/\/www.cetys.mx\/noticias\/#\/schema\/person\/1a1a88c0b6586e66a2e9e88e07afc712"},"description":"Articulo sobre CETYS tendr\u00e1 doctorado en Educaci\u00f3n","breadcrumb":{"@id":"https:\/\/www.cetys.mx\/noticias\/cetys-tendra-doctorado-en-educacion\/#breadcrumb"},"inLanguage":"es","potentialAction":[{"@type":"ReadAction","target":["https:\/\/www.cetys.mx\/noticias\/cetys-tendra-doctorado-en-educacion\/"]}]},{"@type":"ImageObject","inLanguage":"es","@id":"https:\/\/www.cetys.mx\/noticias\/cetys-tendra-doctorado-en-educacion\/#primaryimage","url":"https:\/\/www.cetys.mx\/noticias\/wp-content\/uploads\/2016\/12\/doctorado-en-educacion.jpg","contentUrl":"https:\/\/www.cetys.mx\/noticias\/wp-content\/uploads\/2016\/12\/doctorado-en-educacion.jpg","width":958,"height":637},{"@type":"BreadcrumbList","@id":"https:\/\/www.cetys.mx\/noticias\/cetys-tendra-doctorado-en-educacion\/#breadcrumb","itemListElement":[{"@type":"ListItem","position":1,"name":"Inicio","item":"https:\/\/www.cetys.mx\/noticias\/"},{"@type":"ListItem","position":2,"name":"CETYS tendr\u00e1 doctorado en Educaci\u00f3n"}]},{"@type":"WebSite","@id":"https:\/\/www.cetys.mx\/noticias\/#website","url":"https:\/\/www.cetys.mx\/noticias\/","name":"CETYS","description":"","potentialAction":[{"@type":"SearchAction","target":{"@type":"EntryPoint","urlTemplate":"https:\/\/www.cetys.mx\/noticias\/?s={search_term_string}"},"query-input":{"@type":"PropertyValueSpecification","valueRequired":true,"valueName":"search_term_string"}}],"inLanguage":"es"},{"@type":"Person","@id":"https:\/\/www.cetys.mx\/noticias\/#\/schema\/person\/1a1a88c0b6586e66a2e9e88e07afc712","name":"Campus Ensenada","url":"https:\/\/www.cetys.mx\/noticias\/author\/campusensenada\/"}]}},"_links":{"self":[{"href":"https:\/\/www.cetys.mx\/noticias\/wp-json\/wp\/v2\/posts\/68114","targetHints":{"allow":["GET"]}}],"collection":[{"href":"https:\/\/www.cetys.mx\/noticias\/wp-json\/wp\/v2\/posts"}],"about":[{"href":"https:\/\/www.cetys.mx\/noticias\/wp-json\/wp\/v2\/types\/post"}],"author":[{"embeddable":true,"href":"https:\/\/www.cetys.mx\/noticias\/wp-json\/wp\/v2\/users\/23"}],"replies":[{"embeddable":true,"href":"https:\/\/www.cetys.mx\/noticias\/wp-json\/wp\/v2\/comments?post=68114"}],"version-history":[{"count":0,"href":"https:\/\/www.cetys.mx\/noticias\/wp-json\/wp\/v2\/posts\/68114\/revisions"}],"wp:featuredmedia":[{"embeddable":true,"href":"https:\/\/www.cetys.mx\/noticias\/wp-json\/wp\/v2\/media\/68115"}],"wp:attachment":[{"href":"https:\/\/www.cetys.mx\/noticias\/wp-json\/wp\/v2\/media?parent=68114"}],"wp:term":[{"taxonomy":"category","embeddable":true,"href":"https:\/\/www.cetys.mx\/noticias\/wp-json\/wp\/v2\/categories?post=68114"},{"taxonomy":"post_tag","embeddable":true,"href":"https:\/\/www.cetys.mx\/noticias\/wp-json\/wp\/v2\/tags?post=68114"}],"curies":[{"name":"wp","href":"https:\/\/api.w.org\/{rel}","templated":true}]}}