{"id":67549,"date":"2016-11-23T16:28:30","date_gmt":"2016-11-24T00:28:30","guid":{"rendered":"http:\/\/www.cetys.mx\/noticias\/?p=67549"},"modified":"2016-11-23T16:28:30","modified_gmt":"2016-11-24T00:28:30","slug":"ha-sucedido-la-alternancia-politica-en-bc","status":"publish","type":"post","link":"https:\/\/www.cetys.mx\/noticias\/ha-sucedido-la-alternancia-politica-en-bc\/","title":{"rendered":"\u00bfQu\u00e9 ha sucedido con la alternancia pol\u00edtica en BC?"},"content":{"rendered":"<p align=\"justify\">Se llev\u00f3 a cabo la presentaci\u00f3n del libro<strong> \u201cC\u00f3mo nos ven\u201d<\/strong> de la autor\u00eda del <strong>Dr. Luis Carlos L\u00f3pez Ulloa<\/strong>, <em>Acad\u00e9mico del Colegio de Humanidades y Ciencias Sociales<\/em>, y el <strong>Mtro. Ariosto Manrique Moreno<\/strong>, <em>Acad\u00e9mico de Posgrado<\/em>; ambos adscritos a CETYS Universidad Campus Tijuana.<\/p>\n<p align=\"justify\">\u201cC\u00f3mo nos ven\u201d <strong>expone la importancia que tiene Baja California en la historia pol\u00edtica de M\u00e9xico<\/strong>, al ser <strong>primer estado con alternancia en una elecci\u00f3n de gobernador desde el a\u00f1o 1929<\/strong>, cuando se fund\u00f3 el primer partido pol\u00edtico del pa\u00eds. Fen\u00f3meno que ha sido de inter\u00e9s por investigadores y acad\u00e9micos de diversas partes del pa\u00eds, e incluso el mundo.<\/p>\n<div id=\"attachment_67554\" style=\"width: 968px\" class=\"wp-caption aligncenter\"><a href=\"https:\/\/www.cetys.mx\/noticias\/wp-content\/uploads\/2016\/11\/cetys_alternanciabc3.jpg\"><img loading=\"lazy\" decoding=\"async\" aria-describedby=\"caption-attachment-67554\" class=\"wp-image-67554 size-full\" src=\"https:\/\/www.cetys.mx\/noticias\/wp-content\/uploads\/2016\/11\/cetys_alternanciabc3.jpg\" alt=\"\" width=\"958\" height=\"637\" \/><\/a><p id=\"caption-attachment-67554\" class=\"wp-caption-text\">Los autores de la publicaci\u00f3n compartieron puntos de vista con la comunidad estudiantil en el Auditorio de Posgrado &#8220;Corporaci\u00f3n del Fuerte&#8221;.<\/p><\/div>\n<p align=\"justify\">A trav\u00e9s de tres grandes cap\u00edtulos es que los autores <strong>re\u00fanen un total de 33 entrevistas realizadas a los personajes que fueron y son parte de dicha alternancia<\/strong>. De acuerdo con L\u00f3pez y Ariosto los pol\u00edticos no cuentan su historia, ni su trayectoria, ni su origen, por lo que a trav\u00e9s de la publicaci\u00f3n se busca conocer su origen como actores trascendentes en las decisiones del estado y sus municipios m\u00e1s all\u00e1 de la pantalla.<\/p>\n<p align=\"justify\">Durante la presentaci\u00f3n ante la comunidad de CETYS Tijuana los autores compartieron que <strong>la idea de la alternancia electoral se populariz\u00f3 dado el nivel resonancia pol\u00edtica a nivel nacional durante los a\u00f1os 90<\/strong>, por lo que la elecci\u00f3n de 1989 llev\u00f3 a Baja California a convertirse en un laboratorio de la alternancia. A su vez hicieron hincapi\u00e9 en que la <strong>pol\u00edtica en el estado est\u00e1 \u201cdemasiado regionalizada\u201d y consolidada, por lo que no se procesan nuevos cuadros pol\u00edticos<\/strong>.<\/p>\n<div id=\"attachment_67555\" style=\"width: 968px\" class=\"wp-caption aligncenter\"><a href=\"https:\/\/www.cetys.mx\/noticias\/wp-content\/uploads\/2016\/11\/cetys_alternanciabc2.jpg\"><img loading=\"lazy\" decoding=\"async\" aria-describedby=\"caption-attachment-67555\" class=\"wp-image-67555 size-full\" src=\"https:\/\/www.cetys.mx\/noticias\/wp-content\/uploads\/2016\/11\/cetys_alternanciabc2.jpg\" alt=\"\" width=\"958\" height=\"637\" \/><\/a><p id=\"caption-attachment-67555\" class=\"wp-caption-text\">El Mtro. Manrique Moreno y el Dr. L\u00f3pez Ulloa, acompa\u00f1ados por el Lic. Luken Garza, presentaron su libro \u201cC\u00f3mo nos ven\u201d.<\/p><\/div>\n<p align=\"justify\">Cabe mencionar que durante la actividad se cont\u00f3 con la participaci\u00f3n del <strong>Lic. Gast\u00f3n Luken Garza<\/strong>, <em>ex candidato a la alcald\u00eda de Tijuana en el reciente proceso electoral<\/em>, qui\u00e9n en \u201cC\u00f3mo nos ven\u201d relata a los acad\u00e9micos de CETYS Tijuana lo que lo orill\u00f3 a sumarse al mundo de la pol\u00edtica, adem\u00e1s <strong>comparti\u00f3 con los asistentes su experiencia como candidato independiente este 2016<\/strong> y algunos retos que visualiza en relaci\u00f3n a la actual percepci\u00f3n de hartazgo de la comunidad en relaci\u00f3n a la clase pol\u00edtica.<\/p>\n","protected":false},"excerpt":{"rendered":"<p>Se llev\u00f3 a cabo la presentaci\u00f3n del libro \u201cC\u00f3mo nos ven\u201d de la autor\u00eda del Dr. Luis Carlos L\u00f3pez Ulloa, Acad\u00e9mico del&#8230;<\/p>\n","protected":false},"author":24,"featured_media":67552,"comment_status":"open","ping_status":"open","sticky":false,"template":"","format":"standard","meta":{"footnotes":""},"categories":[134,306,313],"tags":[285,328,138,168,1233,263,1232,178,342,226,1231],"class_list":["post-67549","post","type-post","status-publish","format-standard","has-post-thumbnail","hentry","category-campus-tijuana","category-profesional","category-vocetys-2","tag-alumnos","tag-campustijuana","tag-cetys","tag-cetys-universidad","tag-ciencia-sociales","tag-cultura","tag-humanidades","tag-investigacion","tag-liderazgo","tag-tijuana","tag-vocetys-2016-11-23"],"yoast_head":"<!-- This site is optimized with the Yoast SEO plugin v27.4 - https:\/\/yoast.com\/product\/yoast-seo-wordpress\/ -->\n<title>\u00bfQu\u00e9 ha sucedido con la alternancia pol\u00edtica en BC? - CETYS<\/title>\n<meta name=\"description\" content=\"Articulo sobre \u00bfQu\u00e9 ha sucedido con la alternancia pol\u00edtica en BC?\" \/>\n<meta name=\"robots\" content=\"index, follow, max-snippet:-1, max-image-preview:large, max-video-preview:-1\" \/>\n<link rel=\"canonical\" href=\"https:\/\/www.cetys.mx\/noticias\/ha-sucedido-la-alternancia-politica-en-bc\/\" \/>\n<meta property=\"og:locale\" content=\"es_MX\" \/>\n<meta property=\"og:type\" content=\"article\" \/>\n<meta property=\"og:title\" content=\"\u00bfQu\u00e9 ha sucedido con la alternancia pol\u00edtica en BC? - CETYS\" \/>\n<meta property=\"og:description\" content=\"Articulo sobre \u00bfQu\u00e9 ha sucedido con la alternancia pol\u00edtica en BC?\" \/>\n<meta property=\"og:url\" content=\"https:\/\/www.cetys.mx\/noticias\/ha-sucedido-la-alternancia-politica-en-bc\/\" \/>\n<meta property=\"og:site_name\" content=\"CETYS\" \/>\n<meta property=\"article:publisher\" content=\"https:\/\/www.facebook.com\/cetysuniversidadmxl\/\" \/>\n<meta property=\"article:published_time\" content=\"2016-11-24T00:28:30+00:00\" \/>\n<meta property=\"og:image\" content=\"https:\/\/www.cetys.mx\/noticias\/wp-content\/uploads\/2016\/11\/cetys_alternanciabc1.jpg\" \/>\n\t<meta property=\"og:image:width\" content=\"958\" \/>\n\t<meta property=\"og:image:height\" content=\"637\" \/>\n\t<meta property=\"og:image:type\" content=\"image\/jpeg\" \/>\n<meta name=\"author\" content=\"Campus Tijuana\" \/>\n<meta name=\"twitter:card\" content=\"summary_large_image\" \/>\n<meta name=\"twitter:creator\" content=\"@cetysuni\" \/>\n<meta name=\"twitter:site\" content=\"@cetysuni\" \/>\n<meta name=\"twitter:label1\" content=\"Escrito por\" \/>\n\t<meta name=\"twitter:data1\" content=\"Campus Tijuana\" \/>\n\t<meta name=\"twitter:label2\" content=\"Tiempo de lectura\" \/>\n\t<meta name=\"twitter:data2\" content=\"2 minutos\" \/>\n<script type=\"application\/ld+json\" class=\"yoast-schema-graph\">{\"@context\":\"https:\\\/\\\/schema.org\",\"@graph\":[{\"@type\":\"Article\",\"@id\":\"https:\\\/\\\/www.cetys.mx\\\/noticias\\\/ha-sucedido-la-alternancia-politica-en-bc\\\/#article\",\"isPartOf\":{\"@id\":\"https:\\\/\\\/www.cetys.mx\\\/noticias\\\/ha-sucedido-la-alternancia-politica-en-bc\\\/\"},\"author\":{\"name\":\"Campus Tijuana\",\"@id\":\"https:\\\/\\\/www.cetys.mx\\\/noticias\\\/#\\\/schema\\\/person\\\/e790051ce60e18ae47cfa87011c8653f\"},\"headline\":\"\u00bfQu\u00e9 ha sucedido con la alternancia pol\u00edtica en BC?\",\"datePublished\":\"2016-11-24T00:28:30+00:00\",\"mainEntityOfPage\":{\"@id\":\"https:\\\/\\\/www.cetys.mx\\\/noticias\\\/ha-sucedido-la-alternancia-politica-en-bc\\\/\"},\"wordCount\":450,\"commentCount\":0,\"image\":{\"@id\":\"https:\\\/\\\/www.cetys.mx\\\/noticias\\\/ha-sucedido-la-alternancia-politica-en-bc\\\/#primaryimage\"},\"thumbnailUrl\":\"https:\\\/\\\/www.cetys.mx\\\/noticias\\\/wp-content\\\/uploads\\\/2016\\\/11\\\/cetys_alternanciabc1.jpg\",\"keywords\":[\"Alumnos\",\"campustijuana\",\"Cetys\",\"CETYS Universidad\",\"ciencia sociales\",\"cultura\",\"humanidades\",\"investigaci\u00f3n\",\"liderazgo\",\"tijuana\",\"vocetys-2016-11-23\"],\"articleSection\":[\"Campus Tijuana\",\"Profesional\",\"VoCETYS\"],\"inLanguage\":\"es\",\"potentialAction\":[{\"@type\":\"CommentAction\",\"name\":\"Comment\",\"target\":[\"https:\\\/\\\/www.cetys.mx\\\/noticias\\\/ha-sucedido-la-alternancia-politica-en-bc\\\/#respond\"]}]},{\"@type\":\"WebPage\",\"@id\":\"https:\\\/\\\/www.cetys.mx\\\/noticias\\\/ha-sucedido-la-alternancia-politica-en-bc\\\/\",\"url\":\"https:\\\/\\\/www.cetys.mx\\\/noticias\\\/ha-sucedido-la-alternancia-politica-en-bc\\\/\",\"name\":\"\u00bfQu\u00e9 ha sucedido con la alternancia pol\u00edtica en BC? - CETYS\",\"isPartOf\":{\"@id\":\"https:\\\/\\\/www.cetys.mx\\\/noticias\\\/#website\"},\"primaryImageOfPage\":{\"@id\":\"https:\\\/\\\/www.cetys.mx\\\/noticias\\\/ha-sucedido-la-alternancia-politica-en-bc\\\/#primaryimage\"},\"image\":{\"@id\":\"https:\\\/\\\/www.cetys.mx\\\/noticias\\\/ha-sucedido-la-alternancia-politica-en-bc\\\/#primaryimage\"},\"thumbnailUrl\":\"https:\\\/\\\/www.cetys.mx\\\/noticias\\\/wp-content\\\/uploads\\\/2016\\\/11\\\/cetys_alternanciabc1.jpg\",\"datePublished\":\"2016-11-24T00:28:30+00:00\",\"author\":{\"@id\":\"https:\\\/\\\/www.cetys.mx\\\/noticias\\\/#\\\/schema\\\/person\\\/e790051ce60e18ae47cfa87011c8653f\"},\"description\":\"Articulo sobre \u00bfQu\u00e9 ha sucedido con la alternancia pol\u00edtica en BC?\",\"breadcrumb\":{\"@id\":\"https:\\\/\\\/www.cetys.mx\\\/noticias\\\/ha-sucedido-la-alternancia-politica-en-bc\\\/#breadcrumb\"},\"inLanguage\":\"es\",\"potentialAction\":[{\"@type\":\"ReadAction\",\"target\":[\"https:\\\/\\\/www.cetys.mx\\\/noticias\\\/ha-sucedido-la-alternancia-politica-en-bc\\\/\"]}]},{\"@type\":\"ImageObject\",\"inLanguage\":\"es\",\"@id\":\"https:\\\/\\\/www.cetys.mx\\\/noticias\\\/ha-sucedido-la-alternancia-politica-en-bc\\\/#primaryimage\",\"url\":\"https:\\\/\\\/www.cetys.mx\\\/noticias\\\/wp-content\\\/uploads\\\/2016\\\/11\\\/cetys_alternanciabc1.jpg\",\"contentUrl\":\"https:\\\/\\\/www.cetys.mx\\\/noticias\\\/wp-content\\\/uploads\\\/2016\\\/11\\\/cetys_alternanciabc1.jpg\",\"width\":958,\"height\":637},{\"@type\":\"BreadcrumbList\",\"@id\":\"https:\\\/\\\/www.cetys.mx\\\/noticias\\\/ha-sucedido-la-alternancia-politica-en-bc\\\/#breadcrumb\",\"itemListElement\":[{\"@type\":\"ListItem\",\"position\":1,\"name\":\"Inicio\",\"item\":\"https:\\\/\\\/www.cetys.mx\\\/noticias\\\/\"},{\"@type\":\"ListItem\",\"position\":2,\"name\":\"\u00bfQu\u00e9 ha sucedido con la alternancia pol\u00edtica en BC?\"}]},{\"@type\":\"WebSite\",\"@id\":\"https:\\\/\\\/www.cetys.mx\\\/noticias\\\/#website\",\"url\":\"https:\\\/\\\/www.cetys.mx\\\/noticias\\\/\",\"name\":\"CETYS\",\"description\":\"\",\"potentialAction\":[{\"@type\":\"SearchAction\",\"target\":{\"@type\":\"EntryPoint\",\"urlTemplate\":\"https:\\\/\\\/www.cetys.mx\\\/noticias\\\/?s={search_term_string}\"},\"query-input\":{\"@type\":\"PropertyValueSpecification\",\"valueRequired\":true,\"valueName\":\"search_term_string\"}}],\"inLanguage\":\"es\"},{\"@type\":\"Person\",\"@id\":\"https:\\\/\\\/www.cetys.mx\\\/noticias\\\/#\\\/schema\\\/person\\\/e790051ce60e18ae47cfa87011c8653f\",\"name\":\"Campus Tijuana\",\"url\":\"https:\\\/\\\/www.cetys.mx\\\/noticias\\\/author\\\/campustijuana\\\/\"}]}<\/script>\n<!-- \/ Yoast SEO plugin. -->","yoast_head_json":{"title":"\u00bfQu\u00e9 ha sucedido con la alternancia pol\u00edtica en BC? - CETYS","description":"Articulo sobre \u00bfQu\u00e9 ha sucedido con la alternancia pol\u00edtica en BC?","robots":{"index":"index","follow":"follow","max-snippet":"max-snippet:-1","max-image-preview":"max-image-preview:large","max-video-preview":"max-video-preview:-1"},"canonical":"https:\/\/www.cetys.mx\/noticias\/ha-sucedido-la-alternancia-politica-en-bc\/","og_locale":"es_MX","og_type":"article","og_title":"\u00bfQu\u00e9 ha sucedido con la alternancia pol\u00edtica en BC? - CETYS","og_description":"Articulo sobre \u00bfQu\u00e9 ha sucedido con la alternancia pol\u00edtica en BC?","og_url":"https:\/\/www.cetys.mx\/noticias\/ha-sucedido-la-alternancia-politica-en-bc\/","og_site_name":"CETYS","article_publisher":"https:\/\/www.facebook.com\/cetysuniversidadmxl\/","article_published_time":"2016-11-24T00:28:30+00:00","og_image":[{"width":958,"height":637,"url":"https:\/\/www.cetys.mx\/noticias\/wp-content\/uploads\/2016\/11\/cetys_alternanciabc1.jpg","type":"image\/jpeg"}],"author":"Campus Tijuana","twitter_card":"summary_large_image","twitter_creator":"@cetysuni","twitter_site":"@cetysuni","twitter_misc":{"Escrito por":"Campus Tijuana","Tiempo de lectura":"2 minutos"},"schema":{"@context":"https:\/\/schema.org","@graph":[{"@type":"Article","@id":"https:\/\/www.cetys.mx\/noticias\/ha-sucedido-la-alternancia-politica-en-bc\/#article","isPartOf":{"@id":"https:\/\/www.cetys.mx\/noticias\/ha-sucedido-la-alternancia-politica-en-bc\/"},"author":{"name":"Campus Tijuana","@id":"https:\/\/www.cetys.mx\/noticias\/#\/schema\/person\/e790051ce60e18ae47cfa87011c8653f"},"headline":"\u00bfQu\u00e9 ha sucedido con la alternancia pol\u00edtica en BC?","datePublished":"2016-11-24T00:28:30+00:00","mainEntityOfPage":{"@id":"https:\/\/www.cetys.mx\/noticias\/ha-sucedido-la-alternancia-politica-en-bc\/"},"wordCount":450,"commentCount":0,"image":{"@id":"https:\/\/www.cetys.mx\/noticias\/ha-sucedido-la-alternancia-politica-en-bc\/#primaryimage"},"thumbnailUrl":"https:\/\/www.cetys.mx\/noticias\/wp-content\/uploads\/2016\/11\/cetys_alternanciabc1.jpg","keywords":["Alumnos","campustijuana","Cetys","CETYS Universidad","ciencia sociales","cultura","humanidades","investigaci\u00f3n","liderazgo","tijuana","vocetys-2016-11-23"],"articleSection":["Campus Tijuana","Profesional","VoCETYS"],"inLanguage":"es","potentialAction":[{"@type":"CommentAction","name":"Comment","target":["https:\/\/www.cetys.mx\/noticias\/ha-sucedido-la-alternancia-politica-en-bc\/#respond"]}]},{"@type":"WebPage","@id":"https:\/\/www.cetys.mx\/noticias\/ha-sucedido-la-alternancia-politica-en-bc\/","url":"https:\/\/www.cetys.mx\/noticias\/ha-sucedido-la-alternancia-politica-en-bc\/","name":"\u00bfQu\u00e9 ha sucedido con la alternancia pol\u00edtica en BC? - CETYS","isPartOf":{"@id":"https:\/\/www.cetys.mx\/noticias\/#website"},"primaryImageOfPage":{"@id":"https:\/\/www.cetys.mx\/noticias\/ha-sucedido-la-alternancia-politica-en-bc\/#primaryimage"},"image":{"@id":"https:\/\/www.cetys.mx\/noticias\/ha-sucedido-la-alternancia-politica-en-bc\/#primaryimage"},"thumbnailUrl":"https:\/\/www.cetys.mx\/noticias\/wp-content\/uploads\/2016\/11\/cetys_alternanciabc1.jpg","datePublished":"2016-11-24T00:28:30+00:00","author":{"@id":"https:\/\/www.cetys.mx\/noticias\/#\/schema\/person\/e790051ce60e18ae47cfa87011c8653f"},"description":"Articulo sobre \u00bfQu\u00e9 ha sucedido con la alternancia pol\u00edtica en BC?","breadcrumb":{"@id":"https:\/\/www.cetys.mx\/noticias\/ha-sucedido-la-alternancia-politica-en-bc\/#breadcrumb"},"inLanguage":"es","potentialAction":[{"@type":"ReadAction","target":["https:\/\/www.cetys.mx\/noticias\/ha-sucedido-la-alternancia-politica-en-bc\/"]}]},{"@type":"ImageObject","inLanguage":"es","@id":"https:\/\/www.cetys.mx\/noticias\/ha-sucedido-la-alternancia-politica-en-bc\/#primaryimage","url":"https:\/\/www.cetys.mx\/noticias\/wp-content\/uploads\/2016\/11\/cetys_alternanciabc1.jpg","contentUrl":"https:\/\/www.cetys.mx\/noticias\/wp-content\/uploads\/2016\/11\/cetys_alternanciabc1.jpg","width":958,"height":637},{"@type":"BreadcrumbList","@id":"https:\/\/www.cetys.mx\/noticias\/ha-sucedido-la-alternancia-politica-en-bc\/#breadcrumb","itemListElement":[{"@type":"ListItem","position":1,"name":"Inicio","item":"https:\/\/www.cetys.mx\/noticias\/"},{"@type":"ListItem","position":2,"name":"\u00bfQu\u00e9 ha sucedido con la alternancia pol\u00edtica en BC?"}]},{"@type":"WebSite","@id":"https:\/\/www.cetys.mx\/noticias\/#website","url":"https:\/\/www.cetys.mx\/noticias\/","name":"CETYS","description":"","potentialAction":[{"@type":"SearchAction","target":{"@type":"EntryPoint","urlTemplate":"https:\/\/www.cetys.mx\/noticias\/?s={search_term_string}"},"query-input":{"@type":"PropertyValueSpecification","valueRequired":true,"valueName":"search_term_string"}}],"inLanguage":"es"},{"@type":"Person","@id":"https:\/\/www.cetys.mx\/noticias\/#\/schema\/person\/e790051ce60e18ae47cfa87011c8653f","name":"Campus Tijuana","url":"https:\/\/www.cetys.mx\/noticias\/author\/campustijuana\/"}]}},"_links":{"self":[{"href":"https:\/\/www.cetys.mx\/noticias\/wp-json\/wp\/v2\/posts\/67549","targetHints":{"allow":["GET"]}}],"collection":[{"href":"https:\/\/www.cetys.mx\/noticias\/wp-json\/wp\/v2\/posts"}],"about":[{"href":"https:\/\/www.cetys.mx\/noticias\/wp-json\/wp\/v2\/types\/post"}],"author":[{"embeddable":true,"href":"https:\/\/www.cetys.mx\/noticias\/wp-json\/wp\/v2\/users\/24"}],"replies":[{"embeddable":true,"href":"https:\/\/www.cetys.mx\/noticias\/wp-json\/wp\/v2\/comments?post=67549"}],"version-history":[{"count":0,"href":"https:\/\/www.cetys.mx\/noticias\/wp-json\/wp\/v2\/posts\/67549\/revisions"}],"wp:featuredmedia":[{"embeddable":true,"href":"https:\/\/www.cetys.mx\/noticias\/wp-json\/wp\/v2\/media\/67552"}],"wp:attachment":[{"href":"https:\/\/www.cetys.mx\/noticias\/wp-json\/wp\/v2\/media?parent=67549"}],"wp:term":[{"taxonomy":"category","embeddable":true,"href":"https:\/\/www.cetys.mx\/noticias\/wp-json\/wp\/v2\/categories?post=67549"},{"taxonomy":"post_tag","embeddable":true,"href":"https:\/\/www.cetys.mx\/noticias\/wp-json\/wp\/v2\/tags?post=67549"}],"curies":[{"name":"wp","href":"https:\/\/api.w.org\/{rel}","templated":true}]}}