{"id":67231,"date":"2016-11-16T17:48:36","date_gmt":"2016-11-17T01:48:36","guid":{"rendered":"http:\/\/www.cetys.mx\/noticias\/?p=67231"},"modified":"2016-11-16T17:53:00","modified_gmt":"2016-11-17T01:53:00","slug":"juez-la-corte-idh-dialoga-alumnos-del-campus-tijuana","status":"publish","type":"post","link":"https:\/\/www.cetys.mx\/noticias\/juez-la-corte-idh-dialoga-alumnos-del-campus-tijuana\/","title":{"rendered":"Juez de la Corte IDH dialoga con alumnos del Campus Tijuana"},"content":{"rendered":"<p>La <strong>Escuela de Derecho de CETYS Universidad Campus Tijuana<\/strong> y la Federaci\u00f3n Estatal de Colegios, Barras y Asociaciones de Abogados de Baja California presentaron la <strong>Conferencia \u201cLa Corte Interamericana de Derechos Humanos y sus desaf\u00edos\u201d<\/strong>, misma que estuvo a cargo por el <strong>Dr. Eduardo Ferrer Mac-Gregor Pioisot<\/strong>, Juez Vicepresidente de dicho organismo.<\/p>\n<p><a href=\"https:\/\/www.cetys.mx\/noticias\/wp-content\/uploads\/2016\/11\/DSC_0021.jpg\"><img loading=\"lazy\" decoding=\"async\" class=\"size-full wp-image-67319 aligncenter\" src=\"https:\/\/www.cetys.mx\/noticias\/wp-content\/uploads\/2016\/11\/DSC_0021.jpg\" alt=\"el Juez Vicepresidente de la Corte IDH brind\u00f3 un espacio para el di\u00e1logo con los universitarios.\" width=\"958\" height=\"637\" \/><\/a><\/p>\n<p>El escenario fue el Auditorio de Posgrado \u201cCorporaci\u00f3n del Fuerte\u201d, donde alumnos, acad\u00e9micos e invitados especiales se dieron cita para conocer el trabajo de la Corte Interamericana de Derechos Humanos (Corte IDH) y el compromiso que esta tiene \u00a0hacia con la comunidad global.<\/p>\n<p>De acuerdo con el reconocido juez,<strong> la Corte IDH es un \u00f3rgano judicial avalado por la Organizaci\u00f3n de los Estados Americanos (OEA) con autonom\u00eda<\/strong> y su principal objetivo es aplicar la Convenci\u00f3n Americana sobre Derechos Humanos y otros tratados que tienen como objetivo la protecci\u00f3n de dichos derechos; as\u00ed como la competencia para conocer de los asuntos relacionados con el cumplimiento de los compromisos contra\u00eddos por los pa\u00edses que la conforman.<\/p>\n<div id=\"attachment_67320\" style=\"width: 968px\" class=\"wp-caption aligncenter\"><a href=\"https:\/\/www.cetys.mx\/noticias\/wp-content\/uploads\/2016\/11\/DSC_0039.jpg\"><img loading=\"lazy\" decoding=\"async\" aria-describedby=\"caption-attachment-67320\" class=\"wp-image-67320 size-full\" src=\"https:\/\/www.cetys.mx\/noticias\/wp-content\/uploads\/2016\/11\/DSC_0039.jpg\" alt=\"DSC_0039\" width=\"958\" height=\"637\" \/><\/a><p id=\"caption-attachment-67320\" class=\"wp-caption-text\">Acad\u00e9micos e invitados especiales se dieron cita para conocer el trabajo de la Corte Interamericana de Derechos Humanos (Corte IDH).<\/p><\/div>\n<p>Posterior a la presentaci\u00f3n, <strong>el Juez Vicepresidente de la Corte IDH brind\u00f3 un espacio para el di\u00e1logo con los universitarios<\/strong>, d\u00e1ndose la oportunidad de conocer sus dudas, comentarios y an\u00e1lisis en relaci\u00f3n a este tema tan importante para el desarrollo de la vida plena alrededor del mundo.<\/p>\n<p>Cabe mencionar que previo a la presentaci\u00f3n <strong>el Dr. Ferrer recibi\u00f3 la medalla Mariano Otero que otorga el Colegio de Abogados de Tijuana<\/strong> a aquellos personajes que se distinguen por su incansable labor en la correcta impartici\u00f3n de justicia a nivel internacional y a favor del respeto a los derechos humanos.<\/p>\n","protected":false},"excerpt":{"rendered":"<p>La Escuela de Derecho de CETYS Universidad Campus Tijuana y la Federaci\u00f3n Estatal de Colegios, Barras y Asociaciones de Abogados de Baja&#8230;<\/p>\n","protected":false},"author":24,"featured_media":67318,"comment_status":"open","ping_status":"open","sticky":false,"template":"","format":"standard","meta":{"footnotes":""},"categories":[134,306,313],"tags":[285,328,138,168,247,342,176,226,1223],"class_list":["post-67231","post","type-post","status-publish","format-standard","has-post-thumbnail","hentry","category-campus-tijuana","category-profesional","category-vocetys-2","tag-alumnos","tag-campustijuana","tag-cetys","tag-cetys-universidad","tag-derecho","tag-liderazgo","tag-profesional","tag-tijuana","tag-vocetys-2016-11-16"],"yoast_head":"<!-- This site is optimized with the Yoast SEO plugin v27.4 - https:\/\/yoast.com\/product\/yoast-seo-wordpress\/ -->\n<title>Juez de la Corte IDH dialoga con alumnos del Campus Tijuana - CETYS<\/title>\n<meta name=\"description\" content=\"Articulo sobre Juez de la Corte IDH dialoga con alumnos del Campus Tijuana\" \/>\n<meta name=\"robots\" content=\"index, follow, max-snippet:-1, max-image-preview:large, max-video-preview:-1\" \/>\n<link rel=\"canonical\" href=\"https:\/\/www.cetys.mx\/noticias\/juez-la-corte-idh-dialoga-alumnos-del-campus-tijuana\/\" \/>\n<meta property=\"og:locale\" content=\"es_MX\" \/>\n<meta property=\"og:type\" content=\"article\" \/>\n<meta property=\"og:title\" content=\"Juez de la Corte IDH dialoga con alumnos del Campus Tijuana - CETYS\" \/>\n<meta property=\"og:description\" content=\"Articulo sobre Juez de la Corte IDH dialoga con alumnos del Campus Tijuana\" \/>\n<meta property=\"og:url\" content=\"https:\/\/www.cetys.mx\/noticias\/juez-la-corte-idh-dialoga-alumnos-del-campus-tijuana\/\" \/>\n<meta property=\"og:site_name\" content=\"CETYS\" \/>\n<meta property=\"article:publisher\" content=\"https:\/\/www.facebook.com\/cetysuniversidadmxl\/\" \/>\n<meta property=\"article:published_time\" content=\"2016-11-17T01:48:36+00:00\" \/>\n<meta property=\"article:modified_time\" content=\"2016-11-17T01:53:00+00:00\" \/>\n<meta property=\"og:image\" content=\"https:\/\/www.cetys.mx\/noticias\/wp-content\/uploads\/2016\/11\/DSC_0043.jpg\" \/>\n\t<meta property=\"og:image:width\" content=\"958\" \/>\n\t<meta property=\"og:image:height\" content=\"637\" \/>\n\t<meta property=\"og:image:type\" content=\"image\/jpeg\" \/>\n<meta name=\"author\" content=\"Campus Tijuana\" \/>\n<meta name=\"twitter:card\" content=\"summary_large_image\" \/>\n<meta name=\"twitter:creator\" content=\"@cetysuni\" \/>\n<meta name=\"twitter:site\" content=\"@cetysuni\" \/>\n<meta name=\"twitter:label1\" content=\"Escrito por\" \/>\n\t<meta name=\"twitter:data1\" content=\"Campus Tijuana\" \/>\n\t<meta name=\"twitter:label2\" content=\"Tiempo de lectura\" \/>\n\t<meta name=\"twitter:data2\" content=\"2 minutos\" \/>\n<script type=\"application\/ld+json\" class=\"yoast-schema-graph\">{\"@context\":\"https:\\\/\\\/schema.org\",\"@graph\":[{\"@type\":\"Article\",\"@id\":\"https:\\\/\\\/www.cetys.mx\\\/noticias\\\/juez-la-corte-idh-dialoga-alumnos-del-campus-tijuana\\\/#article\",\"isPartOf\":{\"@id\":\"https:\\\/\\\/www.cetys.mx\\\/noticias\\\/juez-la-corte-idh-dialoga-alumnos-del-campus-tijuana\\\/\"},\"author\":{\"name\":\"Campus Tijuana\",\"@id\":\"https:\\\/\\\/www.cetys.mx\\\/noticias\\\/#\\\/schema\\\/person\\\/e790051ce60e18ae47cfa87011c8653f\"},\"headline\":\"Juez de la Corte IDH dialoga con alumnos del Campus Tijuana\",\"datePublished\":\"2016-11-17T01:48:36+00:00\",\"dateModified\":\"2016-11-17T01:53:00+00:00\",\"mainEntityOfPage\":{\"@id\":\"https:\\\/\\\/www.cetys.mx\\\/noticias\\\/juez-la-corte-idh-dialoga-alumnos-del-campus-tijuana\\\/\"},\"wordCount\":320,\"commentCount\":0,\"image\":{\"@id\":\"https:\\\/\\\/www.cetys.mx\\\/noticias\\\/juez-la-corte-idh-dialoga-alumnos-del-campus-tijuana\\\/#primaryimage\"},\"thumbnailUrl\":\"https:\\\/\\\/www.cetys.mx\\\/noticias\\\/wp-content\\\/uploads\\\/2016\\\/11\\\/DSC_0043.jpg\",\"keywords\":[\"Alumnos\",\"campustijuana\",\"Cetys\",\"CETYS Universidad\",\"Derecho\",\"liderazgo\",\"profesional\",\"tijuana\",\"vocetys-2016-11-16\"],\"articleSection\":[\"Campus Tijuana\",\"Profesional\",\"VoCETYS\"],\"inLanguage\":\"es\",\"potentialAction\":[{\"@type\":\"CommentAction\",\"name\":\"Comment\",\"target\":[\"https:\\\/\\\/www.cetys.mx\\\/noticias\\\/juez-la-corte-idh-dialoga-alumnos-del-campus-tijuana\\\/#respond\"]}]},{\"@type\":\"WebPage\",\"@id\":\"https:\\\/\\\/www.cetys.mx\\\/noticias\\\/juez-la-corte-idh-dialoga-alumnos-del-campus-tijuana\\\/\",\"url\":\"https:\\\/\\\/www.cetys.mx\\\/noticias\\\/juez-la-corte-idh-dialoga-alumnos-del-campus-tijuana\\\/\",\"name\":\"Juez de la Corte IDH dialoga con alumnos del Campus Tijuana - CETYS\",\"isPartOf\":{\"@id\":\"https:\\\/\\\/www.cetys.mx\\\/noticias\\\/#website\"},\"primaryImageOfPage\":{\"@id\":\"https:\\\/\\\/www.cetys.mx\\\/noticias\\\/juez-la-corte-idh-dialoga-alumnos-del-campus-tijuana\\\/#primaryimage\"},\"image\":{\"@id\":\"https:\\\/\\\/www.cetys.mx\\\/noticias\\\/juez-la-corte-idh-dialoga-alumnos-del-campus-tijuana\\\/#primaryimage\"},\"thumbnailUrl\":\"https:\\\/\\\/www.cetys.mx\\\/noticias\\\/wp-content\\\/uploads\\\/2016\\\/11\\\/DSC_0043.jpg\",\"datePublished\":\"2016-11-17T01:48:36+00:00\",\"dateModified\":\"2016-11-17T01:53:00+00:00\",\"author\":{\"@id\":\"https:\\\/\\\/www.cetys.mx\\\/noticias\\\/#\\\/schema\\\/person\\\/e790051ce60e18ae47cfa87011c8653f\"},\"description\":\"Articulo sobre Juez de la Corte IDH dialoga con alumnos del Campus Tijuana\",\"breadcrumb\":{\"@id\":\"https:\\\/\\\/www.cetys.mx\\\/noticias\\\/juez-la-corte-idh-dialoga-alumnos-del-campus-tijuana\\\/#breadcrumb\"},\"inLanguage\":\"es\",\"potentialAction\":[{\"@type\":\"ReadAction\",\"target\":[\"https:\\\/\\\/www.cetys.mx\\\/noticias\\\/juez-la-corte-idh-dialoga-alumnos-del-campus-tijuana\\\/\"]}]},{\"@type\":\"ImageObject\",\"inLanguage\":\"es\",\"@id\":\"https:\\\/\\\/www.cetys.mx\\\/noticias\\\/juez-la-corte-idh-dialoga-alumnos-del-campus-tijuana\\\/#primaryimage\",\"url\":\"https:\\\/\\\/www.cetys.mx\\\/noticias\\\/wp-content\\\/uploads\\\/2016\\\/11\\\/DSC_0043.jpg\",\"contentUrl\":\"https:\\\/\\\/www.cetys.mx\\\/noticias\\\/wp-content\\\/uploads\\\/2016\\\/11\\\/DSC_0043.jpg\",\"width\":958,\"height\":637},{\"@type\":\"BreadcrumbList\",\"@id\":\"https:\\\/\\\/www.cetys.mx\\\/noticias\\\/juez-la-corte-idh-dialoga-alumnos-del-campus-tijuana\\\/#breadcrumb\",\"itemListElement\":[{\"@type\":\"ListItem\",\"position\":1,\"name\":\"Inicio\",\"item\":\"https:\\\/\\\/www.cetys.mx\\\/noticias\\\/\"},{\"@type\":\"ListItem\",\"position\":2,\"name\":\"Juez de la Corte IDH dialoga con alumnos del Campus Tijuana\"}]},{\"@type\":\"WebSite\",\"@id\":\"https:\\\/\\\/www.cetys.mx\\\/noticias\\\/#website\",\"url\":\"https:\\\/\\\/www.cetys.mx\\\/noticias\\\/\",\"name\":\"CETYS\",\"description\":\"\",\"potentialAction\":[{\"@type\":\"SearchAction\",\"target\":{\"@type\":\"EntryPoint\",\"urlTemplate\":\"https:\\\/\\\/www.cetys.mx\\\/noticias\\\/?s={search_term_string}\"},\"query-input\":{\"@type\":\"PropertyValueSpecification\",\"valueRequired\":true,\"valueName\":\"search_term_string\"}}],\"inLanguage\":\"es\"},{\"@type\":\"Person\",\"@id\":\"https:\\\/\\\/www.cetys.mx\\\/noticias\\\/#\\\/schema\\\/person\\\/e790051ce60e18ae47cfa87011c8653f\",\"name\":\"Campus Tijuana\",\"url\":\"https:\\\/\\\/www.cetys.mx\\\/noticias\\\/author\\\/campustijuana\\\/\"}]}<\/script>\n<!-- \/ Yoast SEO plugin. -->","yoast_head_json":{"title":"Juez de la Corte IDH dialoga con alumnos del Campus Tijuana - CETYS","description":"Articulo sobre Juez de la Corte IDH dialoga con alumnos del Campus Tijuana","robots":{"index":"index","follow":"follow","max-snippet":"max-snippet:-1","max-image-preview":"max-image-preview:large","max-video-preview":"max-video-preview:-1"},"canonical":"https:\/\/www.cetys.mx\/noticias\/juez-la-corte-idh-dialoga-alumnos-del-campus-tijuana\/","og_locale":"es_MX","og_type":"article","og_title":"Juez de la Corte IDH dialoga con alumnos del Campus Tijuana - CETYS","og_description":"Articulo sobre Juez de la Corte IDH dialoga con alumnos del Campus Tijuana","og_url":"https:\/\/www.cetys.mx\/noticias\/juez-la-corte-idh-dialoga-alumnos-del-campus-tijuana\/","og_site_name":"CETYS","article_publisher":"https:\/\/www.facebook.com\/cetysuniversidadmxl\/","article_published_time":"2016-11-17T01:48:36+00:00","article_modified_time":"2016-11-17T01:53:00+00:00","og_image":[{"width":958,"height":637,"url":"https:\/\/www.cetys.mx\/noticias\/wp-content\/uploads\/2016\/11\/DSC_0043.jpg","type":"image\/jpeg"}],"author":"Campus Tijuana","twitter_card":"summary_large_image","twitter_creator":"@cetysuni","twitter_site":"@cetysuni","twitter_misc":{"Escrito por":"Campus Tijuana","Tiempo de lectura":"2 minutos"},"schema":{"@context":"https:\/\/schema.org","@graph":[{"@type":"Article","@id":"https:\/\/www.cetys.mx\/noticias\/juez-la-corte-idh-dialoga-alumnos-del-campus-tijuana\/#article","isPartOf":{"@id":"https:\/\/www.cetys.mx\/noticias\/juez-la-corte-idh-dialoga-alumnos-del-campus-tijuana\/"},"author":{"name":"Campus Tijuana","@id":"https:\/\/www.cetys.mx\/noticias\/#\/schema\/person\/e790051ce60e18ae47cfa87011c8653f"},"headline":"Juez de la Corte IDH dialoga con alumnos del Campus Tijuana","datePublished":"2016-11-17T01:48:36+00:00","dateModified":"2016-11-17T01:53:00+00:00","mainEntityOfPage":{"@id":"https:\/\/www.cetys.mx\/noticias\/juez-la-corte-idh-dialoga-alumnos-del-campus-tijuana\/"},"wordCount":320,"commentCount":0,"image":{"@id":"https:\/\/www.cetys.mx\/noticias\/juez-la-corte-idh-dialoga-alumnos-del-campus-tijuana\/#primaryimage"},"thumbnailUrl":"https:\/\/www.cetys.mx\/noticias\/wp-content\/uploads\/2016\/11\/DSC_0043.jpg","keywords":["Alumnos","campustijuana","Cetys","CETYS Universidad","Derecho","liderazgo","profesional","tijuana","vocetys-2016-11-16"],"articleSection":["Campus Tijuana","Profesional","VoCETYS"],"inLanguage":"es","potentialAction":[{"@type":"CommentAction","name":"Comment","target":["https:\/\/www.cetys.mx\/noticias\/juez-la-corte-idh-dialoga-alumnos-del-campus-tijuana\/#respond"]}]},{"@type":"WebPage","@id":"https:\/\/www.cetys.mx\/noticias\/juez-la-corte-idh-dialoga-alumnos-del-campus-tijuana\/","url":"https:\/\/www.cetys.mx\/noticias\/juez-la-corte-idh-dialoga-alumnos-del-campus-tijuana\/","name":"Juez de la Corte IDH dialoga con alumnos del Campus Tijuana - CETYS","isPartOf":{"@id":"https:\/\/www.cetys.mx\/noticias\/#website"},"primaryImageOfPage":{"@id":"https:\/\/www.cetys.mx\/noticias\/juez-la-corte-idh-dialoga-alumnos-del-campus-tijuana\/#primaryimage"},"image":{"@id":"https:\/\/www.cetys.mx\/noticias\/juez-la-corte-idh-dialoga-alumnos-del-campus-tijuana\/#primaryimage"},"thumbnailUrl":"https:\/\/www.cetys.mx\/noticias\/wp-content\/uploads\/2016\/11\/DSC_0043.jpg","datePublished":"2016-11-17T01:48:36+00:00","dateModified":"2016-11-17T01:53:00+00:00","author":{"@id":"https:\/\/www.cetys.mx\/noticias\/#\/schema\/person\/e790051ce60e18ae47cfa87011c8653f"},"description":"Articulo sobre Juez de la Corte IDH dialoga con alumnos del Campus Tijuana","breadcrumb":{"@id":"https:\/\/www.cetys.mx\/noticias\/juez-la-corte-idh-dialoga-alumnos-del-campus-tijuana\/#breadcrumb"},"inLanguage":"es","potentialAction":[{"@type":"ReadAction","target":["https:\/\/www.cetys.mx\/noticias\/juez-la-corte-idh-dialoga-alumnos-del-campus-tijuana\/"]}]},{"@type":"ImageObject","inLanguage":"es","@id":"https:\/\/www.cetys.mx\/noticias\/juez-la-corte-idh-dialoga-alumnos-del-campus-tijuana\/#primaryimage","url":"https:\/\/www.cetys.mx\/noticias\/wp-content\/uploads\/2016\/11\/DSC_0043.jpg","contentUrl":"https:\/\/www.cetys.mx\/noticias\/wp-content\/uploads\/2016\/11\/DSC_0043.jpg","width":958,"height":637},{"@type":"BreadcrumbList","@id":"https:\/\/www.cetys.mx\/noticias\/juez-la-corte-idh-dialoga-alumnos-del-campus-tijuana\/#breadcrumb","itemListElement":[{"@type":"ListItem","position":1,"name":"Inicio","item":"https:\/\/www.cetys.mx\/noticias\/"},{"@type":"ListItem","position":2,"name":"Juez de la Corte IDH dialoga con alumnos del Campus Tijuana"}]},{"@type":"WebSite","@id":"https:\/\/www.cetys.mx\/noticias\/#website","url":"https:\/\/www.cetys.mx\/noticias\/","name":"CETYS","description":"","potentialAction":[{"@type":"SearchAction","target":{"@type":"EntryPoint","urlTemplate":"https:\/\/www.cetys.mx\/noticias\/?s={search_term_string}"},"query-input":{"@type":"PropertyValueSpecification","valueRequired":true,"valueName":"search_term_string"}}],"inLanguage":"es"},{"@type":"Person","@id":"https:\/\/www.cetys.mx\/noticias\/#\/schema\/person\/e790051ce60e18ae47cfa87011c8653f","name":"Campus Tijuana","url":"https:\/\/www.cetys.mx\/noticias\/author\/campustijuana\/"}]}},"_links":{"self":[{"href":"https:\/\/www.cetys.mx\/noticias\/wp-json\/wp\/v2\/posts\/67231","targetHints":{"allow":["GET"]}}],"collection":[{"href":"https:\/\/www.cetys.mx\/noticias\/wp-json\/wp\/v2\/posts"}],"about":[{"href":"https:\/\/www.cetys.mx\/noticias\/wp-json\/wp\/v2\/types\/post"}],"author":[{"embeddable":true,"href":"https:\/\/www.cetys.mx\/noticias\/wp-json\/wp\/v2\/users\/24"}],"replies":[{"embeddable":true,"href":"https:\/\/www.cetys.mx\/noticias\/wp-json\/wp\/v2\/comments?post=67231"}],"version-history":[{"count":0,"href":"https:\/\/www.cetys.mx\/noticias\/wp-json\/wp\/v2\/posts\/67231\/revisions"}],"wp:featuredmedia":[{"embeddable":true,"href":"https:\/\/www.cetys.mx\/noticias\/wp-json\/wp\/v2\/media\/67318"}],"wp:attachment":[{"href":"https:\/\/www.cetys.mx\/noticias\/wp-json\/wp\/v2\/media?parent=67231"}],"wp:term":[{"taxonomy":"category","embeddable":true,"href":"https:\/\/www.cetys.mx\/noticias\/wp-json\/wp\/v2\/categories?post=67231"},{"taxonomy":"post_tag","embeddable":true,"href":"https:\/\/www.cetys.mx\/noticias\/wp-json\/wp\/v2\/tags?post=67231"}],"curies":[{"name":"wp","href":"https:\/\/api.w.org\/{rel}","templated":true}]}}