{"id":66757,"date":"2016-11-02T17:03:06","date_gmt":"2016-11-03T00:03:06","guid":{"rendered":"http:\/\/www.cetys.mx\/noticias\/?p=66757"},"modified":"2016-11-02T17:03:06","modified_gmt":"2016-11-03T00:03:06","slug":"jovenes-lideres-buscan-despertar-a-tijuana","status":"publish","type":"post","link":"https:\/\/www.cetys.mx\/noticias\/jovenes-lideres-buscan-despertar-a-tijuana\/","title":{"rendered":"J\u00f3venes l\u00edderes buscan despertar a Tijuana"},"content":{"rendered":"<p align=\"justify\"><a href=\"https:\/\/www.cetys.mx\/\">CETYS Universidad<\/a>, como una instituci\u00f3n educativa con car\u00e1cter humanista, y el grupo de j\u00f3venes universitarios <a href=\"https:\/\/www.cetys.mx\/573-fortes\/\">FORTES Liderazgo<\/a>, quienes buscan el mejoramiento integral de la comunidad, presentaron la segunda edici\u00f3n del concurso <a href=\"https:\/\/www.facebook.com\/despiertatijuana\">\u201cDespierta Tijuana\u201d<\/a>, que este a\u00f1o invita a <strong>j\u00f3venes<\/strong> fronterizos de entre <strong>15 y 24 a\u00f1os<\/strong> a <strong>capturar en una fotograf\u00eda la esencia multicultural que caracteriza a esta ciudad<\/strong>.<\/p>\n<div id=\"attachment_66761\" style=\"width: 968px\" class=\"wp-caption aligncenter\"><a href=\"https:\/\/www.cetys.mx\/noticias\/wp-content\/uploads\/2016\/11\/cetys_despiertatijuana2016-3.jpg\"><img loading=\"lazy\" decoding=\"async\" aria-describedby=\"caption-attachment-66761\" class=\"wp-image-66761\" src=\"https:\/\/www.cetys.mx\/noticias\/wp-content\/uploads\/2016\/11\/cetys_despiertatijuana2016-3.jpg\" alt=\"\" width=\"958\" height=\"639\" \/><\/a><p id=\"caption-attachment-66761\" class=\"wp-caption-text\">La multiculturalidad es parte del contexto social de Tijuana y durante los \u00faltimos meses se ha incrementado.<\/p><\/div>\n<p align=\"justify\">De acuerdo con el joven <strong>Pablo Naufal Montes<\/strong>, <em>estudiante de Ingenier\u00eda Mec\u00e1nica en Campus Tijuana<\/em>, a trav\u00e9s de este ejercicio fotogr\u00e1fico se busca <strong>demostrar la belleza e importancia de la tolerancia hacia otras culturas<\/strong>, esto debido al importante flujo migratorio internacional que a lo largo de este 2016 se ha vivido en la ciudad.<\/p>\n<blockquote>\n<p align=\"justify\">\u201cReconocemos el poder de una imagen y su capacidad para cambiar nuestra perspectiva del mundo, por ello, es que invitamos a los j\u00f3venes a participar y realizar este reflexi\u00f3n sobre la importancia que tiene construir la convivencia arm\u00f3nica a trav\u00e9s del respeto sin importar el origen, raza o sexo\u201d, comparti\u00f3 Laura Lu Zhen, Alumna de la Licenciatura en Negocios Internacionales y actual Coordinadora de FORTES Liderazgo.<\/p>\n<\/blockquote>\n<div id=\"attachment_66763\" style=\"width: 968px\" class=\"wp-caption aligncenter\"><a href=\"https:\/\/www.cetys.mx\/noticias\/wp-content\/uploads\/2016\/11\/cetys_despiertatijuana2016-2.jpg\"><img loading=\"lazy\" decoding=\"async\" aria-describedby=\"caption-attachment-66763\" class=\"wp-image-66763\" src=\"https:\/\/www.cetys.mx\/noticias\/wp-content\/uploads\/2016\/11\/cetys_despiertatijuana2016-2.jpg\" alt=\"Tras el \u00e9xito de la edici\u00f3n 2015, este a\u00f1o Despierta Tijuana se renueva y se adecua a las necesidades actuales de reflexi\u00f3n.\" width=\"958\" height=\"639\" \/><\/a><p id=\"caption-attachment-66763\" class=\"wp-caption-text\">Tras el \u00e9xito de la edici\u00f3n 2015, este a\u00f1o Despierta Tijuana se renueva y se adecua a las necesidades actuales de reflexi\u00f3n.<\/p><\/div>\n<p align=\"justify\"><strong>Podr\u00e1n participar:<\/strong><\/p>\n<ul>\n<li>J\u00f3venes de Tijuana y San Diego de entre 15 y 24 a\u00f1os de edad. \u00a0<a href=\"https:\/\/www.cetys.mx\/noticias\/wp-content\/uploads\/2016\/11\/12183911_1635193523395573_5733803490932569067_o1.png\"><img loading=\"lazy\" decoding=\"async\" class=\"wp-image-66765 alignright\" src=\"https:\/\/www.cetys.mx\/noticias\/wp-content\/uploads\/2016\/11\/12183911_1635193523395573_5733803490932569067_o1.png\" alt=\"\" width=\"261\" height=\"221\" \/><\/a><\/li>\n<li>De forma individual.<\/li>\n<li>En una fotograf\u00eda se deber\u00e1 abordar o hacer referencia a c\u00f3mo se vive la tolerancia a la multiculturalidad, o bien, escenificar alg\u00fan momento donde se evidencie segregaci\u00f3n social o racial.<\/li>\n<li>Se aceptar\u00e1n fotograf\u00edas tomadas con cualquier tipo de dispositivo capaz de hacerlo y una debida justificaci\u00f3n de no m\u00e1s de 250 palabras.<\/li>\n<li>Previamente, deber\u00e1n inscribirse dando<a href=\"https:\/\/docs.google.com\/a\/cetys.mx\/forms\/d\/e\/1FAIpQLSfYmBSTiQN40VOUzSAxMaHEdJWmCJ3VMtTdS-v0wdoXzrBFkA\/viewform?c=0&amp;w=1\"> clic aqu\u00ed\u00a0<\/a>.<\/li>\n<li>Los trabajos se enviar\u00e1n a <a href=\"mailto:despiertatj@gmail.com\">despiertatj@gmail.com<\/a>.<\/li>\n<li>Habr\u00e1 tres primeros lugares, quienes ser\u00e1n acreedores a $5,000 pesos, $3,000 pesos y $2,000 pesos, respectivamente,<\/li>\n<\/ul>\n<p align=\"justify\">El concurso <strong>arranc\u00f3 oficialmente el mi\u00e9rcoles 2 de noviembre<\/strong> y el pr\u00f3ximo s\u00e1bado <strong>10 de diciembre a la medianoche ser\u00e1 el \u00faltimo d\u00eda<\/strong> para recibir los trabajos, los cuales ser\u00e1n evaluados por un jurado calificador compuesto por profesionales de reconocida competencia y <strong>los resultados ser\u00e1n publicados el pr\u00f3ximo 15 de diciembre<\/strong> a trav\u00e9s de las redes sociales.<\/p>\n<hr \/>\n<p align=\"justify\">\n<p style=\"text-align: center;\" align=\"justify\">Encuentra todos los detalles de la convocatoria <a href=\"https:\/\/drive.google.com\/file\/d\/0B31glV2dtkJYcEVfaDFfUmY4ZlU\/view\">aqu\u00ed<\/a><\/p>\n<p style=\"text-align: center;\" align=\"justify\">Reg\u00edstrate previamente<a href=\"https:\/\/docs.google.com\/a\/cetys.mx\/forms\/d\/e\/1FAIpQLSfYmBSTiQN40VOUzSAxMaHEdJWmCJ3VMtTdS-v0wdoXzrBFkA\/viewform?c=0&amp;w=1\"> aqu\u00ed<\/a><\/p>\n<p style=\"text-align: center;\" align=\"justify\">\n","protected":false},"excerpt":{"rendered":"<p>CETYS Universidad, como una instituci\u00f3n educativa con car\u00e1cter humanista, y el grupo de j\u00f3venes universitarios FORTES Liderazgo, quienes buscan el mejoramiento integral&#8230;<\/p>\n","protected":false},"author":24,"featured_media":66760,"comment_status":"open","ping_status":"open","sticky":false,"template":"","format":"standard","meta":{"footnotes":""},"categories":[134,125,306,313],"tags":[285,665,328,138,263,341,284,269,178,342,92,176,226,1193],"class_list":["post-66757","post","type-post","status-publish","format-standard","has-post-thumbnail","hentry","category-campus-tijuana","category-portada","category-profesional","category-vocetys-2","tag-alumnos","tag-bachilleres","tag-campustijuana","tag-cetys","tag-cultura","tag-despiertatijuana","tag-emprendimiento","tag-innovacion","tag-investigacion","tag-liderazgo","tag-preparatoria","tag-profesional","tag-tijuana","tag-vocetys-top-2016-11-02"],"yoast_head":"<!-- This site is optimized with the Yoast SEO plugin v27.4 - https:\/\/yoast.com\/product\/yoast-seo-wordpress\/ -->\n<title>J\u00f3venes l\u00edderes buscan despertar a Tijuana - CETYS<\/title>\n<meta name=\"description\" content=\"Articulo sobre J\u00f3venes l\u00edderes buscan despertar a Tijuana\" \/>\n<meta name=\"robots\" content=\"index, follow, max-snippet:-1, max-image-preview:large, max-video-preview:-1\" \/>\n<link rel=\"canonical\" href=\"https:\/\/www.cetys.mx\/noticias\/jovenes-lideres-buscan-despertar-a-tijuana\/\" \/>\n<meta property=\"og:locale\" content=\"es_MX\" \/>\n<meta property=\"og:type\" content=\"article\" \/>\n<meta property=\"og:title\" content=\"J\u00f3venes l\u00edderes buscan despertar a Tijuana - CETYS\" \/>\n<meta property=\"og:description\" content=\"Articulo sobre J\u00f3venes l\u00edderes buscan despertar a Tijuana\" \/>\n<meta property=\"og:url\" content=\"https:\/\/www.cetys.mx\/noticias\/jovenes-lideres-buscan-despertar-a-tijuana\/\" \/>\n<meta property=\"og:site_name\" content=\"CETYS\" \/>\n<meta property=\"article:publisher\" content=\"https:\/\/www.facebook.com\/cetysuniversidadmxl\/\" \/>\n<meta property=\"article:published_time\" content=\"2016-11-03T00:03:06+00:00\" \/>\n<meta property=\"og:image\" content=\"https:\/\/www.cetys.mx\/noticias\/wp-content\/uploads\/2016\/11\/cetys_despiertatijuana2016-1.jpg\" \/>\n\t<meta property=\"og:image:width\" content=\"958\" \/>\n\t<meta property=\"og:image:height\" content=\"637\" \/>\n\t<meta property=\"og:image:type\" content=\"image\/jpeg\" \/>\n<meta name=\"author\" content=\"Campus Tijuana\" \/>\n<meta name=\"twitter:card\" content=\"summary_large_image\" \/>\n<meta name=\"twitter:creator\" content=\"@cetysuni\" \/>\n<meta name=\"twitter:site\" content=\"@cetysuni\" \/>\n<meta name=\"twitter:label1\" content=\"Escrito por\" \/>\n\t<meta name=\"twitter:data1\" content=\"Campus Tijuana\" \/>\n\t<meta name=\"twitter:label2\" content=\"Tiempo de lectura\" \/>\n\t<meta name=\"twitter:data2\" content=\"2 minutos\" \/>\n<script type=\"application\/ld+json\" class=\"yoast-schema-graph\">{\"@context\":\"https:\\\/\\\/schema.org\",\"@graph\":[{\"@type\":\"Article\",\"@id\":\"https:\\\/\\\/www.cetys.mx\\\/noticias\\\/jovenes-lideres-buscan-despertar-a-tijuana\\\/#article\",\"isPartOf\":{\"@id\":\"https:\\\/\\\/www.cetys.mx\\\/noticias\\\/jovenes-lideres-buscan-despertar-a-tijuana\\\/\"},\"author\":{\"name\":\"Campus Tijuana\",\"@id\":\"https:\\\/\\\/www.cetys.mx\\\/noticias\\\/#\\\/schema\\\/person\\\/e790051ce60e18ae47cfa87011c8653f\"},\"headline\":\"J\u00f3venes l\u00edderes buscan despertar a Tijuana\",\"datePublished\":\"2016-11-03T00:03:06+00:00\",\"mainEntityOfPage\":{\"@id\":\"https:\\\/\\\/www.cetys.mx\\\/noticias\\\/jovenes-lideres-buscan-despertar-a-tijuana\\\/\"},\"wordCount\":438,\"commentCount\":0,\"image\":{\"@id\":\"https:\\\/\\\/www.cetys.mx\\\/noticias\\\/jovenes-lideres-buscan-despertar-a-tijuana\\\/#primaryimage\"},\"thumbnailUrl\":\"https:\\\/\\\/www.cetys.mx\\\/noticias\\\/wp-content\\\/uploads\\\/2016\\\/11\\\/cetys_despiertatijuana2016-1.jpg\",\"keywords\":[\"Alumnos\",\"Bachilleres\",\"campustijuana\",\"Cetys\",\"cultura\",\"despiertatijuana\",\"Emprendimiento\",\"Innovaci\u00f3n\",\"investigaci\u00f3n\",\"liderazgo\",\"Preparatoria\",\"profesional\",\"tijuana\",\"vocetys-top-2016-11-02\"],\"articleSection\":[\"Campus Tijuana\",\"Portada\",\"Profesional\",\"VoCETYS\"],\"inLanguage\":\"es\",\"potentialAction\":[{\"@type\":\"CommentAction\",\"name\":\"Comment\",\"target\":[\"https:\\\/\\\/www.cetys.mx\\\/noticias\\\/jovenes-lideres-buscan-despertar-a-tijuana\\\/#respond\"]}]},{\"@type\":\"WebPage\",\"@id\":\"https:\\\/\\\/www.cetys.mx\\\/noticias\\\/jovenes-lideres-buscan-despertar-a-tijuana\\\/\",\"url\":\"https:\\\/\\\/www.cetys.mx\\\/noticias\\\/jovenes-lideres-buscan-despertar-a-tijuana\\\/\",\"name\":\"J\u00f3venes l\u00edderes buscan despertar a Tijuana - CETYS\",\"isPartOf\":{\"@id\":\"https:\\\/\\\/www.cetys.mx\\\/noticias\\\/#website\"},\"primaryImageOfPage\":{\"@id\":\"https:\\\/\\\/www.cetys.mx\\\/noticias\\\/jovenes-lideres-buscan-despertar-a-tijuana\\\/#primaryimage\"},\"image\":{\"@id\":\"https:\\\/\\\/www.cetys.mx\\\/noticias\\\/jovenes-lideres-buscan-despertar-a-tijuana\\\/#primaryimage\"},\"thumbnailUrl\":\"https:\\\/\\\/www.cetys.mx\\\/noticias\\\/wp-content\\\/uploads\\\/2016\\\/11\\\/cetys_despiertatijuana2016-1.jpg\",\"datePublished\":\"2016-11-03T00:03:06+00:00\",\"author\":{\"@id\":\"https:\\\/\\\/www.cetys.mx\\\/noticias\\\/#\\\/schema\\\/person\\\/e790051ce60e18ae47cfa87011c8653f\"},\"description\":\"Articulo sobre J\u00f3venes l\u00edderes buscan despertar a Tijuana\",\"breadcrumb\":{\"@id\":\"https:\\\/\\\/www.cetys.mx\\\/noticias\\\/jovenes-lideres-buscan-despertar-a-tijuana\\\/#breadcrumb\"},\"inLanguage\":\"es\",\"potentialAction\":[{\"@type\":\"ReadAction\",\"target\":[\"https:\\\/\\\/www.cetys.mx\\\/noticias\\\/jovenes-lideres-buscan-despertar-a-tijuana\\\/\"]}]},{\"@type\":\"ImageObject\",\"inLanguage\":\"es\",\"@id\":\"https:\\\/\\\/www.cetys.mx\\\/noticias\\\/jovenes-lideres-buscan-despertar-a-tijuana\\\/#primaryimage\",\"url\":\"https:\\\/\\\/www.cetys.mx\\\/noticias\\\/wp-content\\\/uploads\\\/2016\\\/11\\\/cetys_despiertatijuana2016-1.jpg\",\"contentUrl\":\"https:\\\/\\\/www.cetys.mx\\\/noticias\\\/wp-content\\\/uploads\\\/2016\\\/11\\\/cetys_despiertatijuana2016-1.jpg\",\"width\":958,\"height\":637},{\"@type\":\"BreadcrumbList\",\"@id\":\"https:\\\/\\\/www.cetys.mx\\\/noticias\\\/jovenes-lideres-buscan-despertar-a-tijuana\\\/#breadcrumb\",\"itemListElement\":[{\"@type\":\"ListItem\",\"position\":1,\"name\":\"Inicio\",\"item\":\"https:\\\/\\\/www.cetys.mx\\\/noticias\\\/\"},{\"@type\":\"ListItem\",\"position\":2,\"name\":\"J\u00f3venes l\u00edderes buscan despertar a Tijuana\"}]},{\"@type\":\"WebSite\",\"@id\":\"https:\\\/\\\/www.cetys.mx\\\/noticias\\\/#website\",\"url\":\"https:\\\/\\\/www.cetys.mx\\\/noticias\\\/\",\"name\":\"CETYS\",\"description\":\"\",\"potentialAction\":[{\"@type\":\"SearchAction\",\"target\":{\"@type\":\"EntryPoint\",\"urlTemplate\":\"https:\\\/\\\/www.cetys.mx\\\/noticias\\\/?s={search_term_string}\"},\"query-input\":{\"@type\":\"PropertyValueSpecification\",\"valueRequired\":true,\"valueName\":\"search_term_string\"}}],\"inLanguage\":\"es\"},{\"@type\":\"Person\",\"@id\":\"https:\\\/\\\/www.cetys.mx\\\/noticias\\\/#\\\/schema\\\/person\\\/e790051ce60e18ae47cfa87011c8653f\",\"name\":\"Campus Tijuana\",\"url\":\"https:\\\/\\\/www.cetys.mx\\\/noticias\\\/author\\\/campustijuana\\\/\"}]}<\/script>\n<!-- \/ Yoast SEO plugin. -->","yoast_head_json":{"title":"J\u00f3venes l\u00edderes buscan despertar a Tijuana - CETYS","description":"Articulo sobre J\u00f3venes l\u00edderes buscan despertar a Tijuana","robots":{"index":"index","follow":"follow","max-snippet":"max-snippet:-1","max-image-preview":"max-image-preview:large","max-video-preview":"max-video-preview:-1"},"canonical":"https:\/\/www.cetys.mx\/noticias\/jovenes-lideres-buscan-despertar-a-tijuana\/","og_locale":"es_MX","og_type":"article","og_title":"J\u00f3venes l\u00edderes buscan despertar a Tijuana - CETYS","og_description":"Articulo sobre J\u00f3venes l\u00edderes buscan despertar a Tijuana","og_url":"https:\/\/www.cetys.mx\/noticias\/jovenes-lideres-buscan-despertar-a-tijuana\/","og_site_name":"CETYS","article_publisher":"https:\/\/www.facebook.com\/cetysuniversidadmxl\/","article_published_time":"2016-11-03T00:03:06+00:00","og_image":[{"width":958,"height":637,"url":"https:\/\/www.cetys.mx\/noticias\/wp-content\/uploads\/2016\/11\/cetys_despiertatijuana2016-1.jpg","type":"image\/jpeg"}],"author":"Campus Tijuana","twitter_card":"summary_large_image","twitter_creator":"@cetysuni","twitter_site":"@cetysuni","twitter_misc":{"Escrito por":"Campus Tijuana","Tiempo de lectura":"2 minutos"},"schema":{"@context":"https:\/\/schema.org","@graph":[{"@type":"Article","@id":"https:\/\/www.cetys.mx\/noticias\/jovenes-lideres-buscan-despertar-a-tijuana\/#article","isPartOf":{"@id":"https:\/\/www.cetys.mx\/noticias\/jovenes-lideres-buscan-despertar-a-tijuana\/"},"author":{"name":"Campus Tijuana","@id":"https:\/\/www.cetys.mx\/noticias\/#\/schema\/person\/e790051ce60e18ae47cfa87011c8653f"},"headline":"J\u00f3venes l\u00edderes buscan despertar a Tijuana","datePublished":"2016-11-03T00:03:06+00:00","mainEntityOfPage":{"@id":"https:\/\/www.cetys.mx\/noticias\/jovenes-lideres-buscan-despertar-a-tijuana\/"},"wordCount":438,"commentCount":0,"image":{"@id":"https:\/\/www.cetys.mx\/noticias\/jovenes-lideres-buscan-despertar-a-tijuana\/#primaryimage"},"thumbnailUrl":"https:\/\/www.cetys.mx\/noticias\/wp-content\/uploads\/2016\/11\/cetys_despiertatijuana2016-1.jpg","keywords":["Alumnos","Bachilleres","campustijuana","Cetys","cultura","despiertatijuana","Emprendimiento","Innovaci\u00f3n","investigaci\u00f3n","liderazgo","Preparatoria","profesional","tijuana","vocetys-top-2016-11-02"],"articleSection":["Campus Tijuana","Portada","Profesional","VoCETYS"],"inLanguage":"es","potentialAction":[{"@type":"CommentAction","name":"Comment","target":["https:\/\/www.cetys.mx\/noticias\/jovenes-lideres-buscan-despertar-a-tijuana\/#respond"]}]},{"@type":"WebPage","@id":"https:\/\/www.cetys.mx\/noticias\/jovenes-lideres-buscan-despertar-a-tijuana\/","url":"https:\/\/www.cetys.mx\/noticias\/jovenes-lideres-buscan-despertar-a-tijuana\/","name":"J\u00f3venes l\u00edderes buscan despertar a Tijuana - CETYS","isPartOf":{"@id":"https:\/\/www.cetys.mx\/noticias\/#website"},"primaryImageOfPage":{"@id":"https:\/\/www.cetys.mx\/noticias\/jovenes-lideres-buscan-despertar-a-tijuana\/#primaryimage"},"image":{"@id":"https:\/\/www.cetys.mx\/noticias\/jovenes-lideres-buscan-despertar-a-tijuana\/#primaryimage"},"thumbnailUrl":"https:\/\/www.cetys.mx\/noticias\/wp-content\/uploads\/2016\/11\/cetys_despiertatijuana2016-1.jpg","datePublished":"2016-11-03T00:03:06+00:00","author":{"@id":"https:\/\/www.cetys.mx\/noticias\/#\/schema\/person\/e790051ce60e18ae47cfa87011c8653f"},"description":"Articulo sobre J\u00f3venes l\u00edderes buscan despertar a Tijuana","breadcrumb":{"@id":"https:\/\/www.cetys.mx\/noticias\/jovenes-lideres-buscan-despertar-a-tijuana\/#breadcrumb"},"inLanguage":"es","potentialAction":[{"@type":"ReadAction","target":["https:\/\/www.cetys.mx\/noticias\/jovenes-lideres-buscan-despertar-a-tijuana\/"]}]},{"@type":"ImageObject","inLanguage":"es","@id":"https:\/\/www.cetys.mx\/noticias\/jovenes-lideres-buscan-despertar-a-tijuana\/#primaryimage","url":"https:\/\/www.cetys.mx\/noticias\/wp-content\/uploads\/2016\/11\/cetys_despiertatijuana2016-1.jpg","contentUrl":"https:\/\/www.cetys.mx\/noticias\/wp-content\/uploads\/2016\/11\/cetys_despiertatijuana2016-1.jpg","width":958,"height":637},{"@type":"BreadcrumbList","@id":"https:\/\/www.cetys.mx\/noticias\/jovenes-lideres-buscan-despertar-a-tijuana\/#breadcrumb","itemListElement":[{"@type":"ListItem","position":1,"name":"Inicio","item":"https:\/\/www.cetys.mx\/noticias\/"},{"@type":"ListItem","position":2,"name":"J\u00f3venes l\u00edderes buscan despertar a Tijuana"}]},{"@type":"WebSite","@id":"https:\/\/www.cetys.mx\/noticias\/#website","url":"https:\/\/www.cetys.mx\/noticias\/","name":"CETYS","description":"","potentialAction":[{"@type":"SearchAction","target":{"@type":"EntryPoint","urlTemplate":"https:\/\/www.cetys.mx\/noticias\/?s={search_term_string}"},"query-input":{"@type":"PropertyValueSpecification","valueRequired":true,"valueName":"search_term_string"}}],"inLanguage":"es"},{"@type":"Person","@id":"https:\/\/www.cetys.mx\/noticias\/#\/schema\/person\/e790051ce60e18ae47cfa87011c8653f","name":"Campus Tijuana","url":"https:\/\/www.cetys.mx\/noticias\/author\/campustijuana\/"}]}},"_links":{"self":[{"href":"https:\/\/www.cetys.mx\/noticias\/wp-json\/wp\/v2\/posts\/66757","targetHints":{"allow":["GET"]}}],"collection":[{"href":"https:\/\/www.cetys.mx\/noticias\/wp-json\/wp\/v2\/posts"}],"about":[{"href":"https:\/\/www.cetys.mx\/noticias\/wp-json\/wp\/v2\/types\/post"}],"author":[{"embeddable":true,"href":"https:\/\/www.cetys.mx\/noticias\/wp-json\/wp\/v2\/users\/24"}],"replies":[{"embeddable":true,"href":"https:\/\/www.cetys.mx\/noticias\/wp-json\/wp\/v2\/comments?post=66757"}],"version-history":[{"count":0,"href":"https:\/\/www.cetys.mx\/noticias\/wp-json\/wp\/v2\/posts\/66757\/revisions"}],"wp:featuredmedia":[{"embeddable":true,"href":"https:\/\/www.cetys.mx\/noticias\/wp-json\/wp\/v2\/media\/66760"}],"wp:attachment":[{"href":"https:\/\/www.cetys.mx\/noticias\/wp-json\/wp\/v2\/media?parent=66757"}],"wp:term":[{"taxonomy":"category","embeddable":true,"href":"https:\/\/www.cetys.mx\/noticias\/wp-json\/wp\/v2\/categories?post=66757"},{"taxonomy":"post_tag","embeddable":true,"href":"https:\/\/www.cetys.mx\/noticias\/wp-json\/wp\/v2\/tags?post=66757"}],"curies":[{"name":"wp","href":"https:\/\/api.w.org\/{rel}","templated":true}]}}