{"id":65645,"date":"2016-09-27T15:40:18","date_gmt":"2016-09-27T22:40:18","guid":{"rendered":"http:\/\/www.cetys.mx\/noticias\/?p=65645"},"modified":"2016-10-04T16:23:11","modified_gmt":"2016-10-04T23:23:11","slug":"no-hay-que-subestimar-la-fuerza-de-trump-estrada-caravantes","status":"publish","type":"post","link":"https:\/\/www.cetys.mx\/noticias\/no-hay-que-subestimar-la-fuerza-de-trump-estrada-caravantes\/","title":{"rendered":"No hay que subestimar la fuerza de Trump: Estrada Caravantes"},"content":{"rendered":"<p align=\"justify\">Tras un largo camino en la b\u00fasqueda de simpatizantes, los dos candidatos m\u00e1s populares a la <strong>Presidencia de los Estados Unidos<\/strong> se encontraron por primera ocasi\u00f3n cara a cara para debatir sus propuestas y gu\u00edas de acci\u00f3n ante la comunidad norteamericana. El <strong>Mtro. Alfredo Estrada Caravantes<\/strong>, <em>Coordinador de la Licenciatura en Derecho del Campus Tijuana<\/em>,<strong> analiz\u00f3 este primer debate teniendo como resultado lo siguiente<\/strong>.<\/p>\n<blockquote>\n<p align=\"justify\">\u201cEste primer ejercicio le sirvi\u00f3 al electorado para comparar uno a uno las ideas de ambos candidatos, lo cual permiti\u00f3 observar su preparaci\u00f3n al responder, experiencia en los temas de la agenda gubernamental y su temperamento ante las preguntas sometidas por el moderador\u201d, comparti\u00f3 el Mtro. Estrada Caravantes.<\/p>\n<\/blockquote>\n<div id=\"attachment_65650\" style=\"width: 769px\" class=\"wp-caption aligncenter\"><img loading=\"lazy\" decoding=\"async\" aria-describedby=\"caption-attachment-65650\" class=\"wp-image-65650 size-full\" src=\"https:\/\/www.cetys.mx\/noticias\/wp-content\/uploads\/2016\/09\/campaign-2016-debate-7591.jpg\" alt=\"\" width=\"759\" height=\"422\" \/><p id=\"caption-attachment-65650\" class=\"wp-caption-text\">&#8220;Donald Trump se mostr\u00f3 como un hombre agresivo, poco sincero y nervioso, mientras que Hillary Clinton con un temperamento saludable y un mayor desempe\u00f1o en las preguntas&#8221;, asegur\u00f3 el Mtro. Estrada Carvantes.<\/p><\/div>\n<p align=\"justify\">El acad\u00e9mico del CETYS Tijuana coment\u00f3 que <strong>el tema migratorio y el empleo son temas que dominan la agenda de la elecci\u00f3n<\/strong>, por lo que es necesario estar atentos a lo que esto pueda generar. <em>\u201cAl votante americano promedio le est\u00e1 importando mucho la relaci\u00f3n de los negocios que Estados Unidos hace con M\u00e9xico, la vinculaci\u00f3n que Trump ha promovido entre los niveles de desempleo y el resto de sus problemas econ\u00f3micos con la migraci\u00f3n es sumamente delicado\u201d<\/em>, afirm\u00f3.<\/p>\n<p align=\"justify\">En un an\u00e1lisis de las estrategias de trabajo en el tema de empleo, el Mtro. Estrada Caravantes considera que<strong> la propuesta de Trump es muy similar a lo que realiz\u00f3 el presidente Ronald Regan<\/strong>, quien apost\u00f3 por disminuir los impuestos a las grandes corporaciones con la hip\u00f3tesis de que esto le quitar\u00eda una importante carga econ\u00f3mica para desencadenar una mayor cantidad de empleos y oportunidades de crecimiento, <strong>premisa donde los n\u00fameros de aquella \u00e9poca demuestran todo lo contrario<\/strong>.<\/p>\n<div id=\"attachment_65651\" style=\"width: 769px\" class=\"wp-caption aligncenter\"><a href=\"https:\/\/www.cetys.mx\/noticias\/wp-content\/uploads\/2016\/09\/us-debate-7593.jpg\"><img loading=\"lazy\" decoding=\"async\" aria-describedby=\"caption-attachment-65651\" class=\"wp-image-65651 size-full\" src=\"https:\/\/www.cetys.mx\/noticias\/wp-content\/uploads\/2016\/09\/us-debate-7593.jpg\" alt=\"Republican presidential nominee Donald Trump points toward Democratic presidential nominee Hillary Clinton during the presidential debate at Hofstra University in Hempstead, N.Y., Monday, Sept. 26, 2016. (Joe Raedle\/Pool via AP)\" width=\"759\" height=\"422\" \/><\/a><p id=\"caption-attachment-65651\" class=\"wp-caption-text\">\u201cAunque Clinton no llegara a ganar la elecci\u00f3n la idea que Trump ha promovido sobre M\u00e9xico es muy preocupante&#8221;, Mtro. Estrada Caravantes.<\/p><\/div>\n<p align=\"justify\">En relaci\u00f3n a <strong>la relevancia de esta elecci\u00f3n para M\u00e9xico es muy importante<\/strong>, pues invita a ver la <strong>paridad que se dio entre el peso y el d\u00f3lar<\/strong> <strong>\u00fanicamente por la cuesti\u00f3n del debate<\/strong>, situaci\u00f3n que permite inferir lo que podr\u00eda suceder una vez llegada la elecci\u00f3n. <em>\u201cAunque Clinton no llegara a ganar la elecci\u00f3n la idea que Trump ha promovido sobre M\u00e9xico es muy preocupante, principalmente porque el mensaje va dirigido hacia un segmento que durante los \u00faltimos 20 a\u00f1os ha vivido los problemas econ\u00f3micos y visto bajar su calidad de vida\u201d<\/em>, enfatiz\u00f3.<\/p>\n<p align=\"justify\">A la par coment\u00f3 que a pesar de que posterior al debate se haya mostrado una mayor inclinaci\u00f3n hacia la candidata dem\u00f3crata, eso no asegura su triunfo en la contienda electoral pues en el proceso suceden una infinita variedad de cuestiones negativas y positivas.<\/p>\n<blockquote>\n<p align=\"justify\">\u201cNo hay que subestimar la fuerza ni la popularidad que \u00e9l ha logrado, entre m\u00e1s problemas padezca o sienta la comunidad estadounidense, mayores ser\u00e1n las posibilidades de que Donald Trump llegue a la presidencia\u201d, concluy\u00f3.<\/p>\n<\/blockquote>\n","protected":false},"excerpt":{"rendered":"<p>Tras un largo camino en la b\u00fasqueda de simpatizantes, los dos candidatos m\u00e1s populares a la Presidencia de los Estados Unidos se&#8230;<\/p>\n","protected":false},"author":24,"featured_media":65647,"comment_status":"open","ping_status":"open","sticky":false,"template":"","format":"standard","meta":{"footnotes":""},"categories":[110,134,313],"tags":[122,328,138,168,247,176,1119],"class_list":["post-65645","post","type-post","status-publish","format-standard","has-post-thumbnail","hentry","category-academia","category-campus-tijuana","category-vocetys-2","tag-academia","tag-campustijuana","tag-cetys","tag-cetys-universidad","tag-derecho","tag-profesional","tag-vocetys-2016-10-05"],"yoast_head":"<!-- This site is optimized with the Yoast SEO plugin v27.4 - https:\/\/yoast.com\/product\/yoast-seo-wordpress\/ -->\n<title>No hay que subestimar la fuerza de Trump: Estrada Caravantes - CETYS<\/title>\n<meta name=\"description\" content=\"Articulo sobre No hay que subestimar la fuerza de Trump: Estrada Caravantes\" \/>\n<meta name=\"robots\" content=\"index, follow, max-snippet:-1, max-image-preview:large, max-video-preview:-1\" \/>\n<link rel=\"canonical\" href=\"https:\/\/www.cetys.mx\/noticias\/no-hay-que-subestimar-la-fuerza-de-trump-estrada-caravantes\/\" \/>\n<meta property=\"og:locale\" content=\"es_MX\" \/>\n<meta property=\"og:type\" content=\"article\" \/>\n<meta property=\"og:title\" content=\"No hay que subestimar la fuerza de Trump: Estrada Caravantes - CETYS\" \/>\n<meta property=\"og:description\" content=\"Articulo sobre No hay que subestimar la fuerza de Trump: Estrada Caravantes\" \/>\n<meta property=\"og:url\" content=\"https:\/\/www.cetys.mx\/noticias\/no-hay-que-subestimar-la-fuerza-de-trump-estrada-caravantes\/\" \/>\n<meta property=\"og:site_name\" content=\"CETYS\" \/>\n<meta property=\"article:publisher\" content=\"https:\/\/www.facebook.com\/cetysuniversidadmxl\/\" \/>\n<meta property=\"article:published_time\" content=\"2016-09-27T22:40:18+00:00\" \/>\n<meta property=\"article:modified_time\" content=\"2016-10-04T23:23:11+00:00\" \/>\n<meta property=\"og:image\" content=\"https:\/\/www.cetys.mx\/noticias\/wp-content\/uploads\/2016\/09\/cetys_eleccionusa2016-2.jpg\" \/>\n\t<meta property=\"og:image:width\" content=\"958\" \/>\n\t<meta property=\"og:image:height\" content=\"637\" \/>\n\t<meta property=\"og:image:type\" content=\"image\/jpeg\" \/>\n<meta name=\"author\" content=\"Campus Tijuana\" \/>\n<meta name=\"twitter:card\" content=\"summary_large_image\" \/>\n<meta name=\"twitter:creator\" content=\"@cetysuni\" \/>\n<meta name=\"twitter:site\" content=\"@cetysuni\" \/>\n<meta name=\"twitter:label1\" content=\"Escrito por\" \/>\n\t<meta name=\"twitter:data1\" content=\"Campus Tijuana\" \/>\n\t<meta name=\"twitter:label2\" content=\"Tiempo de lectura\" \/>\n\t<meta name=\"twitter:data2\" content=\"3 minutos\" \/>\n<script type=\"application\/ld+json\" class=\"yoast-schema-graph\">{\"@context\":\"https:\\\/\\\/schema.org\",\"@graph\":[{\"@type\":\"Article\",\"@id\":\"https:\\\/\\\/www.cetys.mx\\\/noticias\\\/no-hay-que-subestimar-la-fuerza-de-trump-estrada-caravantes\\\/#article\",\"isPartOf\":{\"@id\":\"https:\\\/\\\/www.cetys.mx\\\/noticias\\\/no-hay-que-subestimar-la-fuerza-de-trump-estrada-caravantes\\\/\"},\"author\":{\"name\":\"Campus Tijuana\",\"@id\":\"https:\\\/\\\/www.cetys.mx\\\/noticias\\\/#\\\/schema\\\/person\\\/e790051ce60e18ae47cfa87011c8653f\"},\"headline\":\"No hay que subestimar la fuerza de Trump: Estrada Caravantes\",\"datePublished\":\"2016-09-27T22:40:18+00:00\",\"dateModified\":\"2016-10-04T23:23:11+00:00\",\"mainEntityOfPage\":{\"@id\":\"https:\\\/\\\/www.cetys.mx\\\/noticias\\\/no-hay-que-subestimar-la-fuerza-de-trump-estrada-caravantes\\\/\"},\"wordCount\":556,\"commentCount\":0,\"image\":{\"@id\":\"https:\\\/\\\/www.cetys.mx\\\/noticias\\\/no-hay-que-subestimar-la-fuerza-de-trump-estrada-caravantes\\\/#primaryimage\"},\"thumbnailUrl\":\"https:\\\/\\\/www.cetys.mx\\\/noticias\\\/wp-content\\\/uploads\\\/2016\\\/09\\\/cetys_eleccionusa2016-2.jpg\",\"keywords\":[\"Academia\",\"campustijuana\",\"Cetys\",\"CETYS Universidad\",\"Derecho\",\"profesional\",\"vocetys-2016-10-05\"],\"articleSection\":[\"Academia\",\"Campus Tijuana\",\"VoCETYS\"],\"inLanguage\":\"es\",\"potentialAction\":[{\"@type\":\"CommentAction\",\"name\":\"Comment\",\"target\":[\"https:\\\/\\\/www.cetys.mx\\\/noticias\\\/no-hay-que-subestimar-la-fuerza-de-trump-estrada-caravantes\\\/#respond\"]}]},{\"@type\":\"WebPage\",\"@id\":\"https:\\\/\\\/www.cetys.mx\\\/noticias\\\/no-hay-que-subestimar-la-fuerza-de-trump-estrada-caravantes\\\/\",\"url\":\"https:\\\/\\\/www.cetys.mx\\\/noticias\\\/no-hay-que-subestimar-la-fuerza-de-trump-estrada-caravantes\\\/\",\"name\":\"No hay que subestimar la fuerza de Trump: Estrada Caravantes - CETYS\",\"isPartOf\":{\"@id\":\"https:\\\/\\\/www.cetys.mx\\\/noticias\\\/#website\"},\"primaryImageOfPage\":{\"@id\":\"https:\\\/\\\/www.cetys.mx\\\/noticias\\\/no-hay-que-subestimar-la-fuerza-de-trump-estrada-caravantes\\\/#primaryimage\"},\"image\":{\"@id\":\"https:\\\/\\\/www.cetys.mx\\\/noticias\\\/no-hay-que-subestimar-la-fuerza-de-trump-estrada-caravantes\\\/#primaryimage\"},\"thumbnailUrl\":\"https:\\\/\\\/www.cetys.mx\\\/noticias\\\/wp-content\\\/uploads\\\/2016\\\/09\\\/cetys_eleccionusa2016-2.jpg\",\"datePublished\":\"2016-09-27T22:40:18+00:00\",\"dateModified\":\"2016-10-04T23:23:11+00:00\",\"author\":{\"@id\":\"https:\\\/\\\/www.cetys.mx\\\/noticias\\\/#\\\/schema\\\/person\\\/e790051ce60e18ae47cfa87011c8653f\"},\"description\":\"Articulo sobre No hay que subestimar la fuerza de Trump: Estrada Caravantes\",\"breadcrumb\":{\"@id\":\"https:\\\/\\\/www.cetys.mx\\\/noticias\\\/no-hay-que-subestimar-la-fuerza-de-trump-estrada-caravantes\\\/#breadcrumb\"},\"inLanguage\":\"es\",\"potentialAction\":[{\"@type\":\"ReadAction\",\"target\":[\"https:\\\/\\\/www.cetys.mx\\\/noticias\\\/no-hay-que-subestimar-la-fuerza-de-trump-estrada-caravantes\\\/\"]}]},{\"@type\":\"ImageObject\",\"inLanguage\":\"es\",\"@id\":\"https:\\\/\\\/www.cetys.mx\\\/noticias\\\/no-hay-que-subestimar-la-fuerza-de-trump-estrada-caravantes\\\/#primaryimage\",\"url\":\"https:\\\/\\\/www.cetys.mx\\\/noticias\\\/wp-content\\\/uploads\\\/2016\\\/09\\\/cetys_eleccionusa2016-2.jpg\",\"contentUrl\":\"https:\\\/\\\/www.cetys.mx\\\/noticias\\\/wp-content\\\/uploads\\\/2016\\\/09\\\/cetys_eleccionusa2016-2.jpg\",\"width\":958,\"height\":637,\"caption\":\"El Mtro. Estrada Caravantes, Coordinador de la Lic. En Derecho, no descarta la posible llega de Trump a la Presidencia de los EU.\"},{\"@type\":\"BreadcrumbList\",\"@id\":\"https:\\\/\\\/www.cetys.mx\\\/noticias\\\/no-hay-que-subestimar-la-fuerza-de-trump-estrada-caravantes\\\/#breadcrumb\",\"itemListElement\":[{\"@type\":\"ListItem\",\"position\":1,\"name\":\"Inicio\",\"item\":\"https:\\\/\\\/www.cetys.mx\\\/noticias\\\/\"},{\"@type\":\"ListItem\",\"position\":2,\"name\":\"No hay que subestimar la fuerza de Trump: Estrada Caravantes\"}]},{\"@type\":\"WebSite\",\"@id\":\"https:\\\/\\\/www.cetys.mx\\\/noticias\\\/#website\",\"url\":\"https:\\\/\\\/www.cetys.mx\\\/noticias\\\/\",\"name\":\"CETYS\",\"description\":\"\",\"potentialAction\":[{\"@type\":\"SearchAction\",\"target\":{\"@type\":\"EntryPoint\",\"urlTemplate\":\"https:\\\/\\\/www.cetys.mx\\\/noticias\\\/?s={search_term_string}\"},\"query-input\":{\"@type\":\"PropertyValueSpecification\",\"valueRequired\":true,\"valueName\":\"search_term_string\"}}],\"inLanguage\":\"es\"},{\"@type\":\"Person\",\"@id\":\"https:\\\/\\\/www.cetys.mx\\\/noticias\\\/#\\\/schema\\\/person\\\/e790051ce60e18ae47cfa87011c8653f\",\"name\":\"Campus Tijuana\",\"url\":\"https:\\\/\\\/www.cetys.mx\\\/noticias\\\/author\\\/campustijuana\\\/\"}]}<\/script>\n<!-- \/ Yoast SEO plugin. -->","yoast_head_json":{"title":"No hay que subestimar la fuerza de Trump: Estrada Caravantes - CETYS","description":"Articulo sobre No hay que subestimar la fuerza de Trump: Estrada Caravantes","robots":{"index":"index","follow":"follow","max-snippet":"max-snippet:-1","max-image-preview":"max-image-preview:large","max-video-preview":"max-video-preview:-1"},"canonical":"https:\/\/www.cetys.mx\/noticias\/no-hay-que-subestimar-la-fuerza-de-trump-estrada-caravantes\/","og_locale":"es_MX","og_type":"article","og_title":"No hay que subestimar la fuerza de Trump: Estrada Caravantes - CETYS","og_description":"Articulo sobre No hay que subestimar la fuerza de Trump: Estrada Caravantes","og_url":"https:\/\/www.cetys.mx\/noticias\/no-hay-que-subestimar-la-fuerza-de-trump-estrada-caravantes\/","og_site_name":"CETYS","article_publisher":"https:\/\/www.facebook.com\/cetysuniversidadmxl\/","article_published_time":"2016-09-27T22:40:18+00:00","article_modified_time":"2016-10-04T23:23:11+00:00","og_image":[{"width":958,"height":637,"url":"https:\/\/www.cetys.mx\/noticias\/wp-content\/uploads\/2016\/09\/cetys_eleccionusa2016-2.jpg","type":"image\/jpeg"}],"author":"Campus Tijuana","twitter_card":"summary_large_image","twitter_creator":"@cetysuni","twitter_site":"@cetysuni","twitter_misc":{"Escrito por":"Campus Tijuana","Tiempo de lectura":"3 minutos"},"schema":{"@context":"https:\/\/schema.org","@graph":[{"@type":"Article","@id":"https:\/\/www.cetys.mx\/noticias\/no-hay-que-subestimar-la-fuerza-de-trump-estrada-caravantes\/#article","isPartOf":{"@id":"https:\/\/www.cetys.mx\/noticias\/no-hay-que-subestimar-la-fuerza-de-trump-estrada-caravantes\/"},"author":{"name":"Campus Tijuana","@id":"https:\/\/www.cetys.mx\/noticias\/#\/schema\/person\/e790051ce60e18ae47cfa87011c8653f"},"headline":"No hay que subestimar la fuerza de Trump: Estrada Caravantes","datePublished":"2016-09-27T22:40:18+00:00","dateModified":"2016-10-04T23:23:11+00:00","mainEntityOfPage":{"@id":"https:\/\/www.cetys.mx\/noticias\/no-hay-que-subestimar-la-fuerza-de-trump-estrada-caravantes\/"},"wordCount":556,"commentCount":0,"image":{"@id":"https:\/\/www.cetys.mx\/noticias\/no-hay-que-subestimar-la-fuerza-de-trump-estrada-caravantes\/#primaryimage"},"thumbnailUrl":"https:\/\/www.cetys.mx\/noticias\/wp-content\/uploads\/2016\/09\/cetys_eleccionusa2016-2.jpg","keywords":["Academia","campustijuana","Cetys","CETYS Universidad","Derecho","profesional","vocetys-2016-10-05"],"articleSection":["Academia","Campus Tijuana","VoCETYS"],"inLanguage":"es","potentialAction":[{"@type":"CommentAction","name":"Comment","target":["https:\/\/www.cetys.mx\/noticias\/no-hay-que-subestimar-la-fuerza-de-trump-estrada-caravantes\/#respond"]}]},{"@type":"WebPage","@id":"https:\/\/www.cetys.mx\/noticias\/no-hay-que-subestimar-la-fuerza-de-trump-estrada-caravantes\/","url":"https:\/\/www.cetys.mx\/noticias\/no-hay-que-subestimar-la-fuerza-de-trump-estrada-caravantes\/","name":"No hay que subestimar la fuerza de Trump: Estrada Caravantes - CETYS","isPartOf":{"@id":"https:\/\/www.cetys.mx\/noticias\/#website"},"primaryImageOfPage":{"@id":"https:\/\/www.cetys.mx\/noticias\/no-hay-que-subestimar-la-fuerza-de-trump-estrada-caravantes\/#primaryimage"},"image":{"@id":"https:\/\/www.cetys.mx\/noticias\/no-hay-que-subestimar-la-fuerza-de-trump-estrada-caravantes\/#primaryimage"},"thumbnailUrl":"https:\/\/www.cetys.mx\/noticias\/wp-content\/uploads\/2016\/09\/cetys_eleccionusa2016-2.jpg","datePublished":"2016-09-27T22:40:18+00:00","dateModified":"2016-10-04T23:23:11+00:00","author":{"@id":"https:\/\/www.cetys.mx\/noticias\/#\/schema\/person\/e790051ce60e18ae47cfa87011c8653f"},"description":"Articulo sobre No hay que subestimar la fuerza de Trump: Estrada Caravantes","breadcrumb":{"@id":"https:\/\/www.cetys.mx\/noticias\/no-hay-que-subestimar-la-fuerza-de-trump-estrada-caravantes\/#breadcrumb"},"inLanguage":"es","potentialAction":[{"@type":"ReadAction","target":["https:\/\/www.cetys.mx\/noticias\/no-hay-que-subestimar-la-fuerza-de-trump-estrada-caravantes\/"]}]},{"@type":"ImageObject","inLanguage":"es","@id":"https:\/\/www.cetys.mx\/noticias\/no-hay-que-subestimar-la-fuerza-de-trump-estrada-caravantes\/#primaryimage","url":"https:\/\/www.cetys.mx\/noticias\/wp-content\/uploads\/2016\/09\/cetys_eleccionusa2016-2.jpg","contentUrl":"https:\/\/www.cetys.mx\/noticias\/wp-content\/uploads\/2016\/09\/cetys_eleccionusa2016-2.jpg","width":958,"height":637,"caption":"El Mtro. Estrada Caravantes, Coordinador de la Lic. En Derecho, no descarta la posible llega de Trump a la Presidencia de los EU."},{"@type":"BreadcrumbList","@id":"https:\/\/www.cetys.mx\/noticias\/no-hay-que-subestimar-la-fuerza-de-trump-estrada-caravantes\/#breadcrumb","itemListElement":[{"@type":"ListItem","position":1,"name":"Inicio","item":"https:\/\/www.cetys.mx\/noticias\/"},{"@type":"ListItem","position":2,"name":"No hay que subestimar la fuerza de Trump: Estrada Caravantes"}]},{"@type":"WebSite","@id":"https:\/\/www.cetys.mx\/noticias\/#website","url":"https:\/\/www.cetys.mx\/noticias\/","name":"CETYS","description":"","potentialAction":[{"@type":"SearchAction","target":{"@type":"EntryPoint","urlTemplate":"https:\/\/www.cetys.mx\/noticias\/?s={search_term_string}"},"query-input":{"@type":"PropertyValueSpecification","valueRequired":true,"valueName":"search_term_string"}}],"inLanguage":"es"},{"@type":"Person","@id":"https:\/\/www.cetys.mx\/noticias\/#\/schema\/person\/e790051ce60e18ae47cfa87011c8653f","name":"Campus Tijuana","url":"https:\/\/www.cetys.mx\/noticias\/author\/campustijuana\/"}]}},"_links":{"self":[{"href":"https:\/\/www.cetys.mx\/noticias\/wp-json\/wp\/v2\/posts\/65645","targetHints":{"allow":["GET"]}}],"collection":[{"href":"https:\/\/www.cetys.mx\/noticias\/wp-json\/wp\/v2\/posts"}],"about":[{"href":"https:\/\/www.cetys.mx\/noticias\/wp-json\/wp\/v2\/types\/post"}],"author":[{"embeddable":true,"href":"https:\/\/www.cetys.mx\/noticias\/wp-json\/wp\/v2\/users\/24"}],"replies":[{"embeddable":true,"href":"https:\/\/www.cetys.mx\/noticias\/wp-json\/wp\/v2\/comments?post=65645"}],"version-history":[{"count":0,"href":"https:\/\/www.cetys.mx\/noticias\/wp-json\/wp\/v2\/posts\/65645\/revisions"}],"wp:featuredmedia":[{"embeddable":true,"href":"https:\/\/www.cetys.mx\/noticias\/wp-json\/wp\/v2\/media\/65647"}],"wp:attachment":[{"href":"https:\/\/www.cetys.mx\/noticias\/wp-json\/wp\/v2\/media?parent=65645"}],"wp:term":[{"taxonomy":"category","embeddable":true,"href":"https:\/\/www.cetys.mx\/noticias\/wp-json\/wp\/v2\/categories?post=65645"},{"taxonomy":"post_tag","embeddable":true,"href":"https:\/\/www.cetys.mx\/noticias\/wp-json\/wp\/v2\/tags?post=65645"}],"curies":[{"name":"wp","href":"https:\/\/api.w.org\/{rel}","templated":true}]}}