{"id":65627,"date":"2016-09-26T19:50:23","date_gmt":"2016-09-27T02:50:23","guid":{"rendered":"http:\/\/www.cetys.mx\/noticias\/?p=65627"},"modified":"2020-03-13T22:11:36","modified_gmt":"2020-03-14T05:11:36","slug":"yo-creo-que-naci-para-el-cetys-villalba-cuervo","status":"publish","type":"post","link":"https:\/\/www.cetys.mx\/noticias\/yo-creo-que-naci-para-el-cetys-villalba-cuervo\/","title":{"rendered":"Yo creo que nac\u00ed para el CETYS: Villalba Cuervo"},"content":{"rendered":"<p><strong>Ana Georgina Villalba Cuervo<\/strong>, qui\u00e9n en este 2016 recibi\u00f3 un reconocimiento de CETYS Universidad por 10 a\u00f1os laborales ininterrumpidos, nos comparte c\u00f3mo ha vivido esta trayectoria. Ayer, ostentaba el t\u00edtulo de maestra de asignatura; hoy, es quien <a href=\"https:\/\/www.cetys.mx\/noticias\/asumir-direccin-de-preparatoria\/\" target=\"_blank\" rel=\"noopener\">est\u00e1 al frente de la Direcci\u00f3n de la Preparatoria CETYS, Campus Mexicali<\/a>.<\/p>\n<p>&nbsp;<\/p>\n<p><span style=\"color: #333333;\"><em><strong>\u00bfQu\u00e9 la motiv\u00f3 a trabajar en CETYS?<\/strong><\/em><\/span><\/p>\n<p>Yo soy egresada de la <a href=\"https:\/\/www.cetys.mx\/5-preparatoria\/\" target=\"_blank\" rel=\"noopener\">Preparatoria CETYS<\/a>, pero te platico un poquito. Antes de ser estudiante de aqu\u00ed, el CETYS ya hab\u00eda sido parte de mi familia, mi pap\u00e1 fue Director de CETYS, \u00e9l es dominicano de nacimiento y se viene aqu\u00ed a Mexicali para laborar en CETYS. CETYS desde que nac\u00ed ha sido un tema de conversaci\u00f3n y una forma de vida de mi familia. Es una instituci\u00f3n que yo siempre he admirado.<\/p>\n<p>Cuando termino mis estudios aqu\u00ed, posiblemente en ese momento no visualizaba la posibilidad de trabajar en CETYS, sin embargo se me presenta una oportunidad de trabajo cuando apenas ten\u00eda 2, 3 a\u00f1os de haber terminado la universidad, y consider\u00e9 que la docencia pod\u00eda ser una muy buena oportunidad para seguir en el \u00e1mbito laboral, para no quedarme atr\u00e1s y compartir tambi\u00e9n mi trabajo como mam\u00e1. Trat\u00e9 siempre de ejercer mi profesi\u00f3n que fue Administraci\u00f3n de Empresas aqu\u00ed y comenc\u00e9 a dar aqu\u00ed clases relacionadas con lo que ten\u00eda que ver con emprendedores, contabilidad. Es as\u00ed como cumplo 10 a\u00f1os siendo maestra de planta, m\u00e1s los 6 a\u00f1os que estuve como maestra de asignatura.<\/p>\n<blockquote><p>Con poquitas horas, me di cuenta que eso era mi vocaci\u00f3n, e incluso, <strong>mi pasi\u00f3n<\/strong>.<\/p><\/blockquote>\n<p><strong>\u00a0<\/strong><\/p>\n<p><em><strong>\u00bfCu\u00e1l ha sido su mejor experiencia en esta instituci\u00f3n?<\/strong><\/em><\/p>\n<p><img loading=\"lazy\" decoding=\"async\" class=\"alignleft\" src=\"https:\/\/www.cetys.mx\/noticias\/wp-content\/uploads\/2016\/02\/bancosaccion1_gde.jpg?956922\" alt=\"\" width=\"367\" height=\"318\" \/>Yo vengo del \u00e1rea de emprendedores, no me conform\u00e9 con la pura docencia siempre fui una maestra que estuvo buscando involucrarse en cuanto proyecto se le pon\u00eda en frente, y fue como el no conformarme me llev\u00f3 al estar al frente del Departamento de Emprendedores Impulsa de Junior Achievement. Esto paralelo a seguir siendo docente, a estar en el \u00e1rea administrativa y el haber estado actualiz\u00e1ndome y super\u00e1ndome creo que es la mejor experiencia. El proyecto de emprendedores logr\u00f3 convertirse en un proyecto bandera para la instituci\u00f3n y fue un gran \u00e9xito para m\u00ed en la manera en c\u00f3mo se gestion\u00f3. <a href=\"https:\/\/www.cetys.mx\/noticias\/subcampeones-de-latinoamrica\/\" target=\"_blank\" rel=\"noopener\">Particip\u00e9 en diversas competencias a nivel nacional e internacional con alumnos<\/a> y pude posicionar a CETYS en un nivel internacional y nacional como una escuela de primer nivel. Con este proyecto, me toc\u00f3 conocer pa\u00edses como Brasil, Colombia, Costa Rica, Per\u00fa, Chile.<\/p>\n<p>&nbsp;<\/p>\n<p><em><strong>\u00bfCu\u00e1l ha sido su mayor reto en el aspecto laboral?<\/strong><\/em><\/p>\n<p>Para mi cada d\u00eda es un reto. Desde que yo entr\u00e9 a dar clases como novata, para m\u00ed era un reto el hecho de estar al frente de un sal\u00f3n frente a adolescentes, ten\u00eda 26 a\u00f1os en ese momento. Ahora como directora, unos de mis mayores retos es enfrentar el gran crecimiento que est\u00e1 teniendo la Preparatoria, garantizar una educaci\u00f3n de calidad y sobretodo una formaci\u00f3n en valores para los estudiantes. Cada actividad que hago va representado un reto importante para mi desarrollo pero sobre todo para hacerlo bien y que resulte algo bien para el CETYS.<img loading=\"lazy\" decoding=\"async\" class=\"alignright\" src=\"https:\/\/www.cetys.mx\/noticias\/wp-content\/uploads\/2016\/02\/impulsa_gde.jpg?956922\" alt=\"\" width=\"369\" height=\"229\" \/><\/p>\n<p><strong>\u00a0<\/strong><\/p>\n<p><em><strong>\u00bfLe gusta su ambiente laboral?<\/strong><\/em><\/p>\n<p>S\u00ed, me gusta mucho el ambiente de CETYS.<strong> Somos una familia<\/strong>. Aqu\u00ed hay un ambiente muy cordial y muy respetuoso. CETYS siempre se ha preocupado por nuestro bienestar en cuanto a la salud, y al crecimiento personal, por ejemplo, tuve la oportunidad de estudiar una Maestr\u00eda, tambi\u00e9n recib\u00ed un apoyo en su momento para ese objetivo y ese ambiente de prosperidad, de crecimiento, de amistad es muy importante para uno sentirse bien. El ambiente de CETYS y las prestaciones que tiene son inigualables. Yo en alg\u00fan momento me llegu\u00e9 a preguntar s\u00ed como docente laborar\u00eda en otra instituci\u00f3n, y la verdad es que me atrevo a decir que no.<\/p>\n<p><strong>\u00a0<\/strong><\/p>\n<p><em><strong>\u00bfEn el \u00faltimo a\u00f1o ha tenido oportunidades de crecer en su trabajo?<\/strong><\/em><\/p>\n<p>Claro que s\u00ed, justamente hace un a\u00f1o fui nombrada como Directora de la Preparatoria, y fue un gran logro para m\u00ed, ya que fue una convocatoria abierta y hubieron muchos candidatos para tener esta posici\u00f3n. Cuando yo vi la convocatoria para la direcci\u00f3n, yo ya sab\u00eda que iba a participar en ella. Algunas personas me preguntaban si me ve\u00eda como Directora y yo siempre he dicho que si. Desde el d\u00eda que pis\u00e9 el CETYS yo sab\u00eda que un d\u00eda iba a ser Directora. Creo que no me equivoqu\u00e9 en la forma en c\u00f3mo fui trabajando mi curriculum.<\/p>\n<blockquote><p><strong>Pienso que las cosas no llegan por casualidad, las cosas llegan como el resultado al esfuerzo.<\/strong><\/p><\/blockquote>\n<p><strong>\u00a0<\/strong><\/p>\n<p><em><strong>\u00bfLe gusta lo que hace?<\/strong><\/em><\/p>\n<p>Si me gusta. Me encanta lo que hago. <strong>Sigo dando clases como maestra, es una pasi\u00f3n,<\/strong> es una entrega lo que uno siente cuando hace lo que le gusta. Es como si el tiempo no parara. Como Directora te puedo decir que estoy descubriendo todav\u00eda muchas de las caras que tiene el ser director, voy conociendo cada d\u00eda m\u00e1s a la instituci\u00f3n, a los padres de familia y me gusta mucho. Es un trabajo muy demandante, trabajas toda la ma\u00f1ana aqu\u00ed y todav\u00eda llegas a casa y le sigues porque el correo no deja de llegar, las juntas no dejan de ser convocadas y problemas van surgiendo cada d\u00eda. Finalmente es una <strong>preparatoria de 1,240 estudiantes<\/strong> con diferentes situaciones. <img loading=\"lazy\" decoding=\"async\" class=\"alignright\" src=\"https:\/\/www.cetys.mx\/noticias\/wp-content\/uploads\/2016\/02\/maestros_prepa1_gde.jpg?956922\" alt=\"\" width=\"398\" height=\"240\" \/><\/p>\n<p><strong>\u00a0<\/strong><\/p>\n<p><em><strong>\u00bfEst\u00e1 orgullosa de la instituci\u00f3n en la que labora?<\/strong><\/em><\/p>\n<p>Si estoy orgullosa de CETYS, cuando veo como es un gran sistema, coordinado, organizado muy bien dirigido por nuestro <a href=\"https:\/\/twitter.com\/drfernandoleong\" target=\"_blank\" rel=\"noopener\">Rector Fernando Le\u00f3n<\/a>. Es una instituci\u00f3n que va a la vanguardia, que se actualiza, que a pesar del tama\u00f1o que tenemos, somos muy flexibles, somos muy h\u00e1biles para adaptarnos para detectar algo y solucionarlo de la mejor manera.<\/p>\n<p><strong>\u00a0<\/strong><\/p>\n<p><em><strong>\u00bfCu\u00e1l considera que es el mayor diferenciador de CETYS?<\/strong><\/em><\/p>\n<p><strong>La calidad educativa<\/strong>, el c\u00f3mo se cuidan cada uno de los procesos; desde el momento que el alumno se inscribe, desde el momento que hay un sistema que controla todas las calificaciones, tu r\u00e9cord, tu registro; desde el momento en que se revisa lo que el maestro planea en la clase que vaya en base al programa. Todo eso en conjunto va formando un concepto de calidad y la calidad que ofrece CETYS en cualquiera de sus programas considero que es algo que nos distingue mucho de la oferta en la Educaci\u00f3n Media Superior que hay en el Estado.<\/p>\n<p><strong>\u00a0<\/strong><\/p>\n<p><em><strong>\u00bfUsted piensa seguir trabajando en CETYS?<\/strong><\/em><\/p>\n<p>S\u00ed CETYS quiere, si definitivamente yo quiero seguir trabajando en CETYS. Creo que lo m\u00edo es totalmente la docencia y ahora como Directora tambi\u00e9n es para m\u00ed un reto el estar dirigiendo esta gran Preparatoria. El rumbo dir\u00e1 si aqu\u00ed en la misma Preparatoria o en otro departamento, porque finalmente todo tiene un ciclo y eso es algo muy importante, ir teniendo nuevos retos.<\/p>\n<blockquote><p>A m\u00ed me gusta mucho el trabajo que se hace aqu\u00ed en CETYS y considero que esto empata con mi proyecto de vida.<\/p><\/blockquote>\n<p><strong>\u00a0<\/strong><\/p>\n<p><em><strong>Si usted pudiera describir a CETYS en una palabra, \u00bfqu\u00e9 palabra utilizar\u00eda?<\/strong><\/em><\/p>\n<p><strong>Visi\u00f3n<\/strong>. Para mi CETYS es una instituci\u00f3n con visi\u00f3n, que se ha ido adaptando, que ha ido creando, y que ha ido innovando en la regi\u00f3n en una educaci\u00f3n de calidad. CETYS siempre ha estado pensando y viviendo en lo que va a suceder en los siguientes 10 a\u00f1os. Esta forma de tener esta visi\u00f3n y esta planeaci\u00f3n estrat\u00e9gica de la instituci\u00f3n, es lo que le garantiza a CETYS el \u00e9xito que tiene, y la estabilidad que tiene y el poder permanecer en el futuro. CETYS ya sabe a d\u00f3nde quiere llegar.<\/p>\n<p>&nbsp;<\/p>\n<h4><em>*Entrevista realizada por el bachiller <strong>Jes\u00fas Alejandro Gonz\u00e1lez Ch\u00e1vez<\/strong>, integrante del <a href=\"https:\/\/www.cetys.mx\/noticias\/tag\/tallerdeperiodismo\/\" target=\"_blank\" rel=\"noopener\">Taller de Periodismo<\/a>, ofertado en Preparatoria CETYS, Campus Mexicali. <\/em><\/h4>\n<p>&nbsp;<\/p>\n<p>&nbsp;<\/p>\n","protected":false},"excerpt":{"rendered":"<p>Ana Georgina Villalba Cuervo, qui\u00e9n en este 2016 recibi\u00f3 un reconocimiento de CETYS Universidad por 10 a\u00f1os laborales ininterrumpidos, nos comparte c\u00f3mo&#8230;<\/p>\n","protected":false},"author":20,"featured_media":65631,"comment_status":"open","ping_status":"open","sticky":false,"template":"","format":"standard","meta":{"footnotes":""},"categories":[110,133,318],"tags":[415,1105,1054,809,1104],"class_list":["post-65627","post","type-post","status-publish","format-standard","has-post-thumbnail","hentry","category-academia","category-campus-mexicali","category-preparatoria","tag-docencia","tag-educacion-media-superior","tag-pasion","tag-prepa","tag-tallerdeperiodismo"],"yoast_head":"<!-- This site is optimized with the Yoast SEO plugin v27.4 - https:\/\/yoast.com\/product\/yoast-seo-wordpress\/ -->\n<title>Yo creo que nac\u00ed para el CETYS: Villalba Cuervo - CETYS<\/title>\n<meta name=\"description\" content=\"Articulo sobre Yo creo que nac\u00ed para el CETYS: Villalba Cuervo\" \/>\n<meta name=\"robots\" content=\"index, follow, max-snippet:-1, max-image-preview:large, max-video-preview:-1\" \/>\n<link rel=\"canonical\" href=\"https:\/\/www.cetys.mx\/noticias\/yo-creo-que-naci-para-el-cetys-villalba-cuervo\/\" \/>\n<meta property=\"og:locale\" content=\"es_MX\" \/>\n<meta property=\"og:type\" content=\"article\" \/>\n<meta property=\"og:title\" content=\"Yo creo que nac\u00ed para el CETYS: Villalba Cuervo - CETYS\" \/>\n<meta property=\"og:description\" content=\"Articulo sobre Yo creo que nac\u00ed para el CETYS: Villalba Cuervo\" \/>\n<meta property=\"og:url\" content=\"https:\/\/www.cetys.mx\/noticias\/yo-creo-que-naci-para-el-cetys-villalba-cuervo\/\" \/>\n<meta property=\"og:site_name\" content=\"CETYS\" \/>\n<meta property=\"article:publisher\" content=\"https:\/\/www.facebook.com\/cetysuniversidadmxl\/\" \/>\n<meta property=\"article:published_time\" content=\"2016-09-27T02:50:23+00:00\" \/>\n<meta property=\"article:modified_time\" content=\"2020-03-14T05:11:36+00:00\" \/>\n<meta property=\"og:image\" content=\"https:\/\/www.cetys.mx\/noticias\/wp-content\/uploads\/2016\/09\/Georgina-Villalba.jpg\" \/>\n\t<meta property=\"og:image:width\" content=\"958\" \/>\n\t<meta property=\"og:image:height\" content=\"637\" \/>\n\t<meta property=\"og:image:type\" content=\"image\/jpeg\" \/>\n<meta name=\"author\" content=\"Campus Mexicali\" \/>\n<meta name=\"twitter:card\" content=\"summary_large_image\" \/>\n<meta name=\"twitter:creator\" content=\"@cetysuni\" \/>\n<meta name=\"twitter:site\" content=\"@cetysuni\" \/>\n<meta name=\"twitter:label1\" content=\"Escrito por\" \/>\n\t<meta name=\"twitter:data1\" content=\"Campus Mexicali\" \/>\n\t<meta name=\"twitter:label2\" content=\"Tiempo de lectura\" \/>\n\t<meta name=\"twitter:data2\" content=\"7 minutos\" \/>\n<script type=\"application\/ld+json\" class=\"yoast-schema-graph\">{\"@context\":\"https:\\\/\\\/schema.org\",\"@graph\":[{\"@type\":\"Article\",\"@id\":\"https:\\\/\\\/www.cetys.mx\\\/noticias\\\/yo-creo-que-naci-para-el-cetys-villalba-cuervo\\\/#article\",\"isPartOf\":{\"@id\":\"https:\\\/\\\/www.cetys.mx\\\/noticias\\\/yo-creo-que-naci-para-el-cetys-villalba-cuervo\\\/\"},\"author\":{\"name\":\"Campus Mexicali\",\"@id\":\"https:\\\/\\\/www.cetys.mx\\\/noticias\\\/#\\\/schema\\\/person\\\/79a95c4ac185f3705cf1b9c9340a5f70\"},\"headline\":\"Yo creo que nac\u00ed para el CETYS: Villalba Cuervo\",\"datePublished\":\"2016-09-27T02:50:23+00:00\",\"dateModified\":\"2020-03-14T05:11:36+00:00\",\"mainEntityOfPage\":{\"@id\":\"https:\\\/\\\/www.cetys.mx\\\/noticias\\\/yo-creo-que-naci-para-el-cetys-villalba-cuervo\\\/\"},\"wordCount\":1362,\"commentCount\":0,\"image\":{\"@id\":\"https:\\\/\\\/www.cetys.mx\\\/noticias\\\/yo-creo-que-naci-para-el-cetys-villalba-cuervo\\\/#primaryimage\"},\"thumbnailUrl\":\"https:\\\/\\\/www.cetys.mx\\\/noticias\\\/wp-content\\\/uploads\\\/2016\\\/09\\\/Georgina-Villalba.jpg\",\"keywords\":[\"Docencia\",\"educacion media superior\",\"pasi\u00f3n\",\"Prepa\",\"tallerdeperiodismo\"],\"articleSection\":[\"Academia\",\"Campus Mexicali\",\"Preparatoria\"],\"inLanguage\":\"es\",\"potentialAction\":[{\"@type\":\"CommentAction\",\"name\":\"Comment\",\"target\":[\"https:\\\/\\\/www.cetys.mx\\\/noticias\\\/yo-creo-que-naci-para-el-cetys-villalba-cuervo\\\/#respond\"]}]},{\"@type\":\"WebPage\",\"@id\":\"https:\\\/\\\/www.cetys.mx\\\/noticias\\\/yo-creo-que-naci-para-el-cetys-villalba-cuervo\\\/\",\"url\":\"https:\\\/\\\/www.cetys.mx\\\/noticias\\\/yo-creo-que-naci-para-el-cetys-villalba-cuervo\\\/\",\"name\":\"Yo creo que nac\u00ed para el CETYS: Villalba Cuervo - CETYS\",\"isPartOf\":{\"@id\":\"https:\\\/\\\/www.cetys.mx\\\/noticias\\\/#website\"},\"primaryImageOfPage\":{\"@id\":\"https:\\\/\\\/www.cetys.mx\\\/noticias\\\/yo-creo-que-naci-para-el-cetys-villalba-cuervo\\\/#primaryimage\"},\"image\":{\"@id\":\"https:\\\/\\\/www.cetys.mx\\\/noticias\\\/yo-creo-que-naci-para-el-cetys-villalba-cuervo\\\/#primaryimage\"},\"thumbnailUrl\":\"https:\\\/\\\/www.cetys.mx\\\/noticias\\\/wp-content\\\/uploads\\\/2016\\\/09\\\/Georgina-Villalba.jpg\",\"datePublished\":\"2016-09-27T02:50:23+00:00\",\"dateModified\":\"2020-03-14T05:11:36+00:00\",\"author\":{\"@id\":\"https:\\\/\\\/www.cetys.mx\\\/noticias\\\/#\\\/schema\\\/person\\\/79a95c4ac185f3705cf1b9c9340a5f70\"},\"description\":\"Articulo sobre Yo creo que nac\u00ed para el CETYS: Villalba Cuervo\",\"breadcrumb\":{\"@id\":\"https:\\\/\\\/www.cetys.mx\\\/noticias\\\/yo-creo-que-naci-para-el-cetys-villalba-cuervo\\\/#breadcrumb\"},\"inLanguage\":\"es\",\"potentialAction\":[{\"@type\":\"ReadAction\",\"target\":[\"https:\\\/\\\/www.cetys.mx\\\/noticias\\\/yo-creo-que-naci-para-el-cetys-villalba-cuervo\\\/\"]}]},{\"@type\":\"ImageObject\",\"inLanguage\":\"es\",\"@id\":\"https:\\\/\\\/www.cetys.mx\\\/noticias\\\/yo-creo-que-naci-para-el-cetys-villalba-cuervo\\\/#primaryimage\",\"url\":\"https:\\\/\\\/www.cetys.mx\\\/noticias\\\/wp-content\\\/uploads\\\/2016\\\/09\\\/Georgina-Villalba.jpg\",\"contentUrl\":\"https:\\\/\\\/www.cetys.mx\\\/noticias\\\/wp-content\\\/uploads\\\/2016\\\/09\\\/Georgina-Villalba.jpg\",\"width\":958,\"height\":637},{\"@type\":\"BreadcrumbList\",\"@id\":\"https:\\\/\\\/www.cetys.mx\\\/noticias\\\/yo-creo-que-naci-para-el-cetys-villalba-cuervo\\\/#breadcrumb\",\"itemListElement\":[{\"@type\":\"ListItem\",\"position\":1,\"name\":\"Inicio\",\"item\":\"https:\\\/\\\/www.cetys.mx\\\/noticias\\\/\"},{\"@type\":\"ListItem\",\"position\":2,\"name\":\"Yo creo que nac\u00ed para el CETYS: Villalba Cuervo\"}]},{\"@type\":\"WebSite\",\"@id\":\"https:\\\/\\\/www.cetys.mx\\\/noticias\\\/#website\",\"url\":\"https:\\\/\\\/www.cetys.mx\\\/noticias\\\/\",\"name\":\"CETYS\",\"description\":\"\",\"potentialAction\":[{\"@type\":\"SearchAction\",\"target\":{\"@type\":\"EntryPoint\",\"urlTemplate\":\"https:\\\/\\\/www.cetys.mx\\\/noticias\\\/?s={search_term_string}\"},\"query-input\":{\"@type\":\"PropertyValueSpecification\",\"valueRequired\":true,\"valueName\":\"search_term_string\"}}],\"inLanguage\":\"es\"},{\"@type\":\"Person\",\"@id\":\"https:\\\/\\\/www.cetys.mx\\\/noticias\\\/#\\\/schema\\\/person\\\/79a95c4ac185f3705cf1b9c9340a5f70\",\"name\":\"Campus Mexicali\",\"url\":\"https:\\\/\\\/www.cetys.mx\\\/noticias\\\/author\\\/campusmexicali\\\/\"}]}<\/script>\n<!-- \/ Yoast SEO plugin. -->","yoast_head_json":{"title":"Yo creo que nac\u00ed para el CETYS: Villalba Cuervo - CETYS","description":"Articulo sobre Yo creo que nac\u00ed para el CETYS: Villalba Cuervo","robots":{"index":"index","follow":"follow","max-snippet":"max-snippet:-1","max-image-preview":"max-image-preview:large","max-video-preview":"max-video-preview:-1"},"canonical":"https:\/\/www.cetys.mx\/noticias\/yo-creo-que-naci-para-el-cetys-villalba-cuervo\/","og_locale":"es_MX","og_type":"article","og_title":"Yo creo que nac\u00ed para el CETYS: Villalba Cuervo - CETYS","og_description":"Articulo sobre Yo creo que nac\u00ed para el CETYS: Villalba Cuervo","og_url":"https:\/\/www.cetys.mx\/noticias\/yo-creo-que-naci-para-el-cetys-villalba-cuervo\/","og_site_name":"CETYS","article_publisher":"https:\/\/www.facebook.com\/cetysuniversidadmxl\/","article_published_time":"2016-09-27T02:50:23+00:00","article_modified_time":"2020-03-14T05:11:36+00:00","og_image":[{"width":958,"height":637,"url":"https:\/\/www.cetys.mx\/noticias\/wp-content\/uploads\/2016\/09\/Georgina-Villalba.jpg","type":"image\/jpeg"}],"author":"Campus Mexicali","twitter_card":"summary_large_image","twitter_creator":"@cetysuni","twitter_site":"@cetysuni","twitter_misc":{"Escrito por":"Campus Mexicali","Tiempo de lectura":"7 minutos"},"schema":{"@context":"https:\/\/schema.org","@graph":[{"@type":"Article","@id":"https:\/\/www.cetys.mx\/noticias\/yo-creo-que-naci-para-el-cetys-villalba-cuervo\/#article","isPartOf":{"@id":"https:\/\/www.cetys.mx\/noticias\/yo-creo-que-naci-para-el-cetys-villalba-cuervo\/"},"author":{"name":"Campus Mexicali","@id":"https:\/\/www.cetys.mx\/noticias\/#\/schema\/person\/79a95c4ac185f3705cf1b9c9340a5f70"},"headline":"Yo creo que nac\u00ed para el CETYS: Villalba Cuervo","datePublished":"2016-09-27T02:50:23+00:00","dateModified":"2020-03-14T05:11:36+00:00","mainEntityOfPage":{"@id":"https:\/\/www.cetys.mx\/noticias\/yo-creo-que-naci-para-el-cetys-villalba-cuervo\/"},"wordCount":1362,"commentCount":0,"image":{"@id":"https:\/\/www.cetys.mx\/noticias\/yo-creo-que-naci-para-el-cetys-villalba-cuervo\/#primaryimage"},"thumbnailUrl":"https:\/\/www.cetys.mx\/noticias\/wp-content\/uploads\/2016\/09\/Georgina-Villalba.jpg","keywords":["Docencia","educacion media superior","pasi\u00f3n","Prepa","tallerdeperiodismo"],"articleSection":["Academia","Campus Mexicali","Preparatoria"],"inLanguage":"es","potentialAction":[{"@type":"CommentAction","name":"Comment","target":["https:\/\/www.cetys.mx\/noticias\/yo-creo-que-naci-para-el-cetys-villalba-cuervo\/#respond"]}]},{"@type":"WebPage","@id":"https:\/\/www.cetys.mx\/noticias\/yo-creo-que-naci-para-el-cetys-villalba-cuervo\/","url":"https:\/\/www.cetys.mx\/noticias\/yo-creo-que-naci-para-el-cetys-villalba-cuervo\/","name":"Yo creo que nac\u00ed para el CETYS: Villalba Cuervo - CETYS","isPartOf":{"@id":"https:\/\/www.cetys.mx\/noticias\/#website"},"primaryImageOfPage":{"@id":"https:\/\/www.cetys.mx\/noticias\/yo-creo-que-naci-para-el-cetys-villalba-cuervo\/#primaryimage"},"image":{"@id":"https:\/\/www.cetys.mx\/noticias\/yo-creo-que-naci-para-el-cetys-villalba-cuervo\/#primaryimage"},"thumbnailUrl":"https:\/\/www.cetys.mx\/noticias\/wp-content\/uploads\/2016\/09\/Georgina-Villalba.jpg","datePublished":"2016-09-27T02:50:23+00:00","dateModified":"2020-03-14T05:11:36+00:00","author":{"@id":"https:\/\/www.cetys.mx\/noticias\/#\/schema\/person\/79a95c4ac185f3705cf1b9c9340a5f70"},"description":"Articulo sobre Yo creo que nac\u00ed para el CETYS: Villalba Cuervo","breadcrumb":{"@id":"https:\/\/www.cetys.mx\/noticias\/yo-creo-que-naci-para-el-cetys-villalba-cuervo\/#breadcrumb"},"inLanguage":"es","potentialAction":[{"@type":"ReadAction","target":["https:\/\/www.cetys.mx\/noticias\/yo-creo-que-naci-para-el-cetys-villalba-cuervo\/"]}]},{"@type":"ImageObject","inLanguage":"es","@id":"https:\/\/www.cetys.mx\/noticias\/yo-creo-que-naci-para-el-cetys-villalba-cuervo\/#primaryimage","url":"https:\/\/www.cetys.mx\/noticias\/wp-content\/uploads\/2016\/09\/Georgina-Villalba.jpg","contentUrl":"https:\/\/www.cetys.mx\/noticias\/wp-content\/uploads\/2016\/09\/Georgina-Villalba.jpg","width":958,"height":637},{"@type":"BreadcrumbList","@id":"https:\/\/www.cetys.mx\/noticias\/yo-creo-que-naci-para-el-cetys-villalba-cuervo\/#breadcrumb","itemListElement":[{"@type":"ListItem","position":1,"name":"Inicio","item":"https:\/\/www.cetys.mx\/noticias\/"},{"@type":"ListItem","position":2,"name":"Yo creo que nac\u00ed para el CETYS: Villalba Cuervo"}]},{"@type":"WebSite","@id":"https:\/\/www.cetys.mx\/noticias\/#website","url":"https:\/\/www.cetys.mx\/noticias\/","name":"CETYS","description":"","potentialAction":[{"@type":"SearchAction","target":{"@type":"EntryPoint","urlTemplate":"https:\/\/www.cetys.mx\/noticias\/?s={search_term_string}"},"query-input":{"@type":"PropertyValueSpecification","valueRequired":true,"valueName":"search_term_string"}}],"inLanguage":"es"},{"@type":"Person","@id":"https:\/\/www.cetys.mx\/noticias\/#\/schema\/person\/79a95c4ac185f3705cf1b9c9340a5f70","name":"Campus Mexicali","url":"https:\/\/www.cetys.mx\/noticias\/author\/campusmexicali\/"}]}},"_links":{"self":[{"href":"https:\/\/www.cetys.mx\/noticias\/wp-json\/wp\/v2\/posts\/65627","targetHints":{"allow":["GET"]}}],"collection":[{"href":"https:\/\/www.cetys.mx\/noticias\/wp-json\/wp\/v2\/posts"}],"about":[{"href":"https:\/\/www.cetys.mx\/noticias\/wp-json\/wp\/v2\/types\/post"}],"author":[{"embeddable":true,"href":"https:\/\/www.cetys.mx\/noticias\/wp-json\/wp\/v2\/users\/20"}],"replies":[{"embeddable":true,"href":"https:\/\/www.cetys.mx\/noticias\/wp-json\/wp\/v2\/comments?post=65627"}],"version-history":[{"count":0,"href":"https:\/\/www.cetys.mx\/noticias\/wp-json\/wp\/v2\/posts\/65627\/revisions"}],"wp:featuredmedia":[{"embeddable":true,"href":"https:\/\/www.cetys.mx\/noticias\/wp-json\/wp\/v2\/media\/65631"}],"wp:attachment":[{"href":"https:\/\/www.cetys.mx\/noticias\/wp-json\/wp\/v2\/media?parent=65627"}],"wp:term":[{"taxonomy":"category","embeddable":true,"href":"https:\/\/www.cetys.mx\/noticias\/wp-json\/wp\/v2\/categories?post=65627"},{"taxonomy":"post_tag","embeddable":true,"href":"https:\/\/www.cetys.mx\/noticias\/wp-json\/wp\/v2\/tags?post=65627"}],"curies":[{"name":"wp","href":"https:\/\/api.w.org\/{rel}","templated":true}]}}